{"id":274,"date":"2016-02-01T19:33:42","date_gmt":"2016-02-01T18:33:42","guid":{"rendered":"http:\/\/wp.kristdemokraterna.se\/janstefanson\/?p=274"},"modified":"2016-02-01T19:33:42","modified_gmt":"2016-02-01T18:33:42","slug":"kortsiktigt-tankt-av-muf-mfl","status":"publish","type":"post","link":"https:\/\/wp.kristdemokraterna.se\/janstefanson\/kortsiktigt-tankt-av-muf-mfl\/","title":{"rendered":"Kortsiktigt t\u00e4nkt av MUF mfl!"},"content":{"rendered":"<p>F\u00e4ll regeringen skanderar MUF och KDU:s ordf\u00f6rande. L\u00e4gg en gemensam Alliansbudget. Men vem vill regera landet med l\u00e4gre st\u00f6d fr\u00e5n v\u00e4ljarna \u00e4n det de r\u00f6d-gr\u00f6na har skrapat ihop?\u00a0Jo bara den som vill ta st\u00f6d av Sverigedemokraterna.<\/p>\n<p>B\u00e5de Alliansen och de r\u00f6dgr\u00f6na har medvetet anv\u00e4nt st\u00f6d fr\u00e5n SD i riksdagen. Dock sparsamt vid n\u00e5gra f\u00e5 tillf\u00e4llen. De r\u00f6dgr\u00f6na i Stockholms l\u00e4ns landsting tog st\u00f6d av SD f\u00f6r att f\u00e4lla Alliansens budget till vissa delar. Detsamma i Solna kommunfullm\u00e4ktige o.s.v.<\/p>\n<p>Men kroka arm med SD \u00e4r n\u00e5got annat. Ett fr\u00e4mlingsfientligt och populistiskt parti med en avvikande agenda i viktiga \u00a0fr\u00e5gor som har till uppgift att bygga ett tudelat samh\u00e4lle. Vi och dom!\u00a0Nej tack!<\/p>\n<p>Om 80% i en beslutande f\u00f6rsamling har en n\u00e4stintill gemensam syn p\u00e5 m\u00e4nskliga r\u00e4ttigheter s\u00e5 \u00e4r det en betryggande majoritet. D\u00e5 vore det konstigt om inte den majoriteten kunde bilda n\u00e5gon form av politiskt majoritetssamarbete d\u00e4r mer f\u00f6renar \u00e4n skiljer. F\u00f6r det kr\u00e4vs antingen 10% fler r\u00f6ster p\u00e5 n\u00e5got av blocken eller ett nytt s\u00e4tt att samarbeta. Allting tyder p\u00e5 det senare.<\/p>\n<p>Det \u00e4r i detta sammanhang ingen slump att det st\u00f6rsta partiet har inr\u00e4ttat en helt ny tj\u00e4nst som bitr\u00e4dande partisekreterare med den specifika arbetsuppgiften.<\/p>\n<p>Att t\u00e4nka nytt \u00e4r stort&#8230;att skandera uppror utan l\u00f6sning \u00e4r det inte.<\/p>\n","protected":false},"excerpt":{"rendered":"<p>F\u00e4ll regeringen skanderar MUF och KDU:s ordf\u00f6rande. L\u00e4gg en gemensam Alliansbudget. Men vem vill regera landet med l\u00e4gre st\u00f6d fr\u00e5n v\u00e4ljarna \u00e4n det de r\u00f6d-gr\u00f6na har skrapat ihop?\u00a0Jo bara den som vill ta st\u00f6d av Sverigedemokraterna. B\u00e5de Alliansen och de r\u00f6dgr\u00f6na har medvetet anv\u00e4nt st\u00f6d fr\u00e5n SD i riksdagen. Dock sparsamt vid n\u00e5gra f\u00e5 tillf\u00e4llen. <a class=\"read-more-link\" href=\"https:\/\/wp.kristdemokraterna.se\/janstefanson\/kortsiktigt-tankt-av-muf-mfl\/\">Read More<\/a><\/p>\n","protected":false},"author":530,"featured_media":0,"comment_status":"closed","ping_status":"closed","sticky":false,"template":"","format":"standard","meta":{"_acf_changed":false,"footnotes":""},"categories":[1],"tags":[],"class_list":["post-274","post","type-post","status-publish","format-standard","hentry","category-okategoriserade"],"acf":[],"yoast_head":"<!-- This site is optimized with the Yoast SEO plugin v27.4 - https:\/\/yoast.com\/product\/yoast-seo-wordpress\/ -->\n<title>Kortsiktigt t\u00e4nkt av MUF mfl! - Jan Stefanson<\/title>\n<meta name=\"robots\" content=\"index, follow, max-snippet:-1, max-image-preview:large, max-video-preview:-1\" \/>\n<link rel=\"canonical\" href=\"https:\/\/wp.kristdemokraterna.se\/janstefanson\/kortsiktigt-tankt-av-muf-mfl\/\" \/>\n<meta property=\"og:locale\" content=\"sv_SE\" \/>\n<meta property=\"og:type\" content=\"article\" \/>\n<meta property=\"og:title\" content=\"Kortsiktigt t\u00e4nkt av MUF mfl! - Jan Stefanson\" \/>\n<meta property=\"og:description\" content=\"F\u00e4ll regeringen skanderar MUF och KDU:s ordf\u00f6rande. L\u00e4gg en gemensam Alliansbudget. Men vem vill regera landet med l\u00e4gre st\u00f6d fr\u00e5n v\u00e4ljarna \u00e4n det de r\u00f6d-gr\u00f6na har skrapat ihop?\u00a0Jo bara den som vill ta st\u00f6d av Sverigedemokraterna. B\u00e5de Alliansen och de r\u00f6dgr\u00f6na har medvetet anv\u00e4nt st\u00f6d fr\u00e5n SD i riksdagen. Dock sparsamt vid n\u00e5gra f\u00e5 tillf\u00e4llen. Read More\" \/>\n<meta property=\"og:url\" content=\"https:\/\/wp.kristdemokraterna.se\/janstefanson\/kortsiktigt-tankt-av-muf-mfl\/\" \/>\n<meta property=\"og:site_name\" content=\"Jan Stefanson\" \/>\n<meta property=\"article:published_time\" content=\"2016-02-01T18:33:42+00:00\" \/>\n<meta name=\"author\" content=\"janstefanson\" \/>\n<meta name=\"twitter:card\" content=\"summary_large_image\" \/>\n<meta name=\"twitter:label1\" content=\"Skriven av\" \/>\n\t<meta name=\"twitter:data1\" content=\"janstefanson\" \/>\n\t<meta name=\"twitter:label2\" content=\"Ber\u00e4knad l\u00e4stid\" \/>\n\t<meta name=\"twitter:data2\" content=\"1 minut\" \/>\n<script type=\"application\/ld+json\" class=\"yoast-schema-graph\">{\"@context\":\"https:\\\/\\\/schema.org\",\"@graph\":[{\"@type\":\"Article\",\"@id\":\"https:\\\/\\\/wp.kristdemokraterna.se\\\/janstefanson\\\/kortsiktigt-tankt-av-muf-mfl\\\/#article\",\"isPartOf\":{\"@id\":\"https:\\\/\\\/wp.kristdemokraterna.se\\\/janstefanson\\\/kortsiktigt-tankt-av-muf-mfl\\\/\"},\"author\":{\"name\":\"janstefanson\",\"@id\":\"https:\\\/\\\/wp.kristdemokraterna.se\\\/janstefanson\\\/#\\\/schema\\\/person\\\/f8122372f46f49cffa0c02a57c89b40f\"},\"headline\":\"Kortsiktigt t\u00e4nkt av MUF mfl!\",\"datePublished\":\"2016-02-01T18:33:42+00:00\",\"mainEntityOfPage\":{\"@id\":\"https:\\\/\\\/wp.kristdemokraterna.se\\\/janstefanson\\\/kortsiktigt-tankt-av-muf-mfl\\\/\"},\"wordCount\":266,\"inLanguage\":\"sv-SE\"},{\"@type\":\"WebPage\",\"@id\":\"https:\\\/\\\/wp.kristdemokraterna.se\\\/janstefanson\\\/kortsiktigt-tankt-av-muf-mfl\\\/\",\"url\":\"https:\\\/\\\/wp.kristdemokraterna.se\\\/janstefanson\\\/kortsiktigt-tankt-av-muf-mfl\\\/\",\"name\":\"Kortsiktigt t\u00e4nkt av MUF mfl! - Jan Stefanson\",\"isPartOf\":{\"@id\":\"https:\\\/\\\/wp.kristdemokraterna.se\\\/janstefanson\\\/#website\"},\"datePublished\":\"2016-02-01T18:33:42+00:00\",\"author\":{\"@id\":\"https:\\\/\\\/wp.kristdemokraterna.se\\\/janstefanson\\\/#\\\/schema\\\/person\\\/f8122372f46f49cffa0c02a57c89b40f\"},\"breadcrumb\":{\"@id\":\"https:\\\/\\\/wp.kristdemokraterna.se\\\/janstefanson\\\/kortsiktigt-tankt-av-muf-mfl\\\/#breadcrumb\"},\"inLanguage\":\"sv-SE\",\"potentialAction\":[{\"@type\":\"ReadAction\",\"target\":[\"https:\\\/\\\/wp.kristdemokraterna.se\\\/janstefanson\\\/kortsiktigt-tankt-av-muf-mfl\\\/\"]}]},{\"@type\":\"BreadcrumbList\",\"@id\":\"https:\\\/\\\/wp.kristdemokraterna.se\\\/janstefanson\\\/kortsiktigt-tankt-av-muf-mfl\\\/#breadcrumb\",\"itemListElement\":[{\"@type\":\"ListItem\",\"position\":1,\"name\":\"Hem\",\"item\":\"https:\\\/\\\/wp.kristdemokraterna.se\\\/janstefanson\\\/\"},{\"@type\":\"ListItem\",\"position\":2,\"name\":\"Kortsiktigt t\u00e4nkt av MUF mfl!\"}]},{\"@type\":\"WebSite\",\"@id\":\"https:\\\/\\\/wp.kristdemokraterna.se\\\/janstefanson\\\/#website\",\"url\":\"https:\\\/\\\/wp.kristdemokraterna.se\\\/janstefanson\\\/\",\"name\":\"Jan Stefanson\",\"description\":\"En till Kristdemokraterna webbplats\",\"inLanguage\":\"sv-SE\"},{\"@type\":\"Person\",\"@id\":\"https:\\\/\\\/wp.kristdemokraterna.se\\\/janstefanson\\\/#\\\/schema\\\/person\\\/f8122372f46f49cffa0c02a57c89b40f\",\"name\":\"janstefanson\",\"image\":{\"@type\":\"ImageObject\",\"inLanguage\":\"sv-SE\",\"@id\":\"https:\\\/\\\/secure.gravatar.com\\\/avatar\\\/c8880da1e0ca1fb1fd99d661e99b32931e79d1537ef8441e71fc6630d4b6633c?s=96&r=g\",\"url\":\"https:\\\/\\\/secure.gravatar.com\\\/avatar\\\/c8880da1e0ca1fb1fd99d661e99b32931e79d1537ef8441e71fc6630d4b6633c?s=96&r=g\",\"contentUrl\":\"https:\\\/\\\/secure.gravatar.com\\\/avatar\\\/c8880da1e0ca1fb1fd99d661e99b32931e79d1537ef8441e71fc6630d4b6633c?s=96&r=g\",\"caption\":\"janstefanson\"},\"url\":\"https:\\\/\\\/wp.kristdemokraterna.se\\\/janstefanson\\\/author\\\/janstefanson\\\/\"}]}<\/script>\n<!-- \/ Yoast SEO plugin. -->","yoast_head_json":{"title":"Kortsiktigt t\u00e4nkt av MUF mfl! - Jan Stefanson","robots":{"index":"index","follow":"follow","max-snippet":"max-snippet:-1","max-image-preview":"max-image-preview:large","max-video-preview":"max-video-preview:-1"},"canonical":"https:\/\/wp.kristdemokraterna.se\/janstefanson\/kortsiktigt-tankt-av-muf-mfl\/","og_locale":"sv_SE","og_type":"article","og_title":"Kortsiktigt t\u00e4nkt av MUF mfl! - Jan Stefanson","og_description":"F\u00e4ll regeringen skanderar MUF och KDU:s ordf\u00f6rande. L\u00e4gg en gemensam Alliansbudget. Men vem vill regera landet med l\u00e4gre st\u00f6d fr\u00e5n v\u00e4ljarna \u00e4n det de r\u00f6d-gr\u00f6na har skrapat ihop?\u00a0Jo bara den som vill ta st\u00f6d av Sverigedemokraterna. B\u00e5de Alliansen och de r\u00f6dgr\u00f6na har medvetet anv\u00e4nt st\u00f6d fr\u00e5n SD i riksdagen. Dock sparsamt vid n\u00e5gra f\u00e5 tillf\u00e4llen. Read More","og_url":"https:\/\/wp.kristdemokraterna.se\/janstefanson\/kortsiktigt-tankt-av-muf-mfl\/","og_site_name":"Jan Stefanson","article_published_time":"2016-02-01T18:33:42+00:00","author":"janstefanson","twitter_card":"summary_large_image","twitter_misc":{"Skriven av":"janstefanson","Ber\u00e4knad l\u00e4stid":"1 minut"},"schema":{"@context":"https:\/\/schema.org","@graph":[{"@type":"Article","@id":"https:\/\/wp.kristdemokraterna.se\/janstefanson\/kortsiktigt-tankt-av-muf-mfl\/#article","isPartOf":{"@id":"https:\/\/wp.kristdemokraterna.se\/janstefanson\/kortsiktigt-tankt-av-muf-mfl\/"},"author":{"name":"janstefanson","@id":"https:\/\/wp.kristdemokraterna.se\/janstefanson\/#\/schema\/person\/f8122372f46f49cffa0c02a57c89b40f"},"headline":"Kortsiktigt t\u00e4nkt av MUF mfl!","datePublished":"2016-02-01T18:33:42+00:00","mainEntityOfPage":{"@id":"https:\/\/wp.kristdemokraterna.se\/janstefanson\/kortsiktigt-tankt-av-muf-mfl\/"},"wordCount":266,"inLanguage":"sv-SE"},{"@type":"WebPage","@id":"https:\/\/wp.kristdemokraterna.se\/janstefanson\/kortsiktigt-tankt-av-muf-mfl\/","url":"https:\/\/wp.kristdemokraterna.se\/janstefanson\/kortsiktigt-tankt-av-muf-mfl\/","name":"Kortsiktigt t\u00e4nkt av MUF mfl! - Jan Stefanson","isPartOf":{"@id":"https:\/\/wp.kristdemokraterna.se\/janstefanson\/#website"},"datePublished":"2016-02-01T18:33:42+00:00","author":{"@id":"https:\/\/wp.kristdemokraterna.se\/janstefanson\/#\/schema\/person\/f8122372f46f49cffa0c02a57c89b40f"},"breadcrumb":{"@id":"https:\/\/wp.kristdemokraterna.se\/janstefanson\/kortsiktigt-tankt-av-muf-mfl\/#breadcrumb"},"inLanguage":"sv-SE","potentialAction":[{"@type":"ReadAction","target":["https:\/\/wp.kristdemokraterna.se\/janstefanson\/kortsiktigt-tankt-av-muf-mfl\/"]}]},{"@type":"BreadcrumbList","@id":"https:\/\/wp.kristdemokraterna.se\/janstefanson\/kortsiktigt-tankt-av-muf-mfl\/#breadcrumb","itemListElement":[{"@type":"ListItem","position":1,"name":"Hem","item":"https:\/\/wp.kristdemokraterna.se\/janstefanson\/"},{"@type":"ListItem","position":2,"name":"Kortsiktigt t\u00e4nkt av MUF mfl!"}]},{"@type":"WebSite","@id":"https:\/\/wp.kristdemokraterna.se\/janstefanson\/#website","url":"https:\/\/wp.kristdemokraterna.se\/janstefanson\/","name":"Jan Stefanson","description":"En till Kristdemokraterna webbplats","inLanguage":"sv-SE"},{"@type":"Person","@id":"https:\/\/wp.kristdemokraterna.se\/janstefanson\/#\/schema\/person\/f8122372f46f49cffa0c02a57c89b40f","name":"janstefanson","image":{"@type":"ImageObject","inLanguage":"sv-SE","@id":"https:\/\/secure.gravatar.com\/avatar\/c8880da1e0ca1fb1fd99d661e99b32931e79d1537ef8441e71fc6630d4b6633c?s=96&r=g","url":"https:\/\/secure.gravatar.com\/avatar\/c8880da1e0ca1fb1fd99d661e99b32931e79d1537ef8441e71fc6630d4b6633c?s=96&r=g","contentUrl":"https:\/\/secure.gravatar.com\/avatar\/c8880da1e0ca1fb1fd99d661e99b32931e79d1537ef8441e71fc6630d4b6633c?s=96&r=g","caption":"janstefanson"},"url":"https:\/\/wp.kristdemokraterna.se\/janstefanson\/author\/janstefanson\/"}]}},"_links":{"self":[{"href":"https:\/\/wp.kristdemokraterna.se\/janstefanson\/wp-json\/wp\/v2\/posts\/274","targetHints":{"allow":["GET"]}}],"collection":[{"href":"https:\/\/wp.kristdemokraterna.se\/janstefanson\/wp-json\/wp\/v2\/posts"}],"about":[{"href":"https:\/\/wp.kristdemokraterna.se\/janstefanson\/wp-json\/wp\/v2\/types\/post"}],"author":[{"embeddable":true,"href":"https:\/\/wp.kristdemokraterna.se\/janstefanson\/wp-json\/wp\/v2\/users\/530"}],"replies":[{"embeddable":true,"href":"https:\/\/wp.kristdemokraterna.se\/janstefanson\/wp-json\/wp\/v2\/comments?post=274"}],"version-history":[{"count":1,"href":"https:\/\/wp.kristdemokraterna.se\/janstefanson\/wp-json\/wp\/v2\/posts\/274\/revisions"}],"predecessor-version":[{"id":275,"href":"https:\/\/wp.kristdemokraterna.se\/janstefanson\/wp-json\/wp\/v2\/posts\/274\/revisions\/275"}],"wp:attachment":[{"href":"https:\/\/wp.kristdemokraterna.se\/janstefanson\/wp-json\/wp\/v2\/media?parent=274"}],"wp:term":[{"taxonomy":"category","embeddable":true,"href":"https:\/\/wp.kristdemokraterna.se\/janstefanson\/wp-json\/wp\/v2\/categories?post=274"},{"taxonomy":"post_tag","embeddable":true,"href":"https:\/\/wp.kristdemokraterna.se\/janstefanson\/wp-json\/wp\/v2\/tags?post=274"}],"curies":[{"name":"wp","href":"https:\/\/api.w.org\/{rel}","templated":true}]}}