{"id":276,"date":"2016-02-12T16:32:08","date_gmt":"2016-02-12T15:32:08","guid":{"rendered":"http:\/\/wp.kristdemokraterna.se\/janstefanson\/?p=276"},"modified":"2016-02-12T16:32:08","modified_gmt":"2016-02-12T15:32:08","slug":"kd-bast-pa-ubg","status":"publish","type":"post","link":"https:\/\/wp.kristdemokraterna.se\/janstefanson\/kd-bast-pa-ubg\/","title":{"rendered":"KD b\u00e4st p\u00e5 UBG!"},"content":{"rendered":"<p>Varje \u00e5r arrangerar Upplands-Bro gymnasiet ett riksdags-sk\u00e5despel d\u00e4r eleverna \u00e4r sk\u00e5despelare. De spelar talman, kunglighet och politiker.<\/p>\n<p>I \u00e5r hade Nyamko Sabuni bjudits in som g\u00e4sttalare. Sj\u00e4lv gick hon p\u00e5 skolan och nu hade hon sl\u00e4ktingar som upptr\u00e4dde. Hennes tal var starkt och handlade om hur hon som ung svensk tjej med kongolesiskt utseende blev s\u00e4rbehandlad. -Oj vad m\u00f6rk du \u00e4r fick hon h\u00f6ra av arbetsgivaren som just anst\u00e4llt henne \u00f6ver telefon p\u00e5 ett caf\u00e9 i Sundbyberg.<\/p>\n<p>Efter hennes tal var det dags f\u00f6r de elever som valts ut att f\u00f6retr\u00e4da &#8221;sitt&#8221; parti med ett tal.<\/p>\n<p>F\u00f6rst ut var KD! En ung tjej argumenterade s\u00e5 \u00f6vertygande att jag lyfte en meter p\u00e5 stolen bredvid Nyamko Sabuni n\u00e4r hon viskade till mig -Vilken duktig tjej. Hon var n\u00e5got ut\u00f6ver det vanliga och kommenterades av alla mina partikollegor.<\/p>\n<p>Efter henne kom andra partif\u00f6retr\u00e4dare. Allt ifr\u00e5n unga grabbar som var obekv\u00e4ma med uppgiften och troligen ostrukturerat v\u00e4ldigt of\u00f6rberedda. Till andra som tvingade sig igenom anf\u00f6randet i \u00e5terkommande skrattattacker. En stor bedrift att inte ge upp, tycker jag.<\/p>\n<p>Efter riksdagsspelet bj\u00f6ds p\u00e5 t\u00e5rta och cider i biblioteket. D\u00e4r st\u00f6tte jag ihop med KD:s skolrepresentant och ber\u00f6mde henne med orden -du var \u00f6vertygande och v\u00e4ldigt duktig!<\/p>\n<p>Jag fick veta att l\u00e4raren hade tilldelat eleverna ett parti att tala om. Ingen hade f\u00e5tt v\u00e4lja.<\/p>\n<p>Visst \u00e4r det sp\u00e4nnande att fundera \u00f6ver vad dessa elever kommer att \u00e4gna sig \u00e5t i vuxenlivet. Och det har jag l\u00e4rt mig av de f\u00f6rsta 62-\u00e5ren att den som skrattade sig igenom sitt anf\u00f6rande mycket v\u00e4l kan bli, partiledare, statsminister eller kommunalr\u00e5d om 10-25 \u00e5r.Det har h\u00e4nt f\u00f6rr!<\/p>\n<p>&nbsp;<\/p>\n","protected":false},"excerpt":{"rendered":"<p>Varje \u00e5r arrangerar Upplands-Bro gymnasiet ett riksdags-sk\u00e5despel d\u00e4r eleverna \u00e4r sk\u00e5despelare. De spelar talman, kunglighet och politiker. I \u00e5r hade Nyamko Sabuni bjudits in som g\u00e4sttalare. Sj\u00e4lv gick hon p\u00e5 skolan och nu hade hon sl\u00e4ktingar som upptr\u00e4dde. Hennes tal var starkt och handlade om hur hon som ung svensk tjej med kongolesiskt utseende blev <a class=\"read-more-link\" href=\"https:\/\/wp.kristdemokraterna.se\/janstefanson\/kd-bast-pa-ubg\/\">Read More<\/a><\/p>\n","protected":false},"author":530,"featured_media":0,"comment_status":"closed","ping_status":"closed","sticky":false,"template":"","format":"standard","meta":{"_acf_changed":false,"footnotes":""},"categories":[1],"tags":[],"class_list":["post-276","post","type-post","status-publish","format-standard","hentry","category-okategoriserade"],"acf":[],"yoast_head":"<!-- This site is optimized with the Yoast SEO plugin v27.4 - https:\/\/yoast.com\/product\/yoast-seo-wordpress\/ -->\n<title>KD b\u00e4st p\u00e5 UBG! - Jan Stefanson<\/title>\n<meta name=\"robots\" content=\"index, follow, max-snippet:-1, max-image-preview:large, max-video-preview:-1\" \/>\n<link rel=\"canonical\" href=\"https:\/\/wp.kristdemokraterna.se\/janstefanson\/kd-bast-pa-ubg\/\" \/>\n<meta property=\"og:locale\" content=\"sv_SE\" \/>\n<meta property=\"og:type\" content=\"article\" \/>\n<meta property=\"og:title\" content=\"KD b\u00e4st p\u00e5 UBG! - Jan Stefanson\" \/>\n<meta property=\"og:description\" content=\"Varje \u00e5r arrangerar Upplands-Bro gymnasiet ett riksdags-sk\u00e5despel d\u00e4r eleverna \u00e4r sk\u00e5despelare. De spelar talman, kunglighet och politiker. I \u00e5r hade Nyamko Sabuni bjudits in som g\u00e4sttalare. Sj\u00e4lv gick hon p\u00e5 skolan och nu hade hon sl\u00e4ktingar som upptr\u00e4dde. Hennes tal var starkt och handlade om hur hon som ung svensk tjej med kongolesiskt utseende blev Read More\" \/>\n<meta property=\"og:url\" content=\"https:\/\/wp.kristdemokraterna.se\/janstefanson\/kd-bast-pa-ubg\/\" \/>\n<meta property=\"og:site_name\" content=\"Jan Stefanson\" \/>\n<meta property=\"article:published_time\" content=\"2016-02-12T15:32:08+00:00\" \/>\n<meta name=\"author\" content=\"janstefanson\" \/>\n<meta name=\"twitter:card\" content=\"summary_large_image\" \/>\n<meta name=\"twitter:label1\" content=\"Skriven av\" \/>\n\t<meta name=\"twitter:data1\" content=\"janstefanson\" \/>\n\t<meta name=\"twitter:label2\" content=\"Ber\u00e4knad l\u00e4stid\" \/>\n\t<meta name=\"twitter:data2\" content=\"2 minuter\" \/>\n<script type=\"application\/ld+json\" class=\"yoast-schema-graph\">{\"@context\":\"https:\\\/\\\/schema.org\",\"@graph\":[{\"@type\":\"Article\",\"@id\":\"https:\\\/\\\/wp.kristdemokraterna.se\\\/janstefanson\\\/kd-bast-pa-ubg\\\/#article\",\"isPartOf\":{\"@id\":\"https:\\\/\\\/wp.kristdemokraterna.se\\\/janstefanson\\\/kd-bast-pa-ubg\\\/\"},\"author\":{\"name\":\"janstefanson\",\"@id\":\"https:\\\/\\\/wp.kristdemokraterna.se\\\/janstefanson\\\/#\\\/schema\\\/person\\\/f8122372f46f49cffa0c02a57c89b40f\"},\"headline\":\"KD b\u00e4st p\u00e5 UBG!\",\"datePublished\":\"2016-02-12T15:32:08+00:00\",\"mainEntityOfPage\":{\"@id\":\"https:\\\/\\\/wp.kristdemokraterna.se\\\/janstefanson\\\/kd-bast-pa-ubg\\\/\"},\"wordCount\":318,\"inLanguage\":\"sv-SE\"},{\"@type\":\"WebPage\",\"@id\":\"https:\\\/\\\/wp.kristdemokraterna.se\\\/janstefanson\\\/kd-bast-pa-ubg\\\/\",\"url\":\"https:\\\/\\\/wp.kristdemokraterna.se\\\/janstefanson\\\/kd-bast-pa-ubg\\\/\",\"name\":\"KD b\u00e4st p\u00e5 UBG! - Jan Stefanson\",\"isPartOf\":{\"@id\":\"https:\\\/\\\/wp.kristdemokraterna.se\\\/janstefanson\\\/#website\"},\"datePublished\":\"2016-02-12T15:32:08+00:00\",\"author\":{\"@id\":\"https:\\\/\\\/wp.kristdemokraterna.se\\\/janstefanson\\\/#\\\/schema\\\/person\\\/f8122372f46f49cffa0c02a57c89b40f\"},\"breadcrumb\":{\"@id\":\"https:\\\/\\\/wp.kristdemokraterna.se\\\/janstefanson\\\/kd-bast-pa-ubg\\\/#breadcrumb\"},\"inLanguage\":\"sv-SE\",\"potentialAction\":[{\"@type\":\"ReadAction\",\"target\":[\"https:\\\/\\\/wp.kristdemokraterna.se\\\/janstefanson\\\/kd-bast-pa-ubg\\\/\"]}]},{\"@type\":\"BreadcrumbList\",\"@id\":\"https:\\\/\\\/wp.kristdemokraterna.se\\\/janstefanson\\\/kd-bast-pa-ubg\\\/#breadcrumb\",\"itemListElement\":[{\"@type\":\"ListItem\",\"position\":1,\"name\":\"Hem\",\"item\":\"https:\\\/\\\/wp.kristdemokraterna.se\\\/janstefanson\\\/\"},{\"@type\":\"ListItem\",\"position\":2,\"name\":\"KD b\u00e4st p\u00e5 UBG!\"}]},{\"@type\":\"WebSite\",\"@id\":\"https:\\\/\\\/wp.kristdemokraterna.se\\\/janstefanson\\\/#website\",\"url\":\"https:\\\/\\\/wp.kristdemokraterna.se\\\/janstefanson\\\/\",\"name\":\"Jan Stefanson\",\"description\":\"En till Kristdemokraterna webbplats\",\"inLanguage\":\"sv-SE\"},{\"@type\":\"Person\",\"@id\":\"https:\\\/\\\/wp.kristdemokraterna.se\\\/janstefanson\\\/#\\\/schema\\\/person\\\/f8122372f46f49cffa0c02a57c89b40f\",\"name\":\"janstefanson\",\"image\":{\"@type\":\"ImageObject\",\"inLanguage\":\"sv-SE\",\"@id\":\"https:\\\/\\\/secure.gravatar.com\\\/avatar\\\/c8880da1e0ca1fb1fd99d661e99b32931e79d1537ef8441e71fc6630d4b6633c?s=96&r=g\",\"url\":\"https:\\\/\\\/secure.gravatar.com\\\/avatar\\\/c8880da1e0ca1fb1fd99d661e99b32931e79d1537ef8441e71fc6630d4b6633c?s=96&r=g\",\"contentUrl\":\"https:\\\/\\\/secure.gravatar.com\\\/avatar\\\/c8880da1e0ca1fb1fd99d661e99b32931e79d1537ef8441e71fc6630d4b6633c?s=96&r=g\",\"caption\":\"janstefanson\"},\"url\":\"https:\\\/\\\/wp.kristdemokraterna.se\\\/janstefanson\\\/author\\\/janstefanson\\\/\"}]}<\/script>\n<!-- \/ Yoast SEO plugin. -->","yoast_head_json":{"title":"KD b\u00e4st p\u00e5 UBG! - Jan Stefanson","robots":{"index":"index","follow":"follow","max-snippet":"max-snippet:-1","max-image-preview":"max-image-preview:large","max-video-preview":"max-video-preview:-1"},"canonical":"https:\/\/wp.kristdemokraterna.se\/janstefanson\/kd-bast-pa-ubg\/","og_locale":"sv_SE","og_type":"article","og_title":"KD b\u00e4st p\u00e5 UBG! - Jan Stefanson","og_description":"Varje \u00e5r arrangerar Upplands-Bro gymnasiet ett riksdags-sk\u00e5despel d\u00e4r eleverna \u00e4r sk\u00e5despelare. De spelar talman, kunglighet och politiker. I \u00e5r hade Nyamko Sabuni bjudits in som g\u00e4sttalare. Sj\u00e4lv gick hon p\u00e5 skolan och nu hade hon sl\u00e4ktingar som upptr\u00e4dde. Hennes tal var starkt och handlade om hur hon som ung svensk tjej med kongolesiskt utseende blev Read More","og_url":"https:\/\/wp.kristdemokraterna.se\/janstefanson\/kd-bast-pa-ubg\/","og_site_name":"Jan Stefanson","article_published_time":"2016-02-12T15:32:08+00:00","author":"janstefanson","twitter_card":"summary_large_image","twitter_misc":{"Skriven av":"janstefanson","Ber\u00e4knad l\u00e4stid":"2 minuter"},"schema":{"@context":"https:\/\/schema.org","@graph":[{"@type":"Article","@id":"https:\/\/wp.kristdemokraterna.se\/janstefanson\/kd-bast-pa-ubg\/#article","isPartOf":{"@id":"https:\/\/wp.kristdemokraterna.se\/janstefanson\/kd-bast-pa-ubg\/"},"author":{"name":"janstefanson","@id":"https:\/\/wp.kristdemokraterna.se\/janstefanson\/#\/schema\/person\/f8122372f46f49cffa0c02a57c89b40f"},"headline":"KD b\u00e4st p\u00e5 UBG!","datePublished":"2016-02-12T15:32:08+00:00","mainEntityOfPage":{"@id":"https:\/\/wp.kristdemokraterna.se\/janstefanson\/kd-bast-pa-ubg\/"},"wordCount":318,"inLanguage":"sv-SE"},{"@type":"WebPage","@id":"https:\/\/wp.kristdemokraterna.se\/janstefanson\/kd-bast-pa-ubg\/","url":"https:\/\/wp.kristdemokraterna.se\/janstefanson\/kd-bast-pa-ubg\/","name":"KD b\u00e4st p\u00e5 UBG! - Jan Stefanson","isPartOf":{"@id":"https:\/\/wp.kristdemokraterna.se\/janstefanson\/#website"},"datePublished":"2016-02-12T15:32:08+00:00","author":{"@id":"https:\/\/wp.kristdemokraterna.se\/janstefanson\/#\/schema\/person\/f8122372f46f49cffa0c02a57c89b40f"},"breadcrumb":{"@id":"https:\/\/wp.kristdemokraterna.se\/janstefanson\/kd-bast-pa-ubg\/#breadcrumb"},"inLanguage":"sv-SE","potentialAction":[{"@type":"ReadAction","target":["https:\/\/wp.kristdemokraterna.se\/janstefanson\/kd-bast-pa-ubg\/"]}]},{"@type":"BreadcrumbList","@id":"https:\/\/wp.kristdemokraterna.se\/janstefanson\/kd-bast-pa-ubg\/#breadcrumb","itemListElement":[{"@type":"ListItem","position":1,"name":"Hem","item":"https:\/\/wp.kristdemokraterna.se\/janstefanson\/"},{"@type":"ListItem","position":2,"name":"KD b\u00e4st p\u00e5 UBG!"}]},{"@type":"WebSite","@id":"https:\/\/wp.kristdemokraterna.se\/janstefanson\/#website","url":"https:\/\/wp.kristdemokraterna.se\/janstefanson\/","name":"Jan Stefanson","description":"En till Kristdemokraterna webbplats","inLanguage":"sv-SE"},{"@type":"Person","@id":"https:\/\/wp.kristdemokraterna.se\/janstefanson\/#\/schema\/person\/f8122372f46f49cffa0c02a57c89b40f","name":"janstefanson","image":{"@type":"ImageObject","inLanguage":"sv-SE","@id":"https:\/\/secure.gravatar.com\/avatar\/c8880da1e0ca1fb1fd99d661e99b32931e79d1537ef8441e71fc6630d4b6633c?s=96&r=g","url":"https:\/\/secure.gravatar.com\/avatar\/c8880da1e0ca1fb1fd99d661e99b32931e79d1537ef8441e71fc6630d4b6633c?s=96&r=g","contentUrl":"https:\/\/secure.gravatar.com\/avatar\/c8880da1e0ca1fb1fd99d661e99b32931e79d1537ef8441e71fc6630d4b6633c?s=96&r=g","caption":"janstefanson"},"url":"https:\/\/wp.kristdemokraterna.se\/janstefanson\/author\/janstefanson\/"}]}},"_links":{"self":[{"href":"https:\/\/wp.kristdemokraterna.se\/janstefanson\/wp-json\/wp\/v2\/posts\/276","targetHints":{"allow":["GET"]}}],"collection":[{"href":"https:\/\/wp.kristdemokraterna.se\/janstefanson\/wp-json\/wp\/v2\/posts"}],"about":[{"href":"https:\/\/wp.kristdemokraterna.se\/janstefanson\/wp-json\/wp\/v2\/types\/post"}],"author":[{"embeddable":true,"href":"https:\/\/wp.kristdemokraterna.se\/janstefanson\/wp-json\/wp\/v2\/users\/530"}],"replies":[{"embeddable":true,"href":"https:\/\/wp.kristdemokraterna.se\/janstefanson\/wp-json\/wp\/v2\/comments?post=276"}],"version-history":[{"count":1,"href":"https:\/\/wp.kristdemokraterna.se\/janstefanson\/wp-json\/wp\/v2\/posts\/276\/revisions"}],"predecessor-version":[{"id":277,"href":"https:\/\/wp.kristdemokraterna.se\/janstefanson\/wp-json\/wp\/v2\/posts\/276\/revisions\/277"}],"wp:attachment":[{"href":"https:\/\/wp.kristdemokraterna.se\/janstefanson\/wp-json\/wp\/v2\/media?parent=276"}],"wp:term":[{"taxonomy":"category","embeddable":true,"href":"https:\/\/wp.kristdemokraterna.se\/janstefanson\/wp-json\/wp\/v2\/categories?post=276"},{"taxonomy":"post_tag","embeddable":true,"href":"https:\/\/wp.kristdemokraterna.se\/janstefanson\/wp-json\/wp\/v2\/tags?post=276"}],"curies":[{"name":"wp","href":"https:\/\/api.w.org\/{rel}","templated":true}]}}