{"id":278,"date":"2016-02-26T09:44:30","date_gmt":"2016-02-26T08:44:30","guid":{"rendered":"http:\/\/wp.kristdemokraterna.se\/janstefanson\/?p=278"},"modified":"2016-02-26T09:44:30","modified_gmt":"2016-02-26T08:44:30","slug":"kampen-om-region-stockholm","status":"publish","type":"post","link":"https:\/\/wp.kristdemokraterna.se\/janstefanson\/kampen-om-region-stockholm\/","title":{"rendered":"Kampen om Region Stockholm"},"content":{"rendered":"<p>Att bilda region Stockholm \u00e4r verkligen en fr\u00e5ga som dragits i l\u00e5ngb\u00e4nk. F\u00f6r min del startade det hela under mandatperioden 1998-2002. Resultatet d\u00e5 blev,<strong> Ingen \u00e4ndring<\/strong>.<\/p>\n<p>Nu har landsh\u00f6vdingarna Stockholm och Uppsala, tillika med moderat bakgrund i Stockholms politiken helt pl\u00f6tsligt uttalat sig som privatpersoner ( vilket inte \u00e4r f\u00f6renligt med \u00e4mbetet) att de vill n\u00e5got annat \u00e4n det f\u00f6rslag som landstinget skickat p\u00e5 remiss till l\u00e4nets kommuner.<\/p>\n<p>N\u00e4r nu initiativ tagits av ordf\u00f6randen i KSL Mats Gerdau , M, att tillsammans med \u00f6vriga ledam\u00f6ter i arbetsutskottet f\u00f6resl\u00e5 att g\u00e5 emot regionbildningsf\u00f6rslaget m\u00e5ste vi som \u00e4r f\u00f6r g\u00f6ra en markering, att detta \u00e4r inte vad vi vill och inte heller vad en \u00f6verv\u00e4ldigande majoritet av l\u00e4nets kommuner vill.<\/p>\n<p>Fr\u00e5gan om regionbildning har sina fiender.Mig syns de i stor utstr\u00e4ckning tillh\u00f6ra n\u00e5got av de tv\u00e5 stora partierna med uppdrag i Stockholms stadshus.Kan det vara s\u00e5 att regionen anses b\u00e4st f\u00f6retr\u00e4das av Stockholms stadshus i st\u00e4llet f\u00f6r ett direktvalt parlament med detta givna uppdrag?<\/p>\n<p>Nu \u00e4r det h\u00f6g tid att argument och st\u00e4llningstagande synligg\u00f6rs f\u00f6r att driva fr\u00e5gan fram\u00e5t. Det kan knappast vara ytterligare tidsspillan som \u00e4r svaret!<\/p>\n<p><em><strong>Protokollsanteckning: remissvar om regionbildning<\/strong><\/em><\/p>\n<p><em>Vid dagens sammantr\u00e4de valde KSL-styrelsen att inte yttra sig i fr\u00e5gan, trots att arbetsutskottet f\u00f6reslagit ett beslut. Vi anser att KSL har goda sk\u00e4l att f\u00f6ra fram vilket st\u00e4llningstagande som regionens kommuner t\u00e4mligen entydigt har gjort. En stor majoritet av kommunerna i l\u00e4net har n\u00e4mligen tillstyrkt en regionbildning enligt f\u00f6rslaget fr\u00e5n Stockholms l\u00e4ns landsting (SLL). Enbart tv\u00e5 av 26 kommuner har avstyrkt, fem kommuner har varken tillstyrkt eller avstyrkt och hela 19 kommuner har tillstyrkt en regionbildning. Att samtliga kommuner har arbetat med remissen \u00e4r ett tungt v\u00e4gande sk\u00e4l f\u00f6r ett kommunf\u00f6rbund som KSL.KSLs stadgar va\u0308rnar den kommunala sja\u0308lvstyrelsen vilket sto\u0308der utga\u030angspunkten att regionala och lokala utvecklingsfra\u030agor bo\u0308r hanteras av ett direktvalt politiskt organ ista\u0308llet fo\u0308r av en statlig myndighet. Som noteras i underlaget fr\u00e5n SLL anges ocks\u00e5 att regionbildningen i sig inte inneb\u00e4ra en f\u00f6r\u00e4ndring av kommunernas ansvar och uppgifter.I grund och botten \u00e4r f\u00f6rslaget om regionbildning en fr\u00e5ga om demokrati. F\u00f6rslaget inneb\u00e4r att SLL tar \u00f6ver det regionala utvecklingsansvaret fr\u00e5n L\u00e4nsstyrelsen, allts\u00e5 att flytta en kompetens fr\u00e5n stat till region i enlighet med lagen om regionalt utvecklingsansvar i vissa l\u00e4n. Dagens situation, d\u00e4r L\u00e4nsstyrelsen har det\u00a0regionala utvecklingsansvaret\u00a0samtidigt som SLL har uppdraget att vara\u00a0regionplaneorgan, \u00e4r b\u00e5de sv\u00e5rbegriplig och otydlig. Enkelt uttryckt inneb\u00e4r det att SLL har regionplaneansvaret samtidigt som L\u00e4nsstyrelsen har tillv\u00e4xtansvaret, trots att det \u00e4r tv\u00e5 sidor av samma mynt. Situationen leder till m\u00e5nga byr\u00e5kratiska \u00f6verlappningar mellan SLL och l\u00e4nsstyrelsen, n\u00e5got som till exempel OECD har lyft som en av Stockholmsregionens svagheter och utmaningar. Med f\u00f6reslagen regionbildning f\u00e5r regionen b\u00e5de det regionala utvecklingsansvaret och regionplaneansvaret.En region Stockholm skulle ge f\u00e4rre administrativa gr\u00e4nser \u00e4n dagens organisation och d\u00e4rmed b\u00e4ttre f\u00f6ruts\u00e4ttningar f\u00f6r att samordna viktiga fr\u00e5gorna som kollektivtrafikplanering, regional utveckling och trafikplanering. Detta utan att kommunernas beslutskompetens p\u00e5verkas. Dessutom medf\u00f6r en regionbildning att Stockholm blir en starkare part i EU-sammanhang och vi f\u00e5r en m\u00f6jlighet att utf\u00f6ra uppgifter inom ramen f\u00f6r EU:s strukturfondsprogram.\u00d6vriga Sverige \u00e4r p\u00e5 v\u00e4g mot f\u00e4rre och st\u00f6rre regioner. Stockholm kommer sannolikt i b\u00f6rjan av 2020-talet att omges av 5-6 st\u00f6rre regioner som organiserat sig f\u00f6r att driva sina utvecklingsfr\u00e5gor med kraft. Fr\u00e5n 2017 blir Stockholms l\u00e4n det enda l\u00e4n d\u00e4r L\u00e4nsstyrelsen formellt har kvar tillv\u00e4xtansvaret.<\/em><\/p>\n<p><em>Till sist, vi har respekt f\u00f6r att det kommer att \u00e5vila SLL ett tungt och viktigt ansvar i och med \u00f6vertagandet av de regionala utvecklingsfr\u00e5gorna. Hur SLL ska undvika risken med att utvecklingsfr\u00e5gorna hamnar i skuggan av SLL:s andra \u00e5taganden, sjukv\u00e5rd och trafik, b\u00f6r redovisas tydligare av SLL. Det \u00e4r ocks\u00e5 viktigt att den forts\u00e4tta processen pr\u00e4glas av \u00f6ppenhet och dialog s\u00e5 att l\u00e4nets kommuner kan k\u00e4nna f\u00f6rtroende inf\u00f6r en regionbildning.<\/em><\/p>\n<p><em>Janne Stefanson ,KD och Christian Ottosson, C (ledam\u00f6ter i KSL)<\/em><\/p>\n<p>&nbsp;<\/p>\n","protected":false},"excerpt":{"rendered":"<p>Att bilda region Stockholm \u00e4r verkligen en fr\u00e5ga som dragits i l\u00e5ngb\u00e4nk. F\u00f6r min del startade det hela under mandatperioden 1998-2002. Resultatet d\u00e5 blev, Ingen \u00e4ndring. Nu har landsh\u00f6vdingarna Stockholm och Uppsala, tillika med moderat bakgrund i Stockholms politiken helt pl\u00f6tsligt uttalat sig som privatpersoner ( vilket inte \u00e4r f\u00f6renligt med \u00e4mbetet) att de vill <a class=\"read-more-link\" href=\"https:\/\/wp.kristdemokraterna.se\/janstefanson\/kampen-om-region-stockholm\/\">Read More<\/a><\/p>\n","protected":false},"author":530,"featured_media":0,"comment_status":"closed","ping_status":"closed","sticky":false,"template":"","format":"standard","meta":{"_acf_changed":false,"footnotes":""},"categories":[1],"tags":[],"class_list":["post-278","post","type-post","status-publish","format-standard","hentry","category-okategoriserade"],"acf":[],"yoast_head":"<!-- This site is optimized with the Yoast SEO plugin v27.4 - https:\/\/yoast.com\/product\/yoast-seo-wordpress\/ -->\n<title>Kampen om Region Stockholm - Jan Stefanson<\/title>\n<meta name=\"robots\" content=\"index, follow, max-snippet:-1, max-image-preview:large, max-video-preview:-1\" \/>\n<link rel=\"canonical\" href=\"https:\/\/wp.kristdemokraterna.se\/janstefanson\/kampen-om-region-stockholm\/\" \/>\n<meta property=\"og:locale\" content=\"sv_SE\" \/>\n<meta property=\"og:type\" content=\"article\" \/>\n<meta property=\"og:title\" content=\"Kampen om Region Stockholm - Jan Stefanson\" \/>\n<meta property=\"og:description\" content=\"Att bilda region Stockholm \u00e4r verkligen en fr\u00e5ga som dragits i l\u00e5ngb\u00e4nk. F\u00f6r min del startade det hela under mandatperioden 1998-2002. Resultatet d\u00e5 blev, Ingen \u00e4ndring. Nu har landsh\u00f6vdingarna Stockholm och Uppsala, tillika med moderat bakgrund i Stockholms politiken helt pl\u00f6tsligt uttalat sig som privatpersoner ( vilket inte \u00e4r f\u00f6renligt med \u00e4mbetet) att de vill Read More\" \/>\n<meta property=\"og:url\" content=\"https:\/\/wp.kristdemokraterna.se\/janstefanson\/kampen-om-region-stockholm\/\" \/>\n<meta property=\"og:site_name\" content=\"Jan Stefanson\" \/>\n<meta property=\"article:published_time\" content=\"2016-02-26T08:44:30+00:00\" \/>\n<meta name=\"author\" content=\"janstefanson\" \/>\n<meta name=\"twitter:card\" content=\"summary_large_image\" \/>\n<meta name=\"twitter:label1\" content=\"Skriven av\" \/>\n\t<meta name=\"twitter:data1\" content=\"janstefanson\" \/>\n\t<meta name=\"twitter:label2\" content=\"Ber\u00e4knad l\u00e4stid\" \/>\n\t<meta name=\"twitter:data2\" content=\"4 minuter\" \/>\n<script type=\"application\/ld+json\" class=\"yoast-schema-graph\">{\"@context\":\"https:\\\/\\\/schema.org\",\"@graph\":[{\"@type\":\"Article\",\"@id\":\"https:\\\/\\\/wp.kristdemokraterna.se\\\/janstefanson\\\/kampen-om-region-stockholm\\\/#article\",\"isPartOf\":{\"@id\":\"https:\\\/\\\/wp.kristdemokraterna.se\\\/janstefanson\\\/kampen-om-region-stockholm\\\/\"},\"author\":{\"name\":\"janstefanson\",\"@id\":\"https:\\\/\\\/wp.kristdemokraterna.se\\\/janstefanson\\\/#\\\/schema\\\/person\\\/f8122372f46f49cffa0c02a57c89b40f\"},\"headline\":\"Kampen om Region Stockholm\",\"datePublished\":\"2016-02-26T08:44:30+00:00\",\"mainEntityOfPage\":{\"@id\":\"https:\\\/\\\/wp.kristdemokraterna.se\\\/janstefanson\\\/kampen-om-region-stockholm\\\/\"},\"wordCount\":765,\"inLanguage\":\"sv-SE\"},{\"@type\":\"WebPage\",\"@id\":\"https:\\\/\\\/wp.kristdemokraterna.se\\\/janstefanson\\\/kampen-om-region-stockholm\\\/\",\"url\":\"https:\\\/\\\/wp.kristdemokraterna.se\\\/janstefanson\\\/kampen-om-region-stockholm\\\/\",\"name\":\"Kampen om Region Stockholm - Jan Stefanson\",\"isPartOf\":{\"@id\":\"https:\\\/\\\/wp.kristdemokraterna.se\\\/janstefanson\\\/#website\"},\"datePublished\":\"2016-02-26T08:44:30+00:00\",\"author\":{\"@id\":\"https:\\\/\\\/wp.kristdemokraterna.se\\\/janstefanson\\\/#\\\/schema\\\/person\\\/f8122372f46f49cffa0c02a57c89b40f\"},\"breadcrumb\":{\"@id\":\"https:\\\/\\\/wp.kristdemokraterna.se\\\/janstefanson\\\/kampen-om-region-stockholm\\\/#breadcrumb\"},\"inLanguage\":\"sv-SE\",\"potentialAction\":[{\"@type\":\"ReadAction\",\"target\":[\"https:\\\/\\\/wp.kristdemokraterna.se\\\/janstefanson\\\/kampen-om-region-stockholm\\\/\"]}]},{\"@type\":\"BreadcrumbList\",\"@id\":\"https:\\\/\\\/wp.kristdemokraterna.se\\\/janstefanson\\\/kampen-om-region-stockholm\\\/#breadcrumb\",\"itemListElement\":[{\"@type\":\"ListItem\",\"position\":1,\"name\":\"Hem\",\"item\":\"https:\\\/\\\/wp.kristdemokraterna.se\\\/janstefanson\\\/\"},{\"@type\":\"ListItem\",\"position\":2,\"name\":\"Kampen om Region Stockholm\"}]},{\"@type\":\"WebSite\",\"@id\":\"https:\\\/\\\/wp.kristdemokraterna.se\\\/janstefanson\\\/#website\",\"url\":\"https:\\\/\\\/wp.kristdemokraterna.se\\\/janstefanson\\\/\",\"name\":\"Jan Stefanson\",\"description\":\"En till Kristdemokraterna webbplats\",\"inLanguage\":\"sv-SE\"},{\"@type\":\"Person\",\"@id\":\"https:\\\/\\\/wp.kristdemokraterna.se\\\/janstefanson\\\/#\\\/schema\\\/person\\\/f8122372f46f49cffa0c02a57c89b40f\",\"name\":\"janstefanson\",\"image\":{\"@type\":\"ImageObject\",\"inLanguage\":\"sv-SE\",\"@id\":\"https:\\\/\\\/secure.gravatar.com\\\/avatar\\\/c8880da1e0ca1fb1fd99d661e99b32931e79d1537ef8441e71fc6630d4b6633c?s=96&r=g\",\"url\":\"https:\\\/\\\/secure.gravatar.com\\\/avatar\\\/c8880da1e0ca1fb1fd99d661e99b32931e79d1537ef8441e71fc6630d4b6633c?s=96&r=g\",\"contentUrl\":\"https:\\\/\\\/secure.gravatar.com\\\/avatar\\\/c8880da1e0ca1fb1fd99d661e99b32931e79d1537ef8441e71fc6630d4b6633c?s=96&r=g\",\"caption\":\"janstefanson\"},\"url\":\"https:\\\/\\\/wp.kristdemokraterna.se\\\/janstefanson\\\/author\\\/janstefanson\\\/\"}]}<\/script>\n<!-- \/ Yoast SEO plugin. -->","yoast_head_json":{"title":"Kampen om Region Stockholm - Jan Stefanson","robots":{"index":"index","follow":"follow","max-snippet":"max-snippet:-1","max-image-preview":"max-image-preview:large","max-video-preview":"max-video-preview:-1"},"canonical":"https:\/\/wp.kristdemokraterna.se\/janstefanson\/kampen-om-region-stockholm\/","og_locale":"sv_SE","og_type":"article","og_title":"Kampen om Region Stockholm - Jan Stefanson","og_description":"Att bilda region Stockholm \u00e4r verkligen en fr\u00e5ga som dragits i l\u00e5ngb\u00e4nk. F\u00f6r min del startade det hela under mandatperioden 1998-2002. Resultatet d\u00e5 blev, Ingen \u00e4ndring. Nu har landsh\u00f6vdingarna Stockholm och Uppsala, tillika med moderat bakgrund i Stockholms politiken helt pl\u00f6tsligt uttalat sig som privatpersoner ( vilket inte \u00e4r f\u00f6renligt med \u00e4mbetet) att de vill Read More","og_url":"https:\/\/wp.kristdemokraterna.se\/janstefanson\/kampen-om-region-stockholm\/","og_site_name":"Jan Stefanson","article_published_time":"2016-02-26T08:44:30+00:00","author":"janstefanson","twitter_card":"summary_large_image","twitter_misc":{"Skriven av":"janstefanson","Ber\u00e4knad l\u00e4stid":"4 minuter"},"schema":{"@context":"https:\/\/schema.org","@graph":[{"@type":"Article","@id":"https:\/\/wp.kristdemokraterna.se\/janstefanson\/kampen-om-region-stockholm\/#article","isPartOf":{"@id":"https:\/\/wp.kristdemokraterna.se\/janstefanson\/kampen-om-region-stockholm\/"},"author":{"name":"janstefanson","@id":"https:\/\/wp.kristdemokraterna.se\/janstefanson\/#\/schema\/person\/f8122372f46f49cffa0c02a57c89b40f"},"headline":"Kampen om Region Stockholm","datePublished":"2016-02-26T08:44:30+00:00","mainEntityOfPage":{"@id":"https:\/\/wp.kristdemokraterna.se\/janstefanson\/kampen-om-region-stockholm\/"},"wordCount":765,"inLanguage":"sv-SE"},{"@type":"WebPage","@id":"https:\/\/wp.kristdemokraterna.se\/janstefanson\/kampen-om-region-stockholm\/","url":"https:\/\/wp.kristdemokraterna.se\/janstefanson\/kampen-om-region-stockholm\/","name":"Kampen om Region Stockholm - Jan Stefanson","isPartOf":{"@id":"https:\/\/wp.kristdemokraterna.se\/janstefanson\/#website"},"datePublished":"2016-02-26T08:44:30+00:00","author":{"@id":"https:\/\/wp.kristdemokraterna.se\/janstefanson\/#\/schema\/person\/f8122372f46f49cffa0c02a57c89b40f"},"breadcrumb":{"@id":"https:\/\/wp.kristdemokraterna.se\/janstefanson\/kampen-om-region-stockholm\/#breadcrumb"},"inLanguage":"sv-SE","potentialAction":[{"@type":"ReadAction","target":["https:\/\/wp.kristdemokraterna.se\/janstefanson\/kampen-om-region-stockholm\/"]}]},{"@type":"BreadcrumbList","@id":"https:\/\/wp.kristdemokraterna.se\/janstefanson\/kampen-om-region-stockholm\/#breadcrumb","itemListElement":[{"@type":"ListItem","position":1,"name":"Hem","item":"https:\/\/wp.kristdemokraterna.se\/janstefanson\/"},{"@type":"ListItem","position":2,"name":"Kampen om Region Stockholm"}]},{"@type":"WebSite","@id":"https:\/\/wp.kristdemokraterna.se\/janstefanson\/#website","url":"https:\/\/wp.kristdemokraterna.se\/janstefanson\/","name":"Jan Stefanson","description":"En till Kristdemokraterna webbplats","inLanguage":"sv-SE"},{"@type":"Person","@id":"https:\/\/wp.kristdemokraterna.se\/janstefanson\/#\/schema\/person\/f8122372f46f49cffa0c02a57c89b40f","name":"janstefanson","image":{"@type":"ImageObject","inLanguage":"sv-SE","@id":"https:\/\/secure.gravatar.com\/avatar\/c8880da1e0ca1fb1fd99d661e99b32931e79d1537ef8441e71fc6630d4b6633c?s=96&r=g","url":"https:\/\/secure.gravatar.com\/avatar\/c8880da1e0ca1fb1fd99d661e99b32931e79d1537ef8441e71fc6630d4b6633c?s=96&r=g","contentUrl":"https:\/\/secure.gravatar.com\/avatar\/c8880da1e0ca1fb1fd99d661e99b32931e79d1537ef8441e71fc6630d4b6633c?s=96&r=g","caption":"janstefanson"},"url":"https:\/\/wp.kristdemokraterna.se\/janstefanson\/author\/janstefanson\/"}]}},"_links":{"self":[{"href":"https:\/\/wp.kristdemokraterna.se\/janstefanson\/wp-json\/wp\/v2\/posts\/278","targetHints":{"allow":["GET"]}}],"collection":[{"href":"https:\/\/wp.kristdemokraterna.se\/janstefanson\/wp-json\/wp\/v2\/posts"}],"about":[{"href":"https:\/\/wp.kristdemokraterna.se\/janstefanson\/wp-json\/wp\/v2\/types\/post"}],"author":[{"embeddable":true,"href":"https:\/\/wp.kristdemokraterna.se\/janstefanson\/wp-json\/wp\/v2\/users\/530"}],"replies":[{"embeddable":true,"href":"https:\/\/wp.kristdemokraterna.se\/janstefanson\/wp-json\/wp\/v2\/comments?post=278"}],"version-history":[{"count":2,"href":"https:\/\/wp.kristdemokraterna.se\/janstefanson\/wp-json\/wp\/v2\/posts\/278\/revisions"}],"predecessor-version":[{"id":280,"href":"https:\/\/wp.kristdemokraterna.se\/janstefanson\/wp-json\/wp\/v2\/posts\/278\/revisions\/280"}],"wp:attachment":[{"href":"https:\/\/wp.kristdemokraterna.se\/janstefanson\/wp-json\/wp\/v2\/media?parent=278"}],"wp:term":[{"taxonomy":"category","embeddable":true,"href":"https:\/\/wp.kristdemokraterna.se\/janstefanson\/wp-json\/wp\/v2\/categories?post=278"},{"taxonomy":"post_tag","embeddable":true,"href":"https:\/\/wp.kristdemokraterna.se\/janstefanson\/wp-json\/wp\/v2\/tags?post=278"}],"curies":[{"name":"wp","href":"https:\/\/api.w.org\/{rel}","templated":true}]}}