{"id":306,"date":"2016-06-07T10:57:09","date_gmt":"2016-06-07T08:57:09","guid":{"rendered":"http:\/\/wp.kristdemokraterna.se\/janstefanson\/?p=306"},"modified":"2016-06-07T10:57:09","modified_gmt":"2016-06-07T08:57:09","slug":"uppkladd-och-stolt","status":"publish","type":"post","link":"https:\/\/wp.kristdemokraterna.se\/janstefanson\/uppkladd-och-stolt\/","title":{"rendered":"Uppkl\u00e4dd och stolt!"},"content":{"rendered":"<p>Svenska flaggans dag eller nationaldagen- kan vara lite f\u00f6rvirrande men visst \u00e4r det n\u00e5got s\u00e4rskilt. En ganska ny tradition d\u00e5 dagen \u00e4r r\u00f6dmarkerad och f\u00f6r m\u00e5nga en ledig dag.<\/p>\n<p>Dagen kan \u00e4n s\u00e5 l\u00e4nge inte konkurrera med vare sig julafton eller midsommarafton. B\u00e5da dessa dagar har dock en grund analys av m\u00e5nga av oss som firar dessa men just nationaldagen uts\u00e4tts b\u00e5de i media och p\u00e5 annat h\u00e5ll f\u00f6r fr\u00e5gan varf\u00f6r?<img loading=\"lazy\" decoding=\"async\" class=\"size-medium wp-image-308 alignright\" src=\"http:\/\/wp.kristdemokraterna.se\/janstefanson\/files\/2016\/06\/img_0104-e1465289789192-300x300.jpg\" alt=\"IMG_0104\" width=\"300\" height=\"300\" srcset=\"https:\/\/wp.kristdemokraterna.se\/janstefanson\/files\/2016\/06\/img_0104-e1465289789192-300x300.jpg 300w, https:\/\/wp.kristdemokraterna.se\/janstefanson\/files\/2016\/06\/img_0104-e1465289789192-150x150.jpg 150w, https:\/\/wp.kristdemokraterna.se\/janstefanson\/files\/2016\/06\/img_0104-e1465289789192-768x768.jpg 768w, https:\/\/wp.kristdemokraterna.se\/janstefanson\/files\/2016\/06\/img_0104-e1465289789192-540x540.jpg 540w, https:\/\/wp.kristdemokraterna.se\/janstefanson\/files\/2016\/06\/img_0104-e1465289789192-346x346.jpg 346w, https:\/\/wp.kristdemokraterna.se\/janstefanson\/files\/2016\/06\/img_0104-e1465289789192-112x112.jpg 112w\" sizes=\"auto, (max-width: 300px) 100vw, 300px\" \/><\/p>\n<p>\u00c4r det Gustaf Vasas kr\u00f6ning till kung samma dag eller riksdagsordningen eller Skansens grundare vi firar? Att Gustaf Vasa var en tyrann har vi f\u00e5tt l\u00e4ra oss och riksdagsordningens genomf\u00f6randedatum st\u00e4mmer inte med v\u00e5r dag och Skansen \u00e4r ju trevligt men knappast en nationell angel\u00e4genhet.<\/p>\n<p>\u00c5 andra sidan \u00e4r julen en h\u00f6gtid med Jesusbarnets f\u00f6delse som central h\u00e4ndelse d\u00e4r vi i v\u00e5rt stolta Sverige haft sv\u00e5rt att veta om skolklasser f\u00e5r uppm\u00e4rksamma traditionen genom bes\u00f6k i kyrkan vid skolavslutningar. F\u00f6r tillf\u00e4llet \u00e4r det fritt fram!<\/p>\n<p>Midsommarafton \u00e4r knepigare. N\u00e4r vi hoppar grodorna, \u00e4ter sill och dansar runt st\u00e5ngen s\u00e5 \u00e4r det knappast s\u00e5dant som f\u00e5r oss att t\u00e4nka p\u00e5 sk\u00f6rdetider.<\/p>\n<p>Men varf\u00f6r ska vi komplicera saker som bara finns \u00e4r\u00a0underh\u00e5llande och<br \/>\ngemenskapsbringande.<\/p>\n<p>Just det!<\/p>\n","protected":false},"excerpt":{"rendered":"<p>Svenska flaggans dag eller nationaldagen- kan vara lite f\u00f6rvirrande men visst \u00e4r det n\u00e5got s\u00e4rskilt. En ganska ny tradition d\u00e5 dagen \u00e4r r\u00f6dmarkerad och f\u00f6r m\u00e5nga en ledig dag. Dagen kan \u00e4n s\u00e5 l\u00e4nge inte konkurrera med vare sig julafton eller midsommarafton. B\u00e5da dessa dagar har dock en grund analys av m\u00e5nga av oss som <a class=\"read-more-link\" href=\"https:\/\/wp.kristdemokraterna.se\/janstefanson\/uppkladd-och-stolt\/\">Read More<\/a><\/p>\n","protected":false},"author":530,"featured_media":0,"comment_status":"closed","ping_status":"closed","sticky":false,"template":"","format":"standard","meta":{"_acf_changed":false,"footnotes":""},"categories":[1],"tags":[],"class_list":["post-306","post","type-post","status-publish","format-standard","hentry","category-okategoriserade"],"acf":[],"yoast_head":"<!-- This site is optimized with the Yoast SEO plugin v27.4 - https:\/\/yoast.com\/product\/yoast-seo-wordpress\/ -->\n<title>Uppkl\u00e4dd och stolt! - Jan Stefanson<\/title>\n<meta name=\"robots\" content=\"index, follow, max-snippet:-1, max-image-preview:large, max-video-preview:-1\" \/>\n<link rel=\"canonical\" href=\"https:\/\/wp.kristdemokraterna.se\/janstefanson\/uppkladd-och-stolt\/\" \/>\n<meta property=\"og:locale\" content=\"sv_SE\" \/>\n<meta property=\"og:type\" content=\"article\" \/>\n<meta property=\"og:title\" content=\"Uppkl\u00e4dd och stolt! - Jan Stefanson\" \/>\n<meta property=\"og:description\" content=\"Svenska flaggans dag eller nationaldagen- kan vara lite f\u00f6rvirrande men visst \u00e4r det n\u00e5got s\u00e4rskilt. En ganska ny tradition d\u00e5 dagen \u00e4r r\u00f6dmarkerad och f\u00f6r m\u00e5nga en ledig dag. Dagen kan \u00e4n s\u00e5 l\u00e4nge inte konkurrera med vare sig julafton eller midsommarafton. B\u00e5da dessa dagar har dock en grund analys av m\u00e5nga av oss som Read More\" \/>\n<meta property=\"og:url\" content=\"https:\/\/wp.kristdemokraterna.se\/janstefanson\/uppkladd-och-stolt\/\" \/>\n<meta property=\"og:site_name\" content=\"Jan Stefanson\" \/>\n<meta property=\"article:published_time\" content=\"2016-06-07T08:57:09+00:00\" \/>\n<meta property=\"og:image\" content=\"http:\/\/wp.kristdemokraterna.se\/janstefanson\/files\/2016\/06\/img_0104-e1465289789192-300x300.jpg\" \/>\n<meta name=\"author\" content=\"janstefanson\" \/>\n<meta name=\"twitter:card\" content=\"summary_large_image\" \/>\n<meta name=\"twitter:label1\" content=\"Skriven av\" \/>\n\t<meta name=\"twitter:data1\" content=\"janstefanson\" \/>\n\t<meta name=\"twitter:label2\" content=\"Ber\u00e4knad l\u00e4stid\" \/>\n\t<meta name=\"twitter:data2\" content=\"1 minut\" \/>\n<script type=\"application\/ld+json\" class=\"yoast-schema-graph\">{\"@context\":\"https:\\\/\\\/schema.org\",\"@graph\":[{\"@type\":\"Article\",\"@id\":\"https:\\\/\\\/wp.kristdemokraterna.se\\\/janstefanson\\\/uppkladd-och-stolt\\\/#article\",\"isPartOf\":{\"@id\":\"https:\\\/\\\/wp.kristdemokraterna.se\\\/janstefanson\\\/uppkladd-och-stolt\\\/\"},\"author\":{\"name\":\"janstefanson\",\"@id\":\"https:\\\/\\\/wp.kristdemokraterna.se\\\/janstefanson\\\/#\\\/schema\\\/person\\\/f8122372f46f49cffa0c02a57c89b40f\"},\"headline\":\"Uppkl\u00e4dd och stolt!\",\"datePublished\":\"2016-06-07T08:57:09+00:00\",\"mainEntityOfPage\":{\"@id\":\"https:\\\/\\\/wp.kristdemokraterna.se\\\/janstefanson\\\/uppkladd-och-stolt\\\/\"},\"wordCount\":240,\"image\":{\"@id\":\"https:\\\/\\\/wp.kristdemokraterna.se\\\/janstefanson\\\/uppkladd-och-stolt\\\/#primaryimage\"},\"thumbnailUrl\":\"http:\\\/\\\/wp.kristdemokraterna.se\\\/janstefanson\\\/files\\\/2016\\\/06\\\/img_0104-e1465289789192-300x300.jpg\",\"inLanguage\":\"sv-SE\"},{\"@type\":\"WebPage\",\"@id\":\"https:\\\/\\\/wp.kristdemokraterna.se\\\/janstefanson\\\/uppkladd-och-stolt\\\/\",\"url\":\"https:\\\/\\\/wp.kristdemokraterna.se\\\/janstefanson\\\/uppkladd-och-stolt\\\/\",\"name\":\"Uppkl\u00e4dd och stolt! - Jan Stefanson\",\"isPartOf\":{\"@id\":\"https:\\\/\\\/wp.kristdemokraterna.se\\\/janstefanson\\\/#website\"},\"primaryImageOfPage\":{\"@id\":\"https:\\\/\\\/wp.kristdemokraterna.se\\\/janstefanson\\\/uppkladd-och-stolt\\\/#primaryimage\"},\"image\":{\"@id\":\"https:\\\/\\\/wp.kristdemokraterna.se\\\/janstefanson\\\/uppkladd-och-stolt\\\/#primaryimage\"},\"thumbnailUrl\":\"http:\\\/\\\/wp.kristdemokraterna.se\\\/janstefanson\\\/files\\\/2016\\\/06\\\/img_0104-e1465289789192-300x300.jpg\",\"datePublished\":\"2016-06-07T08:57:09+00:00\",\"author\":{\"@id\":\"https:\\\/\\\/wp.kristdemokraterna.se\\\/janstefanson\\\/#\\\/schema\\\/person\\\/f8122372f46f49cffa0c02a57c89b40f\"},\"breadcrumb\":{\"@id\":\"https:\\\/\\\/wp.kristdemokraterna.se\\\/janstefanson\\\/uppkladd-och-stolt\\\/#breadcrumb\"},\"inLanguage\":\"sv-SE\",\"potentialAction\":[{\"@type\":\"ReadAction\",\"target\":[\"https:\\\/\\\/wp.kristdemokraterna.se\\\/janstefanson\\\/uppkladd-och-stolt\\\/\"]}]},{\"@type\":\"ImageObject\",\"inLanguage\":\"sv-SE\",\"@id\":\"https:\\\/\\\/wp.kristdemokraterna.se\\\/janstefanson\\\/uppkladd-och-stolt\\\/#primaryimage\",\"url\":\"https:\\\/\\\/wp.kristdemokraterna.se\\\/janstefanson\\\/files\\\/2016\\\/06\\\/img_0104-e1465289789192.jpg\",\"contentUrl\":\"https:\\\/\\\/wp.kristdemokraterna.se\\\/janstefanson\\\/files\\\/2016\\\/06\\\/img_0104-e1465289789192.jpg\",\"width\":2448,\"height\":2448},{\"@type\":\"BreadcrumbList\",\"@id\":\"https:\\\/\\\/wp.kristdemokraterna.se\\\/janstefanson\\\/uppkladd-och-stolt\\\/#breadcrumb\",\"itemListElement\":[{\"@type\":\"ListItem\",\"position\":1,\"name\":\"Hem\",\"item\":\"https:\\\/\\\/wp.kristdemokraterna.se\\\/janstefanson\\\/\"},{\"@type\":\"ListItem\",\"position\":2,\"name\":\"Uppkl\u00e4dd och stolt!\"}]},{\"@type\":\"WebSite\",\"@id\":\"https:\\\/\\\/wp.kristdemokraterna.se\\\/janstefanson\\\/#website\",\"url\":\"https:\\\/\\\/wp.kristdemokraterna.se\\\/janstefanson\\\/\",\"name\":\"Jan Stefanson\",\"description\":\"En till Kristdemokraterna webbplats\",\"inLanguage\":\"sv-SE\"},{\"@type\":\"Person\",\"@id\":\"https:\\\/\\\/wp.kristdemokraterna.se\\\/janstefanson\\\/#\\\/schema\\\/person\\\/f8122372f46f49cffa0c02a57c89b40f\",\"name\":\"janstefanson\",\"image\":{\"@type\":\"ImageObject\",\"inLanguage\":\"sv-SE\",\"@id\":\"https:\\\/\\\/secure.gravatar.com\\\/avatar\\\/c8880da1e0ca1fb1fd99d661e99b32931e79d1537ef8441e71fc6630d4b6633c?s=96&r=g\",\"url\":\"https:\\\/\\\/secure.gravatar.com\\\/avatar\\\/c8880da1e0ca1fb1fd99d661e99b32931e79d1537ef8441e71fc6630d4b6633c?s=96&r=g\",\"contentUrl\":\"https:\\\/\\\/secure.gravatar.com\\\/avatar\\\/c8880da1e0ca1fb1fd99d661e99b32931e79d1537ef8441e71fc6630d4b6633c?s=96&r=g\",\"caption\":\"janstefanson\"},\"url\":\"https:\\\/\\\/wp.kristdemokraterna.se\\\/janstefanson\\\/author\\\/janstefanson\\\/\"}]}<\/script>\n<!-- \/ Yoast SEO plugin. -->","yoast_head_json":{"title":"Uppkl\u00e4dd och stolt! - Jan Stefanson","robots":{"index":"index","follow":"follow","max-snippet":"max-snippet:-1","max-image-preview":"max-image-preview:large","max-video-preview":"max-video-preview:-1"},"canonical":"https:\/\/wp.kristdemokraterna.se\/janstefanson\/uppkladd-och-stolt\/","og_locale":"sv_SE","og_type":"article","og_title":"Uppkl\u00e4dd och stolt! - Jan Stefanson","og_description":"Svenska flaggans dag eller nationaldagen- kan vara lite f\u00f6rvirrande men visst \u00e4r det n\u00e5got s\u00e4rskilt. En ganska ny tradition d\u00e5 dagen \u00e4r r\u00f6dmarkerad och f\u00f6r m\u00e5nga en ledig dag. Dagen kan \u00e4n s\u00e5 l\u00e4nge inte konkurrera med vare sig julafton eller midsommarafton. B\u00e5da dessa dagar har dock en grund analys av m\u00e5nga av oss som Read More","og_url":"https:\/\/wp.kristdemokraterna.se\/janstefanson\/uppkladd-och-stolt\/","og_site_name":"Jan Stefanson","article_published_time":"2016-06-07T08:57:09+00:00","og_image":[{"url":"http:\/\/wp.kristdemokraterna.se\/janstefanson\/files\/2016\/06\/img_0104-e1465289789192-300x300.jpg","type":"","width":"","height":""}],"author":"janstefanson","twitter_card":"summary_large_image","twitter_misc":{"Skriven av":"janstefanson","Ber\u00e4knad l\u00e4stid":"1 minut"},"schema":{"@context":"https:\/\/schema.org","@graph":[{"@type":"Article","@id":"https:\/\/wp.kristdemokraterna.se\/janstefanson\/uppkladd-och-stolt\/#article","isPartOf":{"@id":"https:\/\/wp.kristdemokraterna.se\/janstefanson\/uppkladd-och-stolt\/"},"author":{"name":"janstefanson","@id":"https:\/\/wp.kristdemokraterna.se\/janstefanson\/#\/schema\/person\/f8122372f46f49cffa0c02a57c89b40f"},"headline":"Uppkl\u00e4dd och stolt!","datePublished":"2016-06-07T08:57:09+00:00","mainEntityOfPage":{"@id":"https:\/\/wp.kristdemokraterna.se\/janstefanson\/uppkladd-och-stolt\/"},"wordCount":240,"image":{"@id":"https:\/\/wp.kristdemokraterna.se\/janstefanson\/uppkladd-och-stolt\/#primaryimage"},"thumbnailUrl":"http:\/\/wp.kristdemokraterna.se\/janstefanson\/files\/2016\/06\/img_0104-e1465289789192-300x300.jpg","inLanguage":"sv-SE"},{"@type":"WebPage","@id":"https:\/\/wp.kristdemokraterna.se\/janstefanson\/uppkladd-och-stolt\/","url":"https:\/\/wp.kristdemokraterna.se\/janstefanson\/uppkladd-och-stolt\/","name":"Uppkl\u00e4dd och stolt! - Jan Stefanson","isPartOf":{"@id":"https:\/\/wp.kristdemokraterna.se\/janstefanson\/#website"},"primaryImageOfPage":{"@id":"https:\/\/wp.kristdemokraterna.se\/janstefanson\/uppkladd-och-stolt\/#primaryimage"},"image":{"@id":"https:\/\/wp.kristdemokraterna.se\/janstefanson\/uppkladd-och-stolt\/#primaryimage"},"thumbnailUrl":"http:\/\/wp.kristdemokraterna.se\/janstefanson\/files\/2016\/06\/img_0104-e1465289789192-300x300.jpg","datePublished":"2016-06-07T08:57:09+00:00","author":{"@id":"https:\/\/wp.kristdemokraterna.se\/janstefanson\/#\/schema\/person\/f8122372f46f49cffa0c02a57c89b40f"},"breadcrumb":{"@id":"https:\/\/wp.kristdemokraterna.se\/janstefanson\/uppkladd-och-stolt\/#breadcrumb"},"inLanguage":"sv-SE","potentialAction":[{"@type":"ReadAction","target":["https:\/\/wp.kristdemokraterna.se\/janstefanson\/uppkladd-och-stolt\/"]}]},{"@type":"ImageObject","inLanguage":"sv-SE","@id":"https:\/\/wp.kristdemokraterna.se\/janstefanson\/uppkladd-och-stolt\/#primaryimage","url":"https:\/\/wp.kristdemokraterna.se\/janstefanson\/files\/2016\/06\/img_0104-e1465289789192.jpg","contentUrl":"https:\/\/wp.kristdemokraterna.se\/janstefanson\/files\/2016\/06\/img_0104-e1465289789192.jpg","width":2448,"height":2448},{"@type":"BreadcrumbList","@id":"https:\/\/wp.kristdemokraterna.se\/janstefanson\/uppkladd-och-stolt\/#breadcrumb","itemListElement":[{"@type":"ListItem","position":1,"name":"Hem","item":"https:\/\/wp.kristdemokraterna.se\/janstefanson\/"},{"@type":"ListItem","position":2,"name":"Uppkl\u00e4dd och stolt!"}]},{"@type":"WebSite","@id":"https:\/\/wp.kristdemokraterna.se\/janstefanson\/#website","url":"https:\/\/wp.kristdemokraterna.se\/janstefanson\/","name":"Jan Stefanson","description":"En till Kristdemokraterna webbplats","inLanguage":"sv-SE"},{"@type":"Person","@id":"https:\/\/wp.kristdemokraterna.se\/janstefanson\/#\/schema\/person\/f8122372f46f49cffa0c02a57c89b40f","name":"janstefanson","image":{"@type":"ImageObject","inLanguage":"sv-SE","@id":"https:\/\/secure.gravatar.com\/avatar\/c8880da1e0ca1fb1fd99d661e99b32931e79d1537ef8441e71fc6630d4b6633c?s=96&r=g","url":"https:\/\/secure.gravatar.com\/avatar\/c8880da1e0ca1fb1fd99d661e99b32931e79d1537ef8441e71fc6630d4b6633c?s=96&r=g","contentUrl":"https:\/\/secure.gravatar.com\/avatar\/c8880da1e0ca1fb1fd99d661e99b32931e79d1537ef8441e71fc6630d4b6633c?s=96&r=g","caption":"janstefanson"},"url":"https:\/\/wp.kristdemokraterna.se\/janstefanson\/author\/janstefanson\/"}]}},"_links":{"self":[{"href":"https:\/\/wp.kristdemokraterna.se\/janstefanson\/wp-json\/wp\/v2\/posts\/306","targetHints":{"allow":["GET"]}}],"collection":[{"href":"https:\/\/wp.kristdemokraterna.se\/janstefanson\/wp-json\/wp\/v2\/posts"}],"about":[{"href":"https:\/\/wp.kristdemokraterna.se\/janstefanson\/wp-json\/wp\/v2\/types\/post"}],"author":[{"embeddable":true,"href":"https:\/\/wp.kristdemokraterna.se\/janstefanson\/wp-json\/wp\/v2\/users\/530"}],"replies":[{"embeddable":true,"href":"https:\/\/wp.kristdemokraterna.se\/janstefanson\/wp-json\/wp\/v2\/comments?post=306"}],"version-history":[{"count":1,"href":"https:\/\/wp.kristdemokraterna.se\/janstefanson\/wp-json\/wp\/v2\/posts\/306\/revisions"}],"predecessor-version":[{"id":309,"href":"https:\/\/wp.kristdemokraterna.se\/janstefanson\/wp-json\/wp\/v2\/posts\/306\/revisions\/309"}],"wp:attachment":[{"href":"https:\/\/wp.kristdemokraterna.se\/janstefanson\/wp-json\/wp\/v2\/media?parent=306"}],"wp:term":[{"taxonomy":"category","embeddable":true,"href":"https:\/\/wp.kristdemokraterna.se\/janstefanson\/wp-json\/wp\/v2\/categories?post=306"},{"taxonomy":"post_tag","embeddable":true,"href":"https:\/\/wp.kristdemokraterna.se\/janstefanson\/wp-json\/wp\/v2\/tags?post=306"}],"curies":[{"name":"wp","href":"https:\/\/api.w.org\/{rel}","templated":true}]}}