{"id":311,"date":"2016-06-28T12:30:05","date_gmt":"2016-06-28T10:30:05","guid":{"rendered":"http:\/\/wp.kristdemokraterna.se\/janstefanson\/?p=311"},"modified":"2016-06-28T12:30:05","modified_gmt":"2016-06-28T10:30:05","slug":"brexit-paminner-om-var-sarbarhet","status":"publish","type":"post","link":"https:\/\/wp.kristdemokraterna.se\/janstefanson\/brexit-paminner-om-var-sarbarhet\/","title":{"rendered":"Brexit p\u00e5minner om v\u00e5r s\u00e5rbarhet"},"content":{"rendered":"<p>Brexit har skapat en oro p\u00e5 b\u00f6rserna och i relationen till EU projektet och l\u00e4nder emellan. Ingen vet utg\u00e5ngen!<\/p>\n<p>Det st\u00f6rsta kaoset tycks finns i det egna landet som folkomr\u00f6stat. Cameron avg\u00e5r och ers\u00e4ttaren kan inte st\u00e5 honom f\u00f6r n\u00e4ra ej heller vara f\u00f6r mycket f\u00f6rknippad med Brexit kampanjen. Ungef\u00e4r detsamma g\u00e4ller Labours ledare som ny anses varit en alltf\u00f6r svag ledare och d\u00e4rmed inte drivit <em>stanna kvar fr\u00e5gan<\/em> tillr\u00e4ckligt \u00f6vertygande. Att f\u00f6rknippas med f\u00f6rlust \u00e4r degraderande. Se bara p\u00e5 Englands kickade f\u00f6rbundskapten Roy Hodgsson som strax efter f\u00f6rlusten mot Island var tvingad att sluta. En vinst s\u00e5 hade fr\u00e5gan varit helt annorlunda. Men nu \u00e4r England i fritt fall p\u00e5 m\u00e5nga fronter. Till och med spr\u00e5ket f\u00f6rs fram som ol\u00e4mpligt i EU sammanhang.<\/p>\n<p>Hur drabbas Upplands-Bro? Det \u00e4r ju bland annat mitt ansvar att sia om det. Och d\u00e5 f\u00e5r jag tryggt luta mig mot finansanalytikern som i morgonnyheterna i morse fick fr\u00e5gan om kursutvecklingen strax f\u00f6re b\u00f6rsens \u00f6ppnande. &#8211; Jag v\u00e5gar inte ha n\u00e5gon uppfattning. N\u00e5gra minuter senare kom svaret med en kraftig uppg\u00e5ng. Det f\u00f6ljde m\u00f6nstret i \u00f6vriga v\u00e4rlden och borde ha kunnat f\u00f6rutses kan man tycka, men inte ens b\u00f6rsexperten v\u00e5gade ha en uppfattning f\u00f6re givet svar. Det \u00e4r v\u00e4l s\u00e5 det fungerar. F\u00f6rklaringar i efterskott \u00e4r b\u00e5de l\u00e5nga och v\u00e4lformulerade av experter.<\/p>\n<p>Man brukar s\u00e4ga att krig och konflikter uppst\u00e5r p\u00e5 grund av misstag. Det \u00e5terst\u00e5r att se hur Brexit f\u00f6r\u00e4ndrat s\u00e5v\u00e4l v\u00e5r bygd som v\u00e4rlden utanf\u00f6r. Att halva England med knappt 2% \u00f6vertag f\u00f6rorsakat en k\u00e4nsla av otrygghet \u00e5tminstone i det kortare perspektivet st\u00e5r v\u00e4ldigt klart.<\/p>\n<p>EU startades som ett fredsprojekt men st\u00e5r nu inf\u00f6r en stor utmaning. Ett land som r\u00f6stat fram uttr\u00e4de kan inte behandlas\u00a0illa i statuerande syfte om fred fortsatt \u00e4r syfte och m\u00e5l. Basta!<\/p>\n<p>&nbsp;<\/p>\n","protected":false},"excerpt":{"rendered":"<p>Brexit har skapat en oro p\u00e5 b\u00f6rserna och i relationen till EU projektet och l\u00e4nder emellan. Ingen vet utg\u00e5ngen! Det st\u00f6rsta kaoset tycks finns i det egna landet som folkomr\u00f6stat. Cameron avg\u00e5r och ers\u00e4ttaren kan inte st\u00e5 honom f\u00f6r n\u00e4ra ej heller vara f\u00f6r mycket f\u00f6rknippad med Brexit kampanjen. Ungef\u00e4r detsamma g\u00e4ller Labours ledare som <a class=\"read-more-link\" href=\"https:\/\/wp.kristdemokraterna.se\/janstefanson\/brexit-paminner-om-var-sarbarhet\/\">Read More<\/a><\/p>\n","protected":false},"author":530,"featured_media":0,"comment_status":"closed","ping_status":"closed","sticky":false,"template":"","format":"standard","meta":{"_acf_changed":false,"footnotes":""},"categories":[1],"tags":[],"class_list":["post-311","post","type-post","status-publish","format-standard","hentry","category-okategoriserade"],"acf":[],"yoast_head":"<!-- This site is optimized with the Yoast SEO plugin v27.4 - https:\/\/yoast.com\/product\/yoast-seo-wordpress\/ -->\n<title>Brexit p\u00e5minner om v\u00e5r s\u00e5rbarhet - Jan Stefanson<\/title>\n<meta name=\"robots\" content=\"index, follow, max-snippet:-1, max-image-preview:large, max-video-preview:-1\" \/>\n<link rel=\"canonical\" href=\"https:\/\/wp.kristdemokraterna.se\/janstefanson\/brexit-paminner-om-var-sarbarhet\/\" \/>\n<meta property=\"og:locale\" content=\"sv_SE\" \/>\n<meta property=\"og:type\" content=\"article\" \/>\n<meta property=\"og:title\" content=\"Brexit p\u00e5minner om v\u00e5r s\u00e5rbarhet - Jan Stefanson\" \/>\n<meta property=\"og:description\" content=\"Brexit har skapat en oro p\u00e5 b\u00f6rserna och i relationen till EU projektet och l\u00e4nder emellan. Ingen vet utg\u00e5ngen! Det st\u00f6rsta kaoset tycks finns i det egna landet som folkomr\u00f6stat. Cameron avg\u00e5r och ers\u00e4ttaren kan inte st\u00e5 honom f\u00f6r n\u00e4ra ej heller vara f\u00f6r mycket f\u00f6rknippad med Brexit kampanjen. Ungef\u00e4r detsamma g\u00e4ller Labours ledare som Read More\" \/>\n<meta property=\"og:url\" content=\"https:\/\/wp.kristdemokraterna.se\/janstefanson\/brexit-paminner-om-var-sarbarhet\/\" \/>\n<meta property=\"og:site_name\" content=\"Jan Stefanson\" \/>\n<meta property=\"article:published_time\" content=\"2016-06-28T10:30:05+00:00\" \/>\n<meta name=\"author\" content=\"janstefanson\" \/>\n<meta name=\"twitter:card\" content=\"summary_large_image\" \/>\n<meta name=\"twitter:label1\" content=\"Skriven av\" \/>\n\t<meta name=\"twitter:data1\" content=\"janstefanson\" \/>\n\t<meta name=\"twitter:label2\" content=\"Ber\u00e4knad l\u00e4stid\" \/>\n\t<meta name=\"twitter:data2\" content=\"2 minuter\" \/>\n<script type=\"application\/ld+json\" class=\"yoast-schema-graph\">{\"@context\":\"https:\\\/\\\/schema.org\",\"@graph\":[{\"@type\":\"Article\",\"@id\":\"https:\\\/\\\/wp.kristdemokraterna.se\\\/janstefanson\\\/brexit-paminner-om-var-sarbarhet\\\/#article\",\"isPartOf\":{\"@id\":\"https:\\\/\\\/wp.kristdemokraterna.se\\\/janstefanson\\\/brexit-paminner-om-var-sarbarhet\\\/\"},\"author\":{\"name\":\"janstefanson\",\"@id\":\"https:\\\/\\\/wp.kristdemokraterna.se\\\/janstefanson\\\/#\\\/schema\\\/person\\\/f8122372f46f49cffa0c02a57c89b40f\"},\"headline\":\"Brexit p\u00e5minner om v\u00e5r s\u00e5rbarhet\",\"datePublished\":\"2016-06-28T10:30:05+00:00\",\"mainEntityOfPage\":{\"@id\":\"https:\\\/\\\/wp.kristdemokraterna.se\\\/janstefanson\\\/brexit-paminner-om-var-sarbarhet\\\/\"},\"wordCount\":368,\"inLanguage\":\"sv-SE\"},{\"@type\":\"WebPage\",\"@id\":\"https:\\\/\\\/wp.kristdemokraterna.se\\\/janstefanson\\\/brexit-paminner-om-var-sarbarhet\\\/\",\"url\":\"https:\\\/\\\/wp.kristdemokraterna.se\\\/janstefanson\\\/brexit-paminner-om-var-sarbarhet\\\/\",\"name\":\"Brexit p\u00e5minner om v\u00e5r s\u00e5rbarhet - Jan Stefanson\",\"isPartOf\":{\"@id\":\"https:\\\/\\\/wp.kristdemokraterna.se\\\/janstefanson\\\/#website\"},\"datePublished\":\"2016-06-28T10:30:05+00:00\",\"author\":{\"@id\":\"https:\\\/\\\/wp.kristdemokraterna.se\\\/janstefanson\\\/#\\\/schema\\\/person\\\/f8122372f46f49cffa0c02a57c89b40f\"},\"breadcrumb\":{\"@id\":\"https:\\\/\\\/wp.kristdemokraterna.se\\\/janstefanson\\\/brexit-paminner-om-var-sarbarhet\\\/#breadcrumb\"},\"inLanguage\":\"sv-SE\",\"potentialAction\":[{\"@type\":\"ReadAction\",\"target\":[\"https:\\\/\\\/wp.kristdemokraterna.se\\\/janstefanson\\\/brexit-paminner-om-var-sarbarhet\\\/\"]}]},{\"@type\":\"BreadcrumbList\",\"@id\":\"https:\\\/\\\/wp.kristdemokraterna.se\\\/janstefanson\\\/brexit-paminner-om-var-sarbarhet\\\/#breadcrumb\",\"itemListElement\":[{\"@type\":\"ListItem\",\"position\":1,\"name\":\"Hem\",\"item\":\"https:\\\/\\\/wp.kristdemokraterna.se\\\/janstefanson\\\/\"},{\"@type\":\"ListItem\",\"position\":2,\"name\":\"Brexit p\u00e5minner om v\u00e5r s\u00e5rbarhet\"}]},{\"@type\":\"WebSite\",\"@id\":\"https:\\\/\\\/wp.kristdemokraterna.se\\\/janstefanson\\\/#website\",\"url\":\"https:\\\/\\\/wp.kristdemokraterna.se\\\/janstefanson\\\/\",\"name\":\"Jan Stefanson\",\"description\":\"En till Kristdemokraterna webbplats\",\"inLanguage\":\"sv-SE\"},{\"@type\":\"Person\",\"@id\":\"https:\\\/\\\/wp.kristdemokraterna.se\\\/janstefanson\\\/#\\\/schema\\\/person\\\/f8122372f46f49cffa0c02a57c89b40f\",\"name\":\"janstefanson\",\"image\":{\"@type\":\"ImageObject\",\"inLanguage\":\"sv-SE\",\"@id\":\"https:\\\/\\\/secure.gravatar.com\\\/avatar\\\/c8880da1e0ca1fb1fd99d661e99b32931e79d1537ef8441e71fc6630d4b6633c?s=96&r=g\",\"url\":\"https:\\\/\\\/secure.gravatar.com\\\/avatar\\\/c8880da1e0ca1fb1fd99d661e99b32931e79d1537ef8441e71fc6630d4b6633c?s=96&r=g\",\"contentUrl\":\"https:\\\/\\\/secure.gravatar.com\\\/avatar\\\/c8880da1e0ca1fb1fd99d661e99b32931e79d1537ef8441e71fc6630d4b6633c?s=96&r=g\",\"caption\":\"janstefanson\"},\"url\":\"https:\\\/\\\/wp.kristdemokraterna.se\\\/janstefanson\\\/author\\\/janstefanson\\\/\"}]}<\/script>\n<!-- \/ Yoast SEO plugin. -->","yoast_head_json":{"title":"Brexit p\u00e5minner om v\u00e5r s\u00e5rbarhet - Jan Stefanson","robots":{"index":"index","follow":"follow","max-snippet":"max-snippet:-1","max-image-preview":"max-image-preview:large","max-video-preview":"max-video-preview:-1"},"canonical":"https:\/\/wp.kristdemokraterna.se\/janstefanson\/brexit-paminner-om-var-sarbarhet\/","og_locale":"sv_SE","og_type":"article","og_title":"Brexit p\u00e5minner om v\u00e5r s\u00e5rbarhet - Jan Stefanson","og_description":"Brexit har skapat en oro p\u00e5 b\u00f6rserna och i relationen till EU projektet och l\u00e4nder emellan. Ingen vet utg\u00e5ngen! Det st\u00f6rsta kaoset tycks finns i det egna landet som folkomr\u00f6stat. Cameron avg\u00e5r och ers\u00e4ttaren kan inte st\u00e5 honom f\u00f6r n\u00e4ra ej heller vara f\u00f6r mycket f\u00f6rknippad med Brexit kampanjen. Ungef\u00e4r detsamma g\u00e4ller Labours ledare som Read More","og_url":"https:\/\/wp.kristdemokraterna.se\/janstefanson\/brexit-paminner-om-var-sarbarhet\/","og_site_name":"Jan Stefanson","article_published_time":"2016-06-28T10:30:05+00:00","author":"janstefanson","twitter_card":"summary_large_image","twitter_misc":{"Skriven av":"janstefanson","Ber\u00e4knad l\u00e4stid":"2 minuter"},"schema":{"@context":"https:\/\/schema.org","@graph":[{"@type":"Article","@id":"https:\/\/wp.kristdemokraterna.se\/janstefanson\/brexit-paminner-om-var-sarbarhet\/#article","isPartOf":{"@id":"https:\/\/wp.kristdemokraterna.se\/janstefanson\/brexit-paminner-om-var-sarbarhet\/"},"author":{"name":"janstefanson","@id":"https:\/\/wp.kristdemokraterna.se\/janstefanson\/#\/schema\/person\/f8122372f46f49cffa0c02a57c89b40f"},"headline":"Brexit p\u00e5minner om v\u00e5r s\u00e5rbarhet","datePublished":"2016-06-28T10:30:05+00:00","mainEntityOfPage":{"@id":"https:\/\/wp.kristdemokraterna.se\/janstefanson\/brexit-paminner-om-var-sarbarhet\/"},"wordCount":368,"inLanguage":"sv-SE"},{"@type":"WebPage","@id":"https:\/\/wp.kristdemokraterna.se\/janstefanson\/brexit-paminner-om-var-sarbarhet\/","url":"https:\/\/wp.kristdemokraterna.se\/janstefanson\/brexit-paminner-om-var-sarbarhet\/","name":"Brexit p\u00e5minner om v\u00e5r s\u00e5rbarhet - Jan Stefanson","isPartOf":{"@id":"https:\/\/wp.kristdemokraterna.se\/janstefanson\/#website"},"datePublished":"2016-06-28T10:30:05+00:00","author":{"@id":"https:\/\/wp.kristdemokraterna.se\/janstefanson\/#\/schema\/person\/f8122372f46f49cffa0c02a57c89b40f"},"breadcrumb":{"@id":"https:\/\/wp.kristdemokraterna.se\/janstefanson\/brexit-paminner-om-var-sarbarhet\/#breadcrumb"},"inLanguage":"sv-SE","potentialAction":[{"@type":"ReadAction","target":["https:\/\/wp.kristdemokraterna.se\/janstefanson\/brexit-paminner-om-var-sarbarhet\/"]}]},{"@type":"BreadcrumbList","@id":"https:\/\/wp.kristdemokraterna.se\/janstefanson\/brexit-paminner-om-var-sarbarhet\/#breadcrumb","itemListElement":[{"@type":"ListItem","position":1,"name":"Hem","item":"https:\/\/wp.kristdemokraterna.se\/janstefanson\/"},{"@type":"ListItem","position":2,"name":"Brexit p\u00e5minner om v\u00e5r s\u00e5rbarhet"}]},{"@type":"WebSite","@id":"https:\/\/wp.kristdemokraterna.se\/janstefanson\/#website","url":"https:\/\/wp.kristdemokraterna.se\/janstefanson\/","name":"Jan Stefanson","description":"En till Kristdemokraterna webbplats","inLanguage":"sv-SE"},{"@type":"Person","@id":"https:\/\/wp.kristdemokraterna.se\/janstefanson\/#\/schema\/person\/f8122372f46f49cffa0c02a57c89b40f","name":"janstefanson","image":{"@type":"ImageObject","inLanguage":"sv-SE","@id":"https:\/\/secure.gravatar.com\/avatar\/c8880da1e0ca1fb1fd99d661e99b32931e79d1537ef8441e71fc6630d4b6633c?s=96&r=g","url":"https:\/\/secure.gravatar.com\/avatar\/c8880da1e0ca1fb1fd99d661e99b32931e79d1537ef8441e71fc6630d4b6633c?s=96&r=g","contentUrl":"https:\/\/secure.gravatar.com\/avatar\/c8880da1e0ca1fb1fd99d661e99b32931e79d1537ef8441e71fc6630d4b6633c?s=96&r=g","caption":"janstefanson"},"url":"https:\/\/wp.kristdemokraterna.se\/janstefanson\/author\/janstefanson\/"}]}},"_links":{"self":[{"href":"https:\/\/wp.kristdemokraterna.se\/janstefanson\/wp-json\/wp\/v2\/posts\/311","targetHints":{"allow":["GET"]}}],"collection":[{"href":"https:\/\/wp.kristdemokraterna.se\/janstefanson\/wp-json\/wp\/v2\/posts"}],"about":[{"href":"https:\/\/wp.kristdemokraterna.se\/janstefanson\/wp-json\/wp\/v2\/types\/post"}],"author":[{"embeddable":true,"href":"https:\/\/wp.kristdemokraterna.se\/janstefanson\/wp-json\/wp\/v2\/users\/530"}],"replies":[{"embeddable":true,"href":"https:\/\/wp.kristdemokraterna.se\/janstefanson\/wp-json\/wp\/v2\/comments?post=311"}],"version-history":[{"count":1,"href":"https:\/\/wp.kristdemokraterna.se\/janstefanson\/wp-json\/wp\/v2\/posts\/311\/revisions"}],"predecessor-version":[{"id":312,"href":"https:\/\/wp.kristdemokraterna.se\/janstefanson\/wp-json\/wp\/v2\/posts\/311\/revisions\/312"}],"wp:attachment":[{"href":"https:\/\/wp.kristdemokraterna.se\/janstefanson\/wp-json\/wp\/v2\/media?parent=311"}],"wp:term":[{"taxonomy":"category","embeddable":true,"href":"https:\/\/wp.kristdemokraterna.se\/janstefanson\/wp-json\/wp\/v2\/categories?post=311"},{"taxonomy":"post_tag","embeddable":true,"href":"https:\/\/wp.kristdemokraterna.se\/janstefanson\/wp-json\/wp\/v2\/tags?post=311"}],"curies":[{"name":"wp","href":"https:\/\/api.w.org\/{rel}","templated":true}]}}