{"id":319,"date":"2016-09-05T15:45:39","date_gmt":"2016-09-05T13:45:39","guid":{"rendered":"http:\/\/wp.kristdemokraterna.se\/janstefanson\/?p=319"},"modified":"2016-09-05T15:45:39","modified_gmt":"2016-09-05T13:45:39","slug":"vem-kan-samarbeta-med-vem","status":"publish","type":"post","link":"https:\/\/wp.kristdemokraterna.se\/janstefanson\/vem-kan-samarbeta-med-vem\/","title":{"rendered":"Vem kan samarbeta med vem?"},"content":{"rendered":"<p>N\u00e4r Lena Baastad fr\u00e5n \u00d6rebro tilltr\u00e4dde som ny partisekreterare f\u00f6r socialdemokraterna fick hon fr\u00e5gan om hon kunde t\u00e4nka sig att Kristdemokraterna skulle kunna t\u00e4nkas ing\u00e5 i en regeringsbildning efter valet 2018 med S? Hennes svar blev &#8221;det som kan verka ot\u00e4nkbart f\u00f6re ett val \u00e4r n\u00e5got helt annat efter ett val&#8230;&#8221; Hon har i tv\u00e5 mandatperioder lett det kommunala arbetet i \u00d6rebro med bland annat Kristdemokraterna\u00a0 som koalitionspartner.<\/p>\n<p>I Upplands-Bro h\u00e4nde samma sak efter valet 2014. Uppgiften fr\u00e5n v\u00e4ljarna \u00e4r ju att leda det kommunala arbetet fram\u00e5t med en stabil ledning som klarar av att ha en samsyn och god grund f\u00f6r samarbete. Det finns viktiga politiska fr\u00e5gor som skiljer oss \u00e5t men det finns ocks\u00e5 fr\u00e5gor som f\u00f6renar. I vissa fall \u00e4r skillnaderna allt f\u00f6r stora och d\u00e5 g\u00e5r man skilda v\u00e4gar.<\/p>\n<p>Traditionen i svensk politik \u00e4r att det socialistiska blocket och det borgerliga blocket g\u00e5r varsin v\u00e4g. Det g\u00e4ller inte minst relationen mellan socialdemokrater och kristdemokrater. V\u00e5r syn p\u00e5 t.ex. familjepolitiken har varit och \u00e4r skiljande.<\/p>\n<p>I allt st\u00f6rre utstr\u00e4ckning har de gamla skillnaderna minskat och nya skiljelinjer framtr\u00e4tt. En viktig s\u00e5dan \u00e4r m\u00e4nniskosynen och f\u00f6r oss kristdemokrater s\u00e5 viktig fr\u00e5ga som broderskapstanken. Den i samh\u00e4llet som mest beh\u00f6ver samh\u00e4llets st\u00f6d ska f\u00e5 det.<\/p>\n<p>I det avseendet finns nu en skarp skiljelinje mellan kristdemokrater och sverigedemokrater. Det &#8221; vi och dom samh\u00e4lle&#8221; som man ideligen argumenterar f\u00f6r inte minst i paradfr\u00e5gan om invandring \u00e4r helt fr\u00e4mmande f\u00f6r kristdemokratin.<\/p>\n<p>Jag menar att det i v\u00e5r kommunala f\u00f6rsamling liksom i riksdagen finns mellan 80-90% som skiljer sig fr\u00e5n deras syn p\u00e5 hur ett gott samh\u00e4lle skapas. Att bygga samh\u00e4llets st\u00f6d p\u00e5 missn\u00f6je och mots\u00e4ttningar kan aldrig leda till n\u00e5got gott.<\/p>\n<p>Jag tar best\u00e4mt avst\u00e5nd fr\u00e5n allt prat om samverkan med ett s\u00e5dant parti och kan inte heller se n\u00e5gon stabilitet vid ett godtyckligt passivt st\u00f6d \u00e4ven om det pr\u00f6vas p\u00e5 andra h\u00e5ll.<\/p>\n<p>V\u00e5rt uppdrag som kristdemokrater m\u00e5ste st\u00e4ndigt vara att v\u00e4rna de ideal som en g\u00e5ng gjorde att vi valde att engagera oss just h\u00e4r. M\u00e4nniskov\u00e4rdesfr\u00e5gorna \u00e4r inte till salu!<\/p>\n<p>&nbsp;<\/p>\n","protected":false},"excerpt":{"rendered":"<p>N\u00e4r Lena Baastad fr\u00e5n \u00d6rebro tilltr\u00e4dde som ny partisekreterare f\u00f6r socialdemokraterna fick hon fr\u00e5gan om hon kunde t\u00e4nka sig att Kristdemokraterna skulle kunna t\u00e4nkas ing\u00e5 i en regeringsbildning efter valet 2018 med S? Hennes svar blev &#8221;det som kan verka ot\u00e4nkbart f\u00f6re ett val \u00e4r n\u00e5got helt annat efter ett val&#8230;&#8221; Hon har i tv\u00e5 <a class=\"read-more-link\" href=\"https:\/\/wp.kristdemokraterna.se\/janstefanson\/vem-kan-samarbeta-med-vem\/\">Read More<\/a><\/p>\n","protected":false},"author":530,"featured_media":0,"comment_status":"closed","ping_status":"closed","sticky":false,"template":"","format":"standard","meta":{"_acf_changed":false,"footnotes":""},"categories":[1],"tags":[],"class_list":["post-319","post","type-post","status-publish","format-standard","hentry","category-okategoriserade"],"acf":[],"yoast_head":"<!-- This site is optimized with the Yoast SEO plugin v27.4 - https:\/\/yoast.com\/product\/yoast-seo-wordpress\/ -->\n<title>Vem kan samarbeta med vem? - Jan Stefanson<\/title>\n<meta name=\"robots\" content=\"index, follow, max-snippet:-1, max-image-preview:large, max-video-preview:-1\" \/>\n<link rel=\"canonical\" href=\"https:\/\/wp.kristdemokraterna.se\/janstefanson\/vem-kan-samarbeta-med-vem\/\" \/>\n<meta property=\"og:locale\" content=\"sv_SE\" \/>\n<meta property=\"og:type\" content=\"article\" \/>\n<meta property=\"og:title\" content=\"Vem kan samarbeta med vem? - Jan Stefanson\" \/>\n<meta property=\"og:description\" content=\"N\u00e4r Lena Baastad fr\u00e5n \u00d6rebro tilltr\u00e4dde som ny partisekreterare f\u00f6r socialdemokraterna fick hon fr\u00e5gan om hon kunde t\u00e4nka sig att Kristdemokraterna skulle kunna t\u00e4nkas ing\u00e5 i en regeringsbildning efter valet 2018 med S? Hennes svar blev &#8221;det som kan verka ot\u00e4nkbart f\u00f6re ett val \u00e4r n\u00e5got helt annat efter ett val&#8230;&#8221; Hon har i tv\u00e5 Read More\" \/>\n<meta property=\"og:url\" content=\"https:\/\/wp.kristdemokraterna.se\/janstefanson\/vem-kan-samarbeta-med-vem\/\" \/>\n<meta property=\"og:site_name\" content=\"Jan Stefanson\" \/>\n<meta property=\"article:published_time\" content=\"2016-09-05T13:45:39+00:00\" \/>\n<meta name=\"author\" content=\"janstefanson\" \/>\n<meta name=\"twitter:card\" content=\"summary_large_image\" \/>\n<meta name=\"twitter:label1\" content=\"Skriven av\" \/>\n\t<meta name=\"twitter:data1\" content=\"janstefanson\" \/>\n\t<meta name=\"twitter:label2\" content=\"Ber\u00e4knad l\u00e4stid\" \/>\n\t<meta name=\"twitter:data2\" content=\"2 minuter\" \/>\n<script type=\"application\/ld+json\" class=\"yoast-schema-graph\">{\"@context\":\"https:\\\/\\\/schema.org\",\"@graph\":[{\"@type\":\"Article\",\"@id\":\"https:\\\/\\\/wp.kristdemokraterna.se\\\/janstefanson\\\/vem-kan-samarbeta-med-vem\\\/#article\",\"isPartOf\":{\"@id\":\"https:\\\/\\\/wp.kristdemokraterna.se\\\/janstefanson\\\/vem-kan-samarbeta-med-vem\\\/\"},\"author\":{\"name\":\"janstefanson\",\"@id\":\"https:\\\/\\\/wp.kristdemokraterna.se\\\/janstefanson\\\/#\\\/schema\\\/person\\\/f8122372f46f49cffa0c02a57c89b40f\"},\"headline\":\"Vem kan samarbeta med vem?\",\"datePublished\":\"2016-09-05T13:45:39+00:00\",\"mainEntityOfPage\":{\"@id\":\"https:\\\/\\\/wp.kristdemokraterna.se\\\/janstefanson\\\/vem-kan-samarbeta-med-vem\\\/\"},\"wordCount\":411,\"inLanguage\":\"sv-SE\"},{\"@type\":\"WebPage\",\"@id\":\"https:\\\/\\\/wp.kristdemokraterna.se\\\/janstefanson\\\/vem-kan-samarbeta-med-vem\\\/\",\"url\":\"https:\\\/\\\/wp.kristdemokraterna.se\\\/janstefanson\\\/vem-kan-samarbeta-med-vem\\\/\",\"name\":\"Vem kan samarbeta med vem? - Jan Stefanson\",\"isPartOf\":{\"@id\":\"https:\\\/\\\/wp.kristdemokraterna.se\\\/janstefanson\\\/#website\"},\"datePublished\":\"2016-09-05T13:45:39+00:00\",\"author\":{\"@id\":\"https:\\\/\\\/wp.kristdemokraterna.se\\\/janstefanson\\\/#\\\/schema\\\/person\\\/f8122372f46f49cffa0c02a57c89b40f\"},\"breadcrumb\":{\"@id\":\"https:\\\/\\\/wp.kristdemokraterna.se\\\/janstefanson\\\/vem-kan-samarbeta-med-vem\\\/#breadcrumb\"},\"inLanguage\":\"sv-SE\",\"potentialAction\":[{\"@type\":\"ReadAction\",\"target\":[\"https:\\\/\\\/wp.kristdemokraterna.se\\\/janstefanson\\\/vem-kan-samarbeta-med-vem\\\/\"]}]},{\"@type\":\"BreadcrumbList\",\"@id\":\"https:\\\/\\\/wp.kristdemokraterna.se\\\/janstefanson\\\/vem-kan-samarbeta-med-vem\\\/#breadcrumb\",\"itemListElement\":[{\"@type\":\"ListItem\",\"position\":1,\"name\":\"Hem\",\"item\":\"https:\\\/\\\/wp.kristdemokraterna.se\\\/janstefanson\\\/\"},{\"@type\":\"ListItem\",\"position\":2,\"name\":\"Vem kan samarbeta med vem?\"}]},{\"@type\":\"WebSite\",\"@id\":\"https:\\\/\\\/wp.kristdemokraterna.se\\\/janstefanson\\\/#website\",\"url\":\"https:\\\/\\\/wp.kristdemokraterna.se\\\/janstefanson\\\/\",\"name\":\"Jan Stefanson\",\"description\":\"En till Kristdemokraterna webbplats\",\"inLanguage\":\"sv-SE\"},{\"@type\":\"Person\",\"@id\":\"https:\\\/\\\/wp.kristdemokraterna.se\\\/janstefanson\\\/#\\\/schema\\\/person\\\/f8122372f46f49cffa0c02a57c89b40f\",\"name\":\"janstefanson\",\"image\":{\"@type\":\"ImageObject\",\"inLanguage\":\"sv-SE\",\"@id\":\"https:\\\/\\\/secure.gravatar.com\\\/avatar\\\/c8880da1e0ca1fb1fd99d661e99b32931e79d1537ef8441e71fc6630d4b6633c?s=96&r=g\",\"url\":\"https:\\\/\\\/secure.gravatar.com\\\/avatar\\\/c8880da1e0ca1fb1fd99d661e99b32931e79d1537ef8441e71fc6630d4b6633c?s=96&r=g\",\"contentUrl\":\"https:\\\/\\\/secure.gravatar.com\\\/avatar\\\/c8880da1e0ca1fb1fd99d661e99b32931e79d1537ef8441e71fc6630d4b6633c?s=96&r=g\",\"caption\":\"janstefanson\"},\"url\":\"https:\\\/\\\/wp.kristdemokraterna.se\\\/janstefanson\\\/author\\\/janstefanson\\\/\"}]}<\/script>\n<!-- \/ Yoast SEO plugin. -->","yoast_head_json":{"title":"Vem kan samarbeta med vem? - Jan Stefanson","robots":{"index":"index","follow":"follow","max-snippet":"max-snippet:-1","max-image-preview":"max-image-preview:large","max-video-preview":"max-video-preview:-1"},"canonical":"https:\/\/wp.kristdemokraterna.se\/janstefanson\/vem-kan-samarbeta-med-vem\/","og_locale":"sv_SE","og_type":"article","og_title":"Vem kan samarbeta med vem? - Jan Stefanson","og_description":"N\u00e4r Lena Baastad fr\u00e5n \u00d6rebro tilltr\u00e4dde som ny partisekreterare f\u00f6r socialdemokraterna fick hon fr\u00e5gan om hon kunde t\u00e4nka sig att Kristdemokraterna skulle kunna t\u00e4nkas ing\u00e5 i en regeringsbildning efter valet 2018 med S? Hennes svar blev &#8221;det som kan verka ot\u00e4nkbart f\u00f6re ett val \u00e4r n\u00e5got helt annat efter ett val&#8230;&#8221; Hon har i tv\u00e5 Read More","og_url":"https:\/\/wp.kristdemokraterna.se\/janstefanson\/vem-kan-samarbeta-med-vem\/","og_site_name":"Jan Stefanson","article_published_time":"2016-09-05T13:45:39+00:00","author":"janstefanson","twitter_card":"summary_large_image","twitter_misc":{"Skriven av":"janstefanson","Ber\u00e4knad l\u00e4stid":"2 minuter"},"schema":{"@context":"https:\/\/schema.org","@graph":[{"@type":"Article","@id":"https:\/\/wp.kristdemokraterna.se\/janstefanson\/vem-kan-samarbeta-med-vem\/#article","isPartOf":{"@id":"https:\/\/wp.kristdemokraterna.se\/janstefanson\/vem-kan-samarbeta-med-vem\/"},"author":{"name":"janstefanson","@id":"https:\/\/wp.kristdemokraterna.se\/janstefanson\/#\/schema\/person\/f8122372f46f49cffa0c02a57c89b40f"},"headline":"Vem kan samarbeta med vem?","datePublished":"2016-09-05T13:45:39+00:00","mainEntityOfPage":{"@id":"https:\/\/wp.kristdemokraterna.se\/janstefanson\/vem-kan-samarbeta-med-vem\/"},"wordCount":411,"inLanguage":"sv-SE"},{"@type":"WebPage","@id":"https:\/\/wp.kristdemokraterna.se\/janstefanson\/vem-kan-samarbeta-med-vem\/","url":"https:\/\/wp.kristdemokraterna.se\/janstefanson\/vem-kan-samarbeta-med-vem\/","name":"Vem kan samarbeta med vem? - Jan Stefanson","isPartOf":{"@id":"https:\/\/wp.kristdemokraterna.se\/janstefanson\/#website"},"datePublished":"2016-09-05T13:45:39+00:00","author":{"@id":"https:\/\/wp.kristdemokraterna.se\/janstefanson\/#\/schema\/person\/f8122372f46f49cffa0c02a57c89b40f"},"breadcrumb":{"@id":"https:\/\/wp.kristdemokraterna.se\/janstefanson\/vem-kan-samarbeta-med-vem\/#breadcrumb"},"inLanguage":"sv-SE","potentialAction":[{"@type":"ReadAction","target":["https:\/\/wp.kristdemokraterna.se\/janstefanson\/vem-kan-samarbeta-med-vem\/"]}]},{"@type":"BreadcrumbList","@id":"https:\/\/wp.kristdemokraterna.se\/janstefanson\/vem-kan-samarbeta-med-vem\/#breadcrumb","itemListElement":[{"@type":"ListItem","position":1,"name":"Hem","item":"https:\/\/wp.kristdemokraterna.se\/janstefanson\/"},{"@type":"ListItem","position":2,"name":"Vem kan samarbeta med vem?"}]},{"@type":"WebSite","@id":"https:\/\/wp.kristdemokraterna.se\/janstefanson\/#website","url":"https:\/\/wp.kristdemokraterna.se\/janstefanson\/","name":"Jan Stefanson","description":"En till Kristdemokraterna webbplats","inLanguage":"sv-SE"},{"@type":"Person","@id":"https:\/\/wp.kristdemokraterna.se\/janstefanson\/#\/schema\/person\/f8122372f46f49cffa0c02a57c89b40f","name":"janstefanson","image":{"@type":"ImageObject","inLanguage":"sv-SE","@id":"https:\/\/secure.gravatar.com\/avatar\/c8880da1e0ca1fb1fd99d661e99b32931e79d1537ef8441e71fc6630d4b6633c?s=96&r=g","url":"https:\/\/secure.gravatar.com\/avatar\/c8880da1e0ca1fb1fd99d661e99b32931e79d1537ef8441e71fc6630d4b6633c?s=96&r=g","contentUrl":"https:\/\/secure.gravatar.com\/avatar\/c8880da1e0ca1fb1fd99d661e99b32931e79d1537ef8441e71fc6630d4b6633c?s=96&r=g","caption":"janstefanson"},"url":"https:\/\/wp.kristdemokraterna.se\/janstefanson\/author\/janstefanson\/"}]}},"_links":{"self":[{"href":"https:\/\/wp.kristdemokraterna.se\/janstefanson\/wp-json\/wp\/v2\/posts\/319","targetHints":{"allow":["GET"]}}],"collection":[{"href":"https:\/\/wp.kristdemokraterna.se\/janstefanson\/wp-json\/wp\/v2\/posts"}],"about":[{"href":"https:\/\/wp.kristdemokraterna.se\/janstefanson\/wp-json\/wp\/v2\/types\/post"}],"author":[{"embeddable":true,"href":"https:\/\/wp.kristdemokraterna.se\/janstefanson\/wp-json\/wp\/v2\/users\/530"}],"replies":[{"embeddable":true,"href":"https:\/\/wp.kristdemokraterna.se\/janstefanson\/wp-json\/wp\/v2\/comments?post=319"}],"version-history":[{"count":1,"href":"https:\/\/wp.kristdemokraterna.se\/janstefanson\/wp-json\/wp\/v2\/posts\/319\/revisions"}],"predecessor-version":[{"id":320,"href":"https:\/\/wp.kristdemokraterna.se\/janstefanson\/wp-json\/wp\/v2\/posts\/319\/revisions\/320"}],"wp:attachment":[{"href":"https:\/\/wp.kristdemokraterna.se\/janstefanson\/wp-json\/wp\/v2\/media?parent=319"}],"wp:term":[{"taxonomy":"category","embeddable":true,"href":"https:\/\/wp.kristdemokraterna.se\/janstefanson\/wp-json\/wp\/v2\/categories?post=319"},{"taxonomy":"post_tag","embeddable":true,"href":"https:\/\/wp.kristdemokraterna.se\/janstefanson\/wp-json\/wp\/v2\/tags?post=319"}],"curies":[{"name":"wp","href":"https:\/\/api.w.org\/{rel}","templated":true}]}}