{"id":322,"date":"2016-09-20T09:38:46","date_gmt":"2016-09-20T07:38:46","guid":{"rendered":"http:\/\/wp.kristdemokraterna.se\/janstefanson\/?p=322"},"modified":"2016-09-20T09:39:00","modified_gmt":"2016-09-20T07:39:00","slug":"bast-pa-stockholm-ar-stockholm","status":"publish","type":"post","link":"https:\/\/wp.kristdemokraterna.se\/janstefanson\/bast-pa-stockholm-ar-stockholm\/","title":{"rendered":"B\u00e4st p\u00e5 Stockholm \u00e4r Stockholm"},"content":{"rendered":"<p>Ig\u00e5r hade vi ett m\u00f6te i landstingshusets sk\u00e4rg\u00e5rdssal. Gustav Hemming, C, hade kallat till\u00a0m\u00f6tet. Det handlade om att f\u00f6lja upp den tidigare utskickade remissen fr\u00e5n bl.a. Alliansen i landstinget\u00a0om att bilda Regionf\u00f6rbund. Inte s\u00e4rskilt omtumlande egentligen men ett s\u00e4tt att ta till sig kritiken fr\u00e5n OECD om att detta skulle kunna f\u00f6rb\u00e4ttra regionen att m\u00f6ta den starka utvecklingsviljan fr\u00e5n omgivningen. Att helt enkelt bli b\u00e4ttre p\u00e5 det som idag inte fungerar. Att f\u00e5 en stark och v\u00e4l f\u00f6rankrad r\u00f6st i det som \u00e4r regionens behov.<\/p>\n<p>F\u00f6r 18 \u00e5r sedan var fr\u00e5gan uppe och dog relativt snabbt i oenighet om f\u00f6rbundet skulle vara direkt eller indirekt valt. R\u00e4ttare sagt, om det skulle best\u00e5 av enbart kommunstyrelseordf\u00f6ringar och oppositionens dito. Allts\u00e5 moderater och socialdemokrater enligt tradition.<\/p>\n<p>Moderaterna har nu best\u00e4mt sig! Inget regionalt f\u00f6rbund. Detta argumenterade flera ledam\u00f6ter f\u00f6r mer eller mindre tydligt. En av dessa intervjuades idag p\u00e5 radion om sitt &#8221;h\u00e4rads&#8221; problem med om\u00e4nskligt l\u00e5nga trafikk\u00f6er. I intervjun f\u00f6rf\u00e4ktade han alla de myndigheter och politiska organ som \u00e4r hindret. Men! I g\u00e5r argumenterade samme KSO mot ett regionf\u00f6rbund.<\/p>\n<p>En vedertagen sanning i Storstockholm \u00e4r att regeringar \u00f6ver tid har medfinansierat h\u00e4lften s\u00e5 mycket i procent som p\u00e5 andra h\u00e5ll i landet. En sj\u00e4lvkritisk \u00e5sikt har varit att Storstockholm saknat en stark och tydlig gemensam r\u00f6st medan andra regioner har lyckats betydligt b\u00e4ttre.<\/p>\n<p>Med g\u00e5rdagens utspel kommer det s\u00e5 att f\u00f6rbli! Det finns b\u00e5de gamla och nya proppar.<\/p>\n","protected":false},"excerpt":{"rendered":"<p>Ig\u00e5r hade vi ett m\u00f6te i landstingshusets sk\u00e4rg\u00e5rdssal. Gustav Hemming, C, hade kallat till\u00a0m\u00f6tet. Det handlade om att f\u00f6lja upp den tidigare utskickade remissen fr\u00e5n bl.a. Alliansen i landstinget\u00a0om att bilda Regionf\u00f6rbund. Inte s\u00e4rskilt omtumlande egentligen men ett s\u00e4tt att ta till sig kritiken fr\u00e5n OECD om att detta skulle kunna f\u00f6rb\u00e4ttra regionen att m\u00f6ta <a class=\"read-more-link\" href=\"https:\/\/wp.kristdemokraterna.se\/janstefanson\/bast-pa-stockholm-ar-stockholm\/\">Read More<\/a><\/p>\n","protected":false},"author":530,"featured_media":0,"comment_status":"closed","ping_status":"closed","sticky":false,"template":"","format":"standard","meta":{"_acf_changed":false,"footnotes":""},"categories":[1],"tags":[],"class_list":["post-322","post","type-post","status-publish","format-standard","hentry","category-okategoriserade"],"acf":[],"yoast_head":"<!-- This site is optimized with the Yoast SEO plugin v27.4 - https:\/\/yoast.com\/product\/yoast-seo-wordpress\/ -->\n<title>B\u00e4st p\u00e5 Stockholm \u00e4r Stockholm - Jan Stefanson<\/title>\n<meta name=\"robots\" content=\"index, follow, max-snippet:-1, max-image-preview:large, max-video-preview:-1\" \/>\n<link rel=\"canonical\" href=\"https:\/\/wp.kristdemokraterna.se\/janstefanson\/bast-pa-stockholm-ar-stockholm\/\" \/>\n<meta property=\"og:locale\" content=\"sv_SE\" \/>\n<meta property=\"og:type\" content=\"article\" \/>\n<meta property=\"og:title\" content=\"B\u00e4st p\u00e5 Stockholm \u00e4r Stockholm - Jan Stefanson\" \/>\n<meta property=\"og:description\" content=\"Ig\u00e5r hade vi ett m\u00f6te i landstingshusets sk\u00e4rg\u00e5rdssal. Gustav Hemming, C, hade kallat till\u00a0m\u00f6tet. Det handlade om att f\u00f6lja upp den tidigare utskickade remissen fr\u00e5n bl.a. Alliansen i landstinget\u00a0om att bilda Regionf\u00f6rbund. Inte s\u00e4rskilt omtumlande egentligen men ett s\u00e4tt att ta till sig kritiken fr\u00e5n OECD om att detta skulle kunna f\u00f6rb\u00e4ttra regionen att m\u00f6ta Read More\" \/>\n<meta property=\"og:url\" content=\"https:\/\/wp.kristdemokraterna.se\/janstefanson\/bast-pa-stockholm-ar-stockholm\/\" \/>\n<meta property=\"og:site_name\" content=\"Jan Stefanson\" \/>\n<meta property=\"article:published_time\" content=\"2016-09-20T07:38:46+00:00\" \/>\n<meta property=\"article:modified_time\" content=\"2016-09-20T07:39:00+00:00\" \/>\n<meta name=\"author\" content=\"janstefanson\" \/>\n<meta name=\"twitter:card\" content=\"summary_large_image\" \/>\n<meta name=\"twitter:label1\" content=\"Skriven av\" \/>\n\t<meta name=\"twitter:data1\" content=\"janstefanson\" \/>\n\t<meta name=\"twitter:label2\" content=\"Ber\u00e4knad l\u00e4stid\" \/>\n\t<meta name=\"twitter:data2\" content=\"1 minut\" \/>\n<script type=\"application\/ld+json\" class=\"yoast-schema-graph\">{\"@context\":\"https:\\\/\\\/schema.org\",\"@graph\":[{\"@type\":\"Article\",\"@id\":\"https:\\\/\\\/wp.kristdemokraterna.se\\\/janstefanson\\\/bast-pa-stockholm-ar-stockholm\\\/#article\",\"isPartOf\":{\"@id\":\"https:\\\/\\\/wp.kristdemokraterna.se\\\/janstefanson\\\/bast-pa-stockholm-ar-stockholm\\\/\"},\"author\":{\"name\":\"janstefanson\",\"@id\":\"https:\\\/\\\/wp.kristdemokraterna.se\\\/janstefanson\\\/#\\\/schema\\\/person\\\/f8122372f46f49cffa0c02a57c89b40f\"},\"headline\":\"B\u00e4st p\u00e5 Stockholm \u00e4r Stockholm\",\"datePublished\":\"2016-09-20T07:38:46+00:00\",\"dateModified\":\"2016-09-20T07:39:00+00:00\",\"mainEntityOfPage\":{\"@id\":\"https:\\\/\\\/wp.kristdemokraterna.se\\\/janstefanson\\\/bast-pa-stockholm-ar-stockholm\\\/\"},\"wordCount\":289,\"inLanguage\":\"sv-SE\"},{\"@type\":\"WebPage\",\"@id\":\"https:\\\/\\\/wp.kristdemokraterna.se\\\/janstefanson\\\/bast-pa-stockholm-ar-stockholm\\\/\",\"url\":\"https:\\\/\\\/wp.kristdemokraterna.se\\\/janstefanson\\\/bast-pa-stockholm-ar-stockholm\\\/\",\"name\":\"B\u00e4st p\u00e5 Stockholm \u00e4r Stockholm - Jan Stefanson\",\"isPartOf\":{\"@id\":\"https:\\\/\\\/wp.kristdemokraterna.se\\\/janstefanson\\\/#website\"},\"datePublished\":\"2016-09-20T07:38:46+00:00\",\"dateModified\":\"2016-09-20T07:39:00+00:00\",\"author\":{\"@id\":\"https:\\\/\\\/wp.kristdemokraterna.se\\\/janstefanson\\\/#\\\/schema\\\/person\\\/f8122372f46f49cffa0c02a57c89b40f\"},\"breadcrumb\":{\"@id\":\"https:\\\/\\\/wp.kristdemokraterna.se\\\/janstefanson\\\/bast-pa-stockholm-ar-stockholm\\\/#breadcrumb\"},\"inLanguage\":\"sv-SE\",\"potentialAction\":[{\"@type\":\"ReadAction\",\"target\":[\"https:\\\/\\\/wp.kristdemokraterna.se\\\/janstefanson\\\/bast-pa-stockholm-ar-stockholm\\\/\"]}]},{\"@type\":\"BreadcrumbList\",\"@id\":\"https:\\\/\\\/wp.kristdemokraterna.se\\\/janstefanson\\\/bast-pa-stockholm-ar-stockholm\\\/#breadcrumb\",\"itemListElement\":[{\"@type\":\"ListItem\",\"position\":1,\"name\":\"Hem\",\"item\":\"https:\\\/\\\/wp.kristdemokraterna.se\\\/janstefanson\\\/\"},{\"@type\":\"ListItem\",\"position\":2,\"name\":\"B\u00e4st p\u00e5 Stockholm \u00e4r Stockholm\"}]},{\"@type\":\"WebSite\",\"@id\":\"https:\\\/\\\/wp.kristdemokraterna.se\\\/janstefanson\\\/#website\",\"url\":\"https:\\\/\\\/wp.kristdemokraterna.se\\\/janstefanson\\\/\",\"name\":\"Jan Stefanson\",\"description\":\"En till Kristdemokraterna webbplats\",\"inLanguage\":\"sv-SE\"},{\"@type\":\"Person\",\"@id\":\"https:\\\/\\\/wp.kristdemokraterna.se\\\/janstefanson\\\/#\\\/schema\\\/person\\\/f8122372f46f49cffa0c02a57c89b40f\",\"name\":\"janstefanson\",\"image\":{\"@type\":\"ImageObject\",\"inLanguage\":\"sv-SE\",\"@id\":\"https:\\\/\\\/secure.gravatar.com\\\/avatar\\\/c8880da1e0ca1fb1fd99d661e99b32931e79d1537ef8441e71fc6630d4b6633c?s=96&r=g\",\"url\":\"https:\\\/\\\/secure.gravatar.com\\\/avatar\\\/c8880da1e0ca1fb1fd99d661e99b32931e79d1537ef8441e71fc6630d4b6633c?s=96&r=g\",\"contentUrl\":\"https:\\\/\\\/secure.gravatar.com\\\/avatar\\\/c8880da1e0ca1fb1fd99d661e99b32931e79d1537ef8441e71fc6630d4b6633c?s=96&r=g\",\"caption\":\"janstefanson\"},\"url\":\"https:\\\/\\\/wp.kristdemokraterna.se\\\/janstefanson\\\/author\\\/janstefanson\\\/\"}]}<\/script>\n<!-- \/ Yoast SEO plugin. -->","yoast_head_json":{"title":"B\u00e4st p\u00e5 Stockholm \u00e4r Stockholm - Jan Stefanson","robots":{"index":"index","follow":"follow","max-snippet":"max-snippet:-1","max-image-preview":"max-image-preview:large","max-video-preview":"max-video-preview:-1"},"canonical":"https:\/\/wp.kristdemokraterna.se\/janstefanson\/bast-pa-stockholm-ar-stockholm\/","og_locale":"sv_SE","og_type":"article","og_title":"B\u00e4st p\u00e5 Stockholm \u00e4r Stockholm - Jan Stefanson","og_description":"Ig\u00e5r hade vi ett m\u00f6te i landstingshusets sk\u00e4rg\u00e5rdssal. Gustav Hemming, C, hade kallat till\u00a0m\u00f6tet. Det handlade om att f\u00f6lja upp den tidigare utskickade remissen fr\u00e5n bl.a. Alliansen i landstinget\u00a0om att bilda Regionf\u00f6rbund. Inte s\u00e4rskilt omtumlande egentligen men ett s\u00e4tt att ta till sig kritiken fr\u00e5n OECD om att detta skulle kunna f\u00f6rb\u00e4ttra regionen att m\u00f6ta Read More","og_url":"https:\/\/wp.kristdemokraterna.se\/janstefanson\/bast-pa-stockholm-ar-stockholm\/","og_site_name":"Jan Stefanson","article_published_time":"2016-09-20T07:38:46+00:00","article_modified_time":"2016-09-20T07:39:00+00:00","author":"janstefanson","twitter_card":"summary_large_image","twitter_misc":{"Skriven av":"janstefanson","Ber\u00e4knad l\u00e4stid":"1 minut"},"schema":{"@context":"https:\/\/schema.org","@graph":[{"@type":"Article","@id":"https:\/\/wp.kristdemokraterna.se\/janstefanson\/bast-pa-stockholm-ar-stockholm\/#article","isPartOf":{"@id":"https:\/\/wp.kristdemokraterna.se\/janstefanson\/bast-pa-stockholm-ar-stockholm\/"},"author":{"name":"janstefanson","@id":"https:\/\/wp.kristdemokraterna.se\/janstefanson\/#\/schema\/person\/f8122372f46f49cffa0c02a57c89b40f"},"headline":"B\u00e4st p\u00e5 Stockholm \u00e4r Stockholm","datePublished":"2016-09-20T07:38:46+00:00","dateModified":"2016-09-20T07:39:00+00:00","mainEntityOfPage":{"@id":"https:\/\/wp.kristdemokraterna.se\/janstefanson\/bast-pa-stockholm-ar-stockholm\/"},"wordCount":289,"inLanguage":"sv-SE"},{"@type":"WebPage","@id":"https:\/\/wp.kristdemokraterna.se\/janstefanson\/bast-pa-stockholm-ar-stockholm\/","url":"https:\/\/wp.kristdemokraterna.se\/janstefanson\/bast-pa-stockholm-ar-stockholm\/","name":"B\u00e4st p\u00e5 Stockholm \u00e4r Stockholm - Jan Stefanson","isPartOf":{"@id":"https:\/\/wp.kristdemokraterna.se\/janstefanson\/#website"},"datePublished":"2016-09-20T07:38:46+00:00","dateModified":"2016-09-20T07:39:00+00:00","author":{"@id":"https:\/\/wp.kristdemokraterna.se\/janstefanson\/#\/schema\/person\/f8122372f46f49cffa0c02a57c89b40f"},"breadcrumb":{"@id":"https:\/\/wp.kristdemokraterna.se\/janstefanson\/bast-pa-stockholm-ar-stockholm\/#breadcrumb"},"inLanguage":"sv-SE","potentialAction":[{"@type":"ReadAction","target":["https:\/\/wp.kristdemokraterna.se\/janstefanson\/bast-pa-stockholm-ar-stockholm\/"]}]},{"@type":"BreadcrumbList","@id":"https:\/\/wp.kristdemokraterna.se\/janstefanson\/bast-pa-stockholm-ar-stockholm\/#breadcrumb","itemListElement":[{"@type":"ListItem","position":1,"name":"Hem","item":"https:\/\/wp.kristdemokraterna.se\/janstefanson\/"},{"@type":"ListItem","position":2,"name":"B\u00e4st p\u00e5 Stockholm \u00e4r Stockholm"}]},{"@type":"WebSite","@id":"https:\/\/wp.kristdemokraterna.se\/janstefanson\/#website","url":"https:\/\/wp.kristdemokraterna.se\/janstefanson\/","name":"Jan Stefanson","description":"En till Kristdemokraterna webbplats","inLanguage":"sv-SE"},{"@type":"Person","@id":"https:\/\/wp.kristdemokraterna.se\/janstefanson\/#\/schema\/person\/f8122372f46f49cffa0c02a57c89b40f","name":"janstefanson","image":{"@type":"ImageObject","inLanguage":"sv-SE","@id":"https:\/\/secure.gravatar.com\/avatar\/c8880da1e0ca1fb1fd99d661e99b32931e79d1537ef8441e71fc6630d4b6633c?s=96&r=g","url":"https:\/\/secure.gravatar.com\/avatar\/c8880da1e0ca1fb1fd99d661e99b32931e79d1537ef8441e71fc6630d4b6633c?s=96&r=g","contentUrl":"https:\/\/secure.gravatar.com\/avatar\/c8880da1e0ca1fb1fd99d661e99b32931e79d1537ef8441e71fc6630d4b6633c?s=96&r=g","caption":"janstefanson"},"url":"https:\/\/wp.kristdemokraterna.se\/janstefanson\/author\/janstefanson\/"}]}},"_links":{"self":[{"href":"https:\/\/wp.kristdemokraterna.se\/janstefanson\/wp-json\/wp\/v2\/posts\/322","targetHints":{"allow":["GET"]}}],"collection":[{"href":"https:\/\/wp.kristdemokraterna.se\/janstefanson\/wp-json\/wp\/v2\/posts"}],"about":[{"href":"https:\/\/wp.kristdemokraterna.se\/janstefanson\/wp-json\/wp\/v2\/types\/post"}],"author":[{"embeddable":true,"href":"https:\/\/wp.kristdemokraterna.se\/janstefanson\/wp-json\/wp\/v2\/users\/530"}],"replies":[{"embeddable":true,"href":"https:\/\/wp.kristdemokraterna.se\/janstefanson\/wp-json\/wp\/v2\/comments?post=322"}],"version-history":[{"count":1,"href":"https:\/\/wp.kristdemokraterna.se\/janstefanson\/wp-json\/wp\/v2\/posts\/322\/revisions"}],"predecessor-version":[{"id":323,"href":"https:\/\/wp.kristdemokraterna.se\/janstefanson\/wp-json\/wp\/v2\/posts\/322\/revisions\/323"}],"wp:attachment":[{"href":"https:\/\/wp.kristdemokraterna.se\/janstefanson\/wp-json\/wp\/v2\/media?parent=322"}],"wp:term":[{"taxonomy":"category","embeddable":true,"href":"https:\/\/wp.kristdemokraterna.se\/janstefanson\/wp-json\/wp\/v2\/categories?post=322"},{"taxonomy":"post_tag","embeddable":true,"href":"https:\/\/wp.kristdemokraterna.se\/janstefanson\/wp-json\/wp\/v2\/tags?post=322"}],"curies":[{"name":"wp","href":"https:\/\/api.w.org\/{rel}","templated":true}]}}