{"id":333,"date":"2016-09-29T06:46:23","date_gmt":"2016-09-29T04:46:23","guid":{"rendered":"http:\/\/wp.kristdemokraterna.se\/janstefanson\/?p=333"},"modified":"2016-09-29T06:47:44","modified_gmt":"2016-09-29T04:47:44","slug":"hur-manga-pannkakor-kommer-fran-faltet-pa-lennartsnas","status":"publish","type":"post","link":"https:\/\/wp.kristdemokraterna.se\/janstefanson\/hur-manga-pannkakor-kommer-fran-faltet-pa-lennartsnas\/","title":{"rendered":"Hur m\u00e5nga pannkakor kommer fr\u00e5n f\u00e4ltet p\u00e5 Lennartsn\u00e4s?"},"content":{"rendered":"<p>Fr\u00e5gan st\u00e4lldes av en bonde i kommunen. Otto Thorin.<\/p>\n<p>LRF hade ig\u00e5r inbjudit kommunens politiker till en resa med traktor och vagn som startade vid kommunhuset i Kungs\u00e4ngen och \u00e5kte ut p\u00e5 f\u00e4lten vid Lennartsn\u00e4s.<\/p>\n<p>Det f\u00f6rsta stoppet av tre var p\u00e5 ett f\u00e4lt med vete. Fr\u00e5gan om hur mycket pannkakor som kan tillverkas av vetet p\u00e5 f\u00e4ltet var f\u00f6rst\u00e5s om\u00f6jlig att besvara. Men bonden var f\u00f6rberedd. \u00d6ver fyra miljoner! Resans uppl\u00e4gg var densamma som man brukar g\u00f6ra f\u00f6r kommunens tredjeklassare.<img loading=\"lazy\" decoding=\"async\" class=\" wp-image-334 alignright\" src=\"http:\/\/wp.kristdemokraterna.se\/janstefanson\/files\/2016\/09\/img_0166-300x225.jpg\" alt=\"img-0166\" width=\"370\" height=\"281\" \/><\/p>\n<p>Diskussioner om ekologisk odling, k\u00f6ttproduktion och m\u00f6jligheten att flytta traktorer och sk\u00f6rdetr\u00f6skor p\u00e5 v\u00e4garna i kommunen avhandlades.<\/p>\n<p>Trafiks\u00e4kerhetens ambitioner med chikaner och rondeller visade sig stoppa de st\u00f6rre fordonen fr\u00e5n att kunna l\u00e4mna halv\u00f6n, Lennartsn\u00e4s.<\/p>\n<p>-Viktigt att i tidigt skede f\u00e5 vara med och yttra sig n\u00e4r trafiks\u00e4kerhetsh\u00f6jande \u00e5tg\u00e4rder genomf\u00f6rs, var den samst\u00e4mmiga slutsatsen.<\/p>\n<p>Att M\u00e4lardalen har ett av Europas b\u00f6rdigaste klimat och d\u00e4rmed sk\u00f6rdar f\u00f6rv\u00e5nade inte minst mig. En avkastning som \u00e4r fem till tio g\u00e5nger h\u00f6gre \u00e4n m\u00e5nga andra l\u00e4nder beror p\u00e5 f\u00f6rh\u00e5llandet varma somrar och bra nederb\u00f6rd.<\/p>\n<p>Bevara de \u00f6ppna landskapen f\u00f6r annars har vi ingen m\u00f6jlighet att vara sj\u00e4lvf\u00f6rs\u00f6rjande i v\u00e5rt land. Idag importerar vi h\u00e4lften av det vi \u00e4ter med l\u00e5nga och klimatnegativa transporter. F\u00f6r att h\u00e5lla landskapet \u00f6ppet kr\u00e4vs b\u00e5de djur som betar av och f\u00f6r det kr\u00e4vs kalvar som i huvudsak f\u00f6ds fram av mj\u00f6lkb\u00f6ndernas djurbest\u00e5nd. D\u00e4rf\u00f6r var budskapet: \u00e4t k\u00f6tt och drick mj\u00f6lk som \u00e4r n\u00e4rproducerat, annars v\u00e4xer de \u00f6ppna landskapen igen!<\/p>\n","protected":false},"excerpt":{"rendered":"<p>Fr\u00e5gan st\u00e4lldes av en bonde i kommunen. Otto Thorin. LRF hade ig\u00e5r inbjudit kommunens politiker till en resa med traktor och vagn som startade vid kommunhuset i Kungs\u00e4ngen och \u00e5kte ut p\u00e5 f\u00e4lten vid Lennartsn\u00e4s. Det f\u00f6rsta stoppet av tre var p\u00e5 ett f\u00e4lt med vete. Fr\u00e5gan om hur mycket pannkakor som kan tillverkas av <a class=\"read-more-link\" href=\"https:\/\/wp.kristdemokraterna.se\/janstefanson\/hur-manga-pannkakor-kommer-fran-faltet-pa-lennartsnas\/\">Read More<\/a><\/p>\n","protected":false},"author":530,"featured_media":0,"comment_status":"closed","ping_status":"closed","sticky":false,"template":"","format":"standard","meta":{"_acf_changed":false,"footnotes":""},"categories":[1],"tags":[],"class_list":["post-333","post","type-post","status-publish","format-standard","hentry","category-okategoriserade"],"acf":[],"yoast_head":"<!-- This site is optimized with the Yoast SEO plugin v27.4 - https:\/\/yoast.com\/product\/yoast-seo-wordpress\/ -->\n<title>Hur m\u00e5nga pannkakor kommer fr\u00e5n f\u00e4ltet p\u00e5 Lennartsn\u00e4s? - Jan Stefanson<\/title>\n<meta name=\"robots\" content=\"index, follow, max-snippet:-1, max-image-preview:large, max-video-preview:-1\" \/>\n<link rel=\"canonical\" href=\"https:\/\/wp.kristdemokraterna.se\/janstefanson\/hur-manga-pannkakor-kommer-fran-faltet-pa-lennartsnas\/\" \/>\n<meta property=\"og:locale\" content=\"sv_SE\" \/>\n<meta property=\"og:type\" content=\"article\" \/>\n<meta property=\"og:title\" content=\"Hur m\u00e5nga pannkakor kommer fr\u00e5n f\u00e4ltet p\u00e5 Lennartsn\u00e4s? - Jan Stefanson\" \/>\n<meta property=\"og:description\" content=\"Fr\u00e5gan st\u00e4lldes av en bonde i kommunen. Otto Thorin. LRF hade ig\u00e5r inbjudit kommunens politiker till en resa med traktor och vagn som startade vid kommunhuset i Kungs\u00e4ngen och \u00e5kte ut p\u00e5 f\u00e4lten vid Lennartsn\u00e4s. Det f\u00f6rsta stoppet av tre var p\u00e5 ett f\u00e4lt med vete. Fr\u00e5gan om hur mycket pannkakor som kan tillverkas av Read More\" \/>\n<meta property=\"og:url\" content=\"https:\/\/wp.kristdemokraterna.se\/janstefanson\/hur-manga-pannkakor-kommer-fran-faltet-pa-lennartsnas\/\" \/>\n<meta property=\"og:site_name\" content=\"Jan Stefanson\" \/>\n<meta property=\"article:published_time\" content=\"2016-09-29T04:46:23+00:00\" \/>\n<meta property=\"article:modified_time\" content=\"2016-09-29T04:47:44+00:00\" \/>\n<meta property=\"og:image\" content=\"http:\/\/wp.kristdemokraterna.se\/janstefanson\/files\/2016\/09\/img_0166-300x225.jpg\" \/>\n<meta name=\"author\" content=\"janstefanson\" \/>\n<meta name=\"twitter:card\" content=\"summary_large_image\" \/>\n<meta name=\"twitter:label1\" content=\"Skriven av\" \/>\n\t<meta name=\"twitter:data1\" content=\"janstefanson\" \/>\n\t<meta name=\"twitter:label2\" content=\"Ber\u00e4knad l\u00e4stid\" \/>\n\t<meta name=\"twitter:data2\" content=\"2 minuter\" \/>\n<script type=\"application\/ld+json\" class=\"yoast-schema-graph\">{\"@context\":\"https:\\\/\\\/schema.org\",\"@graph\":[{\"@type\":\"Article\",\"@id\":\"https:\\\/\\\/wp.kristdemokraterna.se\\\/janstefanson\\\/hur-manga-pannkakor-kommer-fran-faltet-pa-lennartsnas\\\/#article\",\"isPartOf\":{\"@id\":\"https:\\\/\\\/wp.kristdemokraterna.se\\\/janstefanson\\\/hur-manga-pannkakor-kommer-fran-faltet-pa-lennartsnas\\\/\"},\"author\":{\"name\":\"janstefanson\",\"@id\":\"https:\\\/\\\/wp.kristdemokraterna.se\\\/janstefanson\\\/#\\\/schema\\\/person\\\/f8122372f46f49cffa0c02a57c89b40f\"},\"headline\":\"Hur m\u00e5nga pannkakor kommer fr\u00e5n f\u00e4ltet p\u00e5 Lennartsn\u00e4s?\",\"datePublished\":\"2016-09-29T04:46:23+00:00\",\"dateModified\":\"2016-09-29T04:47:44+00:00\",\"mainEntityOfPage\":{\"@id\":\"https:\\\/\\\/wp.kristdemokraterna.se\\\/janstefanson\\\/hur-manga-pannkakor-kommer-fran-faltet-pa-lennartsnas\\\/\"},\"wordCount\":324,\"image\":{\"@id\":\"https:\\\/\\\/wp.kristdemokraterna.se\\\/janstefanson\\\/hur-manga-pannkakor-kommer-fran-faltet-pa-lennartsnas\\\/#primaryimage\"},\"thumbnailUrl\":\"http:\\\/\\\/wp.kristdemokraterna.se\\\/janstefanson\\\/files\\\/2016\\\/09\\\/img_0166-300x225.jpg\",\"inLanguage\":\"sv-SE\"},{\"@type\":\"WebPage\",\"@id\":\"https:\\\/\\\/wp.kristdemokraterna.se\\\/janstefanson\\\/hur-manga-pannkakor-kommer-fran-faltet-pa-lennartsnas\\\/\",\"url\":\"https:\\\/\\\/wp.kristdemokraterna.se\\\/janstefanson\\\/hur-manga-pannkakor-kommer-fran-faltet-pa-lennartsnas\\\/\",\"name\":\"Hur m\u00e5nga pannkakor kommer fr\u00e5n f\u00e4ltet p\u00e5 Lennartsn\u00e4s? - Jan Stefanson\",\"isPartOf\":{\"@id\":\"https:\\\/\\\/wp.kristdemokraterna.se\\\/janstefanson\\\/#website\"},\"primaryImageOfPage\":{\"@id\":\"https:\\\/\\\/wp.kristdemokraterna.se\\\/janstefanson\\\/hur-manga-pannkakor-kommer-fran-faltet-pa-lennartsnas\\\/#primaryimage\"},\"image\":{\"@id\":\"https:\\\/\\\/wp.kristdemokraterna.se\\\/janstefanson\\\/hur-manga-pannkakor-kommer-fran-faltet-pa-lennartsnas\\\/#primaryimage\"},\"thumbnailUrl\":\"http:\\\/\\\/wp.kristdemokraterna.se\\\/janstefanson\\\/files\\\/2016\\\/09\\\/img_0166-300x225.jpg\",\"datePublished\":\"2016-09-29T04:46:23+00:00\",\"dateModified\":\"2016-09-29T04:47:44+00:00\",\"author\":{\"@id\":\"https:\\\/\\\/wp.kristdemokraterna.se\\\/janstefanson\\\/#\\\/schema\\\/person\\\/f8122372f46f49cffa0c02a57c89b40f\"},\"breadcrumb\":{\"@id\":\"https:\\\/\\\/wp.kristdemokraterna.se\\\/janstefanson\\\/hur-manga-pannkakor-kommer-fran-faltet-pa-lennartsnas\\\/#breadcrumb\"},\"inLanguage\":\"sv-SE\",\"potentialAction\":[{\"@type\":\"ReadAction\",\"target\":[\"https:\\\/\\\/wp.kristdemokraterna.se\\\/janstefanson\\\/hur-manga-pannkakor-kommer-fran-faltet-pa-lennartsnas\\\/\"]}]},{\"@type\":\"ImageObject\",\"inLanguage\":\"sv-SE\",\"@id\":\"https:\\\/\\\/wp.kristdemokraterna.se\\\/janstefanson\\\/hur-manga-pannkakor-kommer-fran-faltet-pa-lennartsnas\\\/#primaryimage\",\"url\":\"https:\\\/\\\/wp.kristdemokraterna.se\\\/janstefanson\\\/files\\\/2016\\\/09\\\/img_0166.jpg\",\"contentUrl\":\"https:\\\/\\\/wp.kristdemokraterna.se\\\/janstefanson\\\/files\\\/2016\\\/09\\\/img_0166.jpg\",\"width\":1024,\"height\":768},{\"@type\":\"BreadcrumbList\",\"@id\":\"https:\\\/\\\/wp.kristdemokraterna.se\\\/janstefanson\\\/hur-manga-pannkakor-kommer-fran-faltet-pa-lennartsnas\\\/#breadcrumb\",\"itemListElement\":[{\"@type\":\"ListItem\",\"position\":1,\"name\":\"Hem\",\"item\":\"https:\\\/\\\/wp.kristdemokraterna.se\\\/janstefanson\\\/\"},{\"@type\":\"ListItem\",\"position\":2,\"name\":\"Hur m\u00e5nga pannkakor kommer fr\u00e5n f\u00e4ltet p\u00e5 Lennartsn\u00e4s?\"}]},{\"@type\":\"WebSite\",\"@id\":\"https:\\\/\\\/wp.kristdemokraterna.se\\\/janstefanson\\\/#website\",\"url\":\"https:\\\/\\\/wp.kristdemokraterna.se\\\/janstefanson\\\/\",\"name\":\"Jan Stefanson\",\"description\":\"En till Kristdemokraterna webbplats\",\"inLanguage\":\"sv-SE\"},{\"@type\":\"Person\",\"@id\":\"https:\\\/\\\/wp.kristdemokraterna.se\\\/janstefanson\\\/#\\\/schema\\\/person\\\/f8122372f46f49cffa0c02a57c89b40f\",\"name\":\"janstefanson\",\"image\":{\"@type\":\"ImageObject\",\"inLanguage\":\"sv-SE\",\"@id\":\"https:\\\/\\\/secure.gravatar.com\\\/avatar\\\/c8880da1e0ca1fb1fd99d661e99b32931e79d1537ef8441e71fc6630d4b6633c?s=96&r=g\",\"url\":\"https:\\\/\\\/secure.gravatar.com\\\/avatar\\\/c8880da1e0ca1fb1fd99d661e99b32931e79d1537ef8441e71fc6630d4b6633c?s=96&r=g\",\"contentUrl\":\"https:\\\/\\\/secure.gravatar.com\\\/avatar\\\/c8880da1e0ca1fb1fd99d661e99b32931e79d1537ef8441e71fc6630d4b6633c?s=96&r=g\",\"caption\":\"janstefanson\"},\"url\":\"https:\\\/\\\/wp.kristdemokraterna.se\\\/janstefanson\\\/author\\\/janstefanson\\\/\"}]}<\/script>\n<!-- \/ Yoast SEO plugin. -->","yoast_head_json":{"title":"Hur m\u00e5nga pannkakor kommer fr\u00e5n f\u00e4ltet p\u00e5 Lennartsn\u00e4s? - Jan Stefanson","robots":{"index":"index","follow":"follow","max-snippet":"max-snippet:-1","max-image-preview":"max-image-preview:large","max-video-preview":"max-video-preview:-1"},"canonical":"https:\/\/wp.kristdemokraterna.se\/janstefanson\/hur-manga-pannkakor-kommer-fran-faltet-pa-lennartsnas\/","og_locale":"sv_SE","og_type":"article","og_title":"Hur m\u00e5nga pannkakor kommer fr\u00e5n f\u00e4ltet p\u00e5 Lennartsn\u00e4s? - Jan Stefanson","og_description":"Fr\u00e5gan st\u00e4lldes av en bonde i kommunen. Otto Thorin. LRF hade ig\u00e5r inbjudit kommunens politiker till en resa med traktor och vagn som startade vid kommunhuset i Kungs\u00e4ngen och \u00e5kte ut p\u00e5 f\u00e4lten vid Lennartsn\u00e4s. Det f\u00f6rsta stoppet av tre var p\u00e5 ett f\u00e4lt med vete. Fr\u00e5gan om hur mycket pannkakor som kan tillverkas av Read More","og_url":"https:\/\/wp.kristdemokraterna.se\/janstefanson\/hur-manga-pannkakor-kommer-fran-faltet-pa-lennartsnas\/","og_site_name":"Jan Stefanson","article_published_time":"2016-09-29T04:46:23+00:00","article_modified_time":"2016-09-29T04:47:44+00:00","og_image":[{"url":"http:\/\/wp.kristdemokraterna.se\/janstefanson\/files\/2016\/09\/img_0166-300x225.jpg","type":"","width":"","height":""}],"author":"janstefanson","twitter_card":"summary_large_image","twitter_misc":{"Skriven av":"janstefanson","Ber\u00e4knad l\u00e4stid":"2 minuter"},"schema":{"@context":"https:\/\/schema.org","@graph":[{"@type":"Article","@id":"https:\/\/wp.kristdemokraterna.se\/janstefanson\/hur-manga-pannkakor-kommer-fran-faltet-pa-lennartsnas\/#article","isPartOf":{"@id":"https:\/\/wp.kristdemokraterna.se\/janstefanson\/hur-manga-pannkakor-kommer-fran-faltet-pa-lennartsnas\/"},"author":{"name":"janstefanson","@id":"https:\/\/wp.kristdemokraterna.se\/janstefanson\/#\/schema\/person\/f8122372f46f49cffa0c02a57c89b40f"},"headline":"Hur m\u00e5nga pannkakor kommer fr\u00e5n f\u00e4ltet p\u00e5 Lennartsn\u00e4s?","datePublished":"2016-09-29T04:46:23+00:00","dateModified":"2016-09-29T04:47:44+00:00","mainEntityOfPage":{"@id":"https:\/\/wp.kristdemokraterna.se\/janstefanson\/hur-manga-pannkakor-kommer-fran-faltet-pa-lennartsnas\/"},"wordCount":324,"image":{"@id":"https:\/\/wp.kristdemokraterna.se\/janstefanson\/hur-manga-pannkakor-kommer-fran-faltet-pa-lennartsnas\/#primaryimage"},"thumbnailUrl":"http:\/\/wp.kristdemokraterna.se\/janstefanson\/files\/2016\/09\/img_0166-300x225.jpg","inLanguage":"sv-SE"},{"@type":"WebPage","@id":"https:\/\/wp.kristdemokraterna.se\/janstefanson\/hur-manga-pannkakor-kommer-fran-faltet-pa-lennartsnas\/","url":"https:\/\/wp.kristdemokraterna.se\/janstefanson\/hur-manga-pannkakor-kommer-fran-faltet-pa-lennartsnas\/","name":"Hur m\u00e5nga pannkakor kommer fr\u00e5n f\u00e4ltet p\u00e5 Lennartsn\u00e4s? - Jan Stefanson","isPartOf":{"@id":"https:\/\/wp.kristdemokraterna.se\/janstefanson\/#website"},"primaryImageOfPage":{"@id":"https:\/\/wp.kristdemokraterna.se\/janstefanson\/hur-manga-pannkakor-kommer-fran-faltet-pa-lennartsnas\/#primaryimage"},"image":{"@id":"https:\/\/wp.kristdemokraterna.se\/janstefanson\/hur-manga-pannkakor-kommer-fran-faltet-pa-lennartsnas\/#primaryimage"},"thumbnailUrl":"http:\/\/wp.kristdemokraterna.se\/janstefanson\/files\/2016\/09\/img_0166-300x225.jpg","datePublished":"2016-09-29T04:46:23+00:00","dateModified":"2016-09-29T04:47:44+00:00","author":{"@id":"https:\/\/wp.kristdemokraterna.se\/janstefanson\/#\/schema\/person\/f8122372f46f49cffa0c02a57c89b40f"},"breadcrumb":{"@id":"https:\/\/wp.kristdemokraterna.se\/janstefanson\/hur-manga-pannkakor-kommer-fran-faltet-pa-lennartsnas\/#breadcrumb"},"inLanguage":"sv-SE","potentialAction":[{"@type":"ReadAction","target":["https:\/\/wp.kristdemokraterna.se\/janstefanson\/hur-manga-pannkakor-kommer-fran-faltet-pa-lennartsnas\/"]}]},{"@type":"ImageObject","inLanguage":"sv-SE","@id":"https:\/\/wp.kristdemokraterna.se\/janstefanson\/hur-manga-pannkakor-kommer-fran-faltet-pa-lennartsnas\/#primaryimage","url":"https:\/\/wp.kristdemokraterna.se\/janstefanson\/files\/2016\/09\/img_0166.jpg","contentUrl":"https:\/\/wp.kristdemokraterna.se\/janstefanson\/files\/2016\/09\/img_0166.jpg","width":1024,"height":768},{"@type":"BreadcrumbList","@id":"https:\/\/wp.kristdemokraterna.se\/janstefanson\/hur-manga-pannkakor-kommer-fran-faltet-pa-lennartsnas\/#breadcrumb","itemListElement":[{"@type":"ListItem","position":1,"name":"Hem","item":"https:\/\/wp.kristdemokraterna.se\/janstefanson\/"},{"@type":"ListItem","position":2,"name":"Hur m\u00e5nga pannkakor kommer fr\u00e5n f\u00e4ltet p\u00e5 Lennartsn\u00e4s?"}]},{"@type":"WebSite","@id":"https:\/\/wp.kristdemokraterna.se\/janstefanson\/#website","url":"https:\/\/wp.kristdemokraterna.se\/janstefanson\/","name":"Jan Stefanson","description":"En till Kristdemokraterna webbplats","inLanguage":"sv-SE"},{"@type":"Person","@id":"https:\/\/wp.kristdemokraterna.se\/janstefanson\/#\/schema\/person\/f8122372f46f49cffa0c02a57c89b40f","name":"janstefanson","image":{"@type":"ImageObject","inLanguage":"sv-SE","@id":"https:\/\/secure.gravatar.com\/avatar\/c8880da1e0ca1fb1fd99d661e99b32931e79d1537ef8441e71fc6630d4b6633c?s=96&r=g","url":"https:\/\/secure.gravatar.com\/avatar\/c8880da1e0ca1fb1fd99d661e99b32931e79d1537ef8441e71fc6630d4b6633c?s=96&r=g","contentUrl":"https:\/\/secure.gravatar.com\/avatar\/c8880da1e0ca1fb1fd99d661e99b32931e79d1537ef8441e71fc6630d4b6633c?s=96&r=g","caption":"janstefanson"},"url":"https:\/\/wp.kristdemokraterna.se\/janstefanson\/author\/janstefanson\/"}]}},"_links":{"self":[{"href":"https:\/\/wp.kristdemokraterna.se\/janstefanson\/wp-json\/wp\/v2\/posts\/333","targetHints":{"allow":["GET"]}}],"collection":[{"href":"https:\/\/wp.kristdemokraterna.se\/janstefanson\/wp-json\/wp\/v2\/posts"}],"about":[{"href":"https:\/\/wp.kristdemokraterna.se\/janstefanson\/wp-json\/wp\/v2\/types\/post"}],"author":[{"embeddable":true,"href":"https:\/\/wp.kristdemokraterna.se\/janstefanson\/wp-json\/wp\/v2\/users\/530"}],"replies":[{"embeddable":true,"href":"https:\/\/wp.kristdemokraterna.se\/janstefanson\/wp-json\/wp\/v2\/comments?post=333"}],"version-history":[{"count":1,"href":"https:\/\/wp.kristdemokraterna.se\/janstefanson\/wp-json\/wp\/v2\/posts\/333\/revisions"}],"predecessor-version":[{"id":335,"href":"https:\/\/wp.kristdemokraterna.se\/janstefanson\/wp-json\/wp\/v2\/posts\/333\/revisions\/335"}],"wp:attachment":[{"href":"https:\/\/wp.kristdemokraterna.se\/janstefanson\/wp-json\/wp\/v2\/media?parent=333"}],"wp:term":[{"taxonomy":"category","embeddable":true,"href":"https:\/\/wp.kristdemokraterna.se\/janstefanson\/wp-json\/wp\/v2\/categories?post=333"},{"taxonomy":"post_tag","embeddable":true,"href":"https:\/\/wp.kristdemokraterna.se\/janstefanson\/wp-json\/wp\/v2\/tags?post=333"}],"curies":[{"name":"wp","href":"https:\/\/api.w.org\/{rel}","templated":true}]}}