{"id":356,"date":"2016-10-26T10:39:31","date_gmt":"2016-10-26T08:39:31","guid":{"rendered":"http:\/\/wp.kristdemokraterna.se\/janstefanson\/?p=356"},"modified":"2016-10-26T10:39:31","modified_gmt":"2016-10-26T08:39:31","slug":"som-du-behandlar-andra","status":"publish","type":"post","link":"https:\/\/wp.kristdemokraterna.se\/janstefanson\/som-du-behandlar-andra\/","title":{"rendered":"Som du behandlar andra&#8230;"},"content":{"rendered":"<p>Det \u00e4r med sorg jag tar del av nyheten att Eker\u00f6s kommunstyrelse beslutat s\u00e4ga nej till de flyktingar som beviljats asyl och blivit tilldelade Eker\u00f6s politiska ledning att v\u00e4lkomna. I mina \u00f6ron \u00e4r det ett fegt beslut som jag hoppas kan r\u00e4ttas till. Jag har sv\u00e5rt att tro att det inte finns gott om plats att placera paviljonger p\u00e5 all den lediga mark som kommunen disponerar. Om viljan finns!<\/p>\n<p>P\u00e5 det stora seminariet som KSL h\u00f6ll f\u00f6r ett par veckor sedan ondgjordes fr\u00e5n scenen uppdraget att ta emot sin kvot av flyktingar. Man var b\u00e5de r\u00e4dd och f\u00f6rutsp\u00e5dde att det bara var en tidsfr\u00e5ga innan n\u00e5gon kommun i landet skulle st\u00e4nga d\u00f6rren och s\u00e4ga\u00a0<strong>ov\u00e4lkommen ist\u00e4llet f\u00f6r v\u00e4lkommen<\/strong>.<\/p>\n<p>I det parti jag tillh\u00f6r \u00e4r detta helt obegripligt. Broderskapsid\u00e9n som \u00e4r en av v\u00e5ra fem grundideologiska fundament ger inte utrymme f\u00f6r ett s\u00e5dant beslut.<em> &#8221; S\u00e5som du sj\u00e4lv vill behandlad ska du behandla andra&#8221;.<\/em><\/p>\n<p><strong>Det \u00e4r ju m\u00e4nniskor det handlar om!<\/strong><\/p>\n","protected":false},"excerpt":{"rendered":"<p>Det \u00e4r med sorg jag tar del av nyheten att Eker\u00f6s kommunstyrelse beslutat s\u00e4ga nej till de flyktingar som beviljats asyl och blivit tilldelade Eker\u00f6s politiska ledning att v\u00e4lkomna. I mina \u00f6ron \u00e4r det ett fegt beslut som jag hoppas kan r\u00e4ttas till. Jag har sv\u00e5rt att tro att det inte finns gott om plats <a class=\"read-more-link\" href=\"https:\/\/wp.kristdemokraterna.se\/janstefanson\/som-du-behandlar-andra\/\">Read More<\/a><\/p>\n","protected":false},"author":530,"featured_media":0,"comment_status":"closed","ping_status":"closed","sticky":false,"template":"","format":"standard","meta":{"_acf_changed":false,"footnotes":""},"categories":[1],"tags":[],"class_list":["post-356","post","type-post","status-publish","format-standard","hentry","category-okategoriserade"],"acf":[],"yoast_head":"<!-- This site is optimized with the Yoast SEO plugin v27.4 - https:\/\/yoast.com\/product\/yoast-seo-wordpress\/ -->\n<title>Som du behandlar andra... - Jan Stefanson<\/title>\n<meta name=\"robots\" content=\"index, follow, max-snippet:-1, max-image-preview:large, max-video-preview:-1\" \/>\n<link rel=\"canonical\" href=\"https:\/\/wp.kristdemokraterna.se\/janstefanson\/som-du-behandlar-andra\/\" \/>\n<meta property=\"og:locale\" content=\"sv_SE\" \/>\n<meta property=\"og:type\" content=\"article\" \/>\n<meta property=\"og:title\" content=\"Som du behandlar andra... - Jan Stefanson\" \/>\n<meta property=\"og:description\" content=\"Det \u00e4r med sorg jag tar del av nyheten att Eker\u00f6s kommunstyrelse beslutat s\u00e4ga nej till de flyktingar som beviljats asyl och blivit tilldelade Eker\u00f6s politiska ledning att v\u00e4lkomna. I mina \u00f6ron \u00e4r det ett fegt beslut som jag hoppas kan r\u00e4ttas till. Jag har sv\u00e5rt att tro att det inte finns gott om plats Read More\" \/>\n<meta property=\"og:url\" content=\"https:\/\/wp.kristdemokraterna.se\/janstefanson\/som-du-behandlar-andra\/\" \/>\n<meta property=\"og:site_name\" content=\"Jan Stefanson\" \/>\n<meta property=\"article:published_time\" content=\"2016-10-26T08:39:31+00:00\" \/>\n<meta name=\"author\" content=\"janstefanson\" \/>\n<meta name=\"twitter:card\" content=\"summary_large_image\" \/>\n<meta name=\"twitter:label1\" content=\"Skriven av\" \/>\n\t<meta name=\"twitter:data1\" content=\"janstefanson\" \/>\n\t<meta name=\"twitter:label2\" content=\"Ber\u00e4knad l\u00e4stid\" \/>\n\t<meta name=\"twitter:data2\" content=\"1 minut\" \/>\n<script type=\"application\/ld+json\" class=\"yoast-schema-graph\">{\"@context\":\"https:\\\/\\\/schema.org\",\"@graph\":[{\"@type\":\"Article\",\"@id\":\"https:\\\/\\\/wp.kristdemokraterna.se\\\/janstefanson\\\/som-du-behandlar-andra\\\/#article\",\"isPartOf\":{\"@id\":\"https:\\\/\\\/wp.kristdemokraterna.se\\\/janstefanson\\\/som-du-behandlar-andra\\\/\"},\"author\":{\"name\":\"janstefanson\",\"@id\":\"https:\\\/\\\/wp.kristdemokraterna.se\\\/janstefanson\\\/#\\\/schema\\\/person\\\/f8122372f46f49cffa0c02a57c89b40f\"},\"headline\":\"Som du behandlar andra&#8230;\",\"datePublished\":\"2016-10-26T08:39:31+00:00\",\"mainEntityOfPage\":{\"@id\":\"https:\\\/\\\/wp.kristdemokraterna.se\\\/janstefanson\\\/som-du-behandlar-andra\\\/\"},\"wordCount\":193,\"inLanguage\":\"sv-SE\"},{\"@type\":\"WebPage\",\"@id\":\"https:\\\/\\\/wp.kristdemokraterna.se\\\/janstefanson\\\/som-du-behandlar-andra\\\/\",\"url\":\"https:\\\/\\\/wp.kristdemokraterna.se\\\/janstefanson\\\/som-du-behandlar-andra\\\/\",\"name\":\"Som du behandlar andra... - Jan Stefanson\",\"isPartOf\":{\"@id\":\"https:\\\/\\\/wp.kristdemokraterna.se\\\/janstefanson\\\/#website\"},\"datePublished\":\"2016-10-26T08:39:31+00:00\",\"author\":{\"@id\":\"https:\\\/\\\/wp.kristdemokraterna.se\\\/janstefanson\\\/#\\\/schema\\\/person\\\/f8122372f46f49cffa0c02a57c89b40f\"},\"breadcrumb\":{\"@id\":\"https:\\\/\\\/wp.kristdemokraterna.se\\\/janstefanson\\\/som-du-behandlar-andra\\\/#breadcrumb\"},\"inLanguage\":\"sv-SE\",\"potentialAction\":[{\"@type\":\"ReadAction\",\"target\":[\"https:\\\/\\\/wp.kristdemokraterna.se\\\/janstefanson\\\/som-du-behandlar-andra\\\/\"]}]},{\"@type\":\"BreadcrumbList\",\"@id\":\"https:\\\/\\\/wp.kristdemokraterna.se\\\/janstefanson\\\/som-du-behandlar-andra\\\/#breadcrumb\",\"itemListElement\":[{\"@type\":\"ListItem\",\"position\":1,\"name\":\"Hem\",\"item\":\"https:\\\/\\\/wp.kristdemokraterna.se\\\/janstefanson\\\/\"},{\"@type\":\"ListItem\",\"position\":2,\"name\":\"Som du behandlar andra&#8230;\"}]},{\"@type\":\"WebSite\",\"@id\":\"https:\\\/\\\/wp.kristdemokraterna.se\\\/janstefanson\\\/#website\",\"url\":\"https:\\\/\\\/wp.kristdemokraterna.se\\\/janstefanson\\\/\",\"name\":\"Jan Stefanson\",\"description\":\"En till Kristdemokraterna webbplats\",\"inLanguage\":\"sv-SE\"},{\"@type\":\"Person\",\"@id\":\"https:\\\/\\\/wp.kristdemokraterna.se\\\/janstefanson\\\/#\\\/schema\\\/person\\\/f8122372f46f49cffa0c02a57c89b40f\",\"name\":\"janstefanson\",\"image\":{\"@type\":\"ImageObject\",\"inLanguage\":\"sv-SE\",\"@id\":\"https:\\\/\\\/secure.gravatar.com\\\/avatar\\\/c8880da1e0ca1fb1fd99d661e99b32931e79d1537ef8441e71fc6630d4b6633c?s=96&r=g\",\"url\":\"https:\\\/\\\/secure.gravatar.com\\\/avatar\\\/c8880da1e0ca1fb1fd99d661e99b32931e79d1537ef8441e71fc6630d4b6633c?s=96&r=g\",\"contentUrl\":\"https:\\\/\\\/secure.gravatar.com\\\/avatar\\\/c8880da1e0ca1fb1fd99d661e99b32931e79d1537ef8441e71fc6630d4b6633c?s=96&r=g\",\"caption\":\"janstefanson\"},\"url\":\"https:\\\/\\\/wp.kristdemokraterna.se\\\/janstefanson\\\/author\\\/janstefanson\\\/\"}]}<\/script>\n<!-- \/ Yoast SEO plugin. -->","yoast_head_json":{"title":"Som du behandlar andra... - Jan Stefanson","robots":{"index":"index","follow":"follow","max-snippet":"max-snippet:-1","max-image-preview":"max-image-preview:large","max-video-preview":"max-video-preview:-1"},"canonical":"https:\/\/wp.kristdemokraterna.se\/janstefanson\/som-du-behandlar-andra\/","og_locale":"sv_SE","og_type":"article","og_title":"Som du behandlar andra... - Jan Stefanson","og_description":"Det \u00e4r med sorg jag tar del av nyheten att Eker\u00f6s kommunstyrelse beslutat s\u00e4ga nej till de flyktingar som beviljats asyl och blivit tilldelade Eker\u00f6s politiska ledning att v\u00e4lkomna. I mina \u00f6ron \u00e4r det ett fegt beslut som jag hoppas kan r\u00e4ttas till. Jag har sv\u00e5rt att tro att det inte finns gott om plats Read More","og_url":"https:\/\/wp.kristdemokraterna.se\/janstefanson\/som-du-behandlar-andra\/","og_site_name":"Jan Stefanson","article_published_time":"2016-10-26T08:39:31+00:00","author":"janstefanson","twitter_card":"summary_large_image","twitter_misc":{"Skriven av":"janstefanson","Ber\u00e4knad l\u00e4stid":"1 minut"},"schema":{"@context":"https:\/\/schema.org","@graph":[{"@type":"Article","@id":"https:\/\/wp.kristdemokraterna.se\/janstefanson\/som-du-behandlar-andra\/#article","isPartOf":{"@id":"https:\/\/wp.kristdemokraterna.se\/janstefanson\/som-du-behandlar-andra\/"},"author":{"name":"janstefanson","@id":"https:\/\/wp.kristdemokraterna.se\/janstefanson\/#\/schema\/person\/f8122372f46f49cffa0c02a57c89b40f"},"headline":"Som du behandlar andra&#8230;","datePublished":"2016-10-26T08:39:31+00:00","mainEntityOfPage":{"@id":"https:\/\/wp.kristdemokraterna.se\/janstefanson\/som-du-behandlar-andra\/"},"wordCount":193,"inLanguage":"sv-SE"},{"@type":"WebPage","@id":"https:\/\/wp.kristdemokraterna.se\/janstefanson\/som-du-behandlar-andra\/","url":"https:\/\/wp.kristdemokraterna.se\/janstefanson\/som-du-behandlar-andra\/","name":"Som du behandlar andra... - Jan Stefanson","isPartOf":{"@id":"https:\/\/wp.kristdemokraterna.se\/janstefanson\/#website"},"datePublished":"2016-10-26T08:39:31+00:00","author":{"@id":"https:\/\/wp.kristdemokraterna.se\/janstefanson\/#\/schema\/person\/f8122372f46f49cffa0c02a57c89b40f"},"breadcrumb":{"@id":"https:\/\/wp.kristdemokraterna.se\/janstefanson\/som-du-behandlar-andra\/#breadcrumb"},"inLanguage":"sv-SE","potentialAction":[{"@type":"ReadAction","target":["https:\/\/wp.kristdemokraterna.se\/janstefanson\/som-du-behandlar-andra\/"]}]},{"@type":"BreadcrumbList","@id":"https:\/\/wp.kristdemokraterna.se\/janstefanson\/som-du-behandlar-andra\/#breadcrumb","itemListElement":[{"@type":"ListItem","position":1,"name":"Hem","item":"https:\/\/wp.kristdemokraterna.se\/janstefanson\/"},{"@type":"ListItem","position":2,"name":"Som du behandlar andra&#8230;"}]},{"@type":"WebSite","@id":"https:\/\/wp.kristdemokraterna.se\/janstefanson\/#website","url":"https:\/\/wp.kristdemokraterna.se\/janstefanson\/","name":"Jan Stefanson","description":"En till Kristdemokraterna webbplats","inLanguage":"sv-SE"},{"@type":"Person","@id":"https:\/\/wp.kristdemokraterna.se\/janstefanson\/#\/schema\/person\/f8122372f46f49cffa0c02a57c89b40f","name":"janstefanson","image":{"@type":"ImageObject","inLanguage":"sv-SE","@id":"https:\/\/secure.gravatar.com\/avatar\/c8880da1e0ca1fb1fd99d661e99b32931e79d1537ef8441e71fc6630d4b6633c?s=96&r=g","url":"https:\/\/secure.gravatar.com\/avatar\/c8880da1e0ca1fb1fd99d661e99b32931e79d1537ef8441e71fc6630d4b6633c?s=96&r=g","contentUrl":"https:\/\/secure.gravatar.com\/avatar\/c8880da1e0ca1fb1fd99d661e99b32931e79d1537ef8441e71fc6630d4b6633c?s=96&r=g","caption":"janstefanson"},"url":"https:\/\/wp.kristdemokraterna.se\/janstefanson\/author\/janstefanson\/"}]}},"_links":{"self":[{"href":"https:\/\/wp.kristdemokraterna.se\/janstefanson\/wp-json\/wp\/v2\/posts\/356","targetHints":{"allow":["GET"]}}],"collection":[{"href":"https:\/\/wp.kristdemokraterna.se\/janstefanson\/wp-json\/wp\/v2\/posts"}],"about":[{"href":"https:\/\/wp.kristdemokraterna.se\/janstefanson\/wp-json\/wp\/v2\/types\/post"}],"author":[{"embeddable":true,"href":"https:\/\/wp.kristdemokraterna.se\/janstefanson\/wp-json\/wp\/v2\/users\/530"}],"replies":[{"embeddable":true,"href":"https:\/\/wp.kristdemokraterna.se\/janstefanson\/wp-json\/wp\/v2\/comments?post=356"}],"version-history":[{"count":1,"href":"https:\/\/wp.kristdemokraterna.se\/janstefanson\/wp-json\/wp\/v2\/posts\/356\/revisions"}],"predecessor-version":[{"id":357,"href":"https:\/\/wp.kristdemokraterna.se\/janstefanson\/wp-json\/wp\/v2\/posts\/356\/revisions\/357"}],"wp:attachment":[{"href":"https:\/\/wp.kristdemokraterna.se\/janstefanson\/wp-json\/wp\/v2\/media?parent=356"}],"wp:term":[{"taxonomy":"category","embeddable":true,"href":"https:\/\/wp.kristdemokraterna.se\/janstefanson\/wp-json\/wp\/v2\/categories?post=356"},{"taxonomy":"post_tag","embeddable":true,"href":"https:\/\/wp.kristdemokraterna.se\/janstefanson\/wp-json\/wp\/v2\/tags?post=356"}],"curies":[{"name":"wp","href":"https:\/\/api.w.org\/{rel}","templated":true}]}}