{"id":359,"date":"2016-11-04T10:43:37","date_gmt":"2016-11-04T09:43:37","guid":{"rendered":"http:\/\/wp.kristdemokraterna.se\/janstefanson\/?p=359"},"modified":"2016-11-04T10:43:46","modified_gmt":"2016-11-04T09:43:46","slug":"att-bryta-mot-bosattningslagen","status":"publish","type":"post","link":"https:\/\/wp.kristdemokraterna.se\/janstefanson\/att-bryta-mot-bosattningslagen\/","title":{"rendered":"Att bryta mot bos\u00e4ttningslagen"},"content":{"rendered":"<p>Det p\u00e5g\u00e5r n\u00e5got m\u00e4rkligt p\u00e5 vissa h\u00e5ll. Trots att det svenska flyktingmottagandet i antal \u00e4r \u00f6verenskommet p\u00e5 riksniv\u00e5 och f\u00e5tt en bos\u00e4ttningslag som tydligg\u00f6r vad kommunerna ska g\u00f6ra, s\u00e5 inv\u00e4nder vissa etablerade partif\u00f6retr\u00e4dare och s\u00e4ger ja men inte nu!<\/p>\n<p>Ett f\u00f6rs\u00f6k fr\u00e5n moderaterna i kommunf\u00f6rbundet Stockholms l\u00e4n, KSL, att f\u00e5 med sig \u00f6vriga partier p\u00e5 det sp\u00e5ret misslyckades dock helt nyligen. Visserligen var f\u00f6rslaget inte uppe p\u00e5 bordet eller p\u00e5 annat s\u00e4tt en officiell handling, men f\u00f6rslaget fanns d\u00e4r spritt i en mindre krets utifallatt!<\/p>\n<p>I Sverige har Orbans motst\u00e5nd i Ungern till flyktingmottagande f\u00e5tt allm\u00e4n f\u00f6rf\u00e4ran av de flesta svenska partif\u00f6retr\u00e4dare. Alla EU l\u00e4nder m\u00e5ste solidariskt ta emot! Nu p\u00e5g\u00e5r n\u00e5got som kan liknas med detta p\u00e5 kommunal niv\u00e5 och bevisligen i kampanjform p\u00e5 regional niv\u00e5. De flesta kommuner l\u00f6ser sin uppgift men vissa bryter mot lagen med eget tolkningsf\u00f6retr\u00e4de och har egensinniga sk\u00e4l till varf\u00f6r.<\/p>\n<p>Det \u00e4r inte okey!<\/p>\n<p>&nbsp;<\/p>\n","protected":false},"excerpt":{"rendered":"<p>Det p\u00e5g\u00e5r n\u00e5got m\u00e4rkligt p\u00e5 vissa h\u00e5ll. Trots att det svenska flyktingmottagandet i antal \u00e4r \u00f6verenskommet p\u00e5 riksniv\u00e5 och f\u00e5tt en bos\u00e4ttningslag som tydligg\u00f6r vad kommunerna ska g\u00f6ra, s\u00e5 inv\u00e4nder vissa etablerade partif\u00f6retr\u00e4dare och s\u00e4ger ja men inte nu! Ett f\u00f6rs\u00f6k fr\u00e5n moderaterna i kommunf\u00f6rbundet Stockholms l\u00e4n, KSL, att f\u00e5 med sig \u00f6vriga partier p\u00e5 <a class=\"read-more-link\" href=\"https:\/\/wp.kristdemokraterna.se\/janstefanson\/att-bryta-mot-bosattningslagen\/\">Read More<\/a><\/p>\n","protected":false},"author":530,"featured_media":0,"comment_status":"closed","ping_status":"closed","sticky":false,"template":"","format":"standard","meta":{"_acf_changed":false,"footnotes":""},"categories":[1],"tags":[],"class_list":["post-359","post","type-post","status-publish","format-standard","hentry","category-okategoriserade"],"acf":[],"yoast_head":"<!-- This site is optimized with the Yoast SEO plugin v27.5 - https:\/\/yoast.com\/product\/yoast-seo-wordpress\/ -->\n<title>Att bryta mot bos\u00e4ttningslagen - Jan Stefanson<\/title>\n<meta name=\"robots\" content=\"index, follow, max-snippet:-1, max-image-preview:large, max-video-preview:-1\" \/>\n<link rel=\"canonical\" href=\"https:\/\/wp.kristdemokraterna.se\/janstefanson\/att-bryta-mot-bosattningslagen\/\" \/>\n<meta property=\"og:locale\" content=\"sv_SE\" \/>\n<meta property=\"og:type\" content=\"article\" \/>\n<meta property=\"og:title\" content=\"Att bryta mot bos\u00e4ttningslagen - Jan Stefanson\" \/>\n<meta property=\"og:description\" content=\"Det p\u00e5g\u00e5r n\u00e5got m\u00e4rkligt p\u00e5 vissa h\u00e5ll. Trots att det svenska flyktingmottagandet i antal \u00e4r \u00f6verenskommet p\u00e5 riksniv\u00e5 och f\u00e5tt en bos\u00e4ttningslag som tydligg\u00f6r vad kommunerna ska g\u00f6ra, s\u00e5 inv\u00e4nder vissa etablerade partif\u00f6retr\u00e4dare och s\u00e4ger ja men inte nu! Ett f\u00f6rs\u00f6k fr\u00e5n moderaterna i kommunf\u00f6rbundet Stockholms l\u00e4n, KSL, att f\u00e5 med sig \u00f6vriga partier p\u00e5 Read More\" \/>\n<meta property=\"og:url\" content=\"https:\/\/wp.kristdemokraterna.se\/janstefanson\/att-bryta-mot-bosattningslagen\/\" \/>\n<meta property=\"og:site_name\" content=\"Jan Stefanson\" \/>\n<meta property=\"article:published_time\" content=\"2016-11-04T09:43:37+00:00\" \/>\n<meta property=\"article:modified_time\" content=\"2016-11-04T09:43:46+00:00\" \/>\n<meta name=\"author\" content=\"janstefanson\" \/>\n<meta name=\"twitter:card\" content=\"summary_large_image\" \/>\n<meta name=\"twitter:label1\" content=\"Skriven av\" \/>\n\t<meta name=\"twitter:data1\" content=\"janstefanson\" \/>\n\t<meta name=\"twitter:label2\" content=\"Ber\u00e4knad l\u00e4stid\" \/>\n\t<meta name=\"twitter:data2\" content=\"1 minut\" \/>\n<script type=\"application\/ld+json\" class=\"yoast-schema-graph\">{\"@context\":\"https:\\\/\\\/schema.org\",\"@graph\":[{\"@type\":\"Article\",\"@id\":\"https:\\\/\\\/wp.kristdemokraterna.se\\\/janstefanson\\\/att-bryta-mot-bosattningslagen\\\/#article\",\"isPartOf\":{\"@id\":\"https:\\\/\\\/wp.kristdemokraterna.se\\\/janstefanson\\\/att-bryta-mot-bosattningslagen\\\/\"},\"author\":{\"name\":\"janstefanson\",\"@id\":\"https:\\\/\\\/wp.kristdemokraterna.se\\\/janstefanson\\\/#\\\/schema\\\/person\\\/f8122372f46f49cffa0c02a57c89b40f\"},\"headline\":\"Att bryta mot bos\u00e4ttningslagen\",\"datePublished\":\"2016-11-04T09:43:37+00:00\",\"dateModified\":\"2016-11-04T09:43:46+00:00\",\"mainEntityOfPage\":{\"@id\":\"https:\\\/\\\/wp.kristdemokraterna.se\\\/janstefanson\\\/att-bryta-mot-bosattningslagen\\\/\"},\"wordCount\":197,\"inLanguage\":\"sv-SE\"},{\"@type\":\"WebPage\",\"@id\":\"https:\\\/\\\/wp.kristdemokraterna.se\\\/janstefanson\\\/att-bryta-mot-bosattningslagen\\\/\",\"url\":\"https:\\\/\\\/wp.kristdemokraterna.se\\\/janstefanson\\\/att-bryta-mot-bosattningslagen\\\/\",\"name\":\"Att bryta mot bos\u00e4ttningslagen - Jan Stefanson\",\"isPartOf\":{\"@id\":\"https:\\\/\\\/wp.kristdemokraterna.se\\\/janstefanson\\\/#website\"},\"datePublished\":\"2016-11-04T09:43:37+00:00\",\"dateModified\":\"2016-11-04T09:43:46+00:00\",\"author\":{\"@id\":\"https:\\\/\\\/wp.kristdemokraterna.se\\\/janstefanson\\\/#\\\/schema\\\/person\\\/f8122372f46f49cffa0c02a57c89b40f\"},\"breadcrumb\":{\"@id\":\"https:\\\/\\\/wp.kristdemokraterna.se\\\/janstefanson\\\/att-bryta-mot-bosattningslagen\\\/#breadcrumb\"},\"inLanguage\":\"sv-SE\",\"potentialAction\":[{\"@type\":\"ReadAction\",\"target\":[\"https:\\\/\\\/wp.kristdemokraterna.se\\\/janstefanson\\\/att-bryta-mot-bosattningslagen\\\/\"]}]},{\"@type\":\"BreadcrumbList\",\"@id\":\"https:\\\/\\\/wp.kristdemokraterna.se\\\/janstefanson\\\/att-bryta-mot-bosattningslagen\\\/#breadcrumb\",\"itemListElement\":[{\"@type\":\"ListItem\",\"position\":1,\"name\":\"Hem\",\"item\":\"https:\\\/\\\/wp.kristdemokraterna.se\\\/janstefanson\\\/\"},{\"@type\":\"ListItem\",\"position\":2,\"name\":\"Att bryta mot bos\u00e4ttningslagen\"}]},{\"@type\":\"WebSite\",\"@id\":\"https:\\\/\\\/wp.kristdemokraterna.se\\\/janstefanson\\\/#website\",\"url\":\"https:\\\/\\\/wp.kristdemokraterna.se\\\/janstefanson\\\/\",\"name\":\"Jan Stefanson\",\"description\":\"En till Kristdemokraterna webbplats\",\"inLanguage\":\"sv-SE\"},{\"@type\":\"Person\",\"@id\":\"https:\\\/\\\/wp.kristdemokraterna.se\\\/janstefanson\\\/#\\\/schema\\\/person\\\/f8122372f46f49cffa0c02a57c89b40f\",\"name\":\"janstefanson\",\"image\":{\"@type\":\"ImageObject\",\"inLanguage\":\"sv-SE\",\"@id\":\"https:\\\/\\\/secure.gravatar.com\\\/avatar\\\/c8880da1e0ca1fb1fd99d661e99b32931e79d1537ef8441e71fc6630d4b6633c?s=96&r=g\",\"url\":\"https:\\\/\\\/secure.gravatar.com\\\/avatar\\\/c8880da1e0ca1fb1fd99d661e99b32931e79d1537ef8441e71fc6630d4b6633c?s=96&r=g\",\"contentUrl\":\"https:\\\/\\\/secure.gravatar.com\\\/avatar\\\/c8880da1e0ca1fb1fd99d661e99b32931e79d1537ef8441e71fc6630d4b6633c?s=96&r=g\",\"caption\":\"janstefanson\"},\"url\":\"https:\\\/\\\/wp.kristdemokraterna.se\\\/janstefanson\\\/author\\\/janstefanson\\\/\"}]}<\/script>\n<!-- \/ Yoast SEO plugin. -->","yoast_head_json":{"title":"Att bryta mot bos\u00e4ttningslagen - Jan Stefanson","robots":{"index":"index","follow":"follow","max-snippet":"max-snippet:-1","max-image-preview":"max-image-preview:large","max-video-preview":"max-video-preview:-1"},"canonical":"https:\/\/wp.kristdemokraterna.se\/janstefanson\/att-bryta-mot-bosattningslagen\/","og_locale":"sv_SE","og_type":"article","og_title":"Att bryta mot bos\u00e4ttningslagen - Jan Stefanson","og_description":"Det p\u00e5g\u00e5r n\u00e5got m\u00e4rkligt p\u00e5 vissa h\u00e5ll. Trots att det svenska flyktingmottagandet i antal \u00e4r \u00f6verenskommet p\u00e5 riksniv\u00e5 och f\u00e5tt en bos\u00e4ttningslag som tydligg\u00f6r vad kommunerna ska g\u00f6ra, s\u00e5 inv\u00e4nder vissa etablerade partif\u00f6retr\u00e4dare och s\u00e4ger ja men inte nu! Ett f\u00f6rs\u00f6k fr\u00e5n moderaterna i kommunf\u00f6rbundet Stockholms l\u00e4n, KSL, att f\u00e5 med sig \u00f6vriga partier p\u00e5 Read More","og_url":"https:\/\/wp.kristdemokraterna.se\/janstefanson\/att-bryta-mot-bosattningslagen\/","og_site_name":"Jan Stefanson","article_published_time":"2016-11-04T09:43:37+00:00","article_modified_time":"2016-11-04T09:43:46+00:00","author":"janstefanson","twitter_card":"summary_large_image","twitter_misc":{"Skriven av":"janstefanson","Ber\u00e4knad l\u00e4stid":"1 minut"},"schema":{"@context":"https:\/\/schema.org","@graph":[{"@type":"Article","@id":"https:\/\/wp.kristdemokraterna.se\/janstefanson\/att-bryta-mot-bosattningslagen\/#article","isPartOf":{"@id":"https:\/\/wp.kristdemokraterna.se\/janstefanson\/att-bryta-mot-bosattningslagen\/"},"author":{"name":"janstefanson","@id":"https:\/\/wp.kristdemokraterna.se\/janstefanson\/#\/schema\/person\/f8122372f46f49cffa0c02a57c89b40f"},"headline":"Att bryta mot bos\u00e4ttningslagen","datePublished":"2016-11-04T09:43:37+00:00","dateModified":"2016-11-04T09:43:46+00:00","mainEntityOfPage":{"@id":"https:\/\/wp.kristdemokraterna.se\/janstefanson\/att-bryta-mot-bosattningslagen\/"},"wordCount":197,"inLanguage":"sv-SE"},{"@type":"WebPage","@id":"https:\/\/wp.kristdemokraterna.se\/janstefanson\/att-bryta-mot-bosattningslagen\/","url":"https:\/\/wp.kristdemokraterna.se\/janstefanson\/att-bryta-mot-bosattningslagen\/","name":"Att bryta mot bos\u00e4ttningslagen - Jan Stefanson","isPartOf":{"@id":"https:\/\/wp.kristdemokraterna.se\/janstefanson\/#website"},"datePublished":"2016-11-04T09:43:37+00:00","dateModified":"2016-11-04T09:43:46+00:00","author":{"@id":"https:\/\/wp.kristdemokraterna.se\/janstefanson\/#\/schema\/person\/f8122372f46f49cffa0c02a57c89b40f"},"breadcrumb":{"@id":"https:\/\/wp.kristdemokraterna.se\/janstefanson\/att-bryta-mot-bosattningslagen\/#breadcrumb"},"inLanguage":"sv-SE","potentialAction":[{"@type":"ReadAction","target":["https:\/\/wp.kristdemokraterna.se\/janstefanson\/att-bryta-mot-bosattningslagen\/"]}]},{"@type":"BreadcrumbList","@id":"https:\/\/wp.kristdemokraterna.se\/janstefanson\/att-bryta-mot-bosattningslagen\/#breadcrumb","itemListElement":[{"@type":"ListItem","position":1,"name":"Hem","item":"https:\/\/wp.kristdemokraterna.se\/janstefanson\/"},{"@type":"ListItem","position":2,"name":"Att bryta mot bos\u00e4ttningslagen"}]},{"@type":"WebSite","@id":"https:\/\/wp.kristdemokraterna.se\/janstefanson\/#website","url":"https:\/\/wp.kristdemokraterna.se\/janstefanson\/","name":"Jan Stefanson","description":"En till Kristdemokraterna webbplats","inLanguage":"sv-SE"},{"@type":"Person","@id":"https:\/\/wp.kristdemokraterna.se\/janstefanson\/#\/schema\/person\/f8122372f46f49cffa0c02a57c89b40f","name":"janstefanson","image":{"@type":"ImageObject","inLanguage":"sv-SE","@id":"https:\/\/secure.gravatar.com\/avatar\/c8880da1e0ca1fb1fd99d661e99b32931e79d1537ef8441e71fc6630d4b6633c?s=96&r=g","url":"https:\/\/secure.gravatar.com\/avatar\/c8880da1e0ca1fb1fd99d661e99b32931e79d1537ef8441e71fc6630d4b6633c?s=96&r=g","contentUrl":"https:\/\/secure.gravatar.com\/avatar\/c8880da1e0ca1fb1fd99d661e99b32931e79d1537ef8441e71fc6630d4b6633c?s=96&r=g","caption":"janstefanson"},"url":"https:\/\/wp.kristdemokraterna.se\/janstefanson\/author\/janstefanson\/"}]}},"_links":{"self":[{"href":"https:\/\/wp.kristdemokraterna.se\/janstefanson\/wp-json\/wp\/v2\/posts\/359","targetHints":{"allow":["GET"]}}],"collection":[{"href":"https:\/\/wp.kristdemokraterna.se\/janstefanson\/wp-json\/wp\/v2\/posts"}],"about":[{"href":"https:\/\/wp.kristdemokraterna.se\/janstefanson\/wp-json\/wp\/v2\/types\/post"}],"author":[{"embeddable":true,"href":"https:\/\/wp.kristdemokraterna.se\/janstefanson\/wp-json\/wp\/v2\/users\/530"}],"replies":[{"embeddable":true,"href":"https:\/\/wp.kristdemokraterna.se\/janstefanson\/wp-json\/wp\/v2\/comments?post=359"}],"version-history":[{"count":1,"href":"https:\/\/wp.kristdemokraterna.se\/janstefanson\/wp-json\/wp\/v2\/posts\/359\/revisions"}],"predecessor-version":[{"id":360,"href":"https:\/\/wp.kristdemokraterna.se\/janstefanson\/wp-json\/wp\/v2\/posts\/359\/revisions\/360"}],"wp:attachment":[{"href":"https:\/\/wp.kristdemokraterna.se\/janstefanson\/wp-json\/wp\/v2\/media?parent=359"}],"wp:term":[{"taxonomy":"category","embeddable":true,"href":"https:\/\/wp.kristdemokraterna.se\/janstefanson\/wp-json\/wp\/v2\/categories?post=359"},{"taxonomy":"post_tag","embeddable":true,"href":"https:\/\/wp.kristdemokraterna.se\/janstefanson\/wp-json\/wp\/v2\/tags?post=359"}],"curies":[{"name":"wp","href":"https:\/\/api.w.org\/{rel}","templated":true}]}}