{"id":361,"date":"2016-11-08T09:23:45","date_gmt":"2016-11-08T08:23:45","guid":{"rendered":"http:\/\/wp.kristdemokraterna.se\/janstefanson\/?p=361"},"modified":"2016-11-08T09:26:18","modified_gmt":"2016-11-08T08:26:18","slug":"amerika-fran-hatuna-utsikt","status":"publish","type":"post","link":"https:\/\/wp.kristdemokraterna.se\/janstefanson\/amerika-fran-hatuna-utsikt\/","title":{"rendered":"Amerika fr\u00e5n H\u00e5tuna utsikt"},"content":{"rendered":"<p>Idag ligger det sp\u00e4nning i luften. Svartkl\u00e4dda TV-presentat\u00f6rer med mycket allvar och framtidsanalyser. USA ska r\u00f6sta om president. Det \u00e4r j\u00e4mnt mellan dem trots en h\u00e4nsynsl\u00f6s valr\u00f6relse och tv\u00e5 av folket o\u00f6nskade kandidater.<\/p>\n<p>Fr\u00e5n H\u00e5tunas horisont ter sig valutfallet mindre viktigt \u00e4n det tudelade USA som tr\u00e4tt fram i kampanjandet. H\u00e5gl\u00f6shet och missn\u00f6je i ett av v\u00e4rldens viktigaste l\u00e4nder. Vi p\u00e5verkas p\u00e5 kort sikt och den l\u00e4ngre sikten \u00e4r v\u00e4ldigt m\u00f6rk.<\/p>\n<p>USA \u00e4r p\u00e5 n\u00e5got s\u00e4tt bekr\u00e4ftelsen p\u00e5 att den girighet som till\u00e5tits utbredning i stora delar av v\u00e4rlden nu sl\u00e5r tillbaka. Fredrik Reinfeltds analys i TV soffan i morse var densamma. N\u00e5gra f\u00e5 p\u00e5 toppen har f\u00e5tt det v\u00e4ldigt mycket b\u00e4ttre och medelklassen s\u00e4mre. Konkurrensen har st\u00e4ngt industrier och arbetstrygghet har bytts mot arbetsl\u00f6shet. Famtidshopp har ersatts av ilska och missn\u00f6je. Beskrivningen hade lika g\u00e4rna kunna vara n\u00e5got Europeiskt land.<\/p>\n<p>Traditionella m\u00e4tmetoder hos opinionsinstituten g\u00e5r inte att lita p\u00e5. Det har kommit in nya faktorer s\u00e5som skammen att avsl\u00f6ja sitt val eller ovilja att r\u00f6sta alls. Ingen tillf\u00f6rlitlig m\u00e4tning finns trots att valresultatet \u00e4r bara n\u00e5gra timmar bort.<\/p>\n<p>Spelbolagen gnuggar h\u00e4nderna i f\u00f6rtjusning \u00f6ver l\u00e4get. Aldrig tidigare har det spelats i s\u00e5dan omfattning p\u00e5 vem som kommer bli president. Nog antyder detta en form av panik. T\u00e4nk att bli stormrik p\u00e5 h\u00f6goddsaren Trump!!<\/p>\n<p>N\u00e4r valvakan startar i kv\u00e4ll befinner jag mig p\u00e5 ett m\u00f6te i Brunnby utanf\u00f6r V\u00e4ster\u00e5s. Vi \u00e4r tjugofyra ledam\u00f6ter fr\u00e5n kommunerna norr om M\u00e4laren som ska ha Leader-m\u00f6te. Det handlar om landsbygdsutveckling. En handfull ans\u00f6kningar ska vi ta st\u00e4llning till. Alltifr\u00e5n sm\u00e5 bidrag p\u00e5 n\u00e5gra tiotusentals kronor till n\u00e5gon miljon. Mycket pengar som kan g\u00f6ra stor skillnad i det lilla samh\u00e4llet med n\u00e5gra entusiaster i spetsen.<\/p>\n<p>Samtidigt beter sig toppkandidaterna i v\u00e4rldens rikaste och m\u00e4ktigaste land p\u00e5 ett s\u00e4tt som brister i det mesta. \u00c5tminstone den ena! Vore det en idrottsaktivitet skulle domaren ingripa och f\u00f6rvisa fr\u00e5n spelplanen. Det \u00e4r uppenbar brist p\u00e5 moral och etik och utan det ser det m\u00f6rkt ut fr\u00e5n H\u00e5tunas horisont.<\/p>\n","protected":false},"excerpt":{"rendered":"<p>Idag ligger det sp\u00e4nning i luften. Svartkl\u00e4dda TV-presentat\u00f6rer med mycket allvar och framtidsanalyser. USA ska r\u00f6sta om president. Det \u00e4r j\u00e4mnt mellan dem trots en h\u00e4nsynsl\u00f6s valr\u00f6relse och tv\u00e5 av folket o\u00f6nskade kandidater. Fr\u00e5n H\u00e5tunas horisont ter sig valutfallet mindre viktigt \u00e4n det tudelade USA som tr\u00e4tt fram i kampanjandet. H\u00e5gl\u00f6shet och missn\u00f6je i ett <a class=\"read-more-link\" href=\"https:\/\/wp.kristdemokraterna.se\/janstefanson\/amerika-fran-hatuna-utsikt\/\">Read More<\/a><\/p>\n","protected":false},"author":530,"featured_media":0,"comment_status":"closed","ping_status":"closed","sticky":false,"template":"","format":"standard","meta":{"_acf_changed":false,"footnotes":""},"categories":[1],"tags":[],"class_list":["post-361","post","type-post","status-publish","format-standard","hentry","category-okategoriserade"],"acf":[],"yoast_head":"<!-- This site is optimized with the Yoast SEO plugin v27.5 - https:\/\/yoast.com\/product\/yoast-seo-wordpress\/ -->\n<title>Amerika fr\u00e5n H\u00e5tuna utsikt - Jan Stefanson<\/title>\n<meta name=\"robots\" content=\"index, follow, max-snippet:-1, max-image-preview:large, max-video-preview:-1\" \/>\n<link rel=\"canonical\" href=\"https:\/\/wp.kristdemokraterna.se\/janstefanson\/amerika-fran-hatuna-utsikt\/\" \/>\n<meta property=\"og:locale\" content=\"sv_SE\" \/>\n<meta property=\"og:type\" content=\"article\" \/>\n<meta property=\"og:title\" content=\"Amerika fr\u00e5n H\u00e5tuna utsikt - Jan Stefanson\" \/>\n<meta property=\"og:description\" content=\"Idag ligger det sp\u00e4nning i luften. Svartkl\u00e4dda TV-presentat\u00f6rer med mycket allvar och framtidsanalyser. USA ska r\u00f6sta om president. Det \u00e4r j\u00e4mnt mellan dem trots en h\u00e4nsynsl\u00f6s valr\u00f6relse och tv\u00e5 av folket o\u00f6nskade kandidater. Fr\u00e5n H\u00e5tunas horisont ter sig valutfallet mindre viktigt \u00e4n det tudelade USA som tr\u00e4tt fram i kampanjandet. H\u00e5gl\u00f6shet och missn\u00f6je i ett Read More\" \/>\n<meta property=\"og:url\" content=\"https:\/\/wp.kristdemokraterna.se\/janstefanson\/amerika-fran-hatuna-utsikt\/\" \/>\n<meta property=\"og:site_name\" content=\"Jan Stefanson\" \/>\n<meta property=\"article:published_time\" content=\"2016-11-08T08:23:45+00:00\" \/>\n<meta property=\"article:modified_time\" content=\"2016-11-08T08:26:18+00:00\" \/>\n<meta name=\"author\" content=\"janstefanson\" \/>\n<meta name=\"twitter:card\" content=\"summary_large_image\" \/>\n<meta name=\"twitter:label1\" content=\"Skriven av\" \/>\n\t<meta name=\"twitter:data1\" content=\"janstefanson\" \/>\n\t<meta name=\"twitter:label2\" content=\"Ber\u00e4knad l\u00e4stid\" \/>\n\t<meta name=\"twitter:data2\" content=\"2 minuter\" \/>\n<script type=\"application\/ld+json\" class=\"yoast-schema-graph\">{\"@context\":\"https:\\\/\\\/schema.org\",\"@graph\":[{\"@type\":\"Article\",\"@id\":\"https:\\\/\\\/wp.kristdemokraterna.se\\\/janstefanson\\\/amerika-fran-hatuna-utsikt\\\/#article\",\"isPartOf\":{\"@id\":\"https:\\\/\\\/wp.kristdemokraterna.se\\\/janstefanson\\\/amerika-fran-hatuna-utsikt\\\/\"},\"author\":{\"name\":\"janstefanson\",\"@id\":\"https:\\\/\\\/wp.kristdemokraterna.se\\\/janstefanson\\\/#\\\/schema\\\/person\\\/f8122372f46f49cffa0c02a57c89b40f\"},\"headline\":\"Amerika fr\u00e5n H\u00e5tuna utsikt\",\"datePublished\":\"2016-11-08T08:23:45+00:00\",\"dateModified\":\"2016-11-08T08:26:18+00:00\",\"mainEntityOfPage\":{\"@id\":\"https:\\\/\\\/wp.kristdemokraterna.se\\\/janstefanson\\\/amerika-fran-hatuna-utsikt\\\/\"},\"wordCount\":413,\"inLanguage\":\"sv-SE\"},{\"@type\":\"WebPage\",\"@id\":\"https:\\\/\\\/wp.kristdemokraterna.se\\\/janstefanson\\\/amerika-fran-hatuna-utsikt\\\/\",\"url\":\"https:\\\/\\\/wp.kristdemokraterna.se\\\/janstefanson\\\/amerika-fran-hatuna-utsikt\\\/\",\"name\":\"Amerika fr\u00e5n H\u00e5tuna utsikt - Jan Stefanson\",\"isPartOf\":{\"@id\":\"https:\\\/\\\/wp.kristdemokraterna.se\\\/janstefanson\\\/#website\"},\"datePublished\":\"2016-11-08T08:23:45+00:00\",\"dateModified\":\"2016-11-08T08:26:18+00:00\",\"author\":{\"@id\":\"https:\\\/\\\/wp.kristdemokraterna.se\\\/janstefanson\\\/#\\\/schema\\\/person\\\/f8122372f46f49cffa0c02a57c89b40f\"},\"breadcrumb\":{\"@id\":\"https:\\\/\\\/wp.kristdemokraterna.se\\\/janstefanson\\\/amerika-fran-hatuna-utsikt\\\/#breadcrumb\"},\"inLanguage\":\"sv-SE\",\"potentialAction\":[{\"@type\":\"ReadAction\",\"target\":[\"https:\\\/\\\/wp.kristdemokraterna.se\\\/janstefanson\\\/amerika-fran-hatuna-utsikt\\\/\"]}]},{\"@type\":\"BreadcrumbList\",\"@id\":\"https:\\\/\\\/wp.kristdemokraterna.se\\\/janstefanson\\\/amerika-fran-hatuna-utsikt\\\/#breadcrumb\",\"itemListElement\":[{\"@type\":\"ListItem\",\"position\":1,\"name\":\"Hem\",\"item\":\"https:\\\/\\\/wp.kristdemokraterna.se\\\/janstefanson\\\/\"},{\"@type\":\"ListItem\",\"position\":2,\"name\":\"Amerika fr\u00e5n H\u00e5tuna utsikt\"}]},{\"@type\":\"WebSite\",\"@id\":\"https:\\\/\\\/wp.kristdemokraterna.se\\\/janstefanson\\\/#website\",\"url\":\"https:\\\/\\\/wp.kristdemokraterna.se\\\/janstefanson\\\/\",\"name\":\"Jan Stefanson\",\"description\":\"En till Kristdemokraterna webbplats\",\"inLanguage\":\"sv-SE\"},{\"@type\":\"Person\",\"@id\":\"https:\\\/\\\/wp.kristdemokraterna.se\\\/janstefanson\\\/#\\\/schema\\\/person\\\/f8122372f46f49cffa0c02a57c89b40f\",\"name\":\"janstefanson\",\"image\":{\"@type\":\"ImageObject\",\"inLanguage\":\"sv-SE\",\"@id\":\"https:\\\/\\\/secure.gravatar.com\\\/avatar\\\/c8880da1e0ca1fb1fd99d661e99b32931e79d1537ef8441e71fc6630d4b6633c?s=96&r=g\",\"url\":\"https:\\\/\\\/secure.gravatar.com\\\/avatar\\\/c8880da1e0ca1fb1fd99d661e99b32931e79d1537ef8441e71fc6630d4b6633c?s=96&r=g\",\"contentUrl\":\"https:\\\/\\\/secure.gravatar.com\\\/avatar\\\/c8880da1e0ca1fb1fd99d661e99b32931e79d1537ef8441e71fc6630d4b6633c?s=96&r=g\",\"caption\":\"janstefanson\"},\"url\":\"https:\\\/\\\/wp.kristdemokraterna.se\\\/janstefanson\\\/author\\\/janstefanson\\\/\"}]}<\/script>\n<!-- \/ Yoast SEO plugin. -->","yoast_head_json":{"title":"Amerika fr\u00e5n H\u00e5tuna utsikt - Jan Stefanson","robots":{"index":"index","follow":"follow","max-snippet":"max-snippet:-1","max-image-preview":"max-image-preview:large","max-video-preview":"max-video-preview:-1"},"canonical":"https:\/\/wp.kristdemokraterna.se\/janstefanson\/amerika-fran-hatuna-utsikt\/","og_locale":"sv_SE","og_type":"article","og_title":"Amerika fr\u00e5n H\u00e5tuna utsikt - Jan Stefanson","og_description":"Idag ligger det sp\u00e4nning i luften. Svartkl\u00e4dda TV-presentat\u00f6rer med mycket allvar och framtidsanalyser. USA ska r\u00f6sta om president. Det \u00e4r j\u00e4mnt mellan dem trots en h\u00e4nsynsl\u00f6s valr\u00f6relse och tv\u00e5 av folket o\u00f6nskade kandidater. Fr\u00e5n H\u00e5tunas horisont ter sig valutfallet mindre viktigt \u00e4n det tudelade USA som tr\u00e4tt fram i kampanjandet. H\u00e5gl\u00f6shet och missn\u00f6je i ett Read More","og_url":"https:\/\/wp.kristdemokraterna.se\/janstefanson\/amerika-fran-hatuna-utsikt\/","og_site_name":"Jan Stefanson","article_published_time":"2016-11-08T08:23:45+00:00","article_modified_time":"2016-11-08T08:26:18+00:00","author":"janstefanson","twitter_card":"summary_large_image","twitter_misc":{"Skriven av":"janstefanson","Ber\u00e4knad l\u00e4stid":"2 minuter"},"schema":{"@context":"https:\/\/schema.org","@graph":[{"@type":"Article","@id":"https:\/\/wp.kristdemokraterna.se\/janstefanson\/amerika-fran-hatuna-utsikt\/#article","isPartOf":{"@id":"https:\/\/wp.kristdemokraterna.se\/janstefanson\/amerika-fran-hatuna-utsikt\/"},"author":{"name":"janstefanson","@id":"https:\/\/wp.kristdemokraterna.se\/janstefanson\/#\/schema\/person\/f8122372f46f49cffa0c02a57c89b40f"},"headline":"Amerika fr\u00e5n H\u00e5tuna utsikt","datePublished":"2016-11-08T08:23:45+00:00","dateModified":"2016-11-08T08:26:18+00:00","mainEntityOfPage":{"@id":"https:\/\/wp.kristdemokraterna.se\/janstefanson\/amerika-fran-hatuna-utsikt\/"},"wordCount":413,"inLanguage":"sv-SE"},{"@type":"WebPage","@id":"https:\/\/wp.kristdemokraterna.se\/janstefanson\/amerika-fran-hatuna-utsikt\/","url":"https:\/\/wp.kristdemokraterna.se\/janstefanson\/amerika-fran-hatuna-utsikt\/","name":"Amerika fr\u00e5n H\u00e5tuna utsikt - Jan Stefanson","isPartOf":{"@id":"https:\/\/wp.kristdemokraterna.se\/janstefanson\/#website"},"datePublished":"2016-11-08T08:23:45+00:00","dateModified":"2016-11-08T08:26:18+00:00","author":{"@id":"https:\/\/wp.kristdemokraterna.se\/janstefanson\/#\/schema\/person\/f8122372f46f49cffa0c02a57c89b40f"},"breadcrumb":{"@id":"https:\/\/wp.kristdemokraterna.se\/janstefanson\/amerika-fran-hatuna-utsikt\/#breadcrumb"},"inLanguage":"sv-SE","potentialAction":[{"@type":"ReadAction","target":["https:\/\/wp.kristdemokraterna.se\/janstefanson\/amerika-fran-hatuna-utsikt\/"]}]},{"@type":"BreadcrumbList","@id":"https:\/\/wp.kristdemokraterna.se\/janstefanson\/amerika-fran-hatuna-utsikt\/#breadcrumb","itemListElement":[{"@type":"ListItem","position":1,"name":"Hem","item":"https:\/\/wp.kristdemokraterna.se\/janstefanson\/"},{"@type":"ListItem","position":2,"name":"Amerika fr\u00e5n H\u00e5tuna utsikt"}]},{"@type":"WebSite","@id":"https:\/\/wp.kristdemokraterna.se\/janstefanson\/#website","url":"https:\/\/wp.kristdemokraterna.se\/janstefanson\/","name":"Jan Stefanson","description":"En till Kristdemokraterna webbplats","inLanguage":"sv-SE"},{"@type":"Person","@id":"https:\/\/wp.kristdemokraterna.se\/janstefanson\/#\/schema\/person\/f8122372f46f49cffa0c02a57c89b40f","name":"janstefanson","image":{"@type":"ImageObject","inLanguage":"sv-SE","@id":"https:\/\/secure.gravatar.com\/avatar\/c8880da1e0ca1fb1fd99d661e99b32931e79d1537ef8441e71fc6630d4b6633c?s=96&r=g","url":"https:\/\/secure.gravatar.com\/avatar\/c8880da1e0ca1fb1fd99d661e99b32931e79d1537ef8441e71fc6630d4b6633c?s=96&r=g","contentUrl":"https:\/\/secure.gravatar.com\/avatar\/c8880da1e0ca1fb1fd99d661e99b32931e79d1537ef8441e71fc6630d4b6633c?s=96&r=g","caption":"janstefanson"},"url":"https:\/\/wp.kristdemokraterna.se\/janstefanson\/author\/janstefanson\/"}]}},"_links":{"self":[{"href":"https:\/\/wp.kristdemokraterna.se\/janstefanson\/wp-json\/wp\/v2\/posts\/361","targetHints":{"allow":["GET"]}}],"collection":[{"href":"https:\/\/wp.kristdemokraterna.se\/janstefanson\/wp-json\/wp\/v2\/posts"}],"about":[{"href":"https:\/\/wp.kristdemokraterna.se\/janstefanson\/wp-json\/wp\/v2\/types\/post"}],"author":[{"embeddable":true,"href":"https:\/\/wp.kristdemokraterna.se\/janstefanson\/wp-json\/wp\/v2\/users\/530"}],"replies":[{"embeddable":true,"href":"https:\/\/wp.kristdemokraterna.se\/janstefanson\/wp-json\/wp\/v2\/comments?post=361"}],"version-history":[{"count":1,"href":"https:\/\/wp.kristdemokraterna.se\/janstefanson\/wp-json\/wp\/v2\/posts\/361\/revisions"}],"predecessor-version":[{"id":362,"href":"https:\/\/wp.kristdemokraterna.se\/janstefanson\/wp-json\/wp\/v2\/posts\/361\/revisions\/362"}],"wp:attachment":[{"href":"https:\/\/wp.kristdemokraterna.se\/janstefanson\/wp-json\/wp\/v2\/media?parent=361"}],"wp:term":[{"taxonomy":"category","embeddable":true,"href":"https:\/\/wp.kristdemokraterna.se\/janstefanson\/wp-json\/wp\/v2\/categories?post=361"},{"taxonomy":"post_tag","embeddable":true,"href":"https:\/\/wp.kristdemokraterna.se\/janstefanson\/wp-json\/wp\/v2\/tags?post=361"}],"curies":[{"name":"wp","href":"https:\/\/api.w.org\/{rel}","templated":true}]}}