{"id":365,"date":"2016-11-09T19:53:37","date_gmt":"2016-11-09T18:53:37","guid":{"rendered":"http:\/\/wp.kristdemokraterna.se\/janstefanson\/?p=365"},"modified":"2016-11-10T16:48:25","modified_gmt":"2016-11-10T15:48:25","slug":"att-forlora-ar-att-vinna","status":"publish","type":"post","link":"https:\/\/wp.kristdemokraterna.se\/janstefanson\/att-forlora-ar-att-vinna\/","title":{"rendered":"Att f\u00f6rlora v\u00e4rdigt \u00e4r att vinna n\u00e5got st\u00f6rre"},"content":{"rendered":"<p>I den mots\u00e4gelsefulla rubriken finns en gammal klokskap. Fritt tolkat kan man s\u00e4ga att det \u00e4r n\u00e5got stort att f\u00f6rlora med hedern i beh\u00e5ll. Det gjorde Hillary Clinton och det bevisades i hennes tal efter f\u00f6rlusten. Vilken storhet! Vilken karakt\u00e4r! Vilken ledare! \u00a0Vilken styrka hon visade!<\/p>\n<p>Donald Trump h\u00f6ll ocks\u00e5 ovanligt bra tal. Om det \u00e4r v\u00e4rt ber\u00f6m \u00e5terst\u00e5r att bed\u00f6ma. Nu m\u00e5ste han bevisa sin karakt\u00e4r som ledare i g\u00e4rningar. Att h\u00e5lla ett positivt och &#8221;\u00f6dmjukt&#8221; tal som vinnare \u00e4r allt f\u00f6r enkelt.<\/p>\n<p>En ledare avsl\u00f6jar sin karakt\u00e4r och sina egenskaper b\u00e4st i motg\u00e5ng!<\/p>\n","protected":false},"excerpt":{"rendered":"<p>I den mots\u00e4gelsefulla rubriken finns en gammal klokskap. Fritt tolkat kan man s\u00e4ga att det \u00e4r n\u00e5got stort att f\u00f6rlora med hedern i beh\u00e5ll. Det gjorde Hillary Clinton och det bevisades i hennes tal efter f\u00f6rlusten. Vilken storhet! Vilken karakt\u00e4r! Vilken ledare! \u00a0Vilken styrka hon visade! Donald Trump h\u00f6ll ocks\u00e5 ovanligt bra tal. Om det <a class=\"read-more-link\" href=\"https:\/\/wp.kristdemokraterna.se\/janstefanson\/att-forlora-ar-att-vinna\/\">Read More<\/a><\/p>\n","protected":false},"author":530,"featured_media":0,"comment_status":"closed","ping_status":"closed","sticky":false,"template":"","format":"standard","meta":{"_acf_changed":false,"footnotes":""},"categories":[1],"tags":[],"class_list":["post-365","post","type-post","status-publish","format-standard","hentry","category-okategoriserade"],"acf":[],"yoast_head":"<!-- This site is optimized with the Yoast SEO plugin v27.5 - https:\/\/yoast.com\/product\/yoast-seo-wordpress\/ -->\n<title>Att f\u00f6rlora v\u00e4rdigt \u00e4r att vinna n\u00e5got st\u00f6rre - Jan Stefanson<\/title>\n<meta name=\"robots\" content=\"index, follow, max-snippet:-1, max-image-preview:large, max-video-preview:-1\" \/>\n<link rel=\"canonical\" href=\"https:\/\/wp.kristdemokraterna.se\/janstefanson\/att-forlora-ar-att-vinna\/\" \/>\n<meta property=\"og:locale\" content=\"sv_SE\" \/>\n<meta property=\"og:type\" content=\"article\" \/>\n<meta property=\"og:title\" content=\"Att f\u00f6rlora v\u00e4rdigt \u00e4r att vinna n\u00e5got st\u00f6rre - Jan Stefanson\" \/>\n<meta property=\"og:description\" content=\"I den mots\u00e4gelsefulla rubriken finns en gammal klokskap. Fritt tolkat kan man s\u00e4ga att det \u00e4r n\u00e5got stort att f\u00f6rlora med hedern i beh\u00e5ll. Det gjorde Hillary Clinton och det bevisades i hennes tal efter f\u00f6rlusten. Vilken storhet! Vilken karakt\u00e4r! Vilken ledare! \u00a0Vilken styrka hon visade! Donald Trump h\u00f6ll ocks\u00e5 ovanligt bra tal. Om det Read More\" \/>\n<meta property=\"og:url\" content=\"https:\/\/wp.kristdemokraterna.se\/janstefanson\/att-forlora-ar-att-vinna\/\" \/>\n<meta property=\"og:site_name\" content=\"Jan Stefanson\" \/>\n<meta property=\"article:published_time\" content=\"2016-11-09T18:53:37+00:00\" \/>\n<meta property=\"article:modified_time\" content=\"2016-11-10T15:48:25+00:00\" \/>\n<meta name=\"author\" content=\"janstefanson\" \/>\n<meta name=\"twitter:card\" content=\"summary_large_image\" \/>\n<meta name=\"twitter:label1\" content=\"Skriven av\" \/>\n\t<meta name=\"twitter:data1\" content=\"janstefanson\" \/>\n\t<meta name=\"twitter:label2\" content=\"Ber\u00e4knad l\u00e4stid\" \/>\n\t<meta name=\"twitter:data2\" content=\"1 minut\" \/>\n<script type=\"application\/ld+json\" class=\"yoast-schema-graph\">{\"@context\":\"https:\\\/\\\/schema.org\",\"@graph\":[{\"@type\":\"Article\",\"@id\":\"https:\\\/\\\/wp.kristdemokraterna.se\\\/janstefanson\\\/att-forlora-ar-att-vinna\\\/#article\",\"isPartOf\":{\"@id\":\"https:\\\/\\\/wp.kristdemokraterna.se\\\/janstefanson\\\/att-forlora-ar-att-vinna\\\/\"},\"author\":{\"name\":\"janstefanson\",\"@id\":\"https:\\\/\\\/wp.kristdemokraterna.se\\\/janstefanson\\\/#\\\/schema\\\/person\\\/f8122372f46f49cffa0c02a57c89b40f\"},\"headline\":\"Att f\u00f6rlora v\u00e4rdigt \u00e4r att vinna n\u00e5got st\u00f6rre\",\"datePublished\":\"2016-11-09T18:53:37+00:00\",\"dateModified\":\"2016-11-10T15:48:25+00:00\",\"mainEntityOfPage\":{\"@id\":\"https:\\\/\\\/wp.kristdemokraterna.se\\\/janstefanson\\\/att-forlora-ar-att-vinna\\\/\"},\"wordCount\":128,\"inLanguage\":\"sv-SE\"},{\"@type\":\"WebPage\",\"@id\":\"https:\\\/\\\/wp.kristdemokraterna.se\\\/janstefanson\\\/att-forlora-ar-att-vinna\\\/\",\"url\":\"https:\\\/\\\/wp.kristdemokraterna.se\\\/janstefanson\\\/att-forlora-ar-att-vinna\\\/\",\"name\":\"Att f\u00f6rlora v\u00e4rdigt \u00e4r att vinna n\u00e5got st\u00f6rre - Jan Stefanson\",\"isPartOf\":{\"@id\":\"https:\\\/\\\/wp.kristdemokraterna.se\\\/janstefanson\\\/#website\"},\"datePublished\":\"2016-11-09T18:53:37+00:00\",\"dateModified\":\"2016-11-10T15:48:25+00:00\",\"author\":{\"@id\":\"https:\\\/\\\/wp.kristdemokraterna.se\\\/janstefanson\\\/#\\\/schema\\\/person\\\/f8122372f46f49cffa0c02a57c89b40f\"},\"breadcrumb\":{\"@id\":\"https:\\\/\\\/wp.kristdemokraterna.se\\\/janstefanson\\\/att-forlora-ar-att-vinna\\\/#breadcrumb\"},\"inLanguage\":\"sv-SE\",\"potentialAction\":[{\"@type\":\"ReadAction\",\"target\":[\"https:\\\/\\\/wp.kristdemokraterna.se\\\/janstefanson\\\/att-forlora-ar-att-vinna\\\/\"]}]},{\"@type\":\"BreadcrumbList\",\"@id\":\"https:\\\/\\\/wp.kristdemokraterna.se\\\/janstefanson\\\/att-forlora-ar-att-vinna\\\/#breadcrumb\",\"itemListElement\":[{\"@type\":\"ListItem\",\"position\":1,\"name\":\"Hem\",\"item\":\"https:\\\/\\\/wp.kristdemokraterna.se\\\/janstefanson\\\/\"},{\"@type\":\"ListItem\",\"position\":2,\"name\":\"Att f\u00f6rlora v\u00e4rdigt \u00e4r att vinna n\u00e5got st\u00f6rre\"}]},{\"@type\":\"WebSite\",\"@id\":\"https:\\\/\\\/wp.kristdemokraterna.se\\\/janstefanson\\\/#website\",\"url\":\"https:\\\/\\\/wp.kristdemokraterna.se\\\/janstefanson\\\/\",\"name\":\"Jan Stefanson\",\"description\":\"En till Kristdemokraterna webbplats\",\"inLanguage\":\"sv-SE\"},{\"@type\":\"Person\",\"@id\":\"https:\\\/\\\/wp.kristdemokraterna.se\\\/janstefanson\\\/#\\\/schema\\\/person\\\/f8122372f46f49cffa0c02a57c89b40f\",\"name\":\"janstefanson\",\"image\":{\"@type\":\"ImageObject\",\"inLanguage\":\"sv-SE\",\"@id\":\"https:\\\/\\\/secure.gravatar.com\\\/avatar\\\/c8880da1e0ca1fb1fd99d661e99b32931e79d1537ef8441e71fc6630d4b6633c?s=96&r=g\",\"url\":\"https:\\\/\\\/secure.gravatar.com\\\/avatar\\\/c8880da1e0ca1fb1fd99d661e99b32931e79d1537ef8441e71fc6630d4b6633c?s=96&r=g\",\"contentUrl\":\"https:\\\/\\\/secure.gravatar.com\\\/avatar\\\/c8880da1e0ca1fb1fd99d661e99b32931e79d1537ef8441e71fc6630d4b6633c?s=96&r=g\",\"caption\":\"janstefanson\"},\"url\":\"https:\\\/\\\/wp.kristdemokraterna.se\\\/janstefanson\\\/author\\\/janstefanson\\\/\"}]}<\/script>\n<!-- \/ Yoast SEO plugin. -->","yoast_head_json":{"title":"Att f\u00f6rlora v\u00e4rdigt \u00e4r att vinna n\u00e5got st\u00f6rre - Jan Stefanson","robots":{"index":"index","follow":"follow","max-snippet":"max-snippet:-1","max-image-preview":"max-image-preview:large","max-video-preview":"max-video-preview:-1"},"canonical":"https:\/\/wp.kristdemokraterna.se\/janstefanson\/att-forlora-ar-att-vinna\/","og_locale":"sv_SE","og_type":"article","og_title":"Att f\u00f6rlora v\u00e4rdigt \u00e4r att vinna n\u00e5got st\u00f6rre - Jan Stefanson","og_description":"I den mots\u00e4gelsefulla rubriken finns en gammal klokskap. Fritt tolkat kan man s\u00e4ga att det \u00e4r n\u00e5got stort att f\u00f6rlora med hedern i beh\u00e5ll. Det gjorde Hillary Clinton och det bevisades i hennes tal efter f\u00f6rlusten. Vilken storhet! Vilken karakt\u00e4r! Vilken ledare! \u00a0Vilken styrka hon visade! Donald Trump h\u00f6ll ocks\u00e5 ovanligt bra tal. Om det Read More","og_url":"https:\/\/wp.kristdemokraterna.se\/janstefanson\/att-forlora-ar-att-vinna\/","og_site_name":"Jan Stefanson","article_published_time":"2016-11-09T18:53:37+00:00","article_modified_time":"2016-11-10T15:48:25+00:00","author":"janstefanson","twitter_card":"summary_large_image","twitter_misc":{"Skriven av":"janstefanson","Ber\u00e4knad l\u00e4stid":"1 minut"},"schema":{"@context":"https:\/\/schema.org","@graph":[{"@type":"Article","@id":"https:\/\/wp.kristdemokraterna.se\/janstefanson\/att-forlora-ar-att-vinna\/#article","isPartOf":{"@id":"https:\/\/wp.kristdemokraterna.se\/janstefanson\/att-forlora-ar-att-vinna\/"},"author":{"name":"janstefanson","@id":"https:\/\/wp.kristdemokraterna.se\/janstefanson\/#\/schema\/person\/f8122372f46f49cffa0c02a57c89b40f"},"headline":"Att f\u00f6rlora v\u00e4rdigt \u00e4r att vinna n\u00e5got st\u00f6rre","datePublished":"2016-11-09T18:53:37+00:00","dateModified":"2016-11-10T15:48:25+00:00","mainEntityOfPage":{"@id":"https:\/\/wp.kristdemokraterna.se\/janstefanson\/att-forlora-ar-att-vinna\/"},"wordCount":128,"inLanguage":"sv-SE"},{"@type":"WebPage","@id":"https:\/\/wp.kristdemokraterna.se\/janstefanson\/att-forlora-ar-att-vinna\/","url":"https:\/\/wp.kristdemokraterna.se\/janstefanson\/att-forlora-ar-att-vinna\/","name":"Att f\u00f6rlora v\u00e4rdigt \u00e4r att vinna n\u00e5got st\u00f6rre - Jan Stefanson","isPartOf":{"@id":"https:\/\/wp.kristdemokraterna.se\/janstefanson\/#website"},"datePublished":"2016-11-09T18:53:37+00:00","dateModified":"2016-11-10T15:48:25+00:00","author":{"@id":"https:\/\/wp.kristdemokraterna.se\/janstefanson\/#\/schema\/person\/f8122372f46f49cffa0c02a57c89b40f"},"breadcrumb":{"@id":"https:\/\/wp.kristdemokraterna.se\/janstefanson\/att-forlora-ar-att-vinna\/#breadcrumb"},"inLanguage":"sv-SE","potentialAction":[{"@type":"ReadAction","target":["https:\/\/wp.kristdemokraterna.se\/janstefanson\/att-forlora-ar-att-vinna\/"]}]},{"@type":"BreadcrumbList","@id":"https:\/\/wp.kristdemokraterna.se\/janstefanson\/att-forlora-ar-att-vinna\/#breadcrumb","itemListElement":[{"@type":"ListItem","position":1,"name":"Hem","item":"https:\/\/wp.kristdemokraterna.se\/janstefanson\/"},{"@type":"ListItem","position":2,"name":"Att f\u00f6rlora v\u00e4rdigt \u00e4r att vinna n\u00e5got st\u00f6rre"}]},{"@type":"WebSite","@id":"https:\/\/wp.kristdemokraterna.se\/janstefanson\/#website","url":"https:\/\/wp.kristdemokraterna.se\/janstefanson\/","name":"Jan Stefanson","description":"En till Kristdemokraterna webbplats","inLanguage":"sv-SE"},{"@type":"Person","@id":"https:\/\/wp.kristdemokraterna.se\/janstefanson\/#\/schema\/person\/f8122372f46f49cffa0c02a57c89b40f","name":"janstefanson","image":{"@type":"ImageObject","inLanguage":"sv-SE","@id":"https:\/\/secure.gravatar.com\/avatar\/c8880da1e0ca1fb1fd99d661e99b32931e79d1537ef8441e71fc6630d4b6633c?s=96&r=g","url":"https:\/\/secure.gravatar.com\/avatar\/c8880da1e0ca1fb1fd99d661e99b32931e79d1537ef8441e71fc6630d4b6633c?s=96&r=g","contentUrl":"https:\/\/secure.gravatar.com\/avatar\/c8880da1e0ca1fb1fd99d661e99b32931e79d1537ef8441e71fc6630d4b6633c?s=96&r=g","caption":"janstefanson"},"url":"https:\/\/wp.kristdemokraterna.se\/janstefanson\/author\/janstefanson\/"}]}},"_links":{"self":[{"href":"https:\/\/wp.kristdemokraterna.se\/janstefanson\/wp-json\/wp\/v2\/posts\/365","targetHints":{"allow":["GET"]}}],"collection":[{"href":"https:\/\/wp.kristdemokraterna.se\/janstefanson\/wp-json\/wp\/v2\/posts"}],"about":[{"href":"https:\/\/wp.kristdemokraterna.se\/janstefanson\/wp-json\/wp\/v2\/types\/post"}],"author":[{"embeddable":true,"href":"https:\/\/wp.kristdemokraterna.se\/janstefanson\/wp-json\/wp\/v2\/users\/530"}],"replies":[{"embeddable":true,"href":"https:\/\/wp.kristdemokraterna.se\/janstefanson\/wp-json\/wp\/v2\/comments?post=365"}],"version-history":[{"count":3,"href":"https:\/\/wp.kristdemokraterna.se\/janstefanson\/wp-json\/wp\/v2\/posts\/365\/revisions"}],"predecessor-version":[{"id":375,"href":"https:\/\/wp.kristdemokraterna.se\/janstefanson\/wp-json\/wp\/v2\/posts\/365\/revisions\/375"}],"wp:attachment":[{"href":"https:\/\/wp.kristdemokraterna.se\/janstefanson\/wp-json\/wp\/v2\/media?parent=365"}],"wp:term":[{"taxonomy":"category","embeddable":true,"href":"https:\/\/wp.kristdemokraterna.se\/janstefanson\/wp-json\/wp\/v2\/categories?post=365"},{"taxonomy":"post_tag","embeddable":true,"href":"https:\/\/wp.kristdemokraterna.se\/janstefanson\/wp-json\/wp\/v2\/tags?post=365"}],"curies":[{"name":"wp","href":"https:\/\/api.w.org\/{rel}","templated":true}]}}