{"id":399,"date":"2016-11-17T12:50:44","date_gmt":"2016-11-17T11:50:44","guid":{"rendered":"http:\/\/wp.kristdemokraterna.se\/janstefanson\/?p=399"},"modified":"2016-11-17T13:03:32","modified_gmt":"2016-11-17T12:03:32","slug":"ingen-insynsplats-for-smapartier","status":"publish","type":"post","link":"https:\/\/wp.kristdemokraterna.se\/janstefanson\/ingen-insynsplats-for-smapartier\/","title":{"rendered":"Ingen insynsplats f\u00f6r sm\u00e5partier"},"content":{"rendered":"<p>Motionen fr\u00e5n v\u00e4nsterpartiet att inr\u00e4tta insynsplats i samtliga n\u00e4mnder f\u00f6r sm\u00e5partier fick inte st\u00f6d av kommunstyrelsen. Nu ska fr\u00e5gan vidare till kommunfullm\u00e4ktige f\u00f6r st\u00e4llningstagande och sannolikt debatt om densamma.<\/p>\n<p>Fr\u00e5gan \u00e4r inte ny! Redan i slutet p\u00e5 \u00e5ttiotalet inf\u00f6rdes insynsplats f\u00f6r samtliga partier i kommunfullm\u00e4ktige som saknade en ledamots- eller ers\u00e4ttarplats i kommunstyrelsen. D\u00e4remot har detta aldrig g\u00e4llt samtliga n\u00e4mnder.<\/p>\n<p><img loading=\"lazy\" decoding=\"async\" class=\" wp-image-403 alignright\" src=\"http:\/\/wp.kristdemokraterna.se\/janstefanson\/files\/2016\/11\/kf-publik.jpg\" alt=\"kf-publik\" width=\"314\" height=\"314\" srcset=\"https:\/\/wp.kristdemokraterna.se\/janstefanson\/files\/2016\/11\/kf-publik.jpg 200w, https:\/\/wp.kristdemokraterna.se\/janstefanson\/files\/2016\/11\/kf-publik-150x150.jpg 150w, https:\/\/wp.kristdemokraterna.se\/janstefanson\/files\/2016\/11\/kf-publik-112x112.jpg 112w\" sizes=\"auto, (max-width: 314px) 100vw, 314px\" \/>F\u00f6r att f\u00e5 inflytande genom representation i en n\u00e4mnd eller styrelse kr\u00e4vs mellan tre till fem mandat f\u00f6r att p\u00e5 egen styrka f\u00e5 en ordinarie och en ers\u00e4ttarplats. Antalet mandat som kr\u00e4vs beror p\u00e5 hur stor n\u00e4mnden \u00e4r och hur m\u00e5nga platser som finns att f\u00f6rdela. Enkelt uttryckt: en stor n\u00e4mnd med m\u00e5nga ledam\u00f6ter kr\u00e4ver f\u00e4rre mandat \u00e4n en liten n\u00e4mnd. I Upplands-Bro \u00e4r kommunstyrelsen st\u00f6rst med tretton\u00a0ordinarie platser (lika m\u00e5nga ers\u00e4ttarplatser)\u00a0och Bygg och Milj\u00f6n\u00e4mnden \u00e4r minst med endast sju platser.<\/p>\n<p>Politik kr\u00e4ver samarbete partierna f\u00f6r att \u00f6ver huvud taget f\u00e5 effektivt inflytande. Litet som stort! D\u00e4rf\u00f6r \u00e4r en valteknisk samverkan helt avg\u00f6rande och samtidigt en m\u00f6jlighet till inflytande. Och valteknisk \u00f6verenskommelse \u00e4r det som kommunallagen medger och som nyttjas i alla politiska f\u00f6rsamlingar. Det inneb\u00e4r att samverkande partier sl\u00e5r ihop sina vunna mandat och sedan\u00a0inom sig f\u00f6rdelar platserna i n\u00e4mnder och styrelser. De sm\u00e5 partier som st\u00e5r utanf\u00f6r n\u00e5gon som helst samverkan kan d\u00e5 f\u00e5 problem. Framf\u00f6rallt g\u00e4ller det den utveckling vi nu ser i hela landet med st\u00f6rre behov av block\u00f6verskridande samverkan.<\/p>\n<p>Detta \u00e4r f\u00f6rst\u00e5s en demokratifr\u00e5ga som beh\u00f6ver diskuteras vidare inf\u00f6r kommande mandatperioder. Vi \u00e4r m\u00e5nga partier som balanserar vid\u00a0scenariot att st\u00e5 utanf\u00f6r inflytande i n\u00e4mnd eller styrelse av egen kraft. I vissa fall finns ingen att samarbeta med av egen eller annans vilja. Det kan d\u00e4rf\u00f6r vara klokt att pr\u00f6va fr\u00e5gan i en beredning d\u00e4r valet inte \u00e4r k\u00e4nt utan principfr\u00e5gan avg\u00f6rande.<\/p>\n","protected":false},"excerpt":{"rendered":"<p>Motionen fr\u00e5n v\u00e4nsterpartiet att inr\u00e4tta insynsplats i samtliga n\u00e4mnder f\u00f6r sm\u00e5partier fick inte st\u00f6d av kommunstyrelsen. Nu ska fr\u00e5gan vidare till kommunfullm\u00e4ktige f\u00f6r st\u00e4llningstagande och sannolikt debatt om densamma. Fr\u00e5gan \u00e4r inte ny! Redan i slutet p\u00e5 \u00e5ttiotalet inf\u00f6rdes insynsplats f\u00f6r samtliga partier i kommunfullm\u00e4ktige som saknade en ledamots- eller ers\u00e4ttarplats i kommunstyrelsen. D\u00e4remot har <a class=\"read-more-link\" href=\"https:\/\/wp.kristdemokraterna.se\/janstefanson\/ingen-insynsplats-for-smapartier\/\">Read More<\/a><\/p>\n","protected":false},"author":530,"featured_media":0,"comment_status":"closed","ping_status":"closed","sticky":false,"template":"","format":"standard","meta":{"_acf_changed":false,"footnotes":""},"categories":[1],"tags":[],"class_list":["post-399","post","type-post","status-publish","format-standard","hentry","category-okategoriserade"],"acf":[],"yoast_head":"<!-- This site is optimized with the Yoast SEO plugin v27.5 - https:\/\/yoast.com\/product\/yoast-seo-wordpress\/ -->\n<title>Ingen insynsplats f\u00f6r sm\u00e5partier - Jan Stefanson<\/title>\n<meta name=\"robots\" content=\"index, follow, max-snippet:-1, max-image-preview:large, max-video-preview:-1\" \/>\n<link rel=\"canonical\" href=\"https:\/\/wp.kristdemokraterna.se\/janstefanson\/ingen-insynsplats-for-smapartier\/\" \/>\n<meta property=\"og:locale\" content=\"sv_SE\" \/>\n<meta property=\"og:type\" content=\"article\" \/>\n<meta property=\"og:title\" content=\"Ingen insynsplats f\u00f6r sm\u00e5partier - Jan Stefanson\" \/>\n<meta property=\"og:description\" content=\"Motionen fr\u00e5n v\u00e4nsterpartiet att inr\u00e4tta insynsplats i samtliga n\u00e4mnder f\u00f6r sm\u00e5partier fick inte st\u00f6d av kommunstyrelsen. Nu ska fr\u00e5gan vidare till kommunfullm\u00e4ktige f\u00f6r st\u00e4llningstagande och sannolikt debatt om densamma. Fr\u00e5gan \u00e4r inte ny! Redan i slutet p\u00e5 \u00e5ttiotalet inf\u00f6rdes insynsplats f\u00f6r samtliga partier i kommunfullm\u00e4ktige som saknade en ledamots- eller ers\u00e4ttarplats i kommunstyrelsen. D\u00e4remot har Read More\" \/>\n<meta property=\"og:url\" content=\"https:\/\/wp.kristdemokraterna.se\/janstefanson\/ingen-insynsplats-for-smapartier\/\" \/>\n<meta property=\"og:site_name\" content=\"Jan Stefanson\" \/>\n<meta property=\"article:published_time\" content=\"2016-11-17T11:50:44+00:00\" \/>\n<meta property=\"article:modified_time\" content=\"2016-11-17T12:03:32+00:00\" \/>\n<meta property=\"og:image\" content=\"http:\/\/wp.kristdemokraterna.se\/janstefanson\/files\/2016\/11\/kf-publik.jpg\" \/>\n<meta name=\"author\" content=\"janstefanson\" \/>\n<meta name=\"twitter:card\" content=\"summary_large_image\" \/>\n<meta name=\"twitter:label1\" content=\"Skriven av\" \/>\n\t<meta name=\"twitter:data1\" content=\"janstefanson\" \/>\n\t<meta name=\"twitter:label2\" content=\"Ber\u00e4knad l\u00e4stid\" \/>\n\t<meta name=\"twitter:data2\" content=\"2 minuter\" \/>\n<script type=\"application\/ld+json\" class=\"yoast-schema-graph\">{\"@context\":\"https:\\\/\\\/schema.org\",\"@graph\":[{\"@type\":\"Article\",\"@id\":\"https:\\\/\\\/wp.kristdemokraterna.se\\\/janstefanson\\\/ingen-insynsplats-for-smapartier\\\/#article\",\"isPartOf\":{\"@id\":\"https:\\\/\\\/wp.kristdemokraterna.se\\\/janstefanson\\\/ingen-insynsplats-for-smapartier\\\/\"},\"author\":{\"name\":\"janstefanson\",\"@id\":\"https:\\\/\\\/wp.kristdemokraterna.se\\\/janstefanson\\\/#\\\/schema\\\/person\\\/f8122372f46f49cffa0c02a57c89b40f\"},\"headline\":\"Ingen insynsplats f\u00f6r sm\u00e5partier\",\"datePublished\":\"2016-11-17T11:50:44+00:00\",\"dateModified\":\"2016-11-17T12:03:32+00:00\",\"mainEntityOfPage\":{\"@id\":\"https:\\\/\\\/wp.kristdemokraterna.se\\\/janstefanson\\\/ingen-insynsplats-for-smapartier\\\/\"},\"wordCount\":379,\"image\":{\"@id\":\"https:\\\/\\\/wp.kristdemokraterna.se\\\/janstefanson\\\/ingen-insynsplats-for-smapartier\\\/#primaryimage\"},\"thumbnailUrl\":\"http:\\\/\\\/wp.kristdemokraterna.se\\\/janstefanson\\\/files\\\/2016\\\/11\\\/kf-publik.jpg\",\"inLanguage\":\"sv-SE\"},{\"@type\":\"WebPage\",\"@id\":\"https:\\\/\\\/wp.kristdemokraterna.se\\\/janstefanson\\\/ingen-insynsplats-for-smapartier\\\/\",\"url\":\"https:\\\/\\\/wp.kristdemokraterna.se\\\/janstefanson\\\/ingen-insynsplats-for-smapartier\\\/\",\"name\":\"Ingen insynsplats f\u00f6r sm\u00e5partier - Jan Stefanson\",\"isPartOf\":{\"@id\":\"https:\\\/\\\/wp.kristdemokraterna.se\\\/janstefanson\\\/#website\"},\"primaryImageOfPage\":{\"@id\":\"https:\\\/\\\/wp.kristdemokraterna.se\\\/janstefanson\\\/ingen-insynsplats-for-smapartier\\\/#primaryimage\"},\"image\":{\"@id\":\"https:\\\/\\\/wp.kristdemokraterna.se\\\/janstefanson\\\/ingen-insynsplats-for-smapartier\\\/#primaryimage\"},\"thumbnailUrl\":\"http:\\\/\\\/wp.kristdemokraterna.se\\\/janstefanson\\\/files\\\/2016\\\/11\\\/kf-publik.jpg\",\"datePublished\":\"2016-11-17T11:50:44+00:00\",\"dateModified\":\"2016-11-17T12:03:32+00:00\",\"author\":{\"@id\":\"https:\\\/\\\/wp.kristdemokraterna.se\\\/janstefanson\\\/#\\\/schema\\\/person\\\/f8122372f46f49cffa0c02a57c89b40f\"},\"breadcrumb\":{\"@id\":\"https:\\\/\\\/wp.kristdemokraterna.se\\\/janstefanson\\\/ingen-insynsplats-for-smapartier\\\/#breadcrumb\"},\"inLanguage\":\"sv-SE\",\"potentialAction\":[{\"@type\":\"ReadAction\",\"target\":[\"https:\\\/\\\/wp.kristdemokraterna.se\\\/janstefanson\\\/ingen-insynsplats-for-smapartier\\\/\"]}]},{\"@type\":\"ImageObject\",\"inLanguage\":\"sv-SE\",\"@id\":\"https:\\\/\\\/wp.kristdemokraterna.se\\\/janstefanson\\\/ingen-insynsplats-for-smapartier\\\/#primaryimage\",\"url\":\"https:\\\/\\\/wp.kristdemokraterna.se\\\/janstefanson\\\/files\\\/2016\\\/11\\\/kf-publik.jpg\",\"contentUrl\":\"https:\\\/\\\/wp.kristdemokraterna.se\\\/janstefanson\\\/files\\\/2016\\\/11\\\/kf-publik.jpg\",\"width\":200,\"height\":200},{\"@type\":\"BreadcrumbList\",\"@id\":\"https:\\\/\\\/wp.kristdemokraterna.se\\\/janstefanson\\\/ingen-insynsplats-for-smapartier\\\/#breadcrumb\",\"itemListElement\":[{\"@type\":\"ListItem\",\"position\":1,\"name\":\"Hem\",\"item\":\"https:\\\/\\\/wp.kristdemokraterna.se\\\/janstefanson\\\/\"},{\"@type\":\"ListItem\",\"position\":2,\"name\":\"Ingen insynsplats f\u00f6r sm\u00e5partier\"}]},{\"@type\":\"WebSite\",\"@id\":\"https:\\\/\\\/wp.kristdemokraterna.se\\\/janstefanson\\\/#website\",\"url\":\"https:\\\/\\\/wp.kristdemokraterna.se\\\/janstefanson\\\/\",\"name\":\"Jan Stefanson\",\"description\":\"En till Kristdemokraterna webbplats\",\"inLanguage\":\"sv-SE\"},{\"@type\":\"Person\",\"@id\":\"https:\\\/\\\/wp.kristdemokraterna.se\\\/janstefanson\\\/#\\\/schema\\\/person\\\/f8122372f46f49cffa0c02a57c89b40f\",\"name\":\"janstefanson\",\"image\":{\"@type\":\"ImageObject\",\"inLanguage\":\"sv-SE\",\"@id\":\"https:\\\/\\\/secure.gravatar.com\\\/avatar\\\/c8880da1e0ca1fb1fd99d661e99b32931e79d1537ef8441e71fc6630d4b6633c?s=96&r=g\",\"url\":\"https:\\\/\\\/secure.gravatar.com\\\/avatar\\\/c8880da1e0ca1fb1fd99d661e99b32931e79d1537ef8441e71fc6630d4b6633c?s=96&r=g\",\"contentUrl\":\"https:\\\/\\\/secure.gravatar.com\\\/avatar\\\/c8880da1e0ca1fb1fd99d661e99b32931e79d1537ef8441e71fc6630d4b6633c?s=96&r=g\",\"caption\":\"janstefanson\"},\"url\":\"https:\\\/\\\/wp.kristdemokraterna.se\\\/janstefanson\\\/author\\\/janstefanson\\\/\"}]}<\/script>\n<!-- \/ Yoast SEO plugin. -->","yoast_head_json":{"title":"Ingen insynsplats f\u00f6r sm\u00e5partier - Jan Stefanson","robots":{"index":"index","follow":"follow","max-snippet":"max-snippet:-1","max-image-preview":"max-image-preview:large","max-video-preview":"max-video-preview:-1"},"canonical":"https:\/\/wp.kristdemokraterna.se\/janstefanson\/ingen-insynsplats-for-smapartier\/","og_locale":"sv_SE","og_type":"article","og_title":"Ingen insynsplats f\u00f6r sm\u00e5partier - Jan Stefanson","og_description":"Motionen fr\u00e5n v\u00e4nsterpartiet att inr\u00e4tta insynsplats i samtliga n\u00e4mnder f\u00f6r sm\u00e5partier fick inte st\u00f6d av kommunstyrelsen. Nu ska fr\u00e5gan vidare till kommunfullm\u00e4ktige f\u00f6r st\u00e4llningstagande och sannolikt debatt om densamma. Fr\u00e5gan \u00e4r inte ny! Redan i slutet p\u00e5 \u00e5ttiotalet inf\u00f6rdes insynsplats f\u00f6r samtliga partier i kommunfullm\u00e4ktige som saknade en ledamots- eller ers\u00e4ttarplats i kommunstyrelsen. D\u00e4remot har Read More","og_url":"https:\/\/wp.kristdemokraterna.se\/janstefanson\/ingen-insynsplats-for-smapartier\/","og_site_name":"Jan Stefanson","article_published_time":"2016-11-17T11:50:44+00:00","article_modified_time":"2016-11-17T12:03:32+00:00","og_image":[{"url":"http:\/\/wp.kristdemokraterna.se\/janstefanson\/files\/2016\/11\/kf-publik.jpg","type":"","width":"","height":""}],"author":"janstefanson","twitter_card":"summary_large_image","twitter_misc":{"Skriven av":"janstefanson","Ber\u00e4knad l\u00e4stid":"2 minuter"},"schema":{"@context":"https:\/\/schema.org","@graph":[{"@type":"Article","@id":"https:\/\/wp.kristdemokraterna.se\/janstefanson\/ingen-insynsplats-for-smapartier\/#article","isPartOf":{"@id":"https:\/\/wp.kristdemokraterna.se\/janstefanson\/ingen-insynsplats-for-smapartier\/"},"author":{"name":"janstefanson","@id":"https:\/\/wp.kristdemokraterna.se\/janstefanson\/#\/schema\/person\/f8122372f46f49cffa0c02a57c89b40f"},"headline":"Ingen insynsplats f\u00f6r sm\u00e5partier","datePublished":"2016-11-17T11:50:44+00:00","dateModified":"2016-11-17T12:03:32+00:00","mainEntityOfPage":{"@id":"https:\/\/wp.kristdemokraterna.se\/janstefanson\/ingen-insynsplats-for-smapartier\/"},"wordCount":379,"image":{"@id":"https:\/\/wp.kristdemokraterna.se\/janstefanson\/ingen-insynsplats-for-smapartier\/#primaryimage"},"thumbnailUrl":"http:\/\/wp.kristdemokraterna.se\/janstefanson\/files\/2016\/11\/kf-publik.jpg","inLanguage":"sv-SE"},{"@type":"WebPage","@id":"https:\/\/wp.kristdemokraterna.se\/janstefanson\/ingen-insynsplats-for-smapartier\/","url":"https:\/\/wp.kristdemokraterna.se\/janstefanson\/ingen-insynsplats-for-smapartier\/","name":"Ingen insynsplats f\u00f6r sm\u00e5partier - Jan Stefanson","isPartOf":{"@id":"https:\/\/wp.kristdemokraterna.se\/janstefanson\/#website"},"primaryImageOfPage":{"@id":"https:\/\/wp.kristdemokraterna.se\/janstefanson\/ingen-insynsplats-for-smapartier\/#primaryimage"},"image":{"@id":"https:\/\/wp.kristdemokraterna.se\/janstefanson\/ingen-insynsplats-for-smapartier\/#primaryimage"},"thumbnailUrl":"http:\/\/wp.kristdemokraterna.se\/janstefanson\/files\/2016\/11\/kf-publik.jpg","datePublished":"2016-11-17T11:50:44+00:00","dateModified":"2016-11-17T12:03:32+00:00","author":{"@id":"https:\/\/wp.kristdemokraterna.se\/janstefanson\/#\/schema\/person\/f8122372f46f49cffa0c02a57c89b40f"},"breadcrumb":{"@id":"https:\/\/wp.kristdemokraterna.se\/janstefanson\/ingen-insynsplats-for-smapartier\/#breadcrumb"},"inLanguage":"sv-SE","potentialAction":[{"@type":"ReadAction","target":["https:\/\/wp.kristdemokraterna.se\/janstefanson\/ingen-insynsplats-for-smapartier\/"]}]},{"@type":"ImageObject","inLanguage":"sv-SE","@id":"https:\/\/wp.kristdemokraterna.se\/janstefanson\/ingen-insynsplats-for-smapartier\/#primaryimage","url":"https:\/\/wp.kristdemokraterna.se\/janstefanson\/files\/2016\/11\/kf-publik.jpg","contentUrl":"https:\/\/wp.kristdemokraterna.se\/janstefanson\/files\/2016\/11\/kf-publik.jpg","width":200,"height":200},{"@type":"BreadcrumbList","@id":"https:\/\/wp.kristdemokraterna.se\/janstefanson\/ingen-insynsplats-for-smapartier\/#breadcrumb","itemListElement":[{"@type":"ListItem","position":1,"name":"Hem","item":"https:\/\/wp.kristdemokraterna.se\/janstefanson\/"},{"@type":"ListItem","position":2,"name":"Ingen insynsplats f\u00f6r sm\u00e5partier"}]},{"@type":"WebSite","@id":"https:\/\/wp.kristdemokraterna.se\/janstefanson\/#website","url":"https:\/\/wp.kristdemokraterna.se\/janstefanson\/","name":"Jan Stefanson","description":"En till Kristdemokraterna webbplats","inLanguage":"sv-SE"},{"@type":"Person","@id":"https:\/\/wp.kristdemokraterna.se\/janstefanson\/#\/schema\/person\/f8122372f46f49cffa0c02a57c89b40f","name":"janstefanson","image":{"@type":"ImageObject","inLanguage":"sv-SE","@id":"https:\/\/secure.gravatar.com\/avatar\/c8880da1e0ca1fb1fd99d661e99b32931e79d1537ef8441e71fc6630d4b6633c?s=96&r=g","url":"https:\/\/secure.gravatar.com\/avatar\/c8880da1e0ca1fb1fd99d661e99b32931e79d1537ef8441e71fc6630d4b6633c?s=96&r=g","contentUrl":"https:\/\/secure.gravatar.com\/avatar\/c8880da1e0ca1fb1fd99d661e99b32931e79d1537ef8441e71fc6630d4b6633c?s=96&r=g","caption":"janstefanson"},"url":"https:\/\/wp.kristdemokraterna.se\/janstefanson\/author\/janstefanson\/"}]}},"_links":{"self":[{"href":"https:\/\/wp.kristdemokraterna.se\/janstefanson\/wp-json\/wp\/v2\/posts\/399","targetHints":{"allow":["GET"]}}],"collection":[{"href":"https:\/\/wp.kristdemokraterna.se\/janstefanson\/wp-json\/wp\/v2\/posts"}],"about":[{"href":"https:\/\/wp.kristdemokraterna.se\/janstefanson\/wp-json\/wp\/v2\/types\/post"}],"author":[{"embeddable":true,"href":"https:\/\/wp.kristdemokraterna.se\/janstefanson\/wp-json\/wp\/v2\/users\/530"}],"replies":[{"embeddable":true,"href":"https:\/\/wp.kristdemokraterna.se\/janstefanson\/wp-json\/wp\/v2\/comments?post=399"}],"version-history":[{"count":4,"href":"https:\/\/wp.kristdemokraterna.se\/janstefanson\/wp-json\/wp\/v2\/posts\/399\/revisions"}],"predecessor-version":[{"id":404,"href":"https:\/\/wp.kristdemokraterna.se\/janstefanson\/wp-json\/wp\/v2\/posts\/399\/revisions\/404"}],"wp:attachment":[{"href":"https:\/\/wp.kristdemokraterna.se\/janstefanson\/wp-json\/wp\/v2\/media?parent=399"}],"wp:term":[{"taxonomy":"category","embeddable":true,"href":"https:\/\/wp.kristdemokraterna.se\/janstefanson\/wp-json\/wp\/v2\/categories?post=399"},{"taxonomy":"post_tag","embeddable":true,"href":"https:\/\/wp.kristdemokraterna.se\/janstefanson\/wp-json\/wp\/v2\/tags?post=399"}],"curies":[{"name":"wp","href":"https:\/\/api.w.org\/{rel}","templated":true}]}}