{"id":419,"date":"2016-12-06T09:36:56","date_gmt":"2016-12-06T08:36:56","guid":{"rendered":"http:\/\/wp.kristdemokraterna.se\/janstefanson\/?p=419"},"modified":"2016-12-06T09:36:56","modified_gmt":"2016-12-06T08:36:56","slug":"tryggt-eller","status":"publish","type":"post","link":"https:\/\/wp.kristdemokraterna.se\/janstefanson\/tryggt-eller\/","title":{"rendered":"Tryggt eller&#8230;"},"content":{"rendered":"<p>I morgon \u00e4r det dags f\u00f6r polisen att presentera f\u00f6rslag till samverkansavtal mellan kommunen och dem. \u00c4ven medborgarl\u00f6ftet som ska vara h\u00f6gsta prio fr\u00e5n polisen ska presenteras. B\u00e5da ska signeras av polisen och kommunstyrelsens ordf\u00f6rande om man \u00e4r \u00f6verens.<\/p>\n<p>Det som h\u00e4nder i morgon \u00e4r att samtliga partier tr\u00e4ffas som brukligt en vecka f\u00f6re n\u00e4sta kommunstyrelse och bereder alla \u00e4renden. Jag hoppas innerligt att det blir ett aktivt deltagande fr\u00e5n alla partiledare f\u00f6r att uppn\u00e5 den b\u00e4sta m\u00f6jliga samverkan. Vid s\u00e5dana h\u00e4r fr\u00e5gor \u00e4r det dock vanligt att man hellre v\u00e4ljer egen partiprofilering f\u00f6r att lura till sig n\u00e5gra fler r\u00f6ster. N\u00e4r det g\u00e4ller trygghetsfr\u00e5gorna h\u00e4vdar jag best\u00e4mt att inget parti sitter inne med en l\u00f6sning. Det \u00e4r ett gemensamt ansvar \u00f6ver alla parti och blockgr\u00e4nser som kr\u00e4vs p\u00e5 samma s\u00e4tt som milj\u00f6fr\u00e5gorna.<\/p>\n<p>Inf\u00f6r sommaren 2016 var jag orolig. P\u00e5 andra h\u00e5ll i l\u00e4net brukar sommarlovet vara en eskalerande orsak till bilbr\u00e4nder och upplopp. D\u00e4rf\u00f6r blev v\u00e5rens alla bilbr\u00e4nder i Bro en orsak att v\u00e4nta sig \u00e4nnu fler och farligare h\u00e4ndelser i b\u00f6rjan p\u00e5 juni. Men det blev tv\u00e4rtom!<\/p>\n<p>S\u00e5v\u00e4l polisen som kommunens trygghetsarbetare kunde med gemensam r\u00f6st f\u00f6rklara den enskilt viktigaste \u00e5tg\u00e4rden: Fryshuset hade anlitats av kommunen f\u00f6r arbeta med tryggheten i Bro. Det samarbetet var s\u00e5 lyckat att deras medverkan har permanentats.<\/p>\n<p>Men oroligheterna finns d\u00e4r! Dock har bilbr\u00e4nderna upph\u00f6rt tills nu. I helgen eldades tv\u00e5 bilar. Varf\u00f6r? Av vem eller vilka?<\/p>\n<p>I natt brann en hyresl\u00e4genhet i Bro. \u00c4ven om det inte finns n\u00e5gra samband s\u00e5 skapar det en problembild av Bro. S\u00e5 \u00e4r det! Hur den uppkommit blir en senare fr\u00e5ga men den upplevda tryggheten f\u00f6rsvagas ytterligare.<\/p>\n<p>Det viktiga \u00e4r att den samverkan som nu ska tecknas mellan kommunen och polisen f\u00e5r ett brett st\u00f6d. Annars&#8230;<\/p>\n","protected":false},"excerpt":{"rendered":"<p>I morgon \u00e4r det dags f\u00f6r polisen att presentera f\u00f6rslag till samverkansavtal mellan kommunen och dem. \u00c4ven medborgarl\u00f6ftet som ska vara h\u00f6gsta prio fr\u00e5n polisen ska presenteras. B\u00e5da ska signeras av polisen och kommunstyrelsens ordf\u00f6rande om man \u00e4r \u00f6verens. Det som h\u00e4nder i morgon \u00e4r att samtliga partier tr\u00e4ffas som brukligt en vecka f\u00f6re n\u00e4sta <a class=\"read-more-link\" href=\"https:\/\/wp.kristdemokraterna.se\/janstefanson\/tryggt-eller\/\">Read More<\/a><\/p>\n","protected":false},"author":530,"featured_media":0,"comment_status":"closed","ping_status":"closed","sticky":false,"template":"","format":"standard","meta":{"_acf_changed":false,"footnotes":""},"categories":[1],"tags":[],"class_list":["post-419","post","type-post","status-publish","format-standard","hentry","category-okategoriserade"],"acf":[],"yoast_head":"<!-- This site is optimized with the Yoast SEO plugin v27.4 - https:\/\/yoast.com\/product\/yoast-seo-wordpress\/ -->\n<title>Tryggt eller... - Jan Stefanson<\/title>\n<meta name=\"robots\" content=\"index, follow, max-snippet:-1, max-image-preview:large, max-video-preview:-1\" \/>\n<link rel=\"canonical\" href=\"https:\/\/wp.kristdemokraterna.se\/janstefanson\/tryggt-eller\/\" \/>\n<meta property=\"og:locale\" content=\"sv_SE\" \/>\n<meta property=\"og:type\" content=\"article\" \/>\n<meta property=\"og:title\" content=\"Tryggt eller... - Jan Stefanson\" \/>\n<meta property=\"og:description\" content=\"I morgon \u00e4r det dags f\u00f6r polisen att presentera f\u00f6rslag till samverkansavtal mellan kommunen och dem. \u00c4ven medborgarl\u00f6ftet som ska vara h\u00f6gsta prio fr\u00e5n polisen ska presenteras. B\u00e5da ska signeras av polisen och kommunstyrelsens ordf\u00f6rande om man \u00e4r \u00f6verens. Det som h\u00e4nder i morgon \u00e4r att samtliga partier tr\u00e4ffas som brukligt en vecka f\u00f6re n\u00e4sta Read More\" \/>\n<meta property=\"og:url\" content=\"https:\/\/wp.kristdemokraterna.se\/janstefanson\/tryggt-eller\/\" \/>\n<meta property=\"og:site_name\" content=\"Jan Stefanson\" \/>\n<meta property=\"article:published_time\" content=\"2016-12-06T08:36:56+00:00\" \/>\n<meta name=\"author\" content=\"janstefanson\" \/>\n<meta name=\"twitter:card\" content=\"summary_large_image\" \/>\n<meta name=\"twitter:label1\" content=\"Skriven av\" \/>\n\t<meta name=\"twitter:data1\" content=\"janstefanson\" \/>\n\t<meta name=\"twitter:label2\" content=\"Ber\u00e4knad l\u00e4stid\" \/>\n\t<meta name=\"twitter:data2\" content=\"2 minuter\" \/>\n<script type=\"application\/ld+json\" class=\"yoast-schema-graph\">{\"@context\":\"https:\\\/\\\/schema.org\",\"@graph\":[{\"@type\":\"Article\",\"@id\":\"https:\\\/\\\/wp.kristdemokraterna.se\\\/janstefanson\\\/tryggt-eller\\\/#article\",\"isPartOf\":{\"@id\":\"https:\\\/\\\/wp.kristdemokraterna.se\\\/janstefanson\\\/tryggt-eller\\\/\"},\"author\":{\"name\":\"janstefanson\",\"@id\":\"https:\\\/\\\/wp.kristdemokraterna.se\\\/janstefanson\\\/#\\\/schema\\\/person\\\/f8122372f46f49cffa0c02a57c89b40f\"},\"headline\":\"Tryggt eller&#8230;\",\"datePublished\":\"2016-12-06T08:36:56+00:00\",\"mainEntityOfPage\":{\"@id\":\"https:\\\/\\\/wp.kristdemokraterna.se\\\/janstefanson\\\/tryggt-eller\\\/\"},\"wordCount\":352,\"inLanguage\":\"sv-SE\"},{\"@type\":\"WebPage\",\"@id\":\"https:\\\/\\\/wp.kristdemokraterna.se\\\/janstefanson\\\/tryggt-eller\\\/\",\"url\":\"https:\\\/\\\/wp.kristdemokraterna.se\\\/janstefanson\\\/tryggt-eller\\\/\",\"name\":\"Tryggt eller... - Jan Stefanson\",\"isPartOf\":{\"@id\":\"https:\\\/\\\/wp.kristdemokraterna.se\\\/janstefanson\\\/#website\"},\"datePublished\":\"2016-12-06T08:36:56+00:00\",\"author\":{\"@id\":\"https:\\\/\\\/wp.kristdemokraterna.se\\\/janstefanson\\\/#\\\/schema\\\/person\\\/f8122372f46f49cffa0c02a57c89b40f\"},\"breadcrumb\":{\"@id\":\"https:\\\/\\\/wp.kristdemokraterna.se\\\/janstefanson\\\/tryggt-eller\\\/#breadcrumb\"},\"inLanguage\":\"sv-SE\",\"potentialAction\":[{\"@type\":\"ReadAction\",\"target\":[\"https:\\\/\\\/wp.kristdemokraterna.se\\\/janstefanson\\\/tryggt-eller\\\/\"]}]},{\"@type\":\"BreadcrumbList\",\"@id\":\"https:\\\/\\\/wp.kristdemokraterna.se\\\/janstefanson\\\/tryggt-eller\\\/#breadcrumb\",\"itemListElement\":[{\"@type\":\"ListItem\",\"position\":1,\"name\":\"Hem\",\"item\":\"https:\\\/\\\/wp.kristdemokraterna.se\\\/janstefanson\\\/\"},{\"@type\":\"ListItem\",\"position\":2,\"name\":\"Tryggt eller&#8230;\"}]},{\"@type\":\"WebSite\",\"@id\":\"https:\\\/\\\/wp.kristdemokraterna.se\\\/janstefanson\\\/#website\",\"url\":\"https:\\\/\\\/wp.kristdemokraterna.se\\\/janstefanson\\\/\",\"name\":\"Jan Stefanson\",\"description\":\"En till Kristdemokraterna webbplats\",\"inLanguage\":\"sv-SE\"},{\"@type\":\"Person\",\"@id\":\"https:\\\/\\\/wp.kristdemokraterna.se\\\/janstefanson\\\/#\\\/schema\\\/person\\\/f8122372f46f49cffa0c02a57c89b40f\",\"name\":\"janstefanson\",\"image\":{\"@type\":\"ImageObject\",\"inLanguage\":\"sv-SE\",\"@id\":\"https:\\\/\\\/secure.gravatar.com\\\/avatar\\\/c8880da1e0ca1fb1fd99d661e99b32931e79d1537ef8441e71fc6630d4b6633c?s=96&r=g\",\"url\":\"https:\\\/\\\/secure.gravatar.com\\\/avatar\\\/c8880da1e0ca1fb1fd99d661e99b32931e79d1537ef8441e71fc6630d4b6633c?s=96&r=g\",\"contentUrl\":\"https:\\\/\\\/secure.gravatar.com\\\/avatar\\\/c8880da1e0ca1fb1fd99d661e99b32931e79d1537ef8441e71fc6630d4b6633c?s=96&r=g\",\"caption\":\"janstefanson\"},\"url\":\"https:\\\/\\\/wp.kristdemokraterna.se\\\/janstefanson\\\/author\\\/janstefanson\\\/\"}]}<\/script>\n<!-- \/ Yoast SEO plugin. -->","yoast_head_json":{"title":"Tryggt eller... - Jan Stefanson","robots":{"index":"index","follow":"follow","max-snippet":"max-snippet:-1","max-image-preview":"max-image-preview:large","max-video-preview":"max-video-preview:-1"},"canonical":"https:\/\/wp.kristdemokraterna.se\/janstefanson\/tryggt-eller\/","og_locale":"sv_SE","og_type":"article","og_title":"Tryggt eller... - Jan Stefanson","og_description":"I morgon \u00e4r det dags f\u00f6r polisen att presentera f\u00f6rslag till samverkansavtal mellan kommunen och dem. \u00c4ven medborgarl\u00f6ftet som ska vara h\u00f6gsta prio fr\u00e5n polisen ska presenteras. B\u00e5da ska signeras av polisen och kommunstyrelsens ordf\u00f6rande om man \u00e4r \u00f6verens. Det som h\u00e4nder i morgon \u00e4r att samtliga partier tr\u00e4ffas som brukligt en vecka f\u00f6re n\u00e4sta Read More","og_url":"https:\/\/wp.kristdemokraterna.se\/janstefanson\/tryggt-eller\/","og_site_name":"Jan Stefanson","article_published_time":"2016-12-06T08:36:56+00:00","author":"janstefanson","twitter_card":"summary_large_image","twitter_misc":{"Skriven av":"janstefanson","Ber\u00e4knad l\u00e4stid":"2 minuter"},"schema":{"@context":"https:\/\/schema.org","@graph":[{"@type":"Article","@id":"https:\/\/wp.kristdemokraterna.se\/janstefanson\/tryggt-eller\/#article","isPartOf":{"@id":"https:\/\/wp.kristdemokraterna.se\/janstefanson\/tryggt-eller\/"},"author":{"name":"janstefanson","@id":"https:\/\/wp.kristdemokraterna.se\/janstefanson\/#\/schema\/person\/f8122372f46f49cffa0c02a57c89b40f"},"headline":"Tryggt eller&#8230;","datePublished":"2016-12-06T08:36:56+00:00","mainEntityOfPage":{"@id":"https:\/\/wp.kristdemokraterna.se\/janstefanson\/tryggt-eller\/"},"wordCount":352,"inLanguage":"sv-SE"},{"@type":"WebPage","@id":"https:\/\/wp.kristdemokraterna.se\/janstefanson\/tryggt-eller\/","url":"https:\/\/wp.kristdemokraterna.se\/janstefanson\/tryggt-eller\/","name":"Tryggt eller... - Jan Stefanson","isPartOf":{"@id":"https:\/\/wp.kristdemokraterna.se\/janstefanson\/#website"},"datePublished":"2016-12-06T08:36:56+00:00","author":{"@id":"https:\/\/wp.kristdemokraterna.se\/janstefanson\/#\/schema\/person\/f8122372f46f49cffa0c02a57c89b40f"},"breadcrumb":{"@id":"https:\/\/wp.kristdemokraterna.se\/janstefanson\/tryggt-eller\/#breadcrumb"},"inLanguage":"sv-SE","potentialAction":[{"@type":"ReadAction","target":["https:\/\/wp.kristdemokraterna.se\/janstefanson\/tryggt-eller\/"]}]},{"@type":"BreadcrumbList","@id":"https:\/\/wp.kristdemokraterna.se\/janstefanson\/tryggt-eller\/#breadcrumb","itemListElement":[{"@type":"ListItem","position":1,"name":"Hem","item":"https:\/\/wp.kristdemokraterna.se\/janstefanson\/"},{"@type":"ListItem","position":2,"name":"Tryggt eller&#8230;"}]},{"@type":"WebSite","@id":"https:\/\/wp.kristdemokraterna.se\/janstefanson\/#website","url":"https:\/\/wp.kristdemokraterna.se\/janstefanson\/","name":"Jan Stefanson","description":"En till Kristdemokraterna webbplats","inLanguage":"sv-SE"},{"@type":"Person","@id":"https:\/\/wp.kristdemokraterna.se\/janstefanson\/#\/schema\/person\/f8122372f46f49cffa0c02a57c89b40f","name":"janstefanson","image":{"@type":"ImageObject","inLanguage":"sv-SE","@id":"https:\/\/secure.gravatar.com\/avatar\/c8880da1e0ca1fb1fd99d661e99b32931e79d1537ef8441e71fc6630d4b6633c?s=96&r=g","url":"https:\/\/secure.gravatar.com\/avatar\/c8880da1e0ca1fb1fd99d661e99b32931e79d1537ef8441e71fc6630d4b6633c?s=96&r=g","contentUrl":"https:\/\/secure.gravatar.com\/avatar\/c8880da1e0ca1fb1fd99d661e99b32931e79d1537ef8441e71fc6630d4b6633c?s=96&r=g","caption":"janstefanson"},"url":"https:\/\/wp.kristdemokraterna.se\/janstefanson\/author\/janstefanson\/"}]}},"_links":{"self":[{"href":"https:\/\/wp.kristdemokraterna.se\/janstefanson\/wp-json\/wp\/v2\/posts\/419","targetHints":{"allow":["GET"]}}],"collection":[{"href":"https:\/\/wp.kristdemokraterna.se\/janstefanson\/wp-json\/wp\/v2\/posts"}],"about":[{"href":"https:\/\/wp.kristdemokraterna.se\/janstefanson\/wp-json\/wp\/v2\/types\/post"}],"author":[{"embeddable":true,"href":"https:\/\/wp.kristdemokraterna.se\/janstefanson\/wp-json\/wp\/v2\/users\/530"}],"replies":[{"embeddable":true,"href":"https:\/\/wp.kristdemokraterna.se\/janstefanson\/wp-json\/wp\/v2\/comments?post=419"}],"version-history":[{"count":1,"href":"https:\/\/wp.kristdemokraterna.se\/janstefanson\/wp-json\/wp\/v2\/posts\/419\/revisions"}],"predecessor-version":[{"id":420,"href":"https:\/\/wp.kristdemokraterna.se\/janstefanson\/wp-json\/wp\/v2\/posts\/419\/revisions\/420"}],"wp:attachment":[{"href":"https:\/\/wp.kristdemokraterna.se\/janstefanson\/wp-json\/wp\/v2\/media?parent=419"}],"wp:term":[{"taxonomy":"category","embeddable":true,"href":"https:\/\/wp.kristdemokraterna.se\/janstefanson\/wp-json\/wp\/v2\/categories?post=419"},{"taxonomy":"post_tag","embeddable":true,"href":"https:\/\/wp.kristdemokraterna.se\/janstefanson\/wp-json\/wp\/v2\/tags?post=419"}],"curies":[{"name":"wp","href":"https:\/\/api.w.org\/{rel}","templated":true}]}}