{"id":421,"date":"2016-12-07T14:09:14","date_gmt":"2016-12-07T13:09:14","guid":{"rendered":"http:\/\/wp.kristdemokraterna.se\/janstefanson\/?p=421"},"modified":"2016-12-07T14:09:14","modified_gmt":"2016-12-07T13:09:14","slug":"ks-pa-brandstationen","status":"publish","type":"post","link":"https:\/\/wp.kristdemokraterna.se\/janstefanson\/ks-pa-brandstationen\/","title":{"rendered":"KS p\u00e5 brandstationen!"},"content":{"rendered":"<p>Idag hade vi f\u00f6rlagt kommunstyrelsens beredningsm\u00f6te till brandk\u00e5ren Attundas station i Bro.<\/p>\n<p>R\u00f6ken fr\u00e5n branden p\u00e5 R\u00e5bystigen k\u00e4ndes i kl\u00e4der och slangar som \u00e4nnu inte hade hunnit reng\u00f6ras.Stationen \u00e4r v\u00e4ldigt fr\u00e4sch! Nya lokaler av toppen klass g\u00f6r att milj\u00f6n \u00e4r v\u00e4ldigt v\u00e4lkomnande. F\u00f6re m\u00f6tet fick vi en visning av lokaliteterna och d\u00e4refter en kort redog\u00f6relse om den senaste branden. Den f\u00f6rsta insatsbilen var p\u00e5 plats efter tre minuter och kunde bara konstatera att det hunnit utvecklas till en stor brand.<\/p>\n<p><img loading=\"lazy\" decoding=\"async\" class=\"size-medium wp-image-422 alignright\" src=\"http:\/\/wp.kristdemokraterna.se\/janstefanson\/files\/2016\/12\/brandkar-300x225.jpg\" alt=\"\" width=\"300\" height=\"225\" srcset=\"https:\/\/wp.kristdemokraterna.se\/janstefanson\/files\/2016\/12\/brandkar-300x225.jpg 300w, https:\/\/wp.kristdemokraterna.se\/janstefanson\/files\/2016\/12\/brandkar-768x576.jpg 768w, https:\/\/wp.kristdemokraterna.se\/janstefanson\/files\/2016\/12\/brandkar-540x405.jpg 540w, https:\/\/wp.kristdemokraterna.se\/janstefanson\/files\/2016\/12\/brandkar-461x346.jpg 461w, https:\/\/wp.kristdemokraterna.se\/janstefanson\/files\/2016\/12\/brandkar-149x112.jpg 149w, https:\/\/wp.kristdemokraterna.se\/janstefanson\/files\/2016\/12\/brandkar.jpg 1152w\" sizes=\"auto, (max-width: 300px) 100vw, 300px\" \/>Lyckligtvis gick inget liv till spillo \u00e4ven om man till en b\u00f6rjan saknade en ton\u00e5ring och gjorde flera r\u00f6kdykarinsatser i tron om att en var kvar i r\u00f6k och brand.<\/p>\n<p>Tv\u00e5 trappuppg\u00e5ngar \u00e4r nu f\u00f6rem\u00e5l f\u00f6r stora reparationsinsatser som kommer att ta tid. Tv\u00e5 andra trappuppg\u00e5ngar som evakuerades p\u00e5 brandnatten har nu f\u00e5tt flytta tillbaks.<\/p>\n<p>Polisen var ocks\u00e5 med p\u00e5 brandstationen. Norrortspolisens chef f\u00f6r J\u00e4rf\u00e4lla\/ Upplands-Bro ber\u00e4ttade om det gemensamma arbetet mellan kommunen och polisen och som nu bekr\u00e4ftas i ett samverkansavtal. Beslut om det tas p\u00e5 kommunstyrelsen den 14 december.<\/p>\n<p>Vi ska g\u00f6ra v\u00e5rt b\u00e4sta f\u00f6r att skapa trygghet!<\/p>\n","protected":false},"excerpt":{"rendered":"<p>Idag hade vi f\u00f6rlagt kommunstyrelsens beredningsm\u00f6te till brandk\u00e5ren Attundas station i Bro. R\u00f6ken fr\u00e5n branden p\u00e5 R\u00e5bystigen k\u00e4ndes i kl\u00e4der och slangar som \u00e4nnu inte hade hunnit reng\u00f6ras.Stationen \u00e4r v\u00e4ldigt fr\u00e4sch! Nya lokaler av toppen klass g\u00f6r att milj\u00f6n \u00e4r v\u00e4ldigt v\u00e4lkomnande. F\u00f6re m\u00f6tet fick vi en visning av lokaliteterna och d\u00e4refter en kort redog\u00f6relse <a class=\"read-more-link\" href=\"https:\/\/wp.kristdemokraterna.se\/janstefanson\/ks-pa-brandstationen\/\">Read More<\/a><\/p>\n","protected":false},"author":530,"featured_media":0,"comment_status":"closed","ping_status":"closed","sticky":false,"template":"","format":"standard","meta":{"_acf_changed":false,"footnotes":""},"categories":[1],"tags":[],"class_list":["post-421","post","type-post","status-publish","format-standard","hentry","category-okategoriserade"],"acf":[],"yoast_head":"<!-- This site is optimized with the Yoast SEO plugin v27.4 - https:\/\/yoast.com\/product\/yoast-seo-wordpress\/ -->\n<title>KS p\u00e5 brandstationen! - Jan Stefanson<\/title>\n<meta name=\"robots\" content=\"index, follow, max-snippet:-1, max-image-preview:large, max-video-preview:-1\" \/>\n<link rel=\"canonical\" href=\"https:\/\/wp.kristdemokraterna.se\/janstefanson\/ks-pa-brandstationen\/\" \/>\n<meta property=\"og:locale\" content=\"sv_SE\" \/>\n<meta property=\"og:type\" content=\"article\" \/>\n<meta property=\"og:title\" content=\"KS p\u00e5 brandstationen! - Jan Stefanson\" \/>\n<meta property=\"og:description\" content=\"Idag hade vi f\u00f6rlagt kommunstyrelsens beredningsm\u00f6te till brandk\u00e5ren Attundas station i Bro. R\u00f6ken fr\u00e5n branden p\u00e5 R\u00e5bystigen k\u00e4ndes i kl\u00e4der och slangar som \u00e4nnu inte hade hunnit reng\u00f6ras.Stationen \u00e4r v\u00e4ldigt fr\u00e4sch! Nya lokaler av toppen klass g\u00f6r att milj\u00f6n \u00e4r v\u00e4ldigt v\u00e4lkomnande. F\u00f6re m\u00f6tet fick vi en visning av lokaliteterna och d\u00e4refter en kort redog\u00f6relse Read More\" \/>\n<meta property=\"og:url\" content=\"https:\/\/wp.kristdemokraterna.se\/janstefanson\/ks-pa-brandstationen\/\" \/>\n<meta property=\"og:site_name\" content=\"Jan Stefanson\" \/>\n<meta property=\"article:published_time\" content=\"2016-12-07T13:09:14+00:00\" \/>\n<meta property=\"og:image\" content=\"http:\/\/wp.kristdemokraterna.se\/janstefanson\/files\/2016\/12\/brandkar-300x225.jpg\" \/>\n<meta name=\"author\" content=\"janstefanson\" \/>\n<meta name=\"twitter:card\" content=\"summary_large_image\" \/>\n<meta name=\"twitter:label1\" content=\"Skriven av\" \/>\n\t<meta name=\"twitter:data1\" content=\"janstefanson\" \/>\n\t<meta name=\"twitter:label2\" content=\"Ber\u00e4knad l\u00e4stid\" \/>\n\t<meta name=\"twitter:data2\" content=\"1 minut\" \/>\n<script type=\"application\/ld+json\" class=\"yoast-schema-graph\">{\"@context\":\"https:\\\/\\\/schema.org\",\"@graph\":[{\"@type\":\"Article\",\"@id\":\"https:\\\/\\\/wp.kristdemokraterna.se\\\/janstefanson\\\/ks-pa-brandstationen\\\/#article\",\"isPartOf\":{\"@id\":\"https:\\\/\\\/wp.kristdemokraterna.se\\\/janstefanson\\\/ks-pa-brandstationen\\\/\"},\"author\":{\"name\":\"janstefanson\",\"@id\":\"https:\\\/\\\/wp.kristdemokraterna.se\\\/janstefanson\\\/#\\\/schema\\\/person\\\/f8122372f46f49cffa0c02a57c89b40f\"},\"headline\":\"KS p\u00e5 brandstationen!\",\"datePublished\":\"2016-12-07T13:09:14+00:00\",\"mainEntityOfPage\":{\"@id\":\"https:\\\/\\\/wp.kristdemokraterna.se\\\/janstefanson\\\/ks-pa-brandstationen\\\/\"},\"wordCount\":222,\"image\":{\"@id\":\"https:\\\/\\\/wp.kristdemokraterna.se\\\/janstefanson\\\/ks-pa-brandstationen\\\/#primaryimage\"},\"thumbnailUrl\":\"http:\\\/\\\/wp.kristdemokraterna.se\\\/janstefanson\\\/files\\\/2016\\\/12\\\/brandkar-300x225.jpg\",\"inLanguage\":\"sv-SE\"},{\"@type\":\"WebPage\",\"@id\":\"https:\\\/\\\/wp.kristdemokraterna.se\\\/janstefanson\\\/ks-pa-brandstationen\\\/\",\"url\":\"https:\\\/\\\/wp.kristdemokraterna.se\\\/janstefanson\\\/ks-pa-brandstationen\\\/\",\"name\":\"KS p\u00e5 brandstationen! - Jan Stefanson\",\"isPartOf\":{\"@id\":\"https:\\\/\\\/wp.kristdemokraterna.se\\\/janstefanson\\\/#website\"},\"primaryImageOfPage\":{\"@id\":\"https:\\\/\\\/wp.kristdemokraterna.se\\\/janstefanson\\\/ks-pa-brandstationen\\\/#primaryimage\"},\"image\":{\"@id\":\"https:\\\/\\\/wp.kristdemokraterna.se\\\/janstefanson\\\/ks-pa-brandstationen\\\/#primaryimage\"},\"thumbnailUrl\":\"http:\\\/\\\/wp.kristdemokraterna.se\\\/janstefanson\\\/files\\\/2016\\\/12\\\/brandkar-300x225.jpg\",\"datePublished\":\"2016-12-07T13:09:14+00:00\",\"author\":{\"@id\":\"https:\\\/\\\/wp.kristdemokraterna.se\\\/janstefanson\\\/#\\\/schema\\\/person\\\/f8122372f46f49cffa0c02a57c89b40f\"},\"breadcrumb\":{\"@id\":\"https:\\\/\\\/wp.kristdemokraterna.se\\\/janstefanson\\\/ks-pa-brandstationen\\\/#breadcrumb\"},\"inLanguage\":\"sv-SE\",\"potentialAction\":[{\"@type\":\"ReadAction\",\"target\":[\"https:\\\/\\\/wp.kristdemokraterna.se\\\/janstefanson\\\/ks-pa-brandstationen\\\/\"]}]},{\"@type\":\"ImageObject\",\"inLanguage\":\"sv-SE\",\"@id\":\"https:\\\/\\\/wp.kristdemokraterna.se\\\/janstefanson\\\/ks-pa-brandstationen\\\/#primaryimage\",\"url\":\"https:\\\/\\\/wp.kristdemokraterna.se\\\/janstefanson\\\/files\\\/2016\\\/12\\\/brandkar.jpg\",\"contentUrl\":\"https:\\\/\\\/wp.kristdemokraterna.se\\\/janstefanson\\\/files\\\/2016\\\/12\\\/brandkar.jpg\",\"width\":1152,\"height\":864},{\"@type\":\"BreadcrumbList\",\"@id\":\"https:\\\/\\\/wp.kristdemokraterna.se\\\/janstefanson\\\/ks-pa-brandstationen\\\/#breadcrumb\",\"itemListElement\":[{\"@type\":\"ListItem\",\"position\":1,\"name\":\"Hem\",\"item\":\"https:\\\/\\\/wp.kristdemokraterna.se\\\/janstefanson\\\/\"},{\"@type\":\"ListItem\",\"position\":2,\"name\":\"KS p\u00e5 brandstationen!\"}]},{\"@type\":\"WebSite\",\"@id\":\"https:\\\/\\\/wp.kristdemokraterna.se\\\/janstefanson\\\/#website\",\"url\":\"https:\\\/\\\/wp.kristdemokraterna.se\\\/janstefanson\\\/\",\"name\":\"Jan Stefanson\",\"description\":\"En till Kristdemokraterna webbplats\",\"inLanguage\":\"sv-SE\"},{\"@type\":\"Person\",\"@id\":\"https:\\\/\\\/wp.kristdemokraterna.se\\\/janstefanson\\\/#\\\/schema\\\/person\\\/f8122372f46f49cffa0c02a57c89b40f\",\"name\":\"janstefanson\",\"image\":{\"@type\":\"ImageObject\",\"inLanguage\":\"sv-SE\",\"@id\":\"https:\\\/\\\/secure.gravatar.com\\\/avatar\\\/c8880da1e0ca1fb1fd99d661e99b32931e79d1537ef8441e71fc6630d4b6633c?s=96&r=g\",\"url\":\"https:\\\/\\\/secure.gravatar.com\\\/avatar\\\/c8880da1e0ca1fb1fd99d661e99b32931e79d1537ef8441e71fc6630d4b6633c?s=96&r=g\",\"contentUrl\":\"https:\\\/\\\/secure.gravatar.com\\\/avatar\\\/c8880da1e0ca1fb1fd99d661e99b32931e79d1537ef8441e71fc6630d4b6633c?s=96&r=g\",\"caption\":\"janstefanson\"},\"url\":\"https:\\\/\\\/wp.kristdemokraterna.se\\\/janstefanson\\\/author\\\/janstefanson\\\/\"}]}<\/script>\n<!-- \/ Yoast SEO plugin. -->","yoast_head_json":{"title":"KS p\u00e5 brandstationen! - Jan Stefanson","robots":{"index":"index","follow":"follow","max-snippet":"max-snippet:-1","max-image-preview":"max-image-preview:large","max-video-preview":"max-video-preview:-1"},"canonical":"https:\/\/wp.kristdemokraterna.se\/janstefanson\/ks-pa-brandstationen\/","og_locale":"sv_SE","og_type":"article","og_title":"KS p\u00e5 brandstationen! - Jan Stefanson","og_description":"Idag hade vi f\u00f6rlagt kommunstyrelsens beredningsm\u00f6te till brandk\u00e5ren Attundas station i Bro. R\u00f6ken fr\u00e5n branden p\u00e5 R\u00e5bystigen k\u00e4ndes i kl\u00e4der och slangar som \u00e4nnu inte hade hunnit reng\u00f6ras.Stationen \u00e4r v\u00e4ldigt fr\u00e4sch! Nya lokaler av toppen klass g\u00f6r att milj\u00f6n \u00e4r v\u00e4ldigt v\u00e4lkomnande. F\u00f6re m\u00f6tet fick vi en visning av lokaliteterna och d\u00e4refter en kort redog\u00f6relse Read More","og_url":"https:\/\/wp.kristdemokraterna.se\/janstefanson\/ks-pa-brandstationen\/","og_site_name":"Jan Stefanson","article_published_time":"2016-12-07T13:09:14+00:00","og_image":[{"url":"http:\/\/wp.kristdemokraterna.se\/janstefanson\/files\/2016\/12\/brandkar-300x225.jpg","type":"","width":"","height":""}],"author":"janstefanson","twitter_card":"summary_large_image","twitter_misc":{"Skriven av":"janstefanson","Ber\u00e4knad l\u00e4stid":"1 minut"},"schema":{"@context":"https:\/\/schema.org","@graph":[{"@type":"Article","@id":"https:\/\/wp.kristdemokraterna.se\/janstefanson\/ks-pa-brandstationen\/#article","isPartOf":{"@id":"https:\/\/wp.kristdemokraterna.se\/janstefanson\/ks-pa-brandstationen\/"},"author":{"name":"janstefanson","@id":"https:\/\/wp.kristdemokraterna.se\/janstefanson\/#\/schema\/person\/f8122372f46f49cffa0c02a57c89b40f"},"headline":"KS p\u00e5 brandstationen!","datePublished":"2016-12-07T13:09:14+00:00","mainEntityOfPage":{"@id":"https:\/\/wp.kristdemokraterna.se\/janstefanson\/ks-pa-brandstationen\/"},"wordCount":222,"image":{"@id":"https:\/\/wp.kristdemokraterna.se\/janstefanson\/ks-pa-brandstationen\/#primaryimage"},"thumbnailUrl":"http:\/\/wp.kristdemokraterna.se\/janstefanson\/files\/2016\/12\/brandkar-300x225.jpg","inLanguage":"sv-SE"},{"@type":"WebPage","@id":"https:\/\/wp.kristdemokraterna.se\/janstefanson\/ks-pa-brandstationen\/","url":"https:\/\/wp.kristdemokraterna.se\/janstefanson\/ks-pa-brandstationen\/","name":"KS p\u00e5 brandstationen! - Jan Stefanson","isPartOf":{"@id":"https:\/\/wp.kristdemokraterna.se\/janstefanson\/#website"},"primaryImageOfPage":{"@id":"https:\/\/wp.kristdemokraterna.se\/janstefanson\/ks-pa-brandstationen\/#primaryimage"},"image":{"@id":"https:\/\/wp.kristdemokraterna.se\/janstefanson\/ks-pa-brandstationen\/#primaryimage"},"thumbnailUrl":"http:\/\/wp.kristdemokraterna.se\/janstefanson\/files\/2016\/12\/brandkar-300x225.jpg","datePublished":"2016-12-07T13:09:14+00:00","author":{"@id":"https:\/\/wp.kristdemokraterna.se\/janstefanson\/#\/schema\/person\/f8122372f46f49cffa0c02a57c89b40f"},"breadcrumb":{"@id":"https:\/\/wp.kristdemokraterna.se\/janstefanson\/ks-pa-brandstationen\/#breadcrumb"},"inLanguage":"sv-SE","potentialAction":[{"@type":"ReadAction","target":["https:\/\/wp.kristdemokraterna.se\/janstefanson\/ks-pa-brandstationen\/"]}]},{"@type":"ImageObject","inLanguage":"sv-SE","@id":"https:\/\/wp.kristdemokraterna.se\/janstefanson\/ks-pa-brandstationen\/#primaryimage","url":"https:\/\/wp.kristdemokraterna.se\/janstefanson\/files\/2016\/12\/brandkar.jpg","contentUrl":"https:\/\/wp.kristdemokraterna.se\/janstefanson\/files\/2016\/12\/brandkar.jpg","width":1152,"height":864},{"@type":"BreadcrumbList","@id":"https:\/\/wp.kristdemokraterna.se\/janstefanson\/ks-pa-brandstationen\/#breadcrumb","itemListElement":[{"@type":"ListItem","position":1,"name":"Hem","item":"https:\/\/wp.kristdemokraterna.se\/janstefanson\/"},{"@type":"ListItem","position":2,"name":"KS p\u00e5 brandstationen!"}]},{"@type":"WebSite","@id":"https:\/\/wp.kristdemokraterna.se\/janstefanson\/#website","url":"https:\/\/wp.kristdemokraterna.se\/janstefanson\/","name":"Jan Stefanson","description":"En till Kristdemokraterna webbplats","inLanguage":"sv-SE"},{"@type":"Person","@id":"https:\/\/wp.kristdemokraterna.se\/janstefanson\/#\/schema\/person\/f8122372f46f49cffa0c02a57c89b40f","name":"janstefanson","image":{"@type":"ImageObject","inLanguage":"sv-SE","@id":"https:\/\/secure.gravatar.com\/avatar\/c8880da1e0ca1fb1fd99d661e99b32931e79d1537ef8441e71fc6630d4b6633c?s=96&r=g","url":"https:\/\/secure.gravatar.com\/avatar\/c8880da1e0ca1fb1fd99d661e99b32931e79d1537ef8441e71fc6630d4b6633c?s=96&r=g","contentUrl":"https:\/\/secure.gravatar.com\/avatar\/c8880da1e0ca1fb1fd99d661e99b32931e79d1537ef8441e71fc6630d4b6633c?s=96&r=g","caption":"janstefanson"},"url":"https:\/\/wp.kristdemokraterna.se\/janstefanson\/author\/janstefanson\/"}]}},"_links":{"self":[{"href":"https:\/\/wp.kristdemokraterna.se\/janstefanson\/wp-json\/wp\/v2\/posts\/421","targetHints":{"allow":["GET"]}}],"collection":[{"href":"https:\/\/wp.kristdemokraterna.se\/janstefanson\/wp-json\/wp\/v2\/posts"}],"about":[{"href":"https:\/\/wp.kristdemokraterna.se\/janstefanson\/wp-json\/wp\/v2\/types\/post"}],"author":[{"embeddable":true,"href":"https:\/\/wp.kristdemokraterna.se\/janstefanson\/wp-json\/wp\/v2\/users\/530"}],"replies":[{"embeddable":true,"href":"https:\/\/wp.kristdemokraterna.se\/janstefanson\/wp-json\/wp\/v2\/comments?post=421"}],"version-history":[{"count":1,"href":"https:\/\/wp.kristdemokraterna.se\/janstefanson\/wp-json\/wp\/v2\/posts\/421\/revisions"}],"predecessor-version":[{"id":423,"href":"https:\/\/wp.kristdemokraterna.se\/janstefanson\/wp-json\/wp\/v2\/posts\/421\/revisions\/423"}],"wp:attachment":[{"href":"https:\/\/wp.kristdemokraterna.se\/janstefanson\/wp-json\/wp\/v2\/media?parent=421"}],"wp:term":[{"taxonomy":"category","embeddable":true,"href":"https:\/\/wp.kristdemokraterna.se\/janstefanson\/wp-json\/wp\/v2\/categories?post=421"},{"taxonomy":"post_tag","embeddable":true,"href":"https:\/\/wp.kristdemokraterna.se\/janstefanson\/wp-json\/wp\/v2\/tags?post=421"}],"curies":[{"name":"wp","href":"https:\/\/api.w.org\/{rel}","templated":true}]}}