{"id":424,"date":"2016-12-07T16:00:28","date_gmt":"2016-12-07T15:00:28","guid":{"rendered":"http:\/\/wp.kristdemokraterna.se\/janstefanson\/?p=424"},"modified":"2016-12-07T16:00:28","modified_gmt":"2016-12-07T15:00:28","slug":"rapport-fran-kohlsva","status":"publish","type":"post","link":"https:\/\/wp.kristdemokraterna.se\/janstefanson\/rapport-fran-kohlsva\/","title":{"rendered":"Rapport fr\u00e5n Kohlsva"},"content":{"rendered":"<p>Kohlsva \u00e4r en ny bekantskap. Cirka fjorton mil fr\u00e5n Kungs\u00e4ngen ligger det strax utanf\u00f6r K\u00f6ping. En vacker liten ort med ett stolt bevarande av gamla byggnader. <strong>Kohlsva herrg\u00e5rd<\/strong> var platsen f\u00f6r tisdagens Leaderm\u00f6te.<\/p>\n<p><img loading=\"lazy\" decoding=\"async\" class=\"size-full wp-image-426 alignright\" src=\"http:\/\/wp.kristdemokraterna.se\/janstefanson\/files\/2016\/12\/kohlsvat.jpg\" alt=\"\" width=\"236\" height=\"144\" srcset=\"https:\/\/wp.kristdemokraterna.se\/janstefanson\/files\/2016\/12\/kohlsvat.jpg 236w, https:\/\/wp.kristdemokraterna.se\/janstefanson\/files\/2016\/12\/kohlsvat-184x112.jpg 184w\" sizes=\"auto, (max-width: 236px) 100vw, 236px\" \/>Alldeles intill en \u00e5 ligger det vackert inb\u00e4ddat i naturen. \u00a0&#8211; M\u00e5nga arbetspendlar till Stockholm ber\u00e4ttade en av ledam\u00f6terna fr\u00e5n orten. Det tar inte s\u00e5 l\u00e5ng tid eftersom t\u00e5gen passerar ett par mil bort.<\/p>\n<p>Dagens m\u00f6te var del ett av ett tv\u00e5dagarsseminarium.Jag var var med f\u00f6rsta dagen. Vi gick igenom Leader-Lags m\u00e5l och riktlinjer. Vi diskuterade skallkrav och po\u00e4ngbed\u00f6mningar. Vi fastnade i en diskussion om underifr\u00e5nperspektivet. Det \u00e4r en av grundbultarna i Leaderprojektets syn p\u00e5 vem som ska f\u00e5 medel och vem som ska bli utan.Starkt underifr\u00e5nperspektiv kontra svagt underifr\u00e5nperspektiv-hur bed\u00f6mer man det?<\/p>\n<p>Gruppen enades om en syn som mer byggde p\u00e5 uttr\u00f6ttning efter m\u00e5nga och l\u00e5nga diskussioner men d\u00e4r absoluta flertalet vart \u00f6verens. Att de subjektiva bed\u00f6mningar som nu f\u00f6ljer p\u00e5 det och kan betraktas som godtyckliga och aningen r\u00e4ttsos\u00e4kra var inte tillr\u00e4ckligt f\u00f6r att f\u00f6rdjupa diskussionen ytterligare. Enligt google s\u00e5 \u00e4r en f\u00f6rtroendevald inte &#8221;underifr\u00e5n&#8221; \u00e5tminstone inte i tj\u00e4nst la n\u00e5gon till..!!!<\/p>\n<p>Glasklart kan tyckas-s\u00e5 nu \u00e4r det bara att vikta, bevilja eller avsl\u00e5. Som gr\u00e4dden p\u00e5 moset ska alla beviljade projekt \u00f6verpr\u00f6vas av Jordbruksverket f\u00f6re utbetalning.<\/p>\n<p>Vem har sagt att det ska vara enkelt n\u00e4r det g\u00e5r att g\u00f6ra sv\u00e5rt!<\/p>\n","protected":false},"excerpt":{"rendered":"<p>Kohlsva \u00e4r en ny bekantskap. Cirka fjorton mil fr\u00e5n Kungs\u00e4ngen ligger det strax utanf\u00f6r K\u00f6ping. En vacker liten ort med ett stolt bevarande av gamla byggnader. Kohlsva herrg\u00e5rd var platsen f\u00f6r tisdagens Leaderm\u00f6te. Alldeles intill en \u00e5 ligger det vackert inb\u00e4ddat i naturen. \u00a0&#8211; M\u00e5nga arbetspendlar till Stockholm ber\u00e4ttade en av ledam\u00f6terna fr\u00e5n orten. Det <a class=\"read-more-link\" href=\"https:\/\/wp.kristdemokraterna.se\/janstefanson\/rapport-fran-kohlsva\/\">Read More<\/a><\/p>\n","protected":false},"author":530,"featured_media":0,"comment_status":"closed","ping_status":"closed","sticky":false,"template":"","format":"standard","meta":{"_acf_changed":false,"footnotes":""},"categories":[1],"tags":[],"class_list":["post-424","post","type-post","status-publish","format-standard","hentry","category-okategoriserade"],"acf":[],"yoast_head":"<!-- This site is optimized with the Yoast SEO plugin v27.4 - https:\/\/yoast.com\/product\/yoast-seo-wordpress\/ -->\n<title>Rapport fr\u00e5n Kohlsva - Jan Stefanson<\/title>\n<meta name=\"robots\" content=\"index, follow, max-snippet:-1, max-image-preview:large, max-video-preview:-1\" \/>\n<link rel=\"canonical\" href=\"https:\/\/wp.kristdemokraterna.se\/janstefanson\/rapport-fran-kohlsva\/\" \/>\n<meta property=\"og:locale\" content=\"sv_SE\" \/>\n<meta property=\"og:type\" content=\"article\" \/>\n<meta property=\"og:title\" content=\"Rapport fr\u00e5n Kohlsva - Jan Stefanson\" \/>\n<meta property=\"og:description\" content=\"Kohlsva \u00e4r en ny bekantskap. Cirka fjorton mil fr\u00e5n Kungs\u00e4ngen ligger det strax utanf\u00f6r K\u00f6ping. En vacker liten ort med ett stolt bevarande av gamla byggnader. Kohlsva herrg\u00e5rd var platsen f\u00f6r tisdagens Leaderm\u00f6te. Alldeles intill en \u00e5 ligger det vackert inb\u00e4ddat i naturen. \u00a0&#8211; M\u00e5nga arbetspendlar till Stockholm ber\u00e4ttade en av ledam\u00f6terna fr\u00e5n orten. Det Read More\" \/>\n<meta property=\"og:url\" content=\"https:\/\/wp.kristdemokraterna.se\/janstefanson\/rapport-fran-kohlsva\/\" \/>\n<meta property=\"og:site_name\" content=\"Jan Stefanson\" \/>\n<meta property=\"article:published_time\" content=\"2016-12-07T15:00:28+00:00\" \/>\n<meta property=\"og:image\" content=\"http:\/\/wp.kristdemokraterna.se\/janstefanson\/files\/2016\/12\/kohlsvat.jpg\" \/>\n<meta name=\"author\" content=\"janstefanson\" \/>\n<meta name=\"twitter:card\" content=\"summary_large_image\" \/>\n<meta name=\"twitter:label1\" content=\"Skriven av\" \/>\n\t<meta name=\"twitter:data1\" content=\"janstefanson\" \/>\n\t<meta name=\"twitter:label2\" content=\"Ber\u00e4knad l\u00e4stid\" \/>\n\t<meta name=\"twitter:data2\" content=\"1 minut\" \/>\n<script type=\"application\/ld+json\" class=\"yoast-schema-graph\">{\"@context\":\"https:\\\/\\\/schema.org\",\"@graph\":[{\"@type\":\"Article\",\"@id\":\"https:\\\/\\\/wp.kristdemokraterna.se\\\/janstefanson\\\/rapport-fran-kohlsva\\\/#article\",\"isPartOf\":{\"@id\":\"https:\\\/\\\/wp.kristdemokraterna.se\\\/janstefanson\\\/rapport-fran-kohlsva\\\/\"},\"author\":{\"name\":\"janstefanson\",\"@id\":\"https:\\\/\\\/wp.kristdemokraterna.se\\\/janstefanson\\\/#\\\/schema\\\/person\\\/f8122372f46f49cffa0c02a57c89b40f\"},\"headline\":\"Rapport fr\u00e5n Kohlsva\",\"datePublished\":\"2016-12-07T15:00:28+00:00\",\"mainEntityOfPage\":{\"@id\":\"https:\\\/\\\/wp.kristdemokraterna.se\\\/janstefanson\\\/rapport-fran-kohlsva\\\/\"},\"wordCount\":277,\"image\":{\"@id\":\"https:\\\/\\\/wp.kristdemokraterna.se\\\/janstefanson\\\/rapport-fran-kohlsva\\\/#primaryimage\"},\"thumbnailUrl\":\"http:\\\/\\\/wp.kristdemokraterna.se\\\/janstefanson\\\/files\\\/2016\\\/12\\\/kohlsvat.jpg\",\"inLanguage\":\"sv-SE\"},{\"@type\":\"WebPage\",\"@id\":\"https:\\\/\\\/wp.kristdemokraterna.se\\\/janstefanson\\\/rapport-fran-kohlsva\\\/\",\"url\":\"https:\\\/\\\/wp.kristdemokraterna.se\\\/janstefanson\\\/rapport-fran-kohlsva\\\/\",\"name\":\"Rapport fr\u00e5n Kohlsva - Jan Stefanson\",\"isPartOf\":{\"@id\":\"https:\\\/\\\/wp.kristdemokraterna.se\\\/janstefanson\\\/#website\"},\"primaryImageOfPage\":{\"@id\":\"https:\\\/\\\/wp.kristdemokraterna.se\\\/janstefanson\\\/rapport-fran-kohlsva\\\/#primaryimage\"},\"image\":{\"@id\":\"https:\\\/\\\/wp.kristdemokraterna.se\\\/janstefanson\\\/rapport-fran-kohlsva\\\/#primaryimage\"},\"thumbnailUrl\":\"http:\\\/\\\/wp.kristdemokraterna.se\\\/janstefanson\\\/files\\\/2016\\\/12\\\/kohlsvat.jpg\",\"datePublished\":\"2016-12-07T15:00:28+00:00\",\"author\":{\"@id\":\"https:\\\/\\\/wp.kristdemokraterna.se\\\/janstefanson\\\/#\\\/schema\\\/person\\\/f8122372f46f49cffa0c02a57c89b40f\"},\"breadcrumb\":{\"@id\":\"https:\\\/\\\/wp.kristdemokraterna.se\\\/janstefanson\\\/rapport-fran-kohlsva\\\/#breadcrumb\"},\"inLanguage\":\"sv-SE\",\"potentialAction\":[{\"@type\":\"ReadAction\",\"target\":[\"https:\\\/\\\/wp.kristdemokraterna.se\\\/janstefanson\\\/rapport-fran-kohlsva\\\/\"]}]},{\"@type\":\"ImageObject\",\"inLanguage\":\"sv-SE\",\"@id\":\"https:\\\/\\\/wp.kristdemokraterna.se\\\/janstefanson\\\/rapport-fran-kohlsva\\\/#primaryimage\",\"url\":\"https:\\\/\\\/wp.kristdemokraterna.se\\\/janstefanson\\\/files\\\/2016\\\/12\\\/kohlsvat.jpg\",\"contentUrl\":\"https:\\\/\\\/wp.kristdemokraterna.se\\\/janstefanson\\\/files\\\/2016\\\/12\\\/kohlsvat.jpg\",\"width\":236,\"height\":144},{\"@type\":\"BreadcrumbList\",\"@id\":\"https:\\\/\\\/wp.kristdemokraterna.se\\\/janstefanson\\\/rapport-fran-kohlsva\\\/#breadcrumb\",\"itemListElement\":[{\"@type\":\"ListItem\",\"position\":1,\"name\":\"Hem\",\"item\":\"https:\\\/\\\/wp.kristdemokraterna.se\\\/janstefanson\\\/\"},{\"@type\":\"ListItem\",\"position\":2,\"name\":\"Rapport fr\u00e5n Kohlsva\"}]},{\"@type\":\"WebSite\",\"@id\":\"https:\\\/\\\/wp.kristdemokraterna.se\\\/janstefanson\\\/#website\",\"url\":\"https:\\\/\\\/wp.kristdemokraterna.se\\\/janstefanson\\\/\",\"name\":\"Jan Stefanson\",\"description\":\"En till Kristdemokraterna webbplats\",\"inLanguage\":\"sv-SE\"},{\"@type\":\"Person\",\"@id\":\"https:\\\/\\\/wp.kristdemokraterna.se\\\/janstefanson\\\/#\\\/schema\\\/person\\\/f8122372f46f49cffa0c02a57c89b40f\",\"name\":\"janstefanson\",\"image\":{\"@type\":\"ImageObject\",\"inLanguage\":\"sv-SE\",\"@id\":\"https:\\\/\\\/secure.gravatar.com\\\/avatar\\\/c8880da1e0ca1fb1fd99d661e99b32931e79d1537ef8441e71fc6630d4b6633c?s=96&r=g\",\"url\":\"https:\\\/\\\/secure.gravatar.com\\\/avatar\\\/c8880da1e0ca1fb1fd99d661e99b32931e79d1537ef8441e71fc6630d4b6633c?s=96&r=g\",\"contentUrl\":\"https:\\\/\\\/secure.gravatar.com\\\/avatar\\\/c8880da1e0ca1fb1fd99d661e99b32931e79d1537ef8441e71fc6630d4b6633c?s=96&r=g\",\"caption\":\"janstefanson\"},\"url\":\"https:\\\/\\\/wp.kristdemokraterna.se\\\/janstefanson\\\/author\\\/janstefanson\\\/\"}]}<\/script>\n<!-- \/ Yoast SEO plugin. -->","yoast_head_json":{"title":"Rapport fr\u00e5n Kohlsva - Jan Stefanson","robots":{"index":"index","follow":"follow","max-snippet":"max-snippet:-1","max-image-preview":"max-image-preview:large","max-video-preview":"max-video-preview:-1"},"canonical":"https:\/\/wp.kristdemokraterna.se\/janstefanson\/rapport-fran-kohlsva\/","og_locale":"sv_SE","og_type":"article","og_title":"Rapport fr\u00e5n Kohlsva - Jan Stefanson","og_description":"Kohlsva \u00e4r en ny bekantskap. Cirka fjorton mil fr\u00e5n Kungs\u00e4ngen ligger det strax utanf\u00f6r K\u00f6ping. En vacker liten ort med ett stolt bevarande av gamla byggnader. Kohlsva herrg\u00e5rd var platsen f\u00f6r tisdagens Leaderm\u00f6te. Alldeles intill en \u00e5 ligger det vackert inb\u00e4ddat i naturen. \u00a0&#8211; M\u00e5nga arbetspendlar till Stockholm ber\u00e4ttade en av ledam\u00f6terna fr\u00e5n orten. Det Read More","og_url":"https:\/\/wp.kristdemokraterna.se\/janstefanson\/rapport-fran-kohlsva\/","og_site_name":"Jan Stefanson","article_published_time":"2016-12-07T15:00:28+00:00","og_image":[{"url":"http:\/\/wp.kristdemokraterna.se\/janstefanson\/files\/2016\/12\/kohlsvat.jpg","type":"","width":"","height":""}],"author":"janstefanson","twitter_card":"summary_large_image","twitter_misc":{"Skriven av":"janstefanson","Ber\u00e4knad l\u00e4stid":"1 minut"},"schema":{"@context":"https:\/\/schema.org","@graph":[{"@type":"Article","@id":"https:\/\/wp.kristdemokraterna.se\/janstefanson\/rapport-fran-kohlsva\/#article","isPartOf":{"@id":"https:\/\/wp.kristdemokraterna.se\/janstefanson\/rapport-fran-kohlsva\/"},"author":{"name":"janstefanson","@id":"https:\/\/wp.kristdemokraterna.se\/janstefanson\/#\/schema\/person\/f8122372f46f49cffa0c02a57c89b40f"},"headline":"Rapport fr\u00e5n Kohlsva","datePublished":"2016-12-07T15:00:28+00:00","mainEntityOfPage":{"@id":"https:\/\/wp.kristdemokraterna.se\/janstefanson\/rapport-fran-kohlsva\/"},"wordCount":277,"image":{"@id":"https:\/\/wp.kristdemokraterna.se\/janstefanson\/rapport-fran-kohlsva\/#primaryimage"},"thumbnailUrl":"http:\/\/wp.kristdemokraterna.se\/janstefanson\/files\/2016\/12\/kohlsvat.jpg","inLanguage":"sv-SE"},{"@type":"WebPage","@id":"https:\/\/wp.kristdemokraterna.se\/janstefanson\/rapport-fran-kohlsva\/","url":"https:\/\/wp.kristdemokraterna.se\/janstefanson\/rapport-fran-kohlsva\/","name":"Rapport fr\u00e5n Kohlsva - Jan Stefanson","isPartOf":{"@id":"https:\/\/wp.kristdemokraterna.se\/janstefanson\/#website"},"primaryImageOfPage":{"@id":"https:\/\/wp.kristdemokraterna.se\/janstefanson\/rapport-fran-kohlsva\/#primaryimage"},"image":{"@id":"https:\/\/wp.kristdemokraterna.se\/janstefanson\/rapport-fran-kohlsva\/#primaryimage"},"thumbnailUrl":"http:\/\/wp.kristdemokraterna.se\/janstefanson\/files\/2016\/12\/kohlsvat.jpg","datePublished":"2016-12-07T15:00:28+00:00","author":{"@id":"https:\/\/wp.kristdemokraterna.se\/janstefanson\/#\/schema\/person\/f8122372f46f49cffa0c02a57c89b40f"},"breadcrumb":{"@id":"https:\/\/wp.kristdemokraterna.se\/janstefanson\/rapport-fran-kohlsva\/#breadcrumb"},"inLanguage":"sv-SE","potentialAction":[{"@type":"ReadAction","target":["https:\/\/wp.kristdemokraterna.se\/janstefanson\/rapport-fran-kohlsva\/"]}]},{"@type":"ImageObject","inLanguage":"sv-SE","@id":"https:\/\/wp.kristdemokraterna.se\/janstefanson\/rapport-fran-kohlsva\/#primaryimage","url":"https:\/\/wp.kristdemokraterna.se\/janstefanson\/files\/2016\/12\/kohlsvat.jpg","contentUrl":"https:\/\/wp.kristdemokraterna.se\/janstefanson\/files\/2016\/12\/kohlsvat.jpg","width":236,"height":144},{"@type":"BreadcrumbList","@id":"https:\/\/wp.kristdemokraterna.se\/janstefanson\/rapport-fran-kohlsva\/#breadcrumb","itemListElement":[{"@type":"ListItem","position":1,"name":"Hem","item":"https:\/\/wp.kristdemokraterna.se\/janstefanson\/"},{"@type":"ListItem","position":2,"name":"Rapport fr\u00e5n Kohlsva"}]},{"@type":"WebSite","@id":"https:\/\/wp.kristdemokraterna.se\/janstefanson\/#website","url":"https:\/\/wp.kristdemokraterna.se\/janstefanson\/","name":"Jan Stefanson","description":"En till Kristdemokraterna webbplats","inLanguage":"sv-SE"},{"@type":"Person","@id":"https:\/\/wp.kristdemokraterna.se\/janstefanson\/#\/schema\/person\/f8122372f46f49cffa0c02a57c89b40f","name":"janstefanson","image":{"@type":"ImageObject","inLanguage":"sv-SE","@id":"https:\/\/secure.gravatar.com\/avatar\/c8880da1e0ca1fb1fd99d661e99b32931e79d1537ef8441e71fc6630d4b6633c?s=96&r=g","url":"https:\/\/secure.gravatar.com\/avatar\/c8880da1e0ca1fb1fd99d661e99b32931e79d1537ef8441e71fc6630d4b6633c?s=96&r=g","contentUrl":"https:\/\/secure.gravatar.com\/avatar\/c8880da1e0ca1fb1fd99d661e99b32931e79d1537ef8441e71fc6630d4b6633c?s=96&r=g","caption":"janstefanson"},"url":"https:\/\/wp.kristdemokraterna.se\/janstefanson\/author\/janstefanson\/"}]}},"_links":{"self":[{"href":"https:\/\/wp.kristdemokraterna.se\/janstefanson\/wp-json\/wp\/v2\/posts\/424","targetHints":{"allow":["GET"]}}],"collection":[{"href":"https:\/\/wp.kristdemokraterna.se\/janstefanson\/wp-json\/wp\/v2\/posts"}],"about":[{"href":"https:\/\/wp.kristdemokraterna.se\/janstefanson\/wp-json\/wp\/v2\/types\/post"}],"author":[{"embeddable":true,"href":"https:\/\/wp.kristdemokraterna.se\/janstefanson\/wp-json\/wp\/v2\/users\/530"}],"replies":[{"embeddable":true,"href":"https:\/\/wp.kristdemokraterna.se\/janstefanson\/wp-json\/wp\/v2\/comments?post=424"}],"version-history":[{"count":2,"href":"https:\/\/wp.kristdemokraterna.se\/janstefanson\/wp-json\/wp\/v2\/posts\/424\/revisions"}],"predecessor-version":[{"id":427,"href":"https:\/\/wp.kristdemokraterna.se\/janstefanson\/wp-json\/wp\/v2\/posts\/424\/revisions\/427"}],"wp:attachment":[{"href":"https:\/\/wp.kristdemokraterna.se\/janstefanson\/wp-json\/wp\/v2\/media?parent=424"}],"wp:term":[{"taxonomy":"category","embeddable":true,"href":"https:\/\/wp.kristdemokraterna.se\/janstefanson\/wp-json\/wp\/v2\/categories?post=424"},{"taxonomy":"post_tag","embeddable":true,"href":"https:\/\/wp.kristdemokraterna.se\/janstefanson\/wp-json\/wp\/v2\/tags?post=424"}],"curies":[{"name":"wp","href":"https:\/\/api.w.org\/{rel}","templated":true}]}}