{"id":428,"date":"2016-12-14T15:09:32","date_gmt":"2016-12-14T14:09:32","guid":{"rendered":"http:\/\/wp.kristdemokraterna.se\/janstefanson\/?p=428"},"modified":"2016-12-14T15:09:32","modified_gmt":"2016-12-14T14:09:32","slug":"naturreservat-for-det-gemensamma-basta","status":"publish","type":"post","link":"https:\/\/wp.kristdemokraterna.se\/janstefanson\/naturreservat-for-det-gemensamma-basta\/","title":{"rendered":"Naturreservat f\u00f6r det gemensamma b\u00e4sta"},"content":{"rendered":"<p>Nu har kommunstyrelsen beslutat att f\u00f6resl\u00e5 fullm\u00e4ktige naturreservatsbildande vid \u00d6rn\u00e4s och Lillsj\u00f6n.<\/p>\n<p>Vi har lyssnat p\u00e5 kritiken och d\u00e4rf\u00f6r undantas i dagsl\u00e4get den del som protesterna g\u00e4llt. Det avser del av Lillsj\u00f6n och Syltaomr\u00e5det.<\/p>\n<p>Att bilda Naturreservat handlar b\u00e5de om att skydda, bevara och tillg\u00e4ngligg\u00f6ra. N\u00e4r bost\u00e4der etableras i jungfrulig mark s\u00e5 \u00e4r det viktigt. Att inte g\u00f6ra n\u00e5got alls \u00e4r d\u00e4rf\u00f6r inget bra alternativ.<\/p>\n<p>Det gemensamma b\u00e4sta beh\u00f6ver d\u00e4rf\u00f6r inte st\u00e5 i konflikt med det enskilt b\u00e4sta men ibland g\u00f6r det s\u00e5. En bra id\u00e9 att \u00e4r att kunna v\u00e4ga f\u00f6rslagen och lyssna p\u00e5 de som ber\u00f6rs och sedan fatta beslut. Det tycker jag att vi har lyckats med!<\/p>\n","protected":false},"excerpt":{"rendered":"<p>Nu har kommunstyrelsen beslutat att f\u00f6resl\u00e5 fullm\u00e4ktige naturreservatsbildande vid \u00d6rn\u00e4s och Lillsj\u00f6n. Vi har lyssnat p\u00e5 kritiken och d\u00e4rf\u00f6r undantas i dagsl\u00e4get den del som protesterna g\u00e4llt. Det avser del av Lillsj\u00f6n och Syltaomr\u00e5det. Att bilda Naturreservat handlar b\u00e5de om att skydda, bevara och tillg\u00e4ngligg\u00f6ra. N\u00e4r bost\u00e4der etableras i jungfrulig mark s\u00e5 \u00e4r det viktigt. <a class=\"read-more-link\" href=\"https:\/\/wp.kristdemokraterna.se\/janstefanson\/naturreservat-for-det-gemensamma-basta\/\">Read More<\/a><\/p>\n","protected":false},"author":530,"featured_media":0,"comment_status":"closed","ping_status":"closed","sticky":false,"template":"","format":"standard","meta":{"_acf_changed":false,"footnotes":""},"categories":[1],"tags":[],"class_list":["post-428","post","type-post","status-publish","format-standard","hentry","category-okategoriserade"],"acf":[],"yoast_head":"<!-- This site is optimized with the Yoast SEO plugin v27.4 - https:\/\/yoast.com\/product\/yoast-seo-wordpress\/ -->\n<title>Naturreservat f\u00f6r det gemensamma b\u00e4sta - Jan Stefanson<\/title>\n<meta name=\"robots\" content=\"index, follow, max-snippet:-1, max-image-preview:large, max-video-preview:-1\" \/>\n<link rel=\"canonical\" href=\"https:\/\/wp.kristdemokraterna.se\/janstefanson\/naturreservat-for-det-gemensamma-basta\/\" \/>\n<meta property=\"og:locale\" content=\"sv_SE\" \/>\n<meta property=\"og:type\" content=\"article\" \/>\n<meta property=\"og:title\" content=\"Naturreservat f\u00f6r det gemensamma b\u00e4sta - Jan Stefanson\" \/>\n<meta property=\"og:description\" content=\"Nu har kommunstyrelsen beslutat att f\u00f6resl\u00e5 fullm\u00e4ktige naturreservatsbildande vid \u00d6rn\u00e4s och Lillsj\u00f6n. Vi har lyssnat p\u00e5 kritiken och d\u00e4rf\u00f6r undantas i dagsl\u00e4get den del som protesterna g\u00e4llt. Det avser del av Lillsj\u00f6n och Syltaomr\u00e5det. Att bilda Naturreservat handlar b\u00e5de om att skydda, bevara och tillg\u00e4ngligg\u00f6ra. N\u00e4r bost\u00e4der etableras i jungfrulig mark s\u00e5 \u00e4r det viktigt. Read More\" \/>\n<meta property=\"og:url\" content=\"https:\/\/wp.kristdemokraterna.se\/janstefanson\/naturreservat-for-det-gemensamma-basta\/\" \/>\n<meta property=\"og:site_name\" content=\"Jan Stefanson\" \/>\n<meta property=\"article:published_time\" content=\"2016-12-14T14:09:32+00:00\" \/>\n<meta name=\"author\" content=\"janstefanson\" \/>\n<meta name=\"twitter:card\" content=\"summary_large_image\" \/>\n<meta name=\"twitter:label1\" content=\"Skriven av\" \/>\n\t<meta name=\"twitter:data1\" content=\"janstefanson\" \/>\n\t<meta name=\"twitter:label2\" content=\"Ber\u00e4knad l\u00e4stid\" \/>\n\t<meta name=\"twitter:data2\" content=\"1 minut\" \/>\n<script type=\"application\/ld+json\" class=\"yoast-schema-graph\">{\"@context\":\"https:\\\/\\\/schema.org\",\"@graph\":[{\"@type\":\"Article\",\"@id\":\"https:\\\/\\\/wp.kristdemokraterna.se\\\/janstefanson\\\/naturreservat-for-det-gemensamma-basta\\\/#article\",\"isPartOf\":{\"@id\":\"https:\\\/\\\/wp.kristdemokraterna.se\\\/janstefanson\\\/naturreservat-for-det-gemensamma-basta\\\/\"},\"author\":{\"name\":\"janstefanson\",\"@id\":\"https:\\\/\\\/wp.kristdemokraterna.se\\\/janstefanson\\\/#\\\/schema\\\/person\\\/f8122372f46f49cffa0c02a57c89b40f\"},\"headline\":\"Naturreservat f\u00f6r det gemensamma b\u00e4sta\",\"datePublished\":\"2016-12-14T14:09:32+00:00\",\"mainEntityOfPage\":{\"@id\":\"https:\\\/\\\/wp.kristdemokraterna.se\\\/janstefanson\\\/naturreservat-for-det-gemensamma-basta\\\/\"},\"wordCount\":145,\"inLanguage\":\"sv-SE\"},{\"@type\":\"WebPage\",\"@id\":\"https:\\\/\\\/wp.kristdemokraterna.se\\\/janstefanson\\\/naturreservat-for-det-gemensamma-basta\\\/\",\"url\":\"https:\\\/\\\/wp.kristdemokraterna.se\\\/janstefanson\\\/naturreservat-for-det-gemensamma-basta\\\/\",\"name\":\"Naturreservat f\u00f6r det gemensamma b\u00e4sta - Jan Stefanson\",\"isPartOf\":{\"@id\":\"https:\\\/\\\/wp.kristdemokraterna.se\\\/janstefanson\\\/#website\"},\"datePublished\":\"2016-12-14T14:09:32+00:00\",\"author\":{\"@id\":\"https:\\\/\\\/wp.kristdemokraterna.se\\\/janstefanson\\\/#\\\/schema\\\/person\\\/f8122372f46f49cffa0c02a57c89b40f\"},\"breadcrumb\":{\"@id\":\"https:\\\/\\\/wp.kristdemokraterna.se\\\/janstefanson\\\/naturreservat-for-det-gemensamma-basta\\\/#breadcrumb\"},\"inLanguage\":\"sv-SE\",\"potentialAction\":[{\"@type\":\"ReadAction\",\"target\":[\"https:\\\/\\\/wp.kristdemokraterna.se\\\/janstefanson\\\/naturreservat-for-det-gemensamma-basta\\\/\"]}]},{\"@type\":\"BreadcrumbList\",\"@id\":\"https:\\\/\\\/wp.kristdemokraterna.se\\\/janstefanson\\\/naturreservat-for-det-gemensamma-basta\\\/#breadcrumb\",\"itemListElement\":[{\"@type\":\"ListItem\",\"position\":1,\"name\":\"Hem\",\"item\":\"https:\\\/\\\/wp.kristdemokraterna.se\\\/janstefanson\\\/\"},{\"@type\":\"ListItem\",\"position\":2,\"name\":\"Naturreservat f\u00f6r det gemensamma b\u00e4sta\"}]},{\"@type\":\"WebSite\",\"@id\":\"https:\\\/\\\/wp.kristdemokraterna.se\\\/janstefanson\\\/#website\",\"url\":\"https:\\\/\\\/wp.kristdemokraterna.se\\\/janstefanson\\\/\",\"name\":\"Jan Stefanson\",\"description\":\"En till Kristdemokraterna webbplats\",\"inLanguage\":\"sv-SE\"},{\"@type\":\"Person\",\"@id\":\"https:\\\/\\\/wp.kristdemokraterna.se\\\/janstefanson\\\/#\\\/schema\\\/person\\\/f8122372f46f49cffa0c02a57c89b40f\",\"name\":\"janstefanson\",\"image\":{\"@type\":\"ImageObject\",\"inLanguage\":\"sv-SE\",\"@id\":\"https:\\\/\\\/secure.gravatar.com\\\/avatar\\\/c8880da1e0ca1fb1fd99d661e99b32931e79d1537ef8441e71fc6630d4b6633c?s=96&r=g\",\"url\":\"https:\\\/\\\/secure.gravatar.com\\\/avatar\\\/c8880da1e0ca1fb1fd99d661e99b32931e79d1537ef8441e71fc6630d4b6633c?s=96&r=g\",\"contentUrl\":\"https:\\\/\\\/secure.gravatar.com\\\/avatar\\\/c8880da1e0ca1fb1fd99d661e99b32931e79d1537ef8441e71fc6630d4b6633c?s=96&r=g\",\"caption\":\"janstefanson\"},\"url\":\"https:\\\/\\\/wp.kristdemokraterna.se\\\/janstefanson\\\/author\\\/janstefanson\\\/\"}]}<\/script>\n<!-- \/ Yoast SEO plugin. -->","yoast_head_json":{"title":"Naturreservat f\u00f6r det gemensamma b\u00e4sta - Jan Stefanson","robots":{"index":"index","follow":"follow","max-snippet":"max-snippet:-1","max-image-preview":"max-image-preview:large","max-video-preview":"max-video-preview:-1"},"canonical":"https:\/\/wp.kristdemokraterna.se\/janstefanson\/naturreservat-for-det-gemensamma-basta\/","og_locale":"sv_SE","og_type":"article","og_title":"Naturreservat f\u00f6r det gemensamma b\u00e4sta - Jan Stefanson","og_description":"Nu har kommunstyrelsen beslutat att f\u00f6resl\u00e5 fullm\u00e4ktige naturreservatsbildande vid \u00d6rn\u00e4s och Lillsj\u00f6n. Vi har lyssnat p\u00e5 kritiken och d\u00e4rf\u00f6r undantas i dagsl\u00e4get den del som protesterna g\u00e4llt. Det avser del av Lillsj\u00f6n och Syltaomr\u00e5det. Att bilda Naturreservat handlar b\u00e5de om att skydda, bevara och tillg\u00e4ngligg\u00f6ra. N\u00e4r bost\u00e4der etableras i jungfrulig mark s\u00e5 \u00e4r det viktigt. Read More","og_url":"https:\/\/wp.kristdemokraterna.se\/janstefanson\/naturreservat-for-det-gemensamma-basta\/","og_site_name":"Jan Stefanson","article_published_time":"2016-12-14T14:09:32+00:00","author":"janstefanson","twitter_card":"summary_large_image","twitter_misc":{"Skriven av":"janstefanson","Ber\u00e4knad l\u00e4stid":"1 minut"},"schema":{"@context":"https:\/\/schema.org","@graph":[{"@type":"Article","@id":"https:\/\/wp.kristdemokraterna.se\/janstefanson\/naturreservat-for-det-gemensamma-basta\/#article","isPartOf":{"@id":"https:\/\/wp.kristdemokraterna.se\/janstefanson\/naturreservat-for-det-gemensamma-basta\/"},"author":{"name":"janstefanson","@id":"https:\/\/wp.kristdemokraterna.se\/janstefanson\/#\/schema\/person\/f8122372f46f49cffa0c02a57c89b40f"},"headline":"Naturreservat f\u00f6r det gemensamma b\u00e4sta","datePublished":"2016-12-14T14:09:32+00:00","mainEntityOfPage":{"@id":"https:\/\/wp.kristdemokraterna.se\/janstefanson\/naturreservat-for-det-gemensamma-basta\/"},"wordCount":145,"inLanguage":"sv-SE"},{"@type":"WebPage","@id":"https:\/\/wp.kristdemokraterna.se\/janstefanson\/naturreservat-for-det-gemensamma-basta\/","url":"https:\/\/wp.kristdemokraterna.se\/janstefanson\/naturreservat-for-det-gemensamma-basta\/","name":"Naturreservat f\u00f6r det gemensamma b\u00e4sta - Jan Stefanson","isPartOf":{"@id":"https:\/\/wp.kristdemokraterna.se\/janstefanson\/#website"},"datePublished":"2016-12-14T14:09:32+00:00","author":{"@id":"https:\/\/wp.kristdemokraterna.se\/janstefanson\/#\/schema\/person\/f8122372f46f49cffa0c02a57c89b40f"},"breadcrumb":{"@id":"https:\/\/wp.kristdemokraterna.se\/janstefanson\/naturreservat-for-det-gemensamma-basta\/#breadcrumb"},"inLanguage":"sv-SE","potentialAction":[{"@type":"ReadAction","target":["https:\/\/wp.kristdemokraterna.se\/janstefanson\/naturreservat-for-det-gemensamma-basta\/"]}]},{"@type":"BreadcrumbList","@id":"https:\/\/wp.kristdemokraterna.se\/janstefanson\/naturreservat-for-det-gemensamma-basta\/#breadcrumb","itemListElement":[{"@type":"ListItem","position":1,"name":"Hem","item":"https:\/\/wp.kristdemokraterna.se\/janstefanson\/"},{"@type":"ListItem","position":2,"name":"Naturreservat f\u00f6r det gemensamma b\u00e4sta"}]},{"@type":"WebSite","@id":"https:\/\/wp.kristdemokraterna.se\/janstefanson\/#website","url":"https:\/\/wp.kristdemokraterna.se\/janstefanson\/","name":"Jan Stefanson","description":"En till Kristdemokraterna webbplats","inLanguage":"sv-SE"},{"@type":"Person","@id":"https:\/\/wp.kristdemokraterna.se\/janstefanson\/#\/schema\/person\/f8122372f46f49cffa0c02a57c89b40f","name":"janstefanson","image":{"@type":"ImageObject","inLanguage":"sv-SE","@id":"https:\/\/secure.gravatar.com\/avatar\/c8880da1e0ca1fb1fd99d661e99b32931e79d1537ef8441e71fc6630d4b6633c?s=96&r=g","url":"https:\/\/secure.gravatar.com\/avatar\/c8880da1e0ca1fb1fd99d661e99b32931e79d1537ef8441e71fc6630d4b6633c?s=96&r=g","contentUrl":"https:\/\/secure.gravatar.com\/avatar\/c8880da1e0ca1fb1fd99d661e99b32931e79d1537ef8441e71fc6630d4b6633c?s=96&r=g","caption":"janstefanson"},"url":"https:\/\/wp.kristdemokraterna.se\/janstefanson\/author\/janstefanson\/"}]}},"_links":{"self":[{"href":"https:\/\/wp.kristdemokraterna.se\/janstefanson\/wp-json\/wp\/v2\/posts\/428","targetHints":{"allow":["GET"]}}],"collection":[{"href":"https:\/\/wp.kristdemokraterna.se\/janstefanson\/wp-json\/wp\/v2\/posts"}],"about":[{"href":"https:\/\/wp.kristdemokraterna.se\/janstefanson\/wp-json\/wp\/v2\/types\/post"}],"author":[{"embeddable":true,"href":"https:\/\/wp.kristdemokraterna.se\/janstefanson\/wp-json\/wp\/v2\/users\/530"}],"replies":[{"embeddable":true,"href":"https:\/\/wp.kristdemokraterna.se\/janstefanson\/wp-json\/wp\/v2\/comments?post=428"}],"version-history":[{"count":1,"href":"https:\/\/wp.kristdemokraterna.se\/janstefanson\/wp-json\/wp\/v2\/posts\/428\/revisions"}],"predecessor-version":[{"id":429,"href":"https:\/\/wp.kristdemokraterna.se\/janstefanson\/wp-json\/wp\/v2\/posts\/428\/revisions\/429"}],"wp:attachment":[{"href":"https:\/\/wp.kristdemokraterna.se\/janstefanson\/wp-json\/wp\/v2\/media?parent=428"}],"wp:term":[{"taxonomy":"category","embeddable":true,"href":"https:\/\/wp.kristdemokraterna.se\/janstefanson\/wp-json\/wp\/v2\/categories?post=428"},{"taxonomy":"post_tag","embeddable":true,"href":"https:\/\/wp.kristdemokraterna.se\/janstefanson\/wp-json\/wp\/v2\/tags?post=428"}],"curies":[{"name":"wp","href":"https:\/\/api.w.org\/{rel}","templated":true}]}}