{"id":433,"date":"2016-12-20T10:15:50","date_gmt":"2016-12-20T09:15:50","guid":{"rendered":"http:\/\/wp.kristdemokraterna.se\/janstefanson\/?p=433"},"modified":"2016-12-20T10:15:50","modified_gmt":"2016-12-20T09:15:50","slug":"nu-ar-det-jul-igen","status":"publish","type":"post","link":"https:\/\/wp.kristdemokraterna.se\/janstefanson\/nu-ar-det-jul-igen\/","title":{"rendered":"Nu \u00e4r det jul igen&#8230;"},"content":{"rendered":"<p><strong>Vi f\u00f6r traditionen vidare!<\/strong> I \u00e5r \u00e4r det dags att inhandla julklappar och denna g\u00e5ng till tre nya barnbarn. Efter tre v\u00e4ndor samma dag p\u00e5 en kl\u00e4desbutik fr\u00e5gade expediten hur m\u00e5nga barnbarn vi har. N\u00e4r svaret blev tio s\u00e5 j\u00e4mf\u00f6rde hon med sig sj\u00e4lv och skillnaden var en nolla.<\/p>\n<p>Visst \u00e4r det kul att f\u00e5 ge men det finns d\u00e4r i bakhuvudet, tankarna om vi l\u00e4r barnen n\u00e5got\u00a0som inte bara \u00e4r bra. Deras f\u00f6rv\u00e4ntningar stiger med \u00e5ldern och vi g\u00f6r vad vi kan och tycker \u00e4r rimligt f\u00f6r att uppfylla dem. Men var g\u00e5r gr\u00e4nsen f\u00f6r &#8221;f\u00f6r mycket&#8221;.<\/p>\n<p>N\u00e4r rummet som granen st\u00e5r i fyllts med julklappar s\u00e5 \u00e4r det knappt att granen syns. Klockan fem kommer tomten med lykta och sk\u00e4gg. Man kan se honom ute i den kolsvarta tr\u00e4dg\u00e5rden och barnen blir exalterade till en niv\u00e5 som \u00e4r tveksamt nyttig.<\/p>\n<p>I \u00e5r har sju\u00e5ringen b\u00f6rjat fr\u00e5ga om tomten finns med tyngdpunkt p\u00e5 att hon vet att han inte finns. De mindre barnen vill man ju inte ta ifr\u00e5n hoppet att han finns. Men \u00e4r den vita l\u00f6gnen genomt\u00e4nkt och bra. Och n\u00e4r \u00e4r man mogen f\u00f6r sanningen? Det \u00e4r ju bara p\u00e5 skoj! F\u00f6r oss absolut!<\/p>\n<p><img loading=\"lazy\" decoding=\"async\" class=\" wp-image-434 alignright\" src=\"http:\/\/wp.kristdemokraterna.se\/janstefanson\/files\/2016\/12\/jul.jpg\" alt=\"\" width=\"286\" height=\"185\" \/>Julens budskap f\u00f6r de sm\u00e5 \u00e4r julklappar och tomte. Den traditionen \u00e4r stark och den f\u00f6r vi vidare varje \u00e5r.<\/p>\n<p>V\u00e5r egen egen jultradition \u00e4r julbord och skinka och frosseri. F\u00f6rr var det Kalle Anka ocks\u00e5 men det har ju n\u00e4stintill f\u00f6rsvunnit med teknikens hj\u00e4lp och \u00e4ndrade lagar.<\/p>\n<p>Ber\u00e4ttelsen om stallet, jungfruf\u00f6dseln och de tre vice m\u00e4nnen har ocks\u00e5 n\u00e4stintill f\u00f6rsvunnit. Men visst \u00e4r det sv\u00e5rare att s\u00e4tta fingret p\u00e5 varf\u00f6r? Utan den ber\u00e4ttelsen skulle vi varken ha julbord, tomte eller julklappar. Vad trist!<\/p>\n","protected":false},"excerpt":{"rendered":"<p>Vi f\u00f6r traditionen vidare! I \u00e5r \u00e4r det dags att inhandla julklappar och denna g\u00e5ng till tre nya barnbarn. Efter tre v\u00e4ndor samma dag p\u00e5 en kl\u00e4desbutik fr\u00e5gade expediten hur m\u00e5nga barnbarn vi har. N\u00e4r svaret blev tio s\u00e5 j\u00e4mf\u00f6rde hon med sig sj\u00e4lv och skillnaden var en nolla. Visst \u00e4r det kul att f\u00e5 <a class=\"read-more-link\" href=\"https:\/\/wp.kristdemokraterna.se\/janstefanson\/nu-ar-det-jul-igen\/\">Read More<\/a><\/p>\n","protected":false},"author":530,"featured_media":0,"comment_status":"closed","ping_status":"closed","sticky":false,"template":"","format":"standard","meta":{"_acf_changed":false,"footnotes":""},"categories":[1],"tags":[],"class_list":["post-433","post","type-post","status-publish","format-standard","hentry","category-okategoriserade"],"acf":[],"yoast_head":"<!-- This site is optimized with the Yoast SEO plugin v27.4 - https:\/\/yoast.com\/product\/yoast-seo-wordpress\/ -->\n<title>Nu \u00e4r det jul igen... - Jan Stefanson<\/title>\n<meta name=\"robots\" content=\"index, follow, max-snippet:-1, max-image-preview:large, max-video-preview:-1\" \/>\n<link rel=\"canonical\" href=\"https:\/\/wp.kristdemokraterna.se\/janstefanson\/nu-ar-det-jul-igen\/\" \/>\n<meta property=\"og:locale\" content=\"sv_SE\" \/>\n<meta property=\"og:type\" content=\"article\" \/>\n<meta property=\"og:title\" content=\"Nu \u00e4r det jul igen... - Jan Stefanson\" \/>\n<meta property=\"og:description\" content=\"Vi f\u00f6r traditionen vidare! I \u00e5r \u00e4r det dags att inhandla julklappar och denna g\u00e5ng till tre nya barnbarn. Efter tre v\u00e4ndor samma dag p\u00e5 en kl\u00e4desbutik fr\u00e5gade expediten hur m\u00e5nga barnbarn vi har. N\u00e4r svaret blev tio s\u00e5 j\u00e4mf\u00f6rde hon med sig sj\u00e4lv och skillnaden var en nolla. Visst \u00e4r det kul att f\u00e5 Read More\" \/>\n<meta property=\"og:url\" content=\"https:\/\/wp.kristdemokraterna.se\/janstefanson\/nu-ar-det-jul-igen\/\" \/>\n<meta property=\"og:site_name\" content=\"Jan Stefanson\" \/>\n<meta property=\"article:published_time\" content=\"2016-12-20T09:15:50+00:00\" \/>\n<meta property=\"og:image\" content=\"http:\/\/wp.kristdemokraterna.se\/janstefanson\/files\/2016\/12\/jul.jpg\" \/>\n<meta name=\"author\" content=\"janstefanson\" \/>\n<meta name=\"twitter:card\" content=\"summary_large_image\" \/>\n<meta name=\"twitter:label1\" content=\"Skriven av\" \/>\n\t<meta name=\"twitter:data1\" content=\"janstefanson\" \/>\n\t<meta name=\"twitter:label2\" content=\"Ber\u00e4knad l\u00e4stid\" \/>\n\t<meta name=\"twitter:data2\" content=\"2 minuter\" \/>\n<script type=\"application\/ld+json\" class=\"yoast-schema-graph\">{\"@context\":\"https:\\\/\\\/schema.org\",\"@graph\":[{\"@type\":\"Article\",\"@id\":\"https:\\\/\\\/wp.kristdemokraterna.se\\\/janstefanson\\\/nu-ar-det-jul-igen\\\/#article\",\"isPartOf\":{\"@id\":\"https:\\\/\\\/wp.kristdemokraterna.se\\\/janstefanson\\\/nu-ar-det-jul-igen\\\/\"},\"author\":{\"name\":\"janstefanson\",\"@id\":\"https:\\\/\\\/wp.kristdemokraterna.se\\\/janstefanson\\\/#\\\/schema\\\/person\\\/f8122372f46f49cffa0c02a57c89b40f\"},\"headline\":\"Nu \u00e4r det jul igen&#8230;\",\"datePublished\":\"2016-12-20T09:15:50+00:00\",\"mainEntityOfPage\":{\"@id\":\"https:\\\/\\\/wp.kristdemokraterna.se\\\/janstefanson\\\/nu-ar-det-jul-igen\\\/\"},\"wordCount\":339,\"image\":{\"@id\":\"https:\\\/\\\/wp.kristdemokraterna.se\\\/janstefanson\\\/nu-ar-det-jul-igen\\\/#primaryimage\"},\"thumbnailUrl\":\"http:\\\/\\\/wp.kristdemokraterna.se\\\/janstefanson\\\/files\\\/2016\\\/12\\\/jul.jpg\",\"inLanguage\":\"sv-SE\"},{\"@type\":\"WebPage\",\"@id\":\"https:\\\/\\\/wp.kristdemokraterna.se\\\/janstefanson\\\/nu-ar-det-jul-igen\\\/\",\"url\":\"https:\\\/\\\/wp.kristdemokraterna.se\\\/janstefanson\\\/nu-ar-det-jul-igen\\\/\",\"name\":\"Nu \u00e4r det jul igen... - Jan Stefanson\",\"isPartOf\":{\"@id\":\"https:\\\/\\\/wp.kristdemokraterna.se\\\/janstefanson\\\/#website\"},\"primaryImageOfPage\":{\"@id\":\"https:\\\/\\\/wp.kristdemokraterna.se\\\/janstefanson\\\/nu-ar-det-jul-igen\\\/#primaryimage\"},\"image\":{\"@id\":\"https:\\\/\\\/wp.kristdemokraterna.se\\\/janstefanson\\\/nu-ar-det-jul-igen\\\/#primaryimage\"},\"thumbnailUrl\":\"http:\\\/\\\/wp.kristdemokraterna.se\\\/janstefanson\\\/files\\\/2016\\\/12\\\/jul.jpg\",\"datePublished\":\"2016-12-20T09:15:50+00:00\",\"author\":{\"@id\":\"https:\\\/\\\/wp.kristdemokraterna.se\\\/janstefanson\\\/#\\\/schema\\\/person\\\/f8122372f46f49cffa0c02a57c89b40f\"},\"breadcrumb\":{\"@id\":\"https:\\\/\\\/wp.kristdemokraterna.se\\\/janstefanson\\\/nu-ar-det-jul-igen\\\/#breadcrumb\"},\"inLanguage\":\"sv-SE\",\"potentialAction\":[{\"@type\":\"ReadAction\",\"target\":[\"https:\\\/\\\/wp.kristdemokraterna.se\\\/janstefanson\\\/nu-ar-det-jul-igen\\\/\"]}]},{\"@type\":\"ImageObject\",\"inLanguage\":\"sv-SE\",\"@id\":\"https:\\\/\\\/wp.kristdemokraterna.se\\\/janstefanson\\\/nu-ar-det-jul-igen\\\/#primaryimage\",\"url\":\"https:\\\/\\\/wp.kristdemokraterna.se\\\/janstefanson\\\/files\\\/2016\\\/12\\\/jul.jpg\",\"contentUrl\":\"https:\\\/\\\/wp.kristdemokraterna.se\\\/janstefanson\\\/files\\\/2016\\\/12\\\/jul.jpg\",\"width\":200,\"height\":125},{\"@type\":\"BreadcrumbList\",\"@id\":\"https:\\\/\\\/wp.kristdemokraterna.se\\\/janstefanson\\\/nu-ar-det-jul-igen\\\/#breadcrumb\",\"itemListElement\":[{\"@type\":\"ListItem\",\"position\":1,\"name\":\"Hem\",\"item\":\"https:\\\/\\\/wp.kristdemokraterna.se\\\/janstefanson\\\/\"},{\"@type\":\"ListItem\",\"position\":2,\"name\":\"Nu \u00e4r det jul igen&#8230;\"}]},{\"@type\":\"WebSite\",\"@id\":\"https:\\\/\\\/wp.kristdemokraterna.se\\\/janstefanson\\\/#website\",\"url\":\"https:\\\/\\\/wp.kristdemokraterna.se\\\/janstefanson\\\/\",\"name\":\"Jan Stefanson\",\"description\":\"En till Kristdemokraterna webbplats\",\"inLanguage\":\"sv-SE\"},{\"@type\":\"Person\",\"@id\":\"https:\\\/\\\/wp.kristdemokraterna.se\\\/janstefanson\\\/#\\\/schema\\\/person\\\/f8122372f46f49cffa0c02a57c89b40f\",\"name\":\"janstefanson\",\"image\":{\"@type\":\"ImageObject\",\"inLanguage\":\"sv-SE\",\"@id\":\"https:\\\/\\\/secure.gravatar.com\\\/avatar\\\/c8880da1e0ca1fb1fd99d661e99b32931e79d1537ef8441e71fc6630d4b6633c?s=96&r=g\",\"url\":\"https:\\\/\\\/secure.gravatar.com\\\/avatar\\\/c8880da1e0ca1fb1fd99d661e99b32931e79d1537ef8441e71fc6630d4b6633c?s=96&r=g\",\"contentUrl\":\"https:\\\/\\\/secure.gravatar.com\\\/avatar\\\/c8880da1e0ca1fb1fd99d661e99b32931e79d1537ef8441e71fc6630d4b6633c?s=96&r=g\",\"caption\":\"janstefanson\"},\"url\":\"https:\\\/\\\/wp.kristdemokraterna.se\\\/janstefanson\\\/author\\\/janstefanson\\\/\"}]}<\/script>\n<!-- \/ Yoast SEO plugin. -->","yoast_head_json":{"title":"Nu \u00e4r det jul igen... - Jan Stefanson","robots":{"index":"index","follow":"follow","max-snippet":"max-snippet:-1","max-image-preview":"max-image-preview:large","max-video-preview":"max-video-preview:-1"},"canonical":"https:\/\/wp.kristdemokraterna.se\/janstefanson\/nu-ar-det-jul-igen\/","og_locale":"sv_SE","og_type":"article","og_title":"Nu \u00e4r det jul igen... - Jan Stefanson","og_description":"Vi f\u00f6r traditionen vidare! I \u00e5r \u00e4r det dags att inhandla julklappar och denna g\u00e5ng till tre nya barnbarn. Efter tre v\u00e4ndor samma dag p\u00e5 en kl\u00e4desbutik fr\u00e5gade expediten hur m\u00e5nga barnbarn vi har. N\u00e4r svaret blev tio s\u00e5 j\u00e4mf\u00f6rde hon med sig sj\u00e4lv och skillnaden var en nolla. Visst \u00e4r det kul att f\u00e5 Read More","og_url":"https:\/\/wp.kristdemokraterna.se\/janstefanson\/nu-ar-det-jul-igen\/","og_site_name":"Jan Stefanson","article_published_time":"2016-12-20T09:15:50+00:00","og_image":[{"url":"http:\/\/wp.kristdemokraterna.se\/janstefanson\/files\/2016\/12\/jul.jpg","type":"","width":"","height":""}],"author":"janstefanson","twitter_card":"summary_large_image","twitter_misc":{"Skriven av":"janstefanson","Ber\u00e4knad l\u00e4stid":"2 minuter"},"schema":{"@context":"https:\/\/schema.org","@graph":[{"@type":"Article","@id":"https:\/\/wp.kristdemokraterna.se\/janstefanson\/nu-ar-det-jul-igen\/#article","isPartOf":{"@id":"https:\/\/wp.kristdemokraterna.se\/janstefanson\/nu-ar-det-jul-igen\/"},"author":{"name":"janstefanson","@id":"https:\/\/wp.kristdemokraterna.se\/janstefanson\/#\/schema\/person\/f8122372f46f49cffa0c02a57c89b40f"},"headline":"Nu \u00e4r det jul igen&#8230;","datePublished":"2016-12-20T09:15:50+00:00","mainEntityOfPage":{"@id":"https:\/\/wp.kristdemokraterna.se\/janstefanson\/nu-ar-det-jul-igen\/"},"wordCount":339,"image":{"@id":"https:\/\/wp.kristdemokraterna.se\/janstefanson\/nu-ar-det-jul-igen\/#primaryimage"},"thumbnailUrl":"http:\/\/wp.kristdemokraterna.se\/janstefanson\/files\/2016\/12\/jul.jpg","inLanguage":"sv-SE"},{"@type":"WebPage","@id":"https:\/\/wp.kristdemokraterna.se\/janstefanson\/nu-ar-det-jul-igen\/","url":"https:\/\/wp.kristdemokraterna.se\/janstefanson\/nu-ar-det-jul-igen\/","name":"Nu \u00e4r det jul igen... - Jan Stefanson","isPartOf":{"@id":"https:\/\/wp.kristdemokraterna.se\/janstefanson\/#website"},"primaryImageOfPage":{"@id":"https:\/\/wp.kristdemokraterna.se\/janstefanson\/nu-ar-det-jul-igen\/#primaryimage"},"image":{"@id":"https:\/\/wp.kristdemokraterna.se\/janstefanson\/nu-ar-det-jul-igen\/#primaryimage"},"thumbnailUrl":"http:\/\/wp.kristdemokraterna.se\/janstefanson\/files\/2016\/12\/jul.jpg","datePublished":"2016-12-20T09:15:50+00:00","author":{"@id":"https:\/\/wp.kristdemokraterna.se\/janstefanson\/#\/schema\/person\/f8122372f46f49cffa0c02a57c89b40f"},"breadcrumb":{"@id":"https:\/\/wp.kristdemokraterna.se\/janstefanson\/nu-ar-det-jul-igen\/#breadcrumb"},"inLanguage":"sv-SE","potentialAction":[{"@type":"ReadAction","target":["https:\/\/wp.kristdemokraterna.se\/janstefanson\/nu-ar-det-jul-igen\/"]}]},{"@type":"ImageObject","inLanguage":"sv-SE","@id":"https:\/\/wp.kristdemokraterna.se\/janstefanson\/nu-ar-det-jul-igen\/#primaryimage","url":"https:\/\/wp.kristdemokraterna.se\/janstefanson\/files\/2016\/12\/jul.jpg","contentUrl":"https:\/\/wp.kristdemokraterna.se\/janstefanson\/files\/2016\/12\/jul.jpg","width":200,"height":125},{"@type":"BreadcrumbList","@id":"https:\/\/wp.kristdemokraterna.se\/janstefanson\/nu-ar-det-jul-igen\/#breadcrumb","itemListElement":[{"@type":"ListItem","position":1,"name":"Hem","item":"https:\/\/wp.kristdemokraterna.se\/janstefanson\/"},{"@type":"ListItem","position":2,"name":"Nu \u00e4r det jul igen&#8230;"}]},{"@type":"WebSite","@id":"https:\/\/wp.kristdemokraterna.se\/janstefanson\/#website","url":"https:\/\/wp.kristdemokraterna.se\/janstefanson\/","name":"Jan Stefanson","description":"En till Kristdemokraterna webbplats","inLanguage":"sv-SE"},{"@type":"Person","@id":"https:\/\/wp.kristdemokraterna.se\/janstefanson\/#\/schema\/person\/f8122372f46f49cffa0c02a57c89b40f","name":"janstefanson","image":{"@type":"ImageObject","inLanguage":"sv-SE","@id":"https:\/\/secure.gravatar.com\/avatar\/c8880da1e0ca1fb1fd99d661e99b32931e79d1537ef8441e71fc6630d4b6633c?s=96&r=g","url":"https:\/\/secure.gravatar.com\/avatar\/c8880da1e0ca1fb1fd99d661e99b32931e79d1537ef8441e71fc6630d4b6633c?s=96&r=g","contentUrl":"https:\/\/secure.gravatar.com\/avatar\/c8880da1e0ca1fb1fd99d661e99b32931e79d1537ef8441e71fc6630d4b6633c?s=96&r=g","caption":"janstefanson"},"url":"https:\/\/wp.kristdemokraterna.se\/janstefanson\/author\/janstefanson\/"}]}},"_links":{"self":[{"href":"https:\/\/wp.kristdemokraterna.se\/janstefanson\/wp-json\/wp\/v2\/posts\/433","targetHints":{"allow":["GET"]}}],"collection":[{"href":"https:\/\/wp.kristdemokraterna.se\/janstefanson\/wp-json\/wp\/v2\/posts"}],"about":[{"href":"https:\/\/wp.kristdemokraterna.se\/janstefanson\/wp-json\/wp\/v2\/types\/post"}],"author":[{"embeddable":true,"href":"https:\/\/wp.kristdemokraterna.se\/janstefanson\/wp-json\/wp\/v2\/users\/530"}],"replies":[{"embeddable":true,"href":"https:\/\/wp.kristdemokraterna.se\/janstefanson\/wp-json\/wp\/v2\/comments?post=433"}],"version-history":[{"count":1,"href":"https:\/\/wp.kristdemokraterna.se\/janstefanson\/wp-json\/wp\/v2\/posts\/433\/revisions"}],"predecessor-version":[{"id":435,"href":"https:\/\/wp.kristdemokraterna.se\/janstefanson\/wp-json\/wp\/v2\/posts\/433\/revisions\/435"}],"wp:attachment":[{"href":"https:\/\/wp.kristdemokraterna.se\/janstefanson\/wp-json\/wp\/v2\/media?parent=433"}],"wp:term":[{"taxonomy":"category","embeddable":true,"href":"https:\/\/wp.kristdemokraterna.se\/janstefanson\/wp-json\/wp\/v2\/categories?post=433"},{"taxonomy":"post_tag","embeddable":true,"href":"https:\/\/wp.kristdemokraterna.se\/janstefanson\/wp-json\/wp\/v2\/tags?post=433"}],"curies":[{"name":"wp","href":"https:\/\/api.w.org\/{rel}","templated":true}]}}