{"id":446,"date":"2017-01-11T11:02:42","date_gmt":"2017-01-11T10:02:42","guid":{"rendered":"http:\/\/wp.kristdemokraterna.se\/janstefanson\/?p=446"},"modified":"2017-01-11T11:02:42","modified_gmt":"2017-01-11T10:02:42","slug":"fa-poliser-far-fler-och-tyngre-uppdrag","status":"publish","type":"post","link":"https:\/\/wp.kristdemokraterna.se\/janstefanson\/fa-poliser-far-fler-och-tyngre-uppdrag\/","title":{"rendered":"F\u00e5 Poliser f\u00e5r fler och tyngre uppdrag"},"content":{"rendered":"<p>Utspel och intervjuer\u00a0med ansvariga, b\u00e5de politiker och chefspositioner inom myndigheten ger vaga och\u00a0vilseledande argument.En rimlig \u00e5tg\u00e4rd \u00e4r att vara \u00f6verens om problembeskrivning och peka p\u00e5 deras l\u00f6sning.<\/p>\n<p>I en intervju ig\u00e5r med anledning av en kvinna som r\u00e5nats p\u00e5 en sp\u00e5rvagn i G\u00f6teborg svarade Anders Ygerman &#8221;Det beh\u00f6vs fler poliser&#8221;. Med det klarade han \u00e5ter att ge ett kort och tydligt svar. Det var inte en ansvarstagande l\u00f6sning utan ytterligare en problembeskrivning.<\/p>\n<p><strong>Varf\u00f6r l\u00e4mnar s\u00e5 m\u00e5nga utbildade poliser sitt yrke och varf\u00f6r fylls inte utbildningsplatserna?<\/strong><\/p>\n<p>En nyutexaminerad polis har cirka 25 tkr i l\u00f6n. Detsamma har den polis som arbetat 5-6 \u00e5r i yttre tj\u00e4nst. Den som v\u00e4ljer att utbilda sig till polis i st\u00e4llet f\u00f6r att jobba inom de privata s\u00e4kerhetsf\u00f6retagen utan motsvarande befogenheter och myndighetsuppdrag som g\u00e4ller en polis, f\u00e5r tusentals kronor i l\u00e4gre l\u00f6n!<\/p>\n<p>Efter omorganisationen har m\u00e5nga med individuellt h\u00f6ga chefsl\u00f6ner valt att inte s\u00f6ka de nya chefstj\u00e4nsterna men \u00e4nd\u00e5 beh\u00e5llit sin h\u00f6gre l\u00f6n. Samma uppdrag men m\u00e5nga tusentals kronor i skillnad mellan kollegor i t.ex yttre tj\u00e4nst eller f\u00f6rebyggande tj\u00e4nst eller utrednings tj\u00e4nst.<\/p>\n<p>Eller de civila akademiker som nu ska anst\u00e4llas f\u00f6r utredningsuppdrag och ledas av yngre poliser med flera tusen i l\u00e4gre l\u00f6n.<\/p>\n<p>Min slutsats \u00e4r att l\u00f6nepolicyn inte har h\u00e4ngt med i omorganisationen och ben\u00e4genheten att komma till r\u00e4tta med en mer lockande l\u00f6nestruktur \u00e4r i det n\u00e4rmaste obefintlig.<\/p>\n<p>M\u00e5nga som s\u00f6ker sig till polisyrket har en stark drivkraft d\u00e5 urvalet \u00e4r tufft med v\u00e4ldigt m\u00e5nga s\u00f6kande. Att s\u00e4nka kravet p\u00e5 urvalskriterier l\u00f6ser inte problemet men skapar nya.<\/p>\n<p>Att h\u00f6ja statusen p\u00e5 yrket genom flera \u00a0\u00e5tg\u00e4rder m\u00e5ste vara modellen fram\u00e5t. D\u00e5 g\u00e5r det inte att komma ifr\u00e5n att l\u00f6nestrukturen och dess till\u00e4mpning m\u00e5ste f\u00e5 en snabb l\u00f6sning.<\/p>\n<p>Vi ser idag en ungdomsbrottslighet som i det n\u00e4rmaste har \u00f6verraskat och skapat otrygghet. Inte s\u00e4llan utrustade med vapen. Att m\u00f6ta och mota det kr\u00e4ver samarbeten men polisen\u00a0kan d\u00e5 inte vara den i samverkan ing\u00e5ende bristen.<\/p>\n<ul>\n<li><strong>Det beh\u00f6vs fler och synliga poliser!<\/strong><\/li>\n<li><strong> Det beh\u00f6vs fler utredande poliser!<\/strong><\/li>\n<li><strong>Det beh\u00f6vs fler poliser i det f\u00f6rebyggande arbetet.\u00a0<\/strong><\/li>\n<\/ul>\n","protected":false},"excerpt":{"rendered":"<p>Utspel och intervjuer\u00a0med ansvariga, b\u00e5de politiker och chefspositioner inom myndigheten ger vaga och\u00a0vilseledande argument.En rimlig \u00e5tg\u00e4rd \u00e4r att vara \u00f6verens om problembeskrivning och peka p\u00e5 deras l\u00f6sning. I en intervju ig\u00e5r med anledning av en kvinna som r\u00e5nats p\u00e5 en sp\u00e5rvagn i G\u00f6teborg svarade Anders Ygerman &#8221;Det beh\u00f6vs fler poliser&#8221;. Med det klarade han \u00e5ter <a class=\"read-more-link\" href=\"https:\/\/wp.kristdemokraterna.se\/janstefanson\/fa-poliser-far-fler-och-tyngre-uppdrag\/\">Read More<\/a><\/p>\n","protected":false},"author":530,"featured_media":0,"comment_status":"closed","ping_status":"closed","sticky":false,"template":"","format":"standard","meta":{"_acf_changed":false,"footnotes":""},"categories":[1],"tags":[],"class_list":["post-446","post","type-post","status-publish","format-standard","hentry","category-okategoriserade"],"acf":[],"yoast_head":"<!-- This site is optimized with the Yoast SEO plugin v27.4 - https:\/\/yoast.com\/product\/yoast-seo-wordpress\/ -->\n<title>F\u00e5 Poliser f\u00e5r fler och tyngre uppdrag - Jan Stefanson<\/title>\n<meta name=\"robots\" content=\"index, follow, max-snippet:-1, max-image-preview:large, max-video-preview:-1\" \/>\n<link rel=\"canonical\" href=\"https:\/\/wp.kristdemokraterna.se\/janstefanson\/fa-poliser-far-fler-och-tyngre-uppdrag\/\" \/>\n<meta property=\"og:locale\" content=\"sv_SE\" \/>\n<meta property=\"og:type\" content=\"article\" \/>\n<meta property=\"og:title\" content=\"F\u00e5 Poliser f\u00e5r fler och tyngre uppdrag - Jan Stefanson\" \/>\n<meta property=\"og:description\" content=\"Utspel och intervjuer\u00a0med ansvariga, b\u00e5de politiker och chefspositioner inom myndigheten ger vaga och\u00a0vilseledande argument.En rimlig \u00e5tg\u00e4rd \u00e4r att vara \u00f6verens om problembeskrivning och peka p\u00e5 deras l\u00f6sning. I en intervju ig\u00e5r med anledning av en kvinna som r\u00e5nats p\u00e5 en sp\u00e5rvagn i G\u00f6teborg svarade Anders Ygerman &#8221;Det beh\u00f6vs fler poliser&#8221;. Med det klarade han \u00e5ter Read More\" \/>\n<meta property=\"og:url\" content=\"https:\/\/wp.kristdemokraterna.se\/janstefanson\/fa-poliser-far-fler-och-tyngre-uppdrag\/\" \/>\n<meta property=\"og:site_name\" content=\"Jan Stefanson\" \/>\n<meta property=\"article:published_time\" content=\"2017-01-11T10:02:42+00:00\" \/>\n<meta name=\"author\" content=\"janstefanson\" \/>\n<meta name=\"twitter:card\" content=\"summary_large_image\" \/>\n<meta name=\"twitter:label1\" content=\"Skriven av\" \/>\n\t<meta name=\"twitter:data1\" content=\"janstefanson\" \/>\n\t<meta name=\"twitter:label2\" content=\"Ber\u00e4knad l\u00e4stid\" \/>\n\t<meta name=\"twitter:data2\" content=\"2 minuter\" \/>\n<script type=\"application\/ld+json\" class=\"yoast-schema-graph\">{\"@context\":\"https:\\\/\\\/schema.org\",\"@graph\":[{\"@type\":\"Article\",\"@id\":\"https:\\\/\\\/wp.kristdemokraterna.se\\\/janstefanson\\\/fa-poliser-far-fler-och-tyngre-uppdrag\\\/#article\",\"isPartOf\":{\"@id\":\"https:\\\/\\\/wp.kristdemokraterna.se\\\/janstefanson\\\/fa-poliser-far-fler-och-tyngre-uppdrag\\\/\"},\"author\":{\"name\":\"janstefanson\",\"@id\":\"https:\\\/\\\/wp.kristdemokraterna.se\\\/janstefanson\\\/#\\\/schema\\\/person\\\/f8122372f46f49cffa0c02a57c89b40f\"},\"headline\":\"F\u00e5 Poliser f\u00e5r fler och tyngre uppdrag\",\"datePublished\":\"2017-01-11T10:02:42+00:00\",\"mainEntityOfPage\":{\"@id\":\"https:\\\/\\\/wp.kristdemokraterna.se\\\/janstefanson\\\/fa-poliser-far-fler-och-tyngre-uppdrag\\\/\"},\"wordCount\":424,\"inLanguage\":\"sv-SE\"},{\"@type\":\"WebPage\",\"@id\":\"https:\\\/\\\/wp.kristdemokraterna.se\\\/janstefanson\\\/fa-poliser-far-fler-och-tyngre-uppdrag\\\/\",\"url\":\"https:\\\/\\\/wp.kristdemokraterna.se\\\/janstefanson\\\/fa-poliser-far-fler-och-tyngre-uppdrag\\\/\",\"name\":\"F\u00e5 Poliser f\u00e5r fler och tyngre uppdrag - Jan Stefanson\",\"isPartOf\":{\"@id\":\"https:\\\/\\\/wp.kristdemokraterna.se\\\/janstefanson\\\/#website\"},\"datePublished\":\"2017-01-11T10:02:42+00:00\",\"author\":{\"@id\":\"https:\\\/\\\/wp.kristdemokraterna.se\\\/janstefanson\\\/#\\\/schema\\\/person\\\/f8122372f46f49cffa0c02a57c89b40f\"},\"breadcrumb\":{\"@id\":\"https:\\\/\\\/wp.kristdemokraterna.se\\\/janstefanson\\\/fa-poliser-far-fler-och-tyngre-uppdrag\\\/#breadcrumb\"},\"inLanguage\":\"sv-SE\",\"potentialAction\":[{\"@type\":\"ReadAction\",\"target\":[\"https:\\\/\\\/wp.kristdemokraterna.se\\\/janstefanson\\\/fa-poliser-far-fler-och-tyngre-uppdrag\\\/\"]}]},{\"@type\":\"BreadcrumbList\",\"@id\":\"https:\\\/\\\/wp.kristdemokraterna.se\\\/janstefanson\\\/fa-poliser-far-fler-och-tyngre-uppdrag\\\/#breadcrumb\",\"itemListElement\":[{\"@type\":\"ListItem\",\"position\":1,\"name\":\"Hem\",\"item\":\"https:\\\/\\\/wp.kristdemokraterna.se\\\/janstefanson\\\/\"},{\"@type\":\"ListItem\",\"position\":2,\"name\":\"F\u00e5 Poliser f\u00e5r fler och tyngre uppdrag\"}]},{\"@type\":\"WebSite\",\"@id\":\"https:\\\/\\\/wp.kristdemokraterna.se\\\/janstefanson\\\/#website\",\"url\":\"https:\\\/\\\/wp.kristdemokraterna.se\\\/janstefanson\\\/\",\"name\":\"Jan Stefanson\",\"description\":\"En till Kristdemokraterna webbplats\",\"inLanguage\":\"sv-SE\"},{\"@type\":\"Person\",\"@id\":\"https:\\\/\\\/wp.kristdemokraterna.se\\\/janstefanson\\\/#\\\/schema\\\/person\\\/f8122372f46f49cffa0c02a57c89b40f\",\"name\":\"janstefanson\",\"image\":{\"@type\":\"ImageObject\",\"inLanguage\":\"sv-SE\",\"@id\":\"https:\\\/\\\/secure.gravatar.com\\\/avatar\\\/c8880da1e0ca1fb1fd99d661e99b32931e79d1537ef8441e71fc6630d4b6633c?s=96&r=g\",\"url\":\"https:\\\/\\\/secure.gravatar.com\\\/avatar\\\/c8880da1e0ca1fb1fd99d661e99b32931e79d1537ef8441e71fc6630d4b6633c?s=96&r=g\",\"contentUrl\":\"https:\\\/\\\/secure.gravatar.com\\\/avatar\\\/c8880da1e0ca1fb1fd99d661e99b32931e79d1537ef8441e71fc6630d4b6633c?s=96&r=g\",\"caption\":\"janstefanson\"},\"url\":\"https:\\\/\\\/wp.kristdemokraterna.se\\\/janstefanson\\\/author\\\/janstefanson\\\/\"}]}<\/script>\n<!-- \/ Yoast SEO plugin. -->","yoast_head_json":{"title":"F\u00e5 Poliser f\u00e5r fler och tyngre uppdrag - Jan Stefanson","robots":{"index":"index","follow":"follow","max-snippet":"max-snippet:-1","max-image-preview":"max-image-preview:large","max-video-preview":"max-video-preview:-1"},"canonical":"https:\/\/wp.kristdemokraterna.se\/janstefanson\/fa-poliser-far-fler-och-tyngre-uppdrag\/","og_locale":"sv_SE","og_type":"article","og_title":"F\u00e5 Poliser f\u00e5r fler och tyngre uppdrag - Jan Stefanson","og_description":"Utspel och intervjuer\u00a0med ansvariga, b\u00e5de politiker och chefspositioner inom myndigheten ger vaga och\u00a0vilseledande argument.En rimlig \u00e5tg\u00e4rd \u00e4r att vara \u00f6verens om problembeskrivning och peka p\u00e5 deras l\u00f6sning. I en intervju ig\u00e5r med anledning av en kvinna som r\u00e5nats p\u00e5 en sp\u00e5rvagn i G\u00f6teborg svarade Anders Ygerman &#8221;Det beh\u00f6vs fler poliser&#8221;. Med det klarade han \u00e5ter Read More","og_url":"https:\/\/wp.kristdemokraterna.se\/janstefanson\/fa-poliser-far-fler-och-tyngre-uppdrag\/","og_site_name":"Jan Stefanson","article_published_time":"2017-01-11T10:02:42+00:00","author":"janstefanson","twitter_card":"summary_large_image","twitter_misc":{"Skriven av":"janstefanson","Ber\u00e4knad l\u00e4stid":"2 minuter"},"schema":{"@context":"https:\/\/schema.org","@graph":[{"@type":"Article","@id":"https:\/\/wp.kristdemokraterna.se\/janstefanson\/fa-poliser-far-fler-och-tyngre-uppdrag\/#article","isPartOf":{"@id":"https:\/\/wp.kristdemokraterna.se\/janstefanson\/fa-poliser-far-fler-och-tyngre-uppdrag\/"},"author":{"name":"janstefanson","@id":"https:\/\/wp.kristdemokraterna.se\/janstefanson\/#\/schema\/person\/f8122372f46f49cffa0c02a57c89b40f"},"headline":"F\u00e5 Poliser f\u00e5r fler och tyngre uppdrag","datePublished":"2017-01-11T10:02:42+00:00","mainEntityOfPage":{"@id":"https:\/\/wp.kristdemokraterna.se\/janstefanson\/fa-poliser-far-fler-och-tyngre-uppdrag\/"},"wordCount":424,"inLanguage":"sv-SE"},{"@type":"WebPage","@id":"https:\/\/wp.kristdemokraterna.se\/janstefanson\/fa-poliser-far-fler-och-tyngre-uppdrag\/","url":"https:\/\/wp.kristdemokraterna.se\/janstefanson\/fa-poliser-far-fler-och-tyngre-uppdrag\/","name":"F\u00e5 Poliser f\u00e5r fler och tyngre uppdrag - Jan Stefanson","isPartOf":{"@id":"https:\/\/wp.kristdemokraterna.se\/janstefanson\/#website"},"datePublished":"2017-01-11T10:02:42+00:00","author":{"@id":"https:\/\/wp.kristdemokraterna.se\/janstefanson\/#\/schema\/person\/f8122372f46f49cffa0c02a57c89b40f"},"breadcrumb":{"@id":"https:\/\/wp.kristdemokraterna.se\/janstefanson\/fa-poliser-far-fler-och-tyngre-uppdrag\/#breadcrumb"},"inLanguage":"sv-SE","potentialAction":[{"@type":"ReadAction","target":["https:\/\/wp.kristdemokraterna.se\/janstefanson\/fa-poliser-far-fler-och-tyngre-uppdrag\/"]}]},{"@type":"BreadcrumbList","@id":"https:\/\/wp.kristdemokraterna.se\/janstefanson\/fa-poliser-far-fler-och-tyngre-uppdrag\/#breadcrumb","itemListElement":[{"@type":"ListItem","position":1,"name":"Hem","item":"https:\/\/wp.kristdemokraterna.se\/janstefanson\/"},{"@type":"ListItem","position":2,"name":"F\u00e5 Poliser f\u00e5r fler och tyngre uppdrag"}]},{"@type":"WebSite","@id":"https:\/\/wp.kristdemokraterna.se\/janstefanson\/#website","url":"https:\/\/wp.kristdemokraterna.se\/janstefanson\/","name":"Jan Stefanson","description":"En till Kristdemokraterna webbplats","inLanguage":"sv-SE"},{"@type":"Person","@id":"https:\/\/wp.kristdemokraterna.se\/janstefanson\/#\/schema\/person\/f8122372f46f49cffa0c02a57c89b40f","name":"janstefanson","image":{"@type":"ImageObject","inLanguage":"sv-SE","@id":"https:\/\/secure.gravatar.com\/avatar\/c8880da1e0ca1fb1fd99d661e99b32931e79d1537ef8441e71fc6630d4b6633c?s=96&r=g","url":"https:\/\/secure.gravatar.com\/avatar\/c8880da1e0ca1fb1fd99d661e99b32931e79d1537ef8441e71fc6630d4b6633c?s=96&r=g","contentUrl":"https:\/\/secure.gravatar.com\/avatar\/c8880da1e0ca1fb1fd99d661e99b32931e79d1537ef8441e71fc6630d4b6633c?s=96&r=g","caption":"janstefanson"},"url":"https:\/\/wp.kristdemokraterna.se\/janstefanson\/author\/janstefanson\/"}]}},"_links":{"self":[{"href":"https:\/\/wp.kristdemokraterna.se\/janstefanson\/wp-json\/wp\/v2\/posts\/446","targetHints":{"allow":["GET"]}}],"collection":[{"href":"https:\/\/wp.kristdemokraterna.se\/janstefanson\/wp-json\/wp\/v2\/posts"}],"about":[{"href":"https:\/\/wp.kristdemokraterna.se\/janstefanson\/wp-json\/wp\/v2\/types\/post"}],"author":[{"embeddable":true,"href":"https:\/\/wp.kristdemokraterna.se\/janstefanson\/wp-json\/wp\/v2\/users\/530"}],"replies":[{"embeddable":true,"href":"https:\/\/wp.kristdemokraterna.se\/janstefanson\/wp-json\/wp\/v2\/comments?post=446"}],"version-history":[{"count":1,"href":"https:\/\/wp.kristdemokraterna.se\/janstefanson\/wp-json\/wp\/v2\/posts\/446\/revisions"}],"predecessor-version":[{"id":447,"href":"https:\/\/wp.kristdemokraterna.se\/janstefanson\/wp-json\/wp\/v2\/posts\/446\/revisions\/447"}],"wp:attachment":[{"href":"https:\/\/wp.kristdemokraterna.se\/janstefanson\/wp-json\/wp\/v2\/media?parent=446"}],"wp:term":[{"taxonomy":"category","embeddable":true,"href":"https:\/\/wp.kristdemokraterna.se\/janstefanson\/wp-json\/wp\/v2\/categories?post=446"},{"taxonomy":"post_tag","embeddable":true,"href":"https:\/\/wp.kristdemokraterna.se\/janstefanson\/wp-json\/wp\/v2\/tags?post=446"}],"curies":[{"name":"wp","href":"https:\/\/api.w.org\/{rel}","templated":true}]}}