{"id":448,"date":"2017-01-16T15:33:44","date_gmt":"2017-01-16T14:33:44","guid":{"rendered":"http:\/\/wp.kristdemokraterna.se\/janstefanson\/?p=448"},"modified":"2017-01-16T15:35:07","modified_gmt":"2017-01-16T14:35:07","slug":"en-motion-fran-mig-femtio-kristdemokratiska-politiker","status":"publish","type":"post","link":"https:\/\/wp.kristdemokraterna.se\/janstefanson\/en-motion-fran-mig-femtio-kristdemokratiska-politiker\/","title":{"rendered":"En bra motion fr\u00e5n mig +femtio kristdemokratiska politiker"},"content":{"rendered":"<h1>En ny asyl- och migrationspolitik<\/h1>\n<p>Efter andra v\u00e4rldskriget skedde en stor omv\u00e4rdering av den tidigare flyktingpolitiken. Orsaken till att man tog tag i problemen runt flyktingfr\u00e5gorna var att m\u00e5nga judar hade f\u00f6rs\u00f6kt att l\u00e4mna Tyskland f\u00f6re krigsutbrottet och att de omkringliggande l\u00e4nderna v\u00e4grade att ta emot dem. Resultatet \u00e4r k\u00e4nt &#8211; miljontals judar, romer och andra grupper m\u00f6rdades under nazitysklands utrotningskampanj.<\/p>\n<p>Insikten om att detta inte f\u00e5r ske igen gjorde att bl.a. kristna filosofer och politiker satte sig ner och arbetade fram det som idag \u00e4r FN:s allm\u00e4nna f\u00f6rklaring om de m\u00e4nskliga r\u00e4ttigheterna.<\/p>\n<p>Men man n\u00f6jde sig inte med att arbeta fram en deklaration baserad p\u00e5 naturr\u00e4ttens principer utan man skapade ocks\u00e5 FN i syfte att skydda dessa principer. I ett politiskt f\u00f6rs\u00f6k att via handel och gemensamma v\u00e4rderingar, en g\u00e5ng f\u00f6r alla, hindra de stora l\u00e4nderna i Europa att g\u00e5 i krig med varandra igen bildades Kol och st\u00e5lgemenskapen som senare resulterade i EG\/EU.<\/p>\n<p>Vi kan alltid kritisera FN, EU och de m\u00e4nskliga r\u00e4ttigheterna f\u00f6r att dessa institutioner och principer inte l\u00f6ser alla problem men det \u00e4r trots allt ett \u00e4rligt och gediget f\u00f6rs\u00f6k att hindra nya krig och konflikter.<\/p>\n<p>Tyv\u00e4rr har inte dessa institutioner kunnat l\u00f6sa alla konflikter vilket g\u00f6r att m\u00e4nniskor \u00e4ven idag tvingas fly ifr\u00e5n sina heml\u00e4nder f\u00f6r att undkomma f\u00f6rf\u00f6ljelse och krigets fasor. P\u00e5 samma s\u00e4tt som v\u00e5ra f\u00f6rf\u00e4der utmanades under mellankrigstiden s\u00e5 utmanas vi idag av att m\u00e4nniskor \u00e4r p\u00e5 flykt. I likhet med att det d\u00e5 fanns folk som ans\u00e5g att problemet skall l\u00f6sas av n\u00e5gon annan s\u00e5 finns det idag de som anser att vi redan har \u201dtagit v\u00e5r del av ansvaret\u201d. Men denna inst\u00e4llning h\u00e5ller inte. Ur ett kristdemokratiskt perspektiv kan vi aldrig sl\u00e5 oss till ro n\u00e4r en m\u00e4nniska lider eller tvingas p\u00e5 flykt.<\/p>\n<p>Vi vill d\u00e4rf\u00f6r att vi som kristdemokrater skall arbeta fram en ny asyl- och migrationspolitik som utg\u00e5r ifr\u00e5n de principer som v\u00e5ra ideologiska f\u00f6rf\u00e4der etablerade efter andra v\u00e4rldskriget. Ledstj\u00e4rnan skall vara den judisk-kristna etikens st\u00f6d f\u00f6r dessa v\u00e5ra minsta samt naturr\u00e4ttens tydliga v\u00e4gledning s\u00e5 som den lyfts fram i FN-stadgan, FN:s allm\u00e4nna f\u00f6rklaring om de m\u00e4nskliga r\u00e4ttigheterna, Flyktingkonventionen, Europakonventionen och Barnkonventionen.<\/p>\n<p>Samtidigt skall vi anv\u00e4nda oss av de institutioner som v\u00e5ra f\u00f6rf\u00e4der etablerade f\u00f6r att vi tillsammans skall kunna bist\u00e5 varandra och ge den enskilde det skydd som de f\u00f6rtj\u00e4nar. Ett aktivt samarbete inom FN och EU \u00e4r d\u00e4rf\u00f6r en viktig grundbult f\u00f6r en fungerande kristdemokratisk asyl- och migrationspolitik.<\/p>\n<p>Inom FN b\u00f6r vi arbeta f\u00f6r s\u00e4kra zoner f\u00f6r minoriteter och utsatta grupper, vi b\u00f6r arbeta f\u00f6r v\u00e4l fungerande flyktingl\u00e4ger, vi b\u00f6r arbeta f\u00f6r ett modernt och effektivt bist\u00e5nd i syfte att undvika konflikter och vi b\u00f6r jobba f\u00f6r internationella flyktingkvoter d\u00e4r alla l\u00e4nder \u00e4r med och tar ansvar.<\/p>\n<p>Inom EU b\u00f6r vi arbeta utifr\u00e5n samma principer som inom FN men ut\u00f6ver det arbete som sker p\u00e5 FN-niv\u00e5n b\u00f6r vi arbeta f\u00f6r trygga gr\u00e4nser, gemensamt polisi\u00e4rt arbete i syfte att bek\u00e4mpa trafficking, narkotikahandel, terrorism samt annan gr\u00e4ns\u00f6verskridande kriminalitet. Vi b\u00f6r \u00e4ven arbeta f\u00f6r en gemensam asylpolitik d\u00e4r asyls\u00f6kande f\u00e5r en likv\u00e4rdig bed\u00f6mning och har m\u00f6jlighet att s\u00f6ka asyl redan p\u00e5 ett EU-lands ambassad. Vi b\u00f6r arbeta f\u00f6r ett gemensamt mottagande vilket g\u00f6r att l\u00e4nder runt Medelhavet inte ensamma f\u00e5r b\u00e4ra ansvaret f\u00f6r den situation som vi f\u00f6r tillf\u00e4llet bevittnar.<\/p>\n<p>P\u00e5 den nationella niv\u00e5n beh\u00f6ver vi vidta \u00e5tg\u00e4rder f\u00f6r att asylprocessen skall genomf\u00f6ras skyndsamt. D\u00e4rf\u00f6r b\u00f6r vi:<\/p>\n<ul>\n<li>se \u00f6ver anv\u00e4ndningen av tillf\u00e4lliga uppeh\u00e5llstillst\u00e5nd d\u00e5 vi vet att dessa hindrar integrationen,<\/li>\n<li>arbeta f\u00f6r att familjers sammanh\u00e5llning v\u00e4rnas inom asyl- och migrationspolitiken<\/li>\n<li>arbeta f\u00f6r att r\u00e4tt \u00e5lder s\u00e4kerst\u00e4lls s\u00e5 att ingen uts\u00e4tts f\u00f6r godtycklig behandling<\/li>\n<li>underl\u00e4tta f\u00f6r asyls\u00f6kande som f\u00e5tt jobb att l\u00e4mna in en ny ans\u00f6kan om uppeh\u00e5llstillst\u00e5nd baserat p\u00e5 jobb<\/li>\n<li>f\u00f6rb\u00e4ttra m\u00f6jligheterna till validering och omskolning inom vuxenutbildningen<\/li>\n<li>arbeta f\u00f6r en \u00f6ppen och flexibel arbetsmarknad<\/li>\n<li>arbeta f\u00f6r enklare regler p\u00e5 bostadsmarknaden<\/li>\n<\/ul>\n<p>M\u00e5nga av de tankar vi lyfter fram i denna motion ligger v\u00e4l i linje med vad vi redan arbetar efter, men det vi vill tydligg\u00f6ra med v\u00e5ra exempel \u00e4r att vi skall utarbeta en kristdemokratisk asyl- och migrationspolitik som h\u00e4mtar inspiration i v\u00e5r egen grundideologi och v\u00e5ra f\u00f6rf\u00e4ders v\u00e4rderingar. Vi vill \u00e4ven vara tydliga med att en fungerande politik f\u00f6ruts\u00e4tter att vi arbetar utifr\u00e5n subsidiaritetsprincipen vilket inneb\u00e4r att vissa delar av asyl- och migrationspolitiken m\u00e5ste hanteras inom FN och EU medan andra delar m\u00e5ste hanteras nationellt. F\u00f6r att den nationella politiken ska fungera s\u00e5 bra som m\u00f6jligt kr\u00e4vs det att s\u00e5v\u00e4l det kommunala som regionala perspektivet finns med i arbetet.<\/p>\n<p>Grundprincipen skall dock vara att vi arbetar utifr\u00e5n den enskilda m\u00e4nniskans perspektiv.<\/p>\n<p>V\u00e5r asyl- och migrationspolitik skall alltid str\u00e4va efter att m\u00e4nniskor f\u00e5r ett respektfullt bem\u00f6tande och goda f\u00f6ruts\u00e4ttningar att etablera sig i Sverige n\u00e4r man har f\u00e5tt sina asylsk\u00e4l pr\u00f6vade. Det \u00e4r ocks\u00e5 v\u00e5rt ansvar att se till att asylprocesserna v\u00e4sentligt p\u00e5skyndas. Det \u00e4r inhumant och f\u00f6r\u00f6dande att det skall dr\u00f6ja flera \u00e5r innan den asyls\u00f6kande f\u00e5r besked om man f\u00e5r stanna eller ej. Vi b\u00f6r ocks\u00e5 se \u00f6ver lagstiftningen och \u00f6verv\u00e4ga att barn som f\u00f6ds i Sverige f\u00e5r m\u00f6jlighet att bli svenska medborgare. Nuvarande lagstiftning har resulterat i konstiga situationer d\u00e4r barn som inte har n\u00e5got annat hemland avvisas trots att man redan \u00e4r en del av den svenska samh\u00e4llsgemenskapen.<\/p>\n<p>Utifr\u00e5n dessa tankar yrkar vi p\u00e5 att: rikstinget ger partistyrelsen i uppdrag att arbeta fram en ny asyl- och migrationspolitik<\/p>\n<h3 style=\"text-align: left\"><\/h3>\n","protected":false},"excerpt":{"rendered":"<p>En ny asyl- och migrationspolitik Efter andra v\u00e4rldskriget skedde en stor omv\u00e4rdering av den tidigare flyktingpolitiken. Orsaken till att man tog tag i problemen runt flyktingfr\u00e5gorna var att m\u00e5nga judar hade f\u00f6rs\u00f6kt att l\u00e4mna Tyskland f\u00f6re krigsutbrottet och att de omkringliggande l\u00e4nderna v\u00e4grade att ta emot dem. Resultatet \u00e4r k\u00e4nt &#8211; miljontals judar, romer och <a class=\"read-more-link\" href=\"https:\/\/wp.kristdemokraterna.se\/janstefanson\/en-motion-fran-mig-femtio-kristdemokratiska-politiker\/\">Read More<\/a><\/p>\n","protected":false},"author":530,"featured_media":0,"comment_status":"closed","ping_status":"closed","sticky":false,"template":"","format":"standard","meta":{"_acf_changed":false,"footnotes":""},"categories":[1],"tags":[],"class_list":["post-448","post","type-post","status-publish","format-standard","hentry","category-okategoriserade"],"acf":[],"yoast_head":"<!-- This site is optimized with the Yoast SEO plugin v27.4 - https:\/\/yoast.com\/product\/yoast-seo-wordpress\/ -->\n<title>En bra motion fr\u00e5n mig +femtio kristdemokratiska politiker - Jan Stefanson<\/title>\n<meta name=\"robots\" content=\"index, follow, max-snippet:-1, max-image-preview:large, max-video-preview:-1\" \/>\n<link rel=\"canonical\" href=\"https:\/\/wp.kristdemokraterna.se\/janstefanson\/en-motion-fran-mig-femtio-kristdemokratiska-politiker\/\" \/>\n<meta property=\"og:locale\" content=\"sv_SE\" \/>\n<meta property=\"og:type\" content=\"article\" \/>\n<meta property=\"og:title\" content=\"En bra motion fr\u00e5n mig +femtio kristdemokratiska politiker - Jan Stefanson\" \/>\n<meta property=\"og:description\" content=\"En ny asyl- och migrationspolitik Efter andra v\u00e4rldskriget skedde en stor omv\u00e4rdering av den tidigare flyktingpolitiken. Orsaken till att man tog tag i problemen runt flyktingfr\u00e5gorna var att m\u00e5nga judar hade f\u00f6rs\u00f6kt att l\u00e4mna Tyskland f\u00f6re krigsutbrottet och att de omkringliggande l\u00e4nderna v\u00e4grade att ta emot dem. Resultatet \u00e4r k\u00e4nt &#8211; miljontals judar, romer och Read More\" \/>\n<meta property=\"og:url\" content=\"https:\/\/wp.kristdemokraterna.se\/janstefanson\/en-motion-fran-mig-femtio-kristdemokratiska-politiker\/\" \/>\n<meta property=\"og:site_name\" content=\"Jan Stefanson\" \/>\n<meta property=\"article:published_time\" content=\"2017-01-16T14:33:44+00:00\" \/>\n<meta property=\"article:modified_time\" content=\"2017-01-16T14:35:07+00:00\" \/>\n<meta name=\"author\" content=\"janstefanson\" \/>\n<meta name=\"twitter:card\" content=\"summary_large_image\" \/>\n<meta name=\"twitter:label1\" content=\"Skriven av\" \/>\n\t<meta name=\"twitter:data1\" content=\"janstefanson\" \/>\n\t<meta name=\"twitter:label2\" content=\"Ber\u00e4knad l\u00e4stid\" \/>\n\t<meta name=\"twitter:data2\" content=\"6 minuter\" \/>\n<script type=\"application\/ld+json\" class=\"yoast-schema-graph\">{\"@context\":\"https:\\\/\\\/schema.org\",\"@graph\":[{\"@type\":\"Article\",\"@id\":\"https:\\\/\\\/wp.kristdemokraterna.se\\\/janstefanson\\\/en-motion-fran-mig-femtio-kristdemokratiska-politiker\\\/#article\",\"isPartOf\":{\"@id\":\"https:\\\/\\\/wp.kristdemokraterna.se\\\/janstefanson\\\/en-motion-fran-mig-femtio-kristdemokratiska-politiker\\\/\"},\"author\":{\"name\":\"janstefanson\",\"@id\":\"https:\\\/\\\/wp.kristdemokraterna.se\\\/janstefanson\\\/#\\\/schema\\\/person\\\/f8122372f46f49cffa0c02a57c89b40f\"},\"headline\":\"En bra motion fr\u00e5n mig +femtio kristdemokratiska politiker\",\"datePublished\":\"2017-01-16T14:33:44+00:00\",\"dateModified\":\"2017-01-16T14:35:07+00:00\",\"mainEntityOfPage\":{\"@id\":\"https:\\\/\\\/wp.kristdemokraterna.se\\\/janstefanson\\\/en-motion-fran-mig-femtio-kristdemokratiska-politiker\\\/\"},\"wordCount\":1110,\"inLanguage\":\"sv-SE\"},{\"@type\":\"WebPage\",\"@id\":\"https:\\\/\\\/wp.kristdemokraterna.se\\\/janstefanson\\\/en-motion-fran-mig-femtio-kristdemokratiska-politiker\\\/\",\"url\":\"https:\\\/\\\/wp.kristdemokraterna.se\\\/janstefanson\\\/en-motion-fran-mig-femtio-kristdemokratiska-politiker\\\/\",\"name\":\"En bra motion fr\u00e5n mig +femtio kristdemokratiska politiker - Jan Stefanson\",\"isPartOf\":{\"@id\":\"https:\\\/\\\/wp.kristdemokraterna.se\\\/janstefanson\\\/#website\"},\"datePublished\":\"2017-01-16T14:33:44+00:00\",\"dateModified\":\"2017-01-16T14:35:07+00:00\",\"author\":{\"@id\":\"https:\\\/\\\/wp.kristdemokraterna.se\\\/janstefanson\\\/#\\\/schema\\\/person\\\/f8122372f46f49cffa0c02a57c89b40f\"},\"breadcrumb\":{\"@id\":\"https:\\\/\\\/wp.kristdemokraterna.se\\\/janstefanson\\\/en-motion-fran-mig-femtio-kristdemokratiska-politiker\\\/#breadcrumb\"},\"inLanguage\":\"sv-SE\",\"potentialAction\":[{\"@type\":\"ReadAction\",\"target\":[\"https:\\\/\\\/wp.kristdemokraterna.se\\\/janstefanson\\\/en-motion-fran-mig-femtio-kristdemokratiska-politiker\\\/\"]}]},{\"@type\":\"BreadcrumbList\",\"@id\":\"https:\\\/\\\/wp.kristdemokraterna.se\\\/janstefanson\\\/en-motion-fran-mig-femtio-kristdemokratiska-politiker\\\/#breadcrumb\",\"itemListElement\":[{\"@type\":\"ListItem\",\"position\":1,\"name\":\"Hem\",\"item\":\"https:\\\/\\\/wp.kristdemokraterna.se\\\/janstefanson\\\/\"},{\"@type\":\"ListItem\",\"position\":2,\"name\":\"En bra motion fr\u00e5n mig +femtio kristdemokratiska politiker\"}]},{\"@type\":\"WebSite\",\"@id\":\"https:\\\/\\\/wp.kristdemokraterna.se\\\/janstefanson\\\/#website\",\"url\":\"https:\\\/\\\/wp.kristdemokraterna.se\\\/janstefanson\\\/\",\"name\":\"Jan Stefanson\",\"description\":\"En till Kristdemokraterna webbplats\",\"inLanguage\":\"sv-SE\"},{\"@type\":\"Person\",\"@id\":\"https:\\\/\\\/wp.kristdemokraterna.se\\\/janstefanson\\\/#\\\/schema\\\/person\\\/f8122372f46f49cffa0c02a57c89b40f\",\"name\":\"janstefanson\",\"image\":{\"@type\":\"ImageObject\",\"inLanguage\":\"sv-SE\",\"@id\":\"https:\\\/\\\/secure.gravatar.com\\\/avatar\\\/c8880da1e0ca1fb1fd99d661e99b32931e79d1537ef8441e71fc6630d4b6633c?s=96&r=g\",\"url\":\"https:\\\/\\\/secure.gravatar.com\\\/avatar\\\/c8880da1e0ca1fb1fd99d661e99b32931e79d1537ef8441e71fc6630d4b6633c?s=96&r=g\",\"contentUrl\":\"https:\\\/\\\/secure.gravatar.com\\\/avatar\\\/c8880da1e0ca1fb1fd99d661e99b32931e79d1537ef8441e71fc6630d4b6633c?s=96&r=g\",\"caption\":\"janstefanson\"},\"url\":\"https:\\\/\\\/wp.kristdemokraterna.se\\\/janstefanson\\\/author\\\/janstefanson\\\/\"}]}<\/script>\n<!-- \/ Yoast SEO plugin. -->","yoast_head_json":{"title":"En bra motion fr\u00e5n mig +femtio kristdemokratiska politiker - Jan Stefanson","robots":{"index":"index","follow":"follow","max-snippet":"max-snippet:-1","max-image-preview":"max-image-preview:large","max-video-preview":"max-video-preview:-1"},"canonical":"https:\/\/wp.kristdemokraterna.se\/janstefanson\/en-motion-fran-mig-femtio-kristdemokratiska-politiker\/","og_locale":"sv_SE","og_type":"article","og_title":"En bra motion fr\u00e5n mig +femtio kristdemokratiska politiker - Jan Stefanson","og_description":"En ny asyl- och migrationspolitik Efter andra v\u00e4rldskriget skedde en stor omv\u00e4rdering av den tidigare flyktingpolitiken. Orsaken till att man tog tag i problemen runt flyktingfr\u00e5gorna var att m\u00e5nga judar hade f\u00f6rs\u00f6kt att l\u00e4mna Tyskland f\u00f6re krigsutbrottet och att de omkringliggande l\u00e4nderna v\u00e4grade att ta emot dem. Resultatet \u00e4r k\u00e4nt &#8211; miljontals judar, romer och Read More","og_url":"https:\/\/wp.kristdemokraterna.se\/janstefanson\/en-motion-fran-mig-femtio-kristdemokratiska-politiker\/","og_site_name":"Jan Stefanson","article_published_time":"2017-01-16T14:33:44+00:00","article_modified_time":"2017-01-16T14:35:07+00:00","author":"janstefanson","twitter_card":"summary_large_image","twitter_misc":{"Skriven av":"janstefanson","Ber\u00e4knad l\u00e4stid":"6 minuter"},"schema":{"@context":"https:\/\/schema.org","@graph":[{"@type":"Article","@id":"https:\/\/wp.kristdemokraterna.se\/janstefanson\/en-motion-fran-mig-femtio-kristdemokratiska-politiker\/#article","isPartOf":{"@id":"https:\/\/wp.kristdemokraterna.se\/janstefanson\/en-motion-fran-mig-femtio-kristdemokratiska-politiker\/"},"author":{"name":"janstefanson","@id":"https:\/\/wp.kristdemokraterna.se\/janstefanson\/#\/schema\/person\/f8122372f46f49cffa0c02a57c89b40f"},"headline":"En bra motion fr\u00e5n mig +femtio kristdemokratiska politiker","datePublished":"2017-01-16T14:33:44+00:00","dateModified":"2017-01-16T14:35:07+00:00","mainEntityOfPage":{"@id":"https:\/\/wp.kristdemokraterna.se\/janstefanson\/en-motion-fran-mig-femtio-kristdemokratiska-politiker\/"},"wordCount":1110,"inLanguage":"sv-SE"},{"@type":"WebPage","@id":"https:\/\/wp.kristdemokraterna.se\/janstefanson\/en-motion-fran-mig-femtio-kristdemokratiska-politiker\/","url":"https:\/\/wp.kristdemokraterna.se\/janstefanson\/en-motion-fran-mig-femtio-kristdemokratiska-politiker\/","name":"En bra motion fr\u00e5n mig +femtio kristdemokratiska politiker - Jan Stefanson","isPartOf":{"@id":"https:\/\/wp.kristdemokraterna.se\/janstefanson\/#website"},"datePublished":"2017-01-16T14:33:44+00:00","dateModified":"2017-01-16T14:35:07+00:00","author":{"@id":"https:\/\/wp.kristdemokraterna.se\/janstefanson\/#\/schema\/person\/f8122372f46f49cffa0c02a57c89b40f"},"breadcrumb":{"@id":"https:\/\/wp.kristdemokraterna.se\/janstefanson\/en-motion-fran-mig-femtio-kristdemokratiska-politiker\/#breadcrumb"},"inLanguage":"sv-SE","potentialAction":[{"@type":"ReadAction","target":["https:\/\/wp.kristdemokraterna.se\/janstefanson\/en-motion-fran-mig-femtio-kristdemokratiska-politiker\/"]}]},{"@type":"BreadcrumbList","@id":"https:\/\/wp.kristdemokraterna.se\/janstefanson\/en-motion-fran-mig-femtio-kristdemokratiska-politiker\/#breadcrumb","itemListElement":[{"@type":"ListItem","position":1,"name":"Hem","item":"https:\/\/wp.kristdemokraterna.se\/janstefanson\/"},{"@type":"ListItem","position":2,"name":"En bra motion fr\u00e5n mig +femtio kristdemokratiska politiker"}]},{"@type":"WebSite","@id":"https:\/\/wp.kristdemokraterna.se\/janstefanson\/#website","url":"https:\/\/wp.kristdemokraterna.se\/janstefanson\/","name":"Jan Stefanson","description":"En till Kristdemokraterna webbplats","inLanguage":"sv-SE"},{"@type":"Person","@id":"https:\/\/wp.kristdemokraterna.se\/janstefanson\/#\/schema\/person\/f8122372f46f49cffa0c02a57c89b40f","name":"janstefanson","image":{"@type":"ImageObject","inLanguage":"sv-SE","@id":"https:\/\/secure.gravatar.com\/avatar\/c8880da1e0ca1fb1fd99d661e99b32931e79d1537ef8441e71fc6630d4b6633c?s=96&r=g","url":"https:\/\/secure.gravatar.com\/avatar\/c8880da1e0ca1fb1fd99d661e99b32931e79d1537ef8441e71fc6630d4b6633c?s=96&r=g","contentUrl":"https:\/\/secure.gravatar.com\/avatar\/c8880da1e0ca1fb1fd99d661e99b32931e79d1537ef8441e71fc6630d4b6633c?s=96&r=g","caption":"janstefanson"},"url":"https:\/\/wp.kristdemokraterna.se\/janstefanson\/author\/janstefanson\/"}]}},"_links":{"self":[{"href":"https:\/\/wp.kristdemokraterna.se\/janstefanson\/wp-json\/wp\/v2\/posts\/448","targetHints":{"allow":["GET"]}}],"collection":[{"href":"https:\/\/wp.kristdemokraterna.se\/janstefanson\/wp-json\/wp\/v2\/posts"}],"about":[{"href":"https:\/\/wp.kristdemokraterna.se\/janstefanson\/wp-json\/wp\/v2\/types\/post"}],"author":[{"embeddable":true,"href":"https:\/\/wp.kristdemokraterna.se\/janstefanson\/wp-json\/wp\/v2\/users\/530"}],"replies":[{"embeddable":true,"href":"https:\/\/wp.kristdemokraterna.se\/janstefanson\/wp-json\/wp\/v2\/comments?post=448"}],"version-history":[{"count":4,"href":"https:\/\/wp.kristdemokraterna.se\/janstefanson\/wp-json\/wp\/v2\/posts\/448\/revisions"}],"predecessor-version":[{"id":453,"href":"https:\/\/wp.kristdemokraterna.se\/janstefanson\/wp-json\/wp\/v2\/posts\/448\/revisions\/453"}],"wp:attachment":[{"href":"https:\/\/wp.kristdemokraterna.se\/janstefanson\/wp-json\/wp\/v2\/media?parent=448"}],"wp:term":[{"taxonomy":"category","embeddable":true,"href":"https:\/\/wp.kristdemokraterna.se\/janstefanson\/wp-json\/wp\/v2\/categories?post=448"},{"taxonomy":"post_tag","embeddable":true,"href":"https:\/\/wp.kristdemokraterna.se\/janstefanson\/wp-json\/wp\/v2\/tags?post=448"}],"curies":[{"name":"wp","href":"https:\/\/api.w.org\/{rel}","templated":true}]}}