{"id":452,"date":"2017-01-16T15:54:13","date_gmt":"2017-01-16T14:54:13","guid":{"rendered":"http:\/\/wp.kristdemokraterna.se\/janstefanson\/?p=452"},"modified":"2017-01-16T15:54:29","modified_gmt":"2017-01-16T14:54:29","slug":"friskolornas-baste-van","status":"publish","type":"post","link":"https:\/\/wp.kristdemokraterna.se\/janstefanson\/friskolornas-baste-van\/","title":{"rendered":"Friskolornas b\u00e4ste v\u00e4n"},"content":{"rendered":"<p>F\u00f6r f\u00f6rsta g\u00e5ngen har koalitionen i Upplands-Bro kommun gett utbildningsf\u00f6rvaltningen i uppdrag att se \u00f6ver skolpengen som ligger till grund f\u00f6r en likv\u00e4rdig skola oavsett huvudman.<\/p>\n<p>Detta gl\u00e4der s\u00e4rskilt mig som varit med om friskolereformen i b\u00f6rjan av nittiotalet och k\u00e4mpat sedan dess f\u00f6r att f\u00e5 likv\u00e4rdiga och bra f\u00f6ruts\u00e4ttningar i v\u00e5r kommun.<\/p>\n<p>Mellan 1991 och 1994 skedde den stora reformen vilket sammanf\u00f6ll med mitt f\u00f6rsta ordf\u00f6randeuppdrag. Jag fick ansvaret f\u00f6r grundskolorna och f\u00f6rskolorna. D\u00e5 inf\u00f6rdes b\u00e5de startbidrag f\u00f6r att kunna starta upp verksamhet och det st\u00f6d som riksdagen beslutade om. M\u00e5nga tuffa debatter b\u00e5de med tj\u00e4nstem\u00e4n och politiker f\u00f6ljde n\u00e4r f\u00f6r\u00e4ndringen genomf\u00f6rdes. Litet kuriosa \u00e4r f\u00f6rst\u00e5s att jag som ordf\u00f6rande drev fr\u00e5gan lite v\u00e4l h\u00e5rt och f\u00f6rlorade en votering i min egen n\u00e4mnd d\u00e5 jag ensam var f\u00f6r och alla andra tio var emot. Men min \u00f6vertygelse var glasklar. Det skulle g\u00e4lla likv\u00e4rdighet!<\/p>\n<p>Samma principiella \u00f6vertygelse driver mig idag. D\u00e4rf\u00f6r \u00e4r jag v\u00e4ldigt glad att v\u00e5rt koalitionssamarbete resulterade i en budget f\u00f6r 2017 med uppdraget till f\u00f6rvaltningen att utreda skolpengen och lokalbidragets storlek. Viktigt att veta \u00e4r att det idag finns en stor or\u00e4ttvisa i nuvarande till\u00e4mpning.<\/p>\n<p>V\u00e4n av ordning kan f\u00f6rst\u00e5s undra varf\u00f6r detta inte ordnades under f\u00f6rra mandatperioden n\u00e4r Alliansen hade egen majoritet? P\u00e5 det har jag inget svar men \u00e4r glad att vi f\u00e5tt enighet i den majoritet som koalitionen utg\u00f6r. Vi g\u00f6r det tillsammans.<\/p>\n<p>I en ins\u00e4ndare i B\u00e5lsta Upplands-Bro bladet skriver moderaterna om sig sj\u00e4lva som initiativtagare i opposition till f\u00f6rb\u00e4ttringar f\u00f6r de frist\u00e5ende huvudm\u00e4nnen. Jag f\u00f6rst\u00e5r b\u00e5de deras vilja och frustration. Men n\u00e5gon g\u00e5ng under mandatperioden kunde det vara smakfullt att gratulera koalitionen, KD\/C\/S\/MP till bra genomf\u00f6rd politik. Det hade sett helt annorlunda ut om V\u00e4nsterpartiet styrt och Kristdemokraterna suttit p\u00e5 \u00e5sk\u00e5darl\u00e4ktaren tillsammans med Moderaterna. Det \u00e4r jag helt s\u00e4ker p\u00e5!<\/p>\n","protected":false},"excerpt":{"rendered":"<p>F\u00f6r f\u00f6rsta g\u00e5ngen har koalitionen i Upplands-Bro kommun gett utbildningsf\u00f6rvaltningen i uppdrag att se \u00f6ver skolpengen som ligger till grund f\u00f6r en likv\u00e4rdig skola oavsett huvudman. Detta gl\u00e4der s\u00e4rskilt mig som varit med om friskolereformen i b\u00f6rjan av nittiotalet och k\u00e4mpat sedan dess f\u00f6r att f\u00e5 likv\u00e4rdiga och bra f\u00f6ruts\u00e4ttningar i v\u00e5r kommun. Mellan 1991 <a class=\"read-more-link\" href=\"https:\/\/wp.kristdemokraterna.se\/janstefanson\/friskolornas-baste-van\/\">Read More<\/a><\/p>\n","protected":false},"author":530,"featured_media":0,"comment_status":"closed","ping_status":"closed","sticky":false,"template":"","format":"standard","meta":{"_acf_changed":false,"footnotes":""},"categories":[1],"tags":[],"class_list":["post-452","post","type-post","status-publish","format-standard","hentry","category-okategoriserade"],"acf":[],"yoast_head":"<!-- This site is optimized with the Yoast SEO plugin v27.4 - https:\/\/yoast.com\/product\/yoast-seo-wordpress\/ -->\n<title>Friskolornas b\u00e4ste v\u00e4n - Jan Stefanson<\/title>\n<meta name=\"robots\" content=\"index, follow, max-snippet:-1, max-image-preview:large, max-video-preview:-1\" \/>\n<link rel=\"canonical\" href=\"https:\/\/wp.kristdemokraterna.se\/janstefanson\/friskolornas-baste-van\/\" \/>\n<meta property=\"og:locale\" content=\"sv_SE\" \/>\n<meta property=\"og:type\" content=\"article\" \/>\n<meta property=\"og:title\" content=\"Friskolornas b\u00e4ste v\u00e4n - Jan Stefanson\" \/>\n<meta property=\"og:description\" content=\"F\u00f6r f\u00f6rsta g\u00e5ngen har koalitionen i Upplands-Bro kommun gett utbildningsf\u00f6rvaltningen i uppdrag att se \u00f6ver skolpengen som ligger till grund f\u00f6r en likv\u00e4rdig skola oavsett huvudman. Detta gl\u00e4der s\u00e4rskilt mig som varit med om friskolereformen i b\u00f6rjan av nittiotalet och k\u00e4mpat sedan dess f\u00f6r att f\u00e5 likv\u00e4rdiga och bra f\u00f6ruts\u00e4ttningar i v\u00e5r kommun. Mellan 1991 Read More\" \/>\n<meta property=\"og:url\" content=\"https:\/\/wp.kristdemokraterna.se\/janstefanson\/friskolornas-baste-van\/\" \/>\n<meta property=\"og:site_name\" content=\"Jan Stefanson\" \/>\n<meta property=\"article:published_time\" content=\"2017-01-16T14:54:13+00:00\" \/>\n<meta property=\"article:modified_time\" content=\"2017-01-16T14:54:29+00:00\" \/>\n<meta name=\"author\" content=\"janstefanson\" \/>\n<meta name=\"twitter:card\" content=\"summary_large_image\" \/>\n<meta name=\"twitter:label1\" content=\"Skriven av\" \/>\n\t<meta name=\"twitter:data1\" content=\"janstefanson\" \/>\n\t<meta name=\"twitter:label2\" content=\"Ber\u00e4knad l\u00e4stid\" \/>\n\t<meta name=\"twitter:data2\" content=\"2 minuter\" \/>\n<script type=\"application\/ld+json\" class=\"yoast-schema-graph\">{\"@context\":\"https:\\\/\\\/schema.org\",\"@graph\":[{\"@type\":\"Article\",\"@id\":\"https:\\\/\\\/wp.kristdemokraterna.se\\\/janstefanson\\\/friskolornas-baste-van\\\/#article\",\"isPartOf\":{\"@id\":\"https:\\\/\\\/wp.kristdemokraterna.se\\\/janstefanson\\\/friskolornas-baste-van\\\/\"},\"author\":{\"name\":\"janstefanson\",\"@id\":\"https:\\\/\\\/wp.kristdemokraterna.se\\\/janstefanson\\\/#\\\/schema\\\/person\\\/f8122372f46f49cffa0c02a57c89b40f\"},\"headline\":\"Friskolornas b\u00e4ste v\u00e4n\",\"datePublished\":\"2017-01-16T14:54:13+00:00\",\"dateModified\":\"2017-01-16T14:54:29+00:00\",\"mainEntityOfPage\":{\"@id\":\"https:\\\/\\\/wp.kristdemokraterna.se\\\/janstefanson\\\/friskolornas-baste-van\\\/\"},\"wordCount\":382,\"inLanguage\":\"sv-SE\"},{\"@type\":\"WebPage\",\"@id\":\"https:\\\/\\\/wp.kristdemokraterna.se\\\/janstefanson\\\/friskolornas-baste-van\\\/\",\"url\":\"https:\\\/\\\/wp.kristdemokraterna.se\\\/janstefanson\\\/friskolornas-baste-van\\\/\",\"name\":\"Friskolornas b\u00e4ste v\u00e4n - Jan Stefanson\",\"isPartOf\":{\"@id\":\"https:\\\/\\\/wp.kristdemokraterna.se\\\/janstefanson\\\/#website\"},\"datePublished\":\"2017-01-16T14:54:13+00:00\",\"dateModified\":\"2017-01-16T14:54:29+00:00\",\"author\":{\"@id\":\"https:\\\/\\\/wp.kristdemokraterna.se\\\/janstefanson\\\/#\\\/schema\\\/person\\\/f8122372f46f49cffa0c02a57c89b40f\"},\"breadcrumb\":{\"@id\":\"https:\\\/\\\/wp.kristdemokraterna.se\\\/janstefanson\\\/friskolornas-baste-van\\\/#breadcrumb\"},\"inLanguage\":\"sv-SE\",\"potentialAction\":[{\"@type\":\"ReadAction\",\"target\":[\"https:\\\/\\\/wp.kristdemokraterna.se\\\/janstefanson\\\/friskolornas-baste-van\\\/\"]}]},{\"@type\":\"BreadcrumbList\",\"@id\":\"https:\\\/\\\/wp.kristdemokraterna.se\\\/janstefanson\\\/friskolornas-baste-van\\\/#breadcrumb\",\"itemListElement\":[{\"@type\":\"ListItem\",\"position\":1,\"name\":\"Hem\",\"item\":\"https:\\\/\\\/wp.kristdemokraterna.se\\\/janstefanson\\\/\"},{\"@type\":\"ListItem\",\"position\":2,\"name\":\"Friskolornas b\u00e4ste v\u00e4n\"}]},{\"@type\":\"WebSite\",\"@id\":\"https:\\\/\\\/wp.kristdemokraterna.se\\\/janstefanson\\\/#website\",\"url\":\"https:\\\/\\\/wp.kristdemokraterna.se\\\/janstefanson\\\/\",\"name\":\"Jan Stefanson\",\"description\":\"En till Kristdemokraterna webbplats\",\"inLanguage\":\"sv-SE\"},{\"@type\":\"Person\",\"@id\":\"https:\\\/\\\/wp.kristdemokraterna.se\\\/janstefanson\\\/#\\\/schema\\\/person\\\/f8122372f46f49cffa0c02a57c89b40f\",\"name\":\"janstefanson\",\"image\":{\"@type\":\"ImageObject\",\"inLanguage\":\"sv-SE\",\"@id\":\"https:\\\/\\\/secure.gravatar.com\\\/avatar\\\/c8880da1e0ca1fb1fd99d661e99b32931e79d1537ef8441e71fc6630d4b6633c?s=96&r=g\",\"url\":\"https:\\\/\\\/secure.gravatar.com\\\/avatar\\\/c8880da1e0ca1fb1fd99d661e99b32931e79d1537ef8441e71fc6630d4b6633c?s=96&r=g\",\"contentUrl\":\"https:\\\/\\\/secure.gravatar.com\\\/avatar\\\/c8880da1e0ca1fb1fd99d661e99b32931e79d1537ef8441e71fc6630d4b6633c?s=96&r=g\",\"caption\":\"janstefanson\"},\"url\":\"https:\\\/\\\/wp.kristdemokraterna.se\\\/janstefanson\\\/author\\\/janstefanson\\\/\"}]}<\/script>\n<!-- \/ Yoast SEO plugin. -->","yoast_head_json":{"title":"Friskolornas b\u00e4ste v\u00e4n - Jan Stefanson","robots":{"index":"index","follow":"follow","max-snippet":"max-snippet:-1","max-image-preview":"max-image-preview:large","max-video-preview":"max-video-preview:-1"},"canonical":"https:\/\/wp.kristdemokraterna.se\/janstefanson\/friskolornas-baste-van\/","og_locale":"sv_SE","og_type":"article","og_title":"Friskolornas b\u00e4ste v\u00e4n - Jan Stefanson","og_description":"F\u00f6r f\u00f6rsta g\u00e5ngen har koalitionen i Upplands-Bro kommun gett utbildningsf\u00f6rvaltningen i uppdrag att se \u00f6ver skolpengen som ligger till grund f\u00f6r en likv\u00e4rdig skola oavsett huvudman. Detta gl\u00e4der s\u00e4rskilt mig som varit med om friskolereformen i b\u00f6rjan av nittiotalet och k\u00e4mpat sedan dess f\u00f6r att f\u00e5 likv\u00e4rdiga och bra f\u00f6ruts\u00e4ttningar i v\u00e5r kommun. Mellan 1991 Read More","og_url":"https:\/\/wp.kristdemokraterna.se\/janstefanson\/friskolornas-baste-van\/","og_site_name":"Jan Stefanson","article_published_time":"2017-01-16T14:54:13+00:00","article_modified_time":"2017-01-16T14:54:29+00:00","author":"janstefanson","twitter_card":"summary_large_image","twitter_misc":{"Skriven av":"janstefanson","Ber\u00e4knad l\u00e4stid":"2 minuter"},"schema":{"@context":"https:\/\/schema.org","@graph":[{"@type":"Article","@id":"https:\/\/wp.kristdemokraterna.se\/janstefanson\/friskolornas-baste-van\/#article","isPartOf":{"@id":"https:\/\/wp.kristdemokraterna.se\/janstefanson\/friskolornas-baste-van\/"},"author":{"name":"janstefanson","@id":"https:\/\/wp.kristdemokraterna.se\/janstefanson\/#\/schema\/person\/f8122372f46f49cffa0c02a57c89b40f"},"headline":"Friskolornas b\u00e4ste v\u00e4n","datePublished":"2017-01-16T14:54:13+00:00","dateModified":"2017-01-16T14:54:29+00:00","mainEntityOfPage":{"@id":"https:\/\/wp.kristdemokraterna.se\/janstefanson\/friskolornas-baste-van\/"},"wordCount":382,"inLanguage":"sv-SE"},{"@type":"WebPage","@id":"https:\/\/wp.kristdemokraterna.se\/janstefanson\/friskolornas-baste-van\/","url":"https:\/\/wp.kristdemokraterna.se\/janstefanson\/friskolornas-baste-van\/","name":"Friskolornas b\u00e4ste v\u00e4n - Jan Stefanson","isPartOf":{"@id":"https:\/\/wp.kristdemokraterna.se\/janstefanson\/#website"},"datePublished":"2017-01-16T14:54:13+00:00","dateModified":"2017-01-16T14:54:29+00:00","author":{"@id":"https:\/\/wp.kristdemokraterna.se\/janstefanson\/#\/schema\/person\/f8122372f46f49cffa0c02a57c89b40f"},"breadcrumb":{"@id":"https:\/\/wp.kristdemokraterna.se\/janstefanson\/friskolornas-baste-van\/#breadcrumb"},"inLanguage":"sv-SE","potentialAction":[{"@type":"ReadAction","target":["https:\/\/wp.kristdemokraterna.se\/janstefanson\/friskolornas-baste-van\/"]}]},{"@type":"BreadcrumbList","@id":"https:\/\/wp.kristdemokraterna.se\/janstefanson\/friskolornas-baste-van\/#breadcrumb","itemListElement":[{"@type":"ListItem","position":1,"name":"Hem","item":"https:\/\/wp.kristdemokraterna.se\/janstefanson\/"},{"@type":"ListItem","position":2,"name":"Friskolornas b\u00e4ste v\u00e4n"}]},{"@type":"WebSite","@id":"https:\/\/wp.kristdemokraterna.se\/janstefanson\/#website","url":"https:\/\/wp.kristdemokraterna.se\/janstefanson\/","name":"Jan Stefanson","description":"En till Kristdemokraterna webbplats","inLanguage":"sv-SE"},{"@type":"Person","@id":"https:\/\/wp.kristdemokraterna.se\/janstefanson\/#\/schema\/person\/f8122372f46f49cffa0c02a57c89b40f","name":"janstefanson","image":{"@type":"ImageObject","inLanguage":"sv-SE","@id":"https:\/\/secure.gravatar.com\/avatar\/c8880da1e0ca1fb1fd99d661e99b32931e79d1537ef8441e71fc6630d4b6633c?s=96&r=g","url":"https:\/\/secure.gravatar.com\/avatar\/c8880da1e0ca1fb1fd99d661e99b32931e79d1537ef8441e71fc6630d4b6633c?s=96&r=g","contentUrl":"https:\/\/secure.gravatar.com\/avatar\/c8880da1e0ca1fb1fd99d661e99b32931e79d1537ef8441e71fc6630d4b6633c?s=96&r=g","caption":"janstefanson"},"url":"https:\/\/wp.kristdemokraterna.se\/janstefanson\/author\/janstefanson\/"}]}},"_links":{"self":[{"href":"https:\/\/wp.kristdemokraterna.se\/janstefanson\/wp-json\/wp\/v2\/posts\/452","targetHints":{"allow":["GET"]}}],"collection":[{"href":"https:\/\/wp.kristdemokraterna.se\/janstefanson\/wp-json\/wp\/v2\/posts"}],"about":[{"href":"https:\/\/wp.kristdemokraterna.se\/janstefanson\/wp-json\/wp\/v2\/types\/post"}],"author":[{"embeddable":true,"href":"https:\/\/wp.kristdemokraterna.se\/janstefanson\/wp-json\/wp\/v2\/users\/530"}],"replies":[{"embeddable":true,"href":"https:\/\/wp.kristdemokraterna.se\/janstefanson\/wp-json\/wp\/v2\/comments?post=452"}],"version-history":[{"count":1,"href":"https:\/\/wp.kristdemokraterna.se\/janstefanson\/wp-json\/wp\/v2\/posts\/452\/revisions"}],"predecessor-version":[{"id":454,"href":"https:\/\/wp.kristdemokraterna.se\/janstefanson\/wp-json\/wp\/v2\/posts\/452\/revisions\/454"}],"wp:attachment":[{"href":"https:\/\/wp.kristdemokraterna.se\/janstefanson\/wp-json\/wp\/v2\/media?parent=452"}],"wp:term":[{"taxonomy":"category","embeddable":true,"href":"https:\/\/wp.kristdemokraterna.se\/janstefanson\/wp-json\/wp\/v2\/categories?post=452"},{"taxonomy":"post_tag","embeddable":true,"href":"https:\/\/wp.kristdemokraterna.se\/janstefanson\/wp-json\/wp\/v2\/tags?post=452"}],"curies":[{"name":"wp","href":"https:\/\/api.w.org\/{rel}","templated":true}]}}