{"id":479,"date":"2017-01-31T15:25:13","date_gmt":"2017-01-31T14:25:13","guid":{"rendered":"http:\/\/wp.kristdemokraterna.se\/janstefanson\/?p=479"},"modified":"2017-01-31T15:25:23","modified_gmt":"2017-01-31T14:25:23","slug":"amnet-ar-mattat-sedan-lange","status":"publish","type":"post","link":"https:\/\/wp.kristdemokraterna.se\/janstefanson\/amnet-ar-mattat-sedan-lange\/","title":{"rendered":"\u00c4mnet \u00e4r m\u00e4ttat sedan l\u00e4nge&#8230;"},"content":{"rendered":"<p><img loading=\"lazy\" decoding=\"async\" class=\"wp-image-480 alignleft\" src=\"http:\/\/wp.kristdemokraterna.se\/janstefanson\/files\/2017\/01\/th4-300x168.jpg\" alt=\"\" width=\"383\" height=\"219\" \/>Namnet och \u00e4mnet Donald Trump \u00e4r f\u00f6rbrukat sedan l\u00e4nge, trodde jag. Men \u00f6verraskningarna \u00e4r onormalt \u00f6verraskande och outsinliga. Vem hade kunnat ana att de farh\u00e5gor vi hade litet till mans under den amerikanska valr\u00f6relsen skulle \u00f6vertr\u00e4ffas av verkligheten och dessutom i en takt som i sig \u00f6verrumplar.<\/p>\n<p>Vad \u00e4r han ben\u00e4gen till? Vad \u00e4r det som styr honom? Har han inga sp\u00e4rrar, sans eller vett? Kan inte den klokhet som finns runt honom bidra till mindre d\u00e5rskap?<\/p>\n<p>Att utpeka hela befolkningar fr\u00e5n sju l\u00e4nder som ov\u00e4lkomna \u00f6vertr\u00e4ffar alla i f\u00f6rv\u00e4g gjorda spekulationer. Hans ageranden \u00e4r abnorma och g\u00e5r tydligen\u00a0inte att stoppa.<\/p>\n<p>Min f\u00f6rv\u00e5ning \u00e4r s\u00e5som de flesta, total.<\/p>\n<p>F\u00f6r en vecka sedan fick jag fr\u00e5gan om Donald Trump skulle som\u00a0Vladimir Putin kunna bli likt en aggressiv diktator i USA? Givetvis svarade jag h\u00f6gskolestudenten med ett nej. USA \u00e4r ett helt annat land med helt andra lagar och traditioner, svarade jag.<strong> Idag hade jag funderat l\u00e4ngre innan jag hade svarat!<\/strong><\/p>\n<p>Vad som helst kan h\u00e4nda! <strong>Det enda som \u00e4r s\u00e4kert \u00e4r om\u00f6jligheten att f\u00f6rutse vad som h\u00e4nder i morgon.<\/strong><\/p>\n<p>&nbsp;<\/p>\n","protected":false},"excerpt":{"rendered":"<p>Namnet och \u00e4mnet Donald Trump \u00e4r f\u00f6rbrukat sedan l\u00e4nge, trodde jag. Men \u00f6verraskningarna \u00e4r onormalt \u00f6verraskande och outsinliga. Vem hade kunnat ana att de farh\u00e5gor vi hade litet till mans under den amerikanska valr\u00f6relsen skulle \u00f6vertr\u00e4ffas av verkligheten och dessutom i en takt som i sig \u00f6verrumplar. Vad \u00e4r han ben\u00e4gen till? Vad \u00e4r det <a class=\"read-more-link\" href=\"https:\/\/wp.kristdemokraterna.se\/janstefanson\/amnet-ar-mattat-sedan-lange\/\">Read More<\/a><\/p>\n","protected":false},"author":530,"featured_media":0,"comment_status":"closed","ping_status":"closed","sticky":false,"template":"","format":"standard","meta":{"_acf_changed":false,"footnotes":""},"categories":[1],"tags":[],"class_list":["post-479","post","type-post","status-publish","format-standard","hentry","category-okategoriserade"],"acf":[],"yoast_head":"<!-- This site is optimized with the Yoast SEO plugin v27.4 - https:\/\/yoast.com\/product\/yoast-seo-wordpress\/ -->\n<title>\u00c4mnet \u00e4r m\u00e4ttat sedan l\u00e4nge... - Jan Stefanson<\/title>\n<meta name=\"robots\" content=\"index, follow, max-snippet:-1, max-image-preview:large, max-video-preview:-1\" \/>\n<link rel=\"canonical\" href=\"https:\/\/wp.kristdemokraterna.se\/janstefanson\/amnet-ar-mattat-sedan-lange\/\" \/>\n<meta property=\"og:locale\" content=\"sv_SE\" \/>\n<meta property=\"og:type\" content=\"article\" \/>\n<meta property=\"og:title\" content=\"\u00c4mnet \u00e4r m\u00e4ttat sedan l\u00e4nge... - Jan Stefanson\" \/>\n<meta property=\"og:description\" content=\"Namnet och \u00e4mnet Donald Trump \u00e4r f\u00f6rbrukat sedan l\u00e4nge, trodde jag. Men \u00f6verraskningarna \u00e4r onormalt \u00f6verraskande och outsinliga. Vem hade kunnat ana att de farh\u00e5gor vi hade litet till mans under den amerikanska valr\u00f6relsen skulle \u00f6vertr\u00e4ffas av verkligheten och dessutom i en takt som i sig \u00f6verrumplar. Vad \u00e4r han ben\u00e4gen till? Vad \u00e4r det Read More\" \/>\n<meta property=\"og:url\" content=\"https:\/\/wp.kristdemokraterna.se\/janstefanson\/amnet-ar-mattat-sedan-lange\/\" \/>\n<meta property=\"og:site_name\" content=\"Jan Stefanson\" \/>\n<meta property=\"article:published_time\" content=\"2017-01-31T14:25:13+00:00\" \/>\n<meta property=\"article:modified_time\" content=\"2017-01-31T14:25:23+00:00\" \/>\n<meta property=\"og:image\" content=\"http:\/\/wp.kristdemokraterna.se\/janstefanson\/files\/2017\/01\/th4-300x168.jpg\" \/>\n<meta name=\"author\" content=\"janstefanson\" \/>\n<meta name=\"twitter:card\" content=\"summary_large_image\" \/>\n<meta name=\"twitter:label1\" content=\"Skriven av\" \/>\n\t<meta name=\"twitter:data1\" content=\"janstefanson\" \/>\n\t<meta name=\"twitter:label2\" content=\"Ber\u00e4knad l\u00e4stid\" \/>\n\t<meta name=\"twitter:data2\" content=\"1 minut\" \/>\n<script type=\"application\/ld+json\" class=\"yoast-schema-graph\">{\"@context\":\"https:\\\/\\\/schema.org\",\"@graph\":[{\"@type\":\"Article\",\"@id\":\"https:\\\/\\\/wp.kristdemokraterna.se\\\/janstefanson\\\/amnet-ar-mattat-sedan-lange\\\/#article\",\"isPartOf\":{\"@id\":\"https:\\\/\\\/wp.kristdemokraterna.se\\\/janstefanson\\\/amnet-ar-mattat-sedan-lange\\\/\"},\"author\":{\"name\":\"janstefanson\",\"@id\":\"https:\\\/\\\/wp.kristdemokraterna.se\\\/janstefanson\\\/#\\\/schema\\\/person\\\/f8122372f46f49cffa0c02a57c89b40f\"},\"headline\":\"\u00c4mnet \u00e4r m\u00e4ttat sedan l\u00e4nge&#8230;\",\"datePublished\":\"2017-01-31T14:25:13+00:00\",\"dateModified\":\"2017-01-31T14:25:23+00:00\",\"mainEntityOfPage\":{\"@id\":\"https:\\\/\\\/wp.kristdemokraterna.se\\\/janstefanson\\\/amnet-ar-mattat-sedan-lange\\\/\"},\"wordCount\":215,\"image\":{\"@id\":\"https:\\\/\\\/wp.kristdemokraterna.se\\\/janstefanson\\\/amnet-ar-mattat-sedan-lange\\\/#primaryimage\"},\"thumbnailUrl\":\"http:\\\/\\\/wp.kristdemokraterna.se\\\/janstefanson\\\/files\\\/2017\\\/01\\\/th4-300x168.jpg\",\"inLanguage\":\"sv-SE\"},{\"@type\":\"WebPage\",\"@id\":\"https:\\\/\\\/wp.kristdemokraterna.se\\\/janstefanson\\\/amnet-ar-mattat-sedan-lange\\\/\",\"url\":\"https:\\\/\\\/wp.kristdemokraterna.se\\\/janstefanson\\\/amnet-ar-mattat-sedan-lange\\\/\",\"name\":\"\u00c4mnet \u00e4r m\u00e4ttat sedan l\u00e4nge... - Jan Stefanson\",\"isPartOf\":{\"@id\":\"https:\\\/\\\/wp.kristdemokraterna.se\\\/janstefanson\\\/#website\"},\"primaryImageOfPage\":{\"@id\":\"https:\\\/\\\/wp.kristdemokraterna.se\\\/janstefanson\\\/amnet-ar-mattat-sedan-lange\\\/#primaryimage\"},\"image\":{\"@id\":\"https:\\\/\\\/wp.kristdemokraterna.se\\\/janstefanson\\\/amnet-ar-mattat-sedan-lange\\\/#primaryimage\"},\"thumbnailUrl\":\"http:\\\/\\\/wp.kristdemokraterna.se\\\/janstefanson\\\/files\\\/2017\\\/01\\\/th4-300x168.jpg\",\"datePublished\":\"2017-01-31T14:25:13+00:00\",\"dateModified\":\"2017-01-31T14:25:23+00:00\",\"author\":{\"@id\":\"https:\\\/\\\/wp.kristdemokraterna.se\\\/janstefanson\\\/#\\\/schema\\\/person\\\/f8122372f46f49cffa0c02a57c89b40f\"},\"breadcrumb\":{\"@id\":\"https:\\\/\\\/wp.kristdemokraterna.se\\\/janstefanson\\\/amnet-ar-mattat-sedan-lange\\\/#breadcrumb\"},\"inLanguage\":\"sv-SE\",\"potentialAction\":[{\"@type\":\"ReadAction\",\"target\":[\"https:\\\/\\\/wp.kristdemokraterna.se\\\/janstefanson\\\/amnet-ar-mattat-sedan-lange\\\/\"]}]},{\"@type\":\"ImageObject\",\"inLanguage\":\"sv-SE\",\"@id\":\"https:\\\/\\\/wp.kristdemokraterna.se\\\/janstefanson\\\/amnet-ar-mattat-sedan-lange\\\/#primaryimage\",\"url\":\"https:\\\/\\\/wp.kristdemokraterna.se\\\/janstefanson\\\/files\\\/2017\\\/01\\\/th4.jpg\",\"contentUrl\":\"https:\\\/\\\/wp.kristdemokraterna.se\\\/janstefanson\\\/files\\\/2017\\\/01\\\/th4.jpg\",\"width\":300,\"height\":168},{\"@type\":\"BreadcrumbList\",\"@id\":\"https:\\\/\\\/wp.kristdemokraterna.se\\\/janstefanson\\\/amnet-ar-mattat-sedan-lange\\\/#breadcrumb\",\"itemListElement\":[{\"@type\":\"ListItem\",\"position\":1,\"name\":\"Hem\",\"item\":\"https:\\\/\\\/wp.kristdemokraterna.se\\\/janstefanson\\\/\"},{\"@type\":\"ListItem\",\"position\":2,\"name\":\"\u00c4mnet \u00e4r m\u00e4ttat sedan l\u00e4nge&#8230;\"}]},{\"@type\":\"WebSite\",\"@id\":\"https:\\\/\\\/wp.kristdemokraterna.se\\\/janstefanson\\\/#website\",\"url\":\"https:\\\/\\\/wp.kristdemokraterna.se\\\/janstefanson\\\/\",\"name\":\"Jan Stefanson\",\"description\":\"En till Kristdemokraterna webbplats\",\"inLanguage\":\"sv-SE\"},{\"@type\":\"Person\",\"@id\":\"https:\\\/\\\/wp.kristdemokraterna.se\\\/janstefanson\\\/#\\\/schema\\\/person\\\/f8122372f46f49cffa0c02a57c89b40f\",\"name\":\"janstefanson\",\"image\":{\"@type\":\"ImageObject\",\"inLanguage\":\"sv-SE\",\"@id\":\"https:\\\/\\\/secure.gravatar.com\\\/avatar\\\/c8880da1e0ca1fb1fd99d661e99b32931e79d1537ef8441e71fc6630d4b6633c?s=96&r=g\",\"url\":\"https:\\\/\\\/secure.gravatar.com\\\/avatar\\\/c8880da1e0ca1fb1fd99d661e99b32931e79d1537ef8441e71fc6630d4b6633c?s=96&r=g\",\"contentUrl\":\"https:\\\/\\\/secure.gravatar.com\\\/avatar\\\/c8880da1e0ca1fb1fd99d661e99b32931e79d1537ef8441e71fc6630d4b6633c?s=96&r=g\",\"caption\":\"janstefanson\"},\"url\":\"https:\\\/\\\/wp.kristdemokraterna.se\\\/janstefanson\\\/author\\\/janstefanson\\\/\"}]}<\/script>\n<!-- \/ Yoast SEO plugin. -->","yoast_head_json":{"title":"\u00c4mnet \u00e4r m\u00e4ttat sedan l\u00e4nge... - Jan Stefanson","robots":{"index":"index","follow":"follow","max-snippet":"max-snippet:-1","max-image-preview":"max-image-preview:large","max-video-preview":"max-video-preview:-1"},"canonical":"https:\/\/wp.kristdemokraterna.se\/janstefanson\/amnet-ar-mattat-sedan-lange\/","og_locale":"sv_SE","og_type":"article","og_title":"\u00c4mnet \u00e4r m\u00e4ttat sedan l\u00e4nge... - Jan Stefanson","og_description":"Namnet och \u00e4mnet Donald Trump \u00e4r f\u00f6rbrukat sedan l\u00e4nge, trodde jag. Men \u00f6verraskningarna \u00e4r onormalt \u00f6verraskande och outsinliga. Vem hade kunnat ana att de farh\u00e5gor vi hade litet till mans under den amerikanska valr\u00f6relsen skulle \u00f6vertr\u00e4ffas av verkligheten och dessutom i en takt som i sig \u00f6verrumplar. Vad \u00e4r han ben\u00e4gen till? Vad \u00e4r det Read More","og_url":"https:\/\/wp.kristdemokraterna.se\/janstefanson\/amnet-ar-mattat-sedan-lange\/","og_site_name":"Jan Stefanson","article_published_time":"2017-01-31T14:25:13+00:00","article_modified_time":"2017-01-31T14:25:23+00:00","og_image":[{"url":"http:\/\/wp.kristdemokraterna.se\/janstefanson\/files\/2017\/01\/th4-300x168.jpg","type":"","width":"","height":""}],"author":"janstefanson","twitter_card":"summary_large_image","twitter_misc":{"Skriven av":"janstefanson","Ber\u00e4knad l\u00e4stid":"1 minut"},"schema":{"@context":"https:\/\/schema.org","@graph":[{"@type":"Article","@id":"https:\/\/wp.kristdemokraterna.se\/janstefanson\/amnet-ar-mattat-sedan-lange\/#article","isPartOf":{"@id":"https:\/\/wp.kristdemokraterna.se\/janstefanson\/amnet-ar-mattat-sedan-lange\/"},"author":{"name":"janstefanson","@id":"https:\/\/wp.kristdemokraterna.se\/janstefanson\/#\/schema\/person\/f8122372f46f49cffa0c02a57c89b40f"},"headline":"\u00c4mnet \u00e4r m\u00e4ttat sedan l\u00e4nge&#8230;","datePublished":"2017-01-31T14:25:13+00:00","dateModified":"2017-01-31T14:25:23+00:00","mainEntityOfPage":{"@id":"https:\/\/wp.kristdemokraterna.se\/janstefanson\/amnet-ar-mattat-sedan-lange\/"},"wordCount":215,"image":{"@id":"https:\/\/wp.kristdemokraterna.se\/janstefanson\/amnet-ar-mattat-sedan-lange\/#primaryimage"},"thumbnailUrl":"http:\/\/wp.kristdemokraterna.se\/janstefanson\/files\/2017\/01\/th4-300x168.jpg","inLanguage":"sv-SE"},{"@type":"WebPage","@id":"https:\/\/wp.kristdemokraterna.se\/janstefanson\/amnet-ar-mattat-sedan-lange\/","url":"https:\/\/wp.kristdemokraterna.se\/janstefanson\/amnet-ar-mattat-sedan-lange\/","name":"\u00c4mnet \u00e4r m\u00e4ttat sedan l\u00e4nge... - Jan Stefanson","isPartOf":{"@id":"https:\/\/wp.kristdemokraterna.se\/janstefanson\/#website"},"primaryImageOfPage":{"@id":"https:\/\/wp.kristdemokraterna.se\/janstefanson\/amnet-ar-mattat-sedan-lange\/#primaryimage"},"image":{"@id":"https:\/\/wp.kristdemokraterna.se\/janstefanson\/amnet-ar-mattat-sedan-lange\/#primaryimage"},"thumbnailUrl":"http:\/\/wp.kristdemokraterna.se\/janstefanson\/files\/2017\/01\/th4-300x168.jpg","datePublished":"2017-01-31T14:25:13+00:00","dateModified":"2017-01-31T14:25:23+00:00","author":{"@id":"https:\/\/wp.kristdemokraterna.se\/janstefanson\/#\/schema\/person\/f8122372f46f49cffa0c02a57c89b40f"},"breadcrumb":{"@id":"https:\/\/wp.kristdemokraterna.se\/janstefanson\/amnet-ar-mattat-sedan-lange\/#breadcrumb"},"inLanguage":"sv-SE","potentialAction":[{"@type":"ReadAction","target":["https:\/\/wp.kristdemokraterna.se\/janstefanson\/amnet-ar-mattat-sedan-lange\/"]}]},{"@type":"ImageObject","inLanguage":"sv-SE","@id":"https:\/\/wp.kristdemokraterna.se\/janstefanson\/amnet-ar-mattat-sedan-lange\/#primaryimage","url":"https:\/\/wp.kristdemokraterna.se\/janstefanson\/files\/2017\/01\/th4.jpg","contentUrl":"https:\/\/wp.kristdemokraterna.se\/janstefanson\/files\/2017\/01\/th4.jpg","width":300,"height":168},{"@type":"BreadcrumbList","@id":"https:\/\/wp.kristdemokraterna.se\/janstefanson\/amnet-ar-mattat-sedan-lange\/#breadcrumb","itemListElement":[{"@type":"ListItem","position":1,"name":"Hem","item":"https:\/\/wp.kristdemokraterna.se\/janstefanson\/"},{"@type":"ListItem","position":2,"name":"\u00c4mnet \u00e4r m\u00e4ttat sedan l\u00e4nge&#8230;"}]},{"@type":"WebSite","@id":"https:\/\/wp.kristdemokraterna.se\/janstefanson\/#website","url":"https:\/\/wp.kristdemokraterna.se\/janstefanson\/","name":"Jan Stefanson","description":"En till Kristdemokraterna webbplats","inLanguage":"sv-SE"},{"@type":"Person","@id":"https:\/\/wp.kristdemokraterna.se\/janstefanson\/#\/schema\/person\/f8122372f46f49cffa0c02a57c89b40f","name":"janstefanson","image":{"@type":"ImageObject","inLanguage":"sv-SE","@id":"https:\/\/secure.gravatar.com\/avatar\/c8880da1e0ca1fb1fd99d661e99b32931e79d1537ef8441e71fc6630d4b6633c?s=96&r=g","url":"https:\/\/secure.gravatar.com\/avatar\/c8880da1e0ca1fb1fd99d661e99b32931e79d1537ef8441e71fc6630d4b6633c?s=96&r=g","contentUrl":"https:\/\/secure.gravatar.com\/avatar\/c8880da1e0ca1fb1fd99d661e99b32931e79d1537ef8441e71fc6630d4b6633c?s=96&r=g","caption":"janstefanson"},"url":"https:\/\/wp.kristdemokraterna.se\/janstefanson\/author\/janstefanson\/"}]}},"_links":{"self":[{"href":"https:\/\/wp.kristdemokraterna.se\/janstefanson\/wp-json\/wp\/v2\/posts\/479","targetHints":{"allow":["GET"]}}],"collection":[{"href":"https:\/\/wp.kristdemokraterna.se\/janstefanson\/wp-json\/wp\/v2\/posts"}],"about":[{"href":"https:\/\/wp.kristdemokraterna.se\/janstefanson\/wp-json\/wp\/v2\/types\/post"}],"author":[{"embeddable":true,"href":"https:\/\/wp.kristdemokraterna.se\/janstefanson\/wp-json\/wp\/v2\/users\/530"}],"replies":[{"embeddable":true,"href":"https:\/\/wp.kristdemokraterna.se\/janstefanson\/wp-json\/wp\/v2\/comments?post=479"}],"version-history":[{"count":1,"href":"https:\/\/wp.kristdemokraterna.se\/janstefanson\/wp-json\/wp\/v2\/posts\/479\/revisions"}],"predecessor-version":[{"id":481,"href":"https:\/\/wp.kristdemokraterna.se\/janstefanson\/wp-json\/wp\/v2\/posts\/479\/revisions\/481"}],"wp:attachment":[{"href":"https:\/\/wp.kristdemokraterna.se\/janstefanson\/wp-json\/wp\/v2\/media?parent=479"}],"wp:term":[{"taxonomy":"category","embeddable":true,"href":"https:\/\/wp.kristdemokraterna.se\/janstefanson\/wp-json\/wp\/v2\/categories?post=479"},{"taxonomy":"post_tag","embeddable":true,"href":"https:\/\/wp.kristdemokraterna.se\/janstefanson\/wp-json\/wp\/v2\/tags?post=479"}],"curies":[{"name":"wp","href":"https:\/\/api.w.org\/{rel}","templated":true}]}}