{"id":486,"date":"2017-02-04T19:20:13","date_gmt":"2017-02-04T18:20:13","guid":{"rendered":"http:\/\/wp.kristdemokraterna.se\/janstefanson\/?p=486"},"modified":"2017-02-04T19:23:09","modified_gmt":"2017-02-04T18:23:09","slug":"kaffe-i-the-pase","status":"publish","type":"post","link":"https:\/\/wp.kristdemokraterna.se\/janstefanson\/kaffe-i-the-pase\/","title":{"rendered":"Kaffe i The-p\u00e5se??"},"content":{"rendered":"<p><img loading=\"lazy\" decoding=\"async\" class=\"size-medium wp-image-487 alignright\" src=\"http:\/\/wp.kristdemokraterna.se\/janstefanson\/files\/2017\/02\/img_0392-300x225.jpg\" alt=\"\" width=\"300\" height=\"225\" srcset=\"https:\/\/wp.kristdemokraterna.se\/janstefanson\/files\/2017\/02\/img_0392-300x225.jpg 300w, https:\/\/wp.kristdemokraterna.se\/janstefanson\/files\/2017\/02\/img_0392-768x576.jpg 768w, https:\/\/wp.kristdemokraterna.se\/janstefanson\/files\/2017\/02\/img_0392-540x405.jpg 540w, https:\/\/wp.kristdemokraterna.se\/janstefanson\/files\/2017\/02\/img_0392-461x346.jpg 461w, https:\/\/wp.kristdemokraterna.se\/janstefanson\/files\/2017\/02\/img_0392-149x112.jpg 149w, https:\/\/wp.kristdemokraterna.se\/janstefanson\/files\/2017\/02\/img_0392.jpg 1600w\" sizes=\"auto, (max-width: 300px) 100vw, 300px\" \/><img loading=\"lazy\" decoding=\"async\" class=\"size-medium wp-image-488 alignright\" src=\"http:\/\/wp.kristdemokraterna.se\/janstefanson\/files\/2017\/02\/img_0389-300x225.jpg\" alt=\"\" width=\"300\" height=\"225\" srcset=\"https:\/\/wp.kristdemokraterna.se\/janstefanson\/files\/2017\/02\/img_0389-300x225.jpg 300w, https:\/\/wp.kristdemokraterna.se\/janstefanson\/files\/2017\/02\/img_0389-768x576.jpg 768w, https:\/\/wp.kristdemokraterna.se\/janstefanson\/files\/2017\/02\/img_0389-540x405.jpg 540w, https:\/\/wp.kristdemokraterna.se\/janstefanson\/files\/2017\/02\/img_0389-461x346.jpg 461w, https:\/\/wp.kristdemokraterna.se\/janstefanson\/files\/2017\/02\/img_0389-149x112.jpg 149w, https:\/\/wp.kristdemokraterna.se\/janstefanson\/files\/2017\/02\/img_0389.jpg 2048w\" sizes=\"auto, (max-width: 300px) 100vw, 300px\" \/>Jo det \u00e4r sant! Kaffe i The-p\u00e5se hade tagits fram av ett par manliga elever p\u00e5 Upplands-Bro gymnasiet. F\u00f6r det hade man av Enk\u00f6pings Sparbank tilldelats ett stipendium tidigare p\u00e5 ettusenfemhundra kronor. Killarna gjorde en presentation av sitt projekt under &#8221;Ungt F\u00f6retagande&#8221; p\u00e5 N\u00e4ringslivsfrukosten -Det blir improviserat inledde det ena killen som ocks\u00e5 erk\u00e4nde att han var v\u00e4ldigt morgontr\u00f6tt och inte riktigt gnuggat \u00f6gonen vakna f\u00f6r detta.<\/p>\n<p>Kaffeinovationen m\u00f6ttes dock av gillande fr\u00e5n publiken och de tiotalet p\u00e5sar man hade med gick nog \u00e5t.<\/p>\n<p>F\u00f6re killarnas presentation var det en handfull tjejer som gjorde sin. V\u00e4l f\u00f6rberedde f\u00f6rdelade man uppgiften mellan sig och framstod som n\u00e4stintill fullfj\u00e4drarde marknadsf\u00f6rare.\u00a0De hade fr\u00e5n\u00a0Enk\u00f6pings Sparbank tilldelats ett stipendium tidigare p\u00e5 tiotusen\u00a0kronor. Id\u00e9n var Posters i olika format med original p\u00e5 temat &#8221;Her&#8221;. Projektet hade ocks\u00e5 namnet POSTHER! F\u00f6rpackningen var omsorgsfullt gjord med snyggt knutet band. Best\u00e4llning kunde g\u00f6ras p\u00e5 en egen hemsida som vilken annan stor internetbutik som helst. Proffsigt!<\/p>\n<p>Ungt F\u00f6retagande, UF, \u00e4r en del i gymnasiets projekt f\u00f6r att prova p\u00e5 att starta och driva ett f\u00f6retag p\u00e5 riktigt. N\u00e4r tiden \u00e4r ute ska projektet avvecklas. Projektet kan ocks\u00e5 drivas av h\u00f6gstadielever. Man f\u00e5r l\u00e4ra sig marknadsf\u00f6ring, ekonomi, samarbete och id\u00e9utveckling. I mars f\u00e5r alla UF-are visa upp sig p\u00e5 \u00c4lvsj\u00f6m\u00e4ssan i Stockholm.<\/p>\n","protected":false},"excerpt":{"rendered":"<p>Jo det \u00e4r sant! Kaffe i The-p\u00e5se hade tagits fram av ett par manliga elever p\u00e5 Upplands-Bro gymnasiet. F\u00f6r det hade man av Enk\u00f6pings Sparbank tilldelats ett stipendium tidigare p\u00e5 ettusenfemhundra kronor. Killarna gjorde en presentation av sitt projekt under &#8221;Ungt F\u00f6retagande&#8221; p\u00e5 N\u00e4ringslivsfrukosten -Det blir improviserat inledde det ena killen som ocks\u00e5 erk\u00e4nde att <a class=\"read-more-link\" href=\"https:\/\/wp.kristdemokraterna.se\/janstefanson\/kaffe-i-the-pase\/\">Read More<\/a><\/p>\n","protected":false},"author":530,"featured_media":0,"comment_status":"closed","ping_status":"closed","sticky":false,"template":"","format":"standard","meta":{"_acf_changed":false,"footnotes":""},"categories":[1],"tags":[],"class_list":["post-486","post","type-post","status-publish","format-standard","hentry","category-okategoriserade"],"acf":[],"yoast_head":"<!-- This site is optimized with the Yoast SEO plugin v27.5 - https:\/\/yoast.com\/product\/yoast-seo-wordpress\/ -->\n<title>Kaffe i The-p\u00e5se?? - Jan Stefanson<\/title>\n<meta name=\"robots\" content=\"index, follow, max-snippet:-1, max-image-preview:large, max-video-preview:-1\" \/>\n<link rel=\"canonical\" href=\"https:\/\/wp.kristdemokraterna.se\/janstefanson\/kaffe-i-the-pase\/\" \/>\n<meta property=\"og:locale\" content=\"sv_SE\" \/>\n<meta property=\"og:type\" content=\"article\" \/>\n<meta property=\"og:title\" content=\"Kaffe i The-p\u00e5se?? - Jan Stefanson\" \/>\n<meta property=\"og:description\" content=\"Jo det \u00e4r sant! Kaffe i The-p\u00e5se hade tagits fram av ett par manliga elever p\u00e5 Upplands-Bro gymnasiet. F\u00f6r det hade man av Enk\u00f6pings Sparbank tilldelats ett stipendium tidigare p\u00e5 ettusenfemhundra kronor. Killarna gjorde en presentation av sitt projekt under &#8221;Ungt F\u00f6retagande&#8221; p\u00e5 N\u00e4ringslivsfrukosten -Det blir improviserat inledde det ena killen som ocks\u00e5 erk\u00e4nde att Read More\" \/>\n<meta property=\"og:url\" content=\"https:\/\/wp.kristdemokraterna.se\/janstefanson\/kaffe-i-the-pase\/\" \/>\n<meta property=\"og:site_name\" content=\"Jan Stefanson\" \/>\n<meta property=\"article:published_time\" content=\"2017-02-04T18:20:13+00:00\" \/>\n<meta property=\"article:modified_time\" content=\"2017-02-04T18:23:09+00:00\" \/>\n<meta property=\"og:image\" content=\"http:\/\/wp.kristdemokraterna.se\/janstefanson\/files\/2017\/02\/img_0392-300x225.jpg\" \/>\n<meta name=\"author\" content=\"janstefanson\" \/>\n<meta name=\"twitter:card\" content=\"summary_large_image\" \/>\n<meta name=\"twitter:label1\" content=\"Skriven av\" \/>\n\t<meta name=\"twitter:data1\" content=\"janstefanson\" \/>\n\t<meta name=\"twitter:label2\" content=\"Ber\u00e4knad l\u00e4stid\" \/>\n\t<meta name=\"twitter:data2\" content=\"1 minut\" \/>\n<script type=\"application\/ld+json\" class=\"yoast-schema-graph\">{\"@context\":\"https:\\\/\\\/schema.org\",\"@graph\":[{\"@type\":\"Article\",\"@id\":\"https:\\\/\\\/wp.kristdemokraterna.se\\\/janstefanson\\\/kaffe-i-the-pase\\\/#article\",\"isPartOf\":{\"@id\":\"https:\\\/\\\/wp.kristdemokraterna.se\\\/janstefanson\\\/kaffe-i-the-pase\\\/\"},\"author\":{\"name\":\"janstefanson\",\"@id\":\"https:\\\/\\\/wp.kristdemokraterna.se\\\/janstefanson\\\/#\\\/schema\\\/person\\\/f8122372f46f49cffa0c02a57c89b40f\"},\"headline\":\"Kaffe i The-p\u00e5se??\",\"datePublished\":\"2017-02-04T18:20:13+00:00\",\"dateModified\":\"2017-02-04T18:23:09+00:00\",\"mainEntityOfPage\":{\"@id\":\"https:\\\/\\\/wp.kristdemokraterna.se\\\/janstefanson\\\/kaffe-i-the-pase\\\/\"},\"wordCount\":255,\"image\":{\"@id\":\"https:\\\/\\\/wp.kristdemokraterna.se\\\/janstefanson\\\/kaffe-i-the-pase\\\/#primaryimage\"},\"thumbnailUrl\":\"http:\\\/\\\/wp.kristdemokraterna.se\\\/janstefanson\\\/files\\\/2017\\\/02\\\/img_0392-300x225.jpg\",\"inLanguage\":\"sv-SE\"},{\"@type\":\"WebPage\",\"@id\":\"https:\\\/\\\/wp.kristdemokraterna.se\\\/janstefanson\\\/kaffe-i-the-pase\\\/\",\"url\":\"https:\\\/\\\/wp.kristdemokraterna.se\\\/janstefanson\\\/kaffe-i-the-pase\\\/\",\"name\":\"Kaffe i The-p\u00e5se?? - Jan Stefanson\",\"isPartOf\":{\"@id\":\"https:\\\/\\\/wp.kristdemokraterna.se\\\/janstefanson\\\/#website\"},\"primaryImageOfPage\":{\"@id\":\"https:\\\/\\\/wp.kristdemokraterna.se\\\/janstefanson\\\/kaffe-i-the-pase\\\/#primaryimage\"},\"image\":{\"@id\":\"https:\\\/\\\/wp.kristdemokraterna.se\\\/janstefanson\\\/kaffe-i-the-pase\\\/#primaryimage\"},\"thumbnailUrl\":\"http:\\\/\\\/wp.kristdemokraterna.se\\\/janstefanson\\\/files\\\/2017\\\/02\\\/img_0392-300x225.jpg\",\"datePublished\":\"2017-02-04T18:20:13+00:00\",\"dateModified\":\"2017-02-04T18:23:09+00:00\",\"author\":{\"@id\":\"https:\\\/\\\/wp.kristdemokraterna.se\\\/janstefanson\\\/#\\\/schema\\\/person\\\/f8122372f46f49cffa0c02a57c89b40f\"},\"breadcrumb\":{\"@id\":\"https:\\\/\\\/wp.kristdemokraterna.se\\\/janstefanson\\\/kaffe-i-the-pase\\\/#breadcrumb\"},\"inLanguage\":\"sv-SE\",\"potentialAction\":[{\"@type\":\"ReadAction\",\"target\":[\"https:\\\/\\\/wp.kristdemokraterna.se\\\/janstefanson\\\/kaffe-i-the-pase\\\/\"]}]},{\"@type\":\"ImageObject\",\"inLanguage\":\"sv-SE\",\"@id\":\"https:\\\/\\\/wp.kristdemokraterna.se\\\/janstefanson\\\/kaffe-i-the-pase\\\/#primaryimage\",\"url\":\"https:\\\/\\\/wp.kristdemokraterna.se\\\/janstefanson\\\/files\\\/2017\\\/02\\\/img_0392.jpg\",\"contentUrl\":\"https:\\\/\\\/wp.kristdemokraterna.se\\\/janstefanson\\\/files\\\/2017\\\/02\\\/img_0392.jpg\",\"width\":1600,\"height\":1200},{\"@type\":\"BreadcrumbList\",\"@id\":\"https:\\\/\\\/wp.kristdemokraterna.se\\\/janstefanson\\\/kaffe-i-the-pase\\\/#breadcrumb\",\"itemListElement\":[{\"@type\":\"ListItem\",\"position\":1,\"name\":\"Hem\",\"item\":\"https:\\\/\\\/wp.kristdemokraterna.se\\\/janstefanson\\\/\"},{\"@type\":\"ListItem\",\"position\":2,\"name\":\"Kaffe i The-p\u00e5se??\"}]},{\"@type\":\"WebSite\",\"@id\":\"https:\\\/\\\/wp.kristdemokraterna.se\\\/janstefanson\\\/#website\",\"url\":\"https:\\\/\\\/wp.kristdemokraterna.se\\\/janstefanson\\\/\",\"name\":\"Jan Stefanson\",\"description\":\"En till Kristdemokraterna webbplats\",\"inLanguage\":\"sv-SE\"},{\"@type\":\"Person\",\"@id\":\"https:\\\/\\\/wp.kristdemokraterna.se\\\/janstefanson\\\/#\\\/schema\\\/person\\\/f8122372f46f49cffa0c02a57c89b40f\",\"name\":\"janstefanson\",\"image\":{\"@type\":\"ImageObject\",\"inLanguage\":\"sv-SE\",\"@id\":\"https:\\\/\\\/secure.gravatar.com\\\/avatar\\\/c8880da1e0ca1fb1fd99d661e99b32931e79d1537ef8441e71fc6630d4b6633c?s=96&r=g\",\"url\":\"https:\\\/\\\/secure.gravatar.com\\\/avatar\\\/c8880da1e0ca1fb1fd99d661e99b32931e79d1537ef8441e71fc6630d4b6633c?s=96&r=g\",\"contentUrl\":\"https:\\\/\\\/secure.gravatar.com\\\/avatar\\\/c8880da1e0ca1fb1fd99d661e99b32931e79d1537ef8441e71fc6630d4b6633c?s=96&r=g\",\"caption\":\"janstefanson\"},\"url\":\"https:\\\/\\\/wp.kristdemokraterna.se\\\/janstefanson\\\/author\\\/janstefanson\\\/\"}]}<\/script>\n<!-- \/ Yoast SEO plugin. -->","yoast_head_json":{"title":"Kaffe i The-p\u00e5se?? - Jan Stefanson","robots":{"index":"index","follow":"follow","max-snippet":"max-snippet:-1","max-image-preview":"max-image-preview:large","max-video-preview":"max-video-preview:-1"},"canonical":"https:\/\/wp.kristdemokraterna.se\/janstefanson\/kaffe-i-the-pase\/","og_locale":"sv_SE","og_type":"article","og_title":"Kaffe i The-p\u00e5se?? - Jan Stefanson","og_description":"Jo det \u00e4r sant! Kaffe i The-p\u00e5se hade tagits fram av ett par manliga elever p\u00e5 Upplands-Bro gymnasiet. F\u00f6r det hade man av Enk\u00f6pings Sparbank tilldelats ett stipendium tidigare p\u00e5 ettusenfemhundra kronor. Killarna gjorde en presentation av sitt projekt under &#8221;Ungt F\u00f6retagande&#8221; p\u00e5 N\u00e4ringslivsfrukosten -Det blir improviserat inledde det ena killen som ocks\u00e5 erk\u00e4nde att Read More","og_url":"https:\/\/wp.kristdemokraterna.se\/janstefanson\/kaffe-i-the-pase\/","og_site_name":"Jan Stefanson","article_published_time":"2017-02-04T18:20:13+00:00","article_modified_time":"2017-02-04T18:23:09+00:00","og_image":[{"url":"http:\/\/wp.kristdemokraterna.se\/janstefanson\/files\/2017\/02\/img_0392-300x225.jpg","type":"","width":"","height":""}],"author":"janstefanson","twitter_card":"summary_large_image","twitter_misc":{"Skriven av":"janstefanson","Ber\u00e4knad l\u00e4stid":"1 minut"},"schema":{"@context":"https:\/\/schema.org","@graph":[{"@type":"Article","@id":"https:\/\/wp.kristdemokraterna.se\/janstefanson\/kaffe-i-the-pase\/#article","isPartOf":{"@id":"https:\/\/wp.kristdemokraterna.se\/janstefanson\/kaffe-i-the-pase\/"},"author":{"name":"janstefanson","@id":"https:\/\/wp.kristdemokraterna.se\/janstefanson\/#\/schema\/person\/f8122372f46f49cffa0c02a57c89b40f"},"headline":"Kaffe i The-p\u00e5se??","datePublished":"2017-02-04T18:20:13+00:00","dateModified":"2017-02-04T18:23:09+00:00","mainEntityOfPage":{"@id":"https:\/\/wp.kristdemokraterna.se\/janstefanson\/kaffe-i-the-pase\/"},"wordCount":255,"image":{"@id":"https:\/\/wp.kristdemokraterna.se\/janstefanson\/kaffe-i-the-pase\/#primaryimage"},"thumbnailUrl":"http:\/\/wp.kristdemokraterna.se\/janstefanson\/files\/2017\/02\/img_0392-300x225.jpg","inLanguage":"sv-SE"},{"@type":"WebPage","@id":"https:\/\/wp.kristdemokraterna.se\/janstefanson\/kaffe-i-the-pase\/","url":"https:\/\/wp.kristdemokraterna.se\/janstefanson\/kaffe-i-the-pase\/","name":"Kaffe i The-p\u00e5se?? - Jan Stefanson","isPartOf":{"@id":"https:\/\/wp.kristdemokraterna.se\/janstefanson\/#website"},"primaryImageOfPage":{"@id":"https:\/\/wp.kristdemokraterna.se\/janstefanson\/kaffe-i-the-pase\/#primaryimage"},"image":{"@id":"https:\/\/wp.kristdemokraterna.se\/janstefanson\/kaffe-i-the-pase\/#primaryimage"},"thumbnailUrl":"http:\/\/wp.kristdemokraterna.se\/janstefanson\/files\/2017\/02\/img_0392-300x225.jpg","datePublished":"2017-02-04T18:20:13+00:00","dateModified":"2017-02-04T18:23:09+00:00","author":{"@id":"https:\/\/wp.kristdemokraterna.se\/janstefanson\/#\/schema\/person\/f8122372f46f49cffa0c02a57c89b40f"},"breadcrumb":{"@id":"https:\/\/wp.kristdemokraterna.se\/janstefanson\/kaffe-i-the-pase\/#breadcrumb"},"inLanguage":"sv-SE","potentialAction":[{"@type":"ReadAction","target":["https:\/\/wp.kristdemokraterna.se\/janstefanson\/kaffe-i-the-pase\/"]}]},{"@type":"ImageObject","inLanguage":"sv-SE","@id":"https:\/\/wp.kristdemokraterna.se\/janstefanson\/kaffe-i-the-pase\/#primaryimage","url":"https:\/\/wp.kristdemokraterna.se\/janstefanson\/files\/2017\/02\/img_0392.jpg","contentUrl":"https:\/\/wp.kristdemokraterna.se\/janstefanson\/files\/2017\/02\/img_0392.jpg","width":1600,"height":1200},{"@type":"BreadcrumbList","@id":"https:\/\/wp.kristdemokraterna.se\/janstefanson\/kaffe-i-the-pase\/#breadcrumb","itemListElement":[{"@type":"ListItem","position":1,"name":"Hem","item":"https:\/\/wp.kristdemokraterna.se\/janstefanson\/"},{"@type":"ListItem","position":2,"name":"Kaffe i The-p\u00e5se??"}]},{"@type":"WebSite","@id":"https:\/\/wp.kristdemokraterna.se\/janstefanson\/#website","url":"https:\/\/wp.kristdemokraterna.se\/janstefanson\/","name":"Jan Stefanson","description":"En till Kristdemokraterna webbplats","inLanguage":"sv-SE"},{"@type":"Person","@id":"https:\/\/wp.kristdemokraterna.se\/janstefanson\/#\/schema\/person\/f8122372f46f49cffa0c02a57c89b40f","name":"janstefanson","image":{"@type":"ImageObject","inLanguage":"sv-SE","@id":"https:\/\/secure.gravatar.com\/avatar\/c8880da1e0ca1fb1fd99d661e99b32931e79d1537ef8441e71fc6630d4b6633c?s=96&r=g","url":"https:\/\/secure.gravatar.com\/avatar\/c8880da1e0ca1fb1fd99d661e99b32931e79d1537ef8441e71fc6630d4b6633c?s=96&r=g","contentUrl":"https:\/\/secure.gravatar.com\/avatar\/c8880da1e0ca1fb1fd99d661e99b32931e79d1537ef8441e71fc6630d4b6633c?s=96&r=g","caption":"janstefanson"},"url":"https:\/\/wp.kristdemokraterna.se\/janstefanson\/author\/janstefanson\/"}]}},"_links":{"self":[{"href":"https:\/\/wp.kristdemokraterna.se\/janstefanson\/wp-json\/wp\/v2\/posts\/486","targetHints":{"allow":["GET"]}}],"collection":[{"href":"https:\/\/wp.kristdemokraterna.se\/janstefanson\/wp-json\/wp\/v2\/posts"}],"about":[{"href":"https:\/\/wp.kristdemokraterna.se\/janstefanson\/wp-json\/wp\/v2\/types\/post"}],"author":[{"embeddable":true,"href":"https:\/\/wp.kristdemokraterna.se\/janstefanson\/wp-json\/wp\/v2\/users\/530"}],"replies":[{"embeddable":true,"href":"https:\/\/wp.kristdemokraterna.se\/janstefanson\/wp-json\/wp\/v2\/comments?post=486"}],"version-history":[{"count":2,"href":"https:\/\/wp.kristdemokraterna.se\/janstefanson\/wp-json\/wp\/v2\/posts\/486\/revisions"}],"predecessor-version":[{"id":490,"href":"https:\/\/wp.kristdemokraterna.se\/janstefanson\/wp-json\/wp\/v2\/posts\/486\/revisions\/490"}],"wp:attachment":[{"href":"https:\/\/wp.kristdemokraterna.se\/janstefanson\/wp-json\/wp\/v2\/media?parent=486"}],"wp:term":[{"taxonomy":"category","embeddable":true,"href":"https:\/\/wp.kristdemokraterna.se\/janstefanson\/wp-json\/wp\/v2\/categories?post=486"},{"taxonomy":"post_tag","embeddable":true,"href":"https:\/\/wp.kristdemokraterna.se\/janstefanson\/wp-json\/wp\/v2\/tags?post=486"}],"curies":[{"name":"wp","href":"https:\/\/api.w.org\/{rel}","templated":true}]}}