{"id":498,"date":"2017-02-07T11:29:12","date_gmt":"2017-02-07T10:29:12","guid":{"rendered":"http:\/\/wp.kristdemokraterna.se\/janstefanson\/?p=498"},"modified":"2017-02-07T11:29:12","modified_gmt":"2017-02-07T10:29:12","slug":"gillar-inte-ett-nej","status":"publish","type":"post","link":"https:\/\/wp.kristdemokraterna.se\/janstefanson\/gillar-inte-ett-nej\/","title":{"rendered":"Gillar inte ett nej!"},"content":{"rendered":"<p>Ig\u00e5r var det dags igen! Vi uppvaktades av ett f\u00f6retag som vill etablera sig i kommunen. F\u00f6rsta spadtag \u00f6nskas redan i \u00e5r???<\/p>\n<p>Etableringen \u00e4r redan i f\u00f6rfr\u00e5gningsstadiet lockande och skulle s\u00e4tta kommunen \u00e4nnu mer p\u00e5 kartan. Investeringens v\u00e4rde \u00e4r sannolikt mer \u00e4n 4-5 mdr.<\/p>\n<p>&#8211;\u00a0Upplands-Bro har ett utm\u00e4rkt l\u00e4ge f\u00f6r v\u00e5r verksamhet, sa de b\u00e5da bes\u00f6karna.<\/p>\n<p>Det kan tyckas tjatigt n\u00e4r vi hela tiden ber\u00e4ttar om s\u00e5v\u00e4l byggherrar som f\u00f6retagsledare som uppt\u00e4ckt Upplands-Bro kommun. Men visst \u00e4r det kul f\u00f6r oss som bor och verkar i denna bygd att f\u00e5 se den utvecklas. V\u00e5rt uppdrag m\u00e5ste vara att bevara och samtidigt utveckla med j\u00e4mna steg. Dock i en takt som vi aldrig tidigare varit med om!<\/p>\n<p>F\u00f6ruts\u00e4ttningarna f\u00f6r denna f\u00f6retagsetablering h\u00e4nger samman meed en rad faktorer och beslut utanf\u00f6r v\u00e5r kommun. Min fr\u00e5ga om vad de g\u00f6r om de f\u00e5r ett nej av n\u00e5gon av parterna besvarades med &#8221;att vi accepterar inte ett nej utan l\u00f6ser hinder&#8221;.<\/p>\n","protected":false},"excerpt":{"rendered":"<p>Ig\u00e5r var det dags igen! Vi uppvaktades av ett f\u00f6retag som vill etablera sig i kommunen. F\u00f6rsta spadtag \u00f6nskas redan i \u00e5r??? Etableringen \u00e4r redan i f\u00f6rfr\u00e5gningsstadiet lockande och skulle s\u00e4tta kommunen \u00e4nnu mer p\u00e5 kartan. Investeringens v\u00e4rde \u00e4r sannolikt mer \u00e4n 4-5 mdr. &#8211;\u00a0Upplands-Bro har ett utm\u00e4rkt l\u00e4ge f\u00f6r v\u00e5r verksamhet, sa de b\u00e5da <a class=\"read-more-link\" href=\"https:\/\/wp.kristdemokraterna.se\/janstefanson\/gillar-inte-ett-nej\/\">Read More<\/a><\/p>\n","protected":false},"author":530,"featured_media":0,"comment_status":"closed","ping_status":"closed","sticky":false,"template":"","format":"standard","meta":{"_acf_changed":false,"footnotes":""},"categories":[1],"tags":[],"class_list":["post-498","post","type-post","status-publish","format-standard","hentry","category-okategoriserade"],"acf":[],"yoast_head":"<!-- This site is optimized with the Yoast SEO plugin v27.4 - https:\/\/yoast.com\/product\/yoast-seo-wordpress\/ -->\n<title>Gillar inte ett nej! - Jan Stefanson<\/title>\n<meta name=\"robots\" content=\"index, follow, max-snippet:-1, max-image-preview:large, max-video-preview:-1\" \/>\n<link rel=\"canonical\" href=\"https:\/\/wp.kristdemokraterna.se\/janstefanson\/gillar-inte-ett-nej\/\" \/>\n<meta property=\"og:locale\" content=\"sv_SE\" \/>\n<meta property=\"og:type\" content=\"article\" \/>\n<meta property=\"og:title\" content=\"Gillar inte ett nej! - Jan Stefanson\" \/>\n<meta property=\"og:description\" content=\"Ig\u00e5r var det dags igen! Vi uppvaktades av ett f\u00f6retag som vill etablera sig i kommunen. F\u00f6rsta spadtag \u00f6nskas redan i \u00e5r??? Etableringen \u00e4r redan i f\u00f6rfr\u00e5gningsstadiet lockande och skulle s\u00e4tta kommunen \u00e4nnu mer p\u00e5 kartan. Investeringens v\u00e4rde \u00e4r sannolikt mer \u00e4n 4-5 mdr. &#8211;\u00a0Upplands-Bro har ett utm\u00e4rkt l\u00e4ge f\u00f6r v\u00e5r verksamhet, sa de b\u00e5da Read More\" \/>\n<meta property=\"og:url\" content=\"https:\/\/wp.kristdemokraterna.se\/janstefanson\/gillar-inte-ett-nej\/\" \/>\n<meta property=\"og:site_name\" content=\"Jan Stefanson\" \/>\n<meta property=\"article:published_time\" content=\"2017-02-07T10:29:12+00:00\" \/>\n<meta name=\"author\" content=\"janstefanson\" \/>\n<meta name=\"twitter:card\" content=\"summary_large_image\" \/>\n<meta name=\"twitter:label1\" content=\"Skriven av\" \/>\n\t<meta name=\"twitter:data1\" content=\"janstefanson\" \/>\n\t<meta name=\"twitter:label2\" content=\"Ber\u00e4knad l\u00e4stid\" \/>\n\t<meta name=\"twitter:data2\" content=\"1 minut\" \/>\n<script type=\"application\/ld+json\" class=\"yoast-schema-graph\">{\"@context\":\"https:\\\/\\\/schema.org\",\"@graph\":[{\"@type\":\"Article\",\"@id\":\"https:\\\/\\\/wp.kristdemokraterna.se\\\/janstefanson\\\/gillar-inte-ett-nej\\\/#article\",\"isPartOf\":{\"@id\":\"https:\\\/\\\/wp.kristdemokraterna.se\\\/janstefanson\\\/gillar-inte-ett-nej\\\/\"},\"author\":{\"name\":\"janstefanson\",\"@id\":\"https:\\\/\\\/wp.kristdemokraterna.se\\\/janstefanson\\\/#\\\/schema\\\/person\\\/f8122372f46f49cffa0c02a57c89b40f\"},\"headline\":\"Gillar inte ett nej!\",\"datePublished\":\"2017-02-07T10:29:12+00:00\",\"mainEntityOfPage\":{\"@id\":\"https:\\\/\\\/wp.kristdemokraterna.se\\\/janstefanson\\\/gillar-inte-ett-nej\\\/\"},\"wordCount\":197,\"inLanguage\":\"sv-SE\"},{\"@type\":\"WebPage\",\"@id\":\"https:\\\/\\\/wp.kristdemokraterna.se\\\/janstefanson\\\/gillar-inte-ett-nej\\\/\",\"url\":\"https:\\\/\\\/wp.kristdemokraterna.se\\\/janstefanson\\\/gillar-inte-ett-nej\\\/\",\"name\":\"Gillar inte ett nej! - Jan Stefanson\",\"isPartOf\":{\"@id\":\"https:\\\/\\\/wp.kristdemokraterna.se\\\/janstefanson\\\/#website\"},\"datePublished\":\"2017-02-07T10:29:12+00:00\",\"author\":{\"@id\":\"https:\\\/\\\/wp.kristdemokraterna.se\\\/janstefanson\\\/#\\\/schema\\\/person\\\/f8122372f46f49cffa0c02a57c89b40f\"},\"breadcrumb\":{\"@id\":\"https:\\\/\\\/wp.kristdemokraterna.se\\\/janstefanson\\\/gillar-inte-ett-nej\\\/#breadcrumb\"},\"inLanguage\":\"sv-SE\",\"potentialAction\":[{\"@type\":\"ReadAction\",\"target\":[\"https:\\\/\\\/wp.kristdemokraterna.se\\\/janstefanson\\\/gillar-inte-ett-nej\\\/\"]}]},{\"@type\":\"BreadcrumbList\",\"@id\":\"https:\\\/\\\/wp.kristdemokraterna.se\\\/janstefanson\\\/gillar-inte-ett-nej\\\/#breadcrumb\",\"itemListElement\":[{\"@type\":\"ListItem\",\"position\":1,\"name\":\"Hem\",\"item\":\"https:\\\/\\\/wp.kristdemokraterna.se\\\/janstefanson\\\/\"},{\"@type\":\"ListItem\",\"position\":2,\"name\":\"Gillar inte ett nej!\"}]},{\"@type\":\"WebSite\",\"@id\":\"https:\\\/\\\/wp.kristdemokraterna.se\\\/janstefanson\\\/#website\",\"url\":\"https:\\\/\\\/wp.kristdemokraterna.se\\\/janstefanson\\\/\",\"name\":\"Jan Stefanson\",\"description\":\"En till Kristdemokraterna webbplats\",\"inLanguage\":\"sv-SE\"},{\"@type\":\"Person\",\"@id\":\"https:\\\/\\\/wp.kristdemokraterna.se\\\/janstefanson\\\/#\\\/schema\\\/person\\\/f8122372f46f49cffa0c02a57c89b40f\",\"name\":\"janstefanson\",\"image\":{\"@type\":\"ImageObject\",\"inLanguage\":\"sv-SE\",\"@id\":\"https:\\\/\\\/secure.gravatar.com\\\/avatar\\\/c8880da1e0ca1fb1fd99d661e99b32931e79d1537ef8441e71fc6630d4b6633c?s=96&r=g\",\"url\":\"https:\\\/\\\/secure.gravatar.com\\\/avatar\\\/c8880da1e0ca1fb1fd99d661e99b32931e79d1537ef8441e71fc6630d4b6633c?s=96&r=g\",\"contentUrl\":\"https:\\\/\\\/secure.gravatar.com\\\/avatar\\\/c8880da1e0ca1fb1fd99d661e99b32931e79d1537ef8441e71fc6630d4b6633c?s=96&r=g\",\"caption\":\"janstefanson\"},\"url\":\"https:\\\/\\\/wp.kristdemokraterna.se\\\/janstefanson\\\/author\\\/janstefanson\\\/\"}]}<\/script>\n<!-- \/ Yoast SEO plugin. -->","yoast_head_json":{"title":"Gillar inte ett nej! - Jan Stefanson","robots":{"index":"index","follow":"follow","max-snippet":"max-snippet:-1","max-image-preview":"max-image-preview:large","max-video-preview":"max-video-preview:-1"},"canonical":"https:\/\/wp.kristdemokraterna.se\/janstefanson\/gillar-inte-ett-nej\/","og_locale":"sv_SE","og_type":"article","og_title":"Gillar inte ett nej! - Jan Stefanson","og_description":"Ig\u00e5r var det dags igen! Vi uppvaktades av ett f\u00f6retag som vill etablera sig i kommunen. F\u00f6rsta spadtag \u00f6nskas redan i \u00e5r??? Etableringen \u00e4r redan i f\u00f6rfr\u00e5gningsstadiet lockande och skulle s\u00e4tta kommunen \u00e4nnu mer p\u00e5 kartan. Investeringens v\u00e4rde \u00e4r sannolikt mer \u00e4n 4-5 mdr. &#8211;\u00a0Upplands-Bro har ett utm\u00e4rkt l\u00e4ge f\u00f6r v\u00e5r verksamhet, sa de b\u00e5da Read More","og_url":"https:\/\/wp.kristdemokraterna.se\/janstefanson\/gillar-inte-ett-nej\/","og_site_name":"Jan Stefanson","article_published_time":"2017-02-07T10:29:12+00:00","author":"janstefanson","twitter_card":"summary_large_image","twitter_misc":{"Skriven av":"janstefanson","Ber\u00e4knad l\u00e4stid":"1 minut"},"schema":{"@context":"https:\/\/schema.org","@graph":[{"@type":"Article","@id":"https:\/\/wp.kristdemokraterna.se\/janstefanson\/gillar-inte-ett-nej\/#article","isPartOf":{"@id":"https:\/\/wp.kristdemokraterna.se\/janstefanson\/gillar-inte-ett-nej\/"},"author":{"name":"janstefanson","@id":"https:\/\/wp.kristdemokraterna.se\/janstefanson\/#\/schema\/person\/f8122372f46f49cffa0c02a57c89b40f"},"headline":"Gillar inte ett nej!","datePublished":"2017-02-07T10:29:12+00:00","mainEntityOfPage":{"@id":"https:\/\/wp.kristdemokraterna.se\/janstefanson\/gillar-inte-ett-nej\/"},"wordCount":197,"inLanguage":"sv-SE"},{"@type":"WebPage","@id":"https:\/\/wp.kristdemokraterna.se\/janstefanson\/gillar-inte-ett-nej\/","url":"https:\/\/wp.kristdemokraterna.se\/janstefanson\/gillar-inte-ett-nej\/","name":"Gillar inte ett nej! - Jan Stefanson","isPartOf":{"@id":"https:\/\/wp.kristdemokraterna.se\/janstefanson\/#website"},"datePublished":"2017-02-07T10:29:12+00:00","author":{"@id":"https:\/\/wp.kristdemokraterna.se\/janstefanson\/#\/schema\/person\/f8122372f46f49cffa0c02a57c89b40f"},"breadcrumb":{"@id":"https:\/\/wp.kristdemokraterna.se\/janstefanson\/gillar-inte-ett-nej\/#breadcrumb"},"inLanguage":"sv-SE","potentialAction":[{"@type":"ReadAction","target":["https:\/\/wp.kristdemokraterna.se\/janstefanson\/gillar-inte-ett-nej\/"]}]},{"@type":"BreadcrumbList","@id":"https:\/\/wp.kristdemokraterna.se\/janstefanson\/gillar-inte-ett-nej\/#breadcrumb","itemListElement":[{"@type":"ListItem","position":1,"name":"Hem","item":"https:\/\/wp.kristdemokraterna.se\/janstefanson\/"},{"@type":"ListItem","position":2,"name":"Gillar inte ett nej!"}]},{"@type":"WebSite","@id":"https:\/\/wp.kristdemokraterna.se\/janstefanson\/#website","url":"https:\/\/wp.kristdemokraterna.se\/janstefanson\/","name":"Jan Stefanson","description":"En till Kristdemokraterna webbplats","inLanguage":"sv-SE"},{"@type":"Person","@id":"https:\/\/wp.kristdemokraterna.se\/janstefanson\/#\/schema\/person\/f8122372f46f49cffa0c02a57c89b40f","name":"janstefanson","image":{"@type":"ImageObject","inLanguage":"sv-SE","@id":"https:\/\/secure.gravatar.com\/avatar\/c8880da1e0ca1fb1fd99d661e99b32931e79d1537ef8441e71fc6630d4b6633c?s=96&r=g","url":"https:\/\/secure.gravatar.com\/avatar\/c8880da1e0ca1fb1fd99d661e99b32931e79d1537ef8441e71fc6630d4b6633c?s=96&r=g","contentUrl":"https:\/\/secure.gravatar.com\/avatar\/c8880da1e0ca1fb1fd99d661e99b32931e79d1537ef8441e71fc6630d4b6633c?s=96&r=g","caption":"janstefanson"},"url":"https:\/\/wp.kristdemokraterna.se\/janstefanson\/author\/janstefanson\/"}]}},"_links":{"self":[{"href":"https:\/\/wp.kristdemokraterna.se\/janstefanson\/wp-json\/wp\/v2\/posts\/498","targetHints":{"allow":["GET"]}}],"collection":[{"href":"https:\/\/wp.kristdemokraterna.se\/janstefanson\/wp-json\/wp\/v2\/posts"}],"about":[{"href":"https:\/\/wp.kristdemokraterna.se\/janstefanson\/wp-json\/wp\/v2\/types\/post"}],"author":[{"embeddable":true,"href":"https:\/\/wp.kristdemokraterna.se\/janstefanson\/wp-json\/wp\/v2\/users\/530"}],"replies":[{"embeddable":true,"href":"https:\/\/wp.kristdemokraterna.se\/janstefanson\/wp-json\/wp\/v2\/comments?post=498"}],"version-history":[{"count":1,"href":"https:\/\/wp.kristdemokraterna.se\/janstefanson\/wp-json\/wp\/v2\/posts\/498\/revisions"}],"predecessor-version":[{"id":499,"href":"https:\/\/wp.kristdemokraterna.se\/janstefanson\/wp-json\/wp\/v2\/posts\/498\/revisions\/499"}],"wp:attachment":[{"href":"https:\/\/wp.kristdemokraterna.se\/janstefanson\/wp-json\/wp\/v2\/media?parent=498"}],"wp:term":[{"taxonomy":"category","embeddable":true,"href":"https:\/\/wp.kristdemokraterna.se\/janstefanson\/wp-json\/wp\/v2\/categories?post=498"},{"taxonomy":"post_tag","embeddable":true,"href":"https:\/\/wp.kristdemokraterna.se\/janstefanson\/wp-json\/wp\/v2\/tags?post=498"}],"curies":[{"name":"wp","href":"https:\/\/api.w.org\/{rel}","templated":true}]}}