{"id":500,"date":"2017-02-08T12:34:13","date_gmt":"2017-02-08T11:34:13","guid":{"rendered":"http:\/\/wp.kristdemokraterna.se\/janstefanson\/?p=500"},"modified":"2017-02-08T12:34:20","modified_gmt":"2017-02-08T11:34:20","slug":"idag-oppnade-rd-pa-ubg","status":"publish","type":"post","link":"https:\/\/wp.kristdemokraterna.se\/janstefanson\/idag-oppnade-rd-pa-ubg\/","title":{"rendered":"Idag \u00f6ppnade RD p\u00e5 UBG!"},"content":{"rendered":"<p><img loading=\"lazy\" decoding=\"async\" class=\"size-medium wp-image-501 alignright\" src=\"http:\/\/wp.kristdemokraterna.se\/janstefanson\/files\/2017\/02\/img_0395-300x225.jpg\" alt=\"\" width=\"300\" height=\"225\" srcset=\"https:\/\/wp.kristdemokraterna.se\/janstefanson\/files\/2017\/02\/img_0395-300x225.jpg 300w, https:\/\/wp.kristdemokraterna.se\/janstefanson\/files\/2017\/02\/img_0395-768x576.jpg 768w, https:\/\/wp.kristdemokraterna.se\/janstefanson\/files\/2017\/02\/img_0395-540x405.jpg 540w, https:\/\/wp.kristdemokraterna.se\/janstefanson\/files\/2017\/02\/img_0395-461x346.jpg 461w, https:\/\/wp.kristdemokraterna.se\/janstefanson\/files\/2017\/02\/img_0395-149x112.jpg 149w, https:\/\/wp.kristdemokraterna.se\/janstefanson\/files\/2017\/02\/img_0395.jpg 2048w\" sizes=\"auto, (max-width: 300px) 100vw, 300px\" \/>Ett \u00e5rligen kommande inslag p\u00e5 UBG, Upplands-Bro Gymnasiet, \u00e4r Riksdagens h\u00f6gtidliga \u00f6ppnande. Eleverna \u00e4r ettor! Ibland har man storbes\u00f6k! I \u00e5r var kungen d\u00e4r i egen h\u00f6g person. Det \u00e4r honom ni ser p\u00e5 bilden. \u00c4ven om han till vardags \u00e4r l\u00e4rare s\u00e5 g\u00f6r kronan att han f\u00f6r dagen f\u00e5r en annan status.<\/p>\n<p>Rollspelet<img loading=\"lazy\" decoding=\"async\" class=\"size-medium wp-image-502 alignright\" src=\"http:\/\/wp.kristdemokraterna.se\/janstefanson\/files\/2017\/02\/img_0397-300x225.jpg\" alt=\"\" width=\"300\" height=\"225\" srcset=\"https:\/\/wp.kristdemokraterna.se\/janstefanson\/files\/2017\/02\/img_0397-300x225.jpg 300w, https:\/\/wp.kristdemokraterna.se\/janstefanson\/files\/2017\/02\/img_0397-768x576.jpg 768w, https:\/\/wp.kristdemokraterna.se\/janstefanson\/files\/2017\/02\/img_0397-540x405.jpg 540w, https:\/\/wp.kristdemokraterna.se\/janstefanson\/files\/2017\/02\/img_0397-461x346.jpg 461w, https:\/\/wp.kristdemokraterna.se\/janstefanson\/files\/2017\/02\/img_0397-149x112.jpg 149w, https:\/\/wp.kristdemokraterna.se\/janstefanson\/files\/2017\/02\/img_0397.jpg 2048w\" sizes=\"auto, (max-width: 300px) 100vw, 300px\" \/> \u00e4r ett festligt inslag som tas p\u00e5 stort allvar. Efter lottdragning tilldelas en elev ett parti som de ska f\u00f6retr\u00e4da oavsett vad de tycker om partiet. Alla dessa anf\u00f6randen var av h\u00f6g klass och jag tror att varje lokal partif\u00f6retr\u00e4dare k\u00e4nde sig n\u00f6jd med hur partiets id\u00e9er lyftes fram.<\/p>\n<p>Efter nationals\u00e5ng och utmarsch i rangordning vidtog mingel och snittar. I eftermiddag vidtar utskottsarbeten d\u00e4r alla elever\u00a0bidrar.<\/p>\n<p>Projektet som f\u00e5tt en &#8221;Kultstatus&#8221; p\u00e5 skolan ska g\u00f6ra kunskapen om de olika politiska f\u00f6rsamlingarna och partierna mer k\u00e4nd och f\u00f6rbereda eleverna p\u00e5 den politiska kunskap och delaktighet som beh\u00f6vs i framtiden.<\/p>\n","protected":false},"excerpt":{"rendered":"<p>Ett \u00e5rligen kommande inslag p\u00e5 UBG, Upplands-Bro Gymnasiet, \u00e4r Riksdagens h\u00f6gtidliga \u00f6ppnande. Eleverna \u00e4r ettor! Ibland har man storbes\u00f6k! I \u00e5r var kungen d\u00e4r i egen h\u00f6g person. Det \u00e4r honom ni ser p\u00e5 bilden. \u00c4ven om han till vardags \u00e4r l\u00e4rare s\u00e5 g\u00f6r kronan att han f\u00f6r dagen f\u00e5r en annan status. Rollspelet \u00e4r <a class=\"read-more-link\" href=\"https:\/\/wp.kristdemokraterna.se\/janstefanson\/idag-oppnade-rd-pa-ubg\/\">Read More<\/a><\/p>\n","protected":false},"author":530,"featured_media":0,"comment_status":"closed","ping_status":"closed","sticky":false,"template":"","format":"standard","meta":{"_acf_changed":false,"footnotes":""},"categories":[1],"tags":[],"class_list":["post-500","post","type-post","status-publish","format-standard","hentry","category-okategoriserade"],"acf":[],"yoast_head":"<!-- This site is optimized with the Yoast SEO plugin v27.4 - https:\/\/yoast.com\/product\/yoast-seo-wordpress\/ -->\n<title>Idag \u00f6ppnade RD p\u00e5 UBG! - Jan Stefanson<\/title>\n<meta name=\"robots\" content=\"index, follow, max-snippet:-1, max-image-preview:large, max-video-preview:-1\" \/>\n<link rel=\"canonical\" href=\"https:\/\/wp.kristdemokraterna.se\/janstefanson\/idag-oppnade-rd-pa-ubg\/\" \/>\n<meta property=\"og:locale\" content=\"sv_SE\" \/>\n<meta property=\"og:type\" content=\"article\" \/>\n<meta property=\"og:title\" content=\"Idag \u00f6ppnade RD p\u00e5 UBG! - Jan Stefanson\" \/>\n<meta property=\"og:description\" content=\"Ett \u00e5rligen kommande inslag p\u00e5 UBG, Upplands-Bro Gymnasiet, \u00e4r Riksdagens h\u00f6gtidliga \u00f6ppnande. Eleverna \u00e4r ettor! Ibland har man storbes\u00f6k! I \u00e5r var kungen d\u00e4r i egen h\u00f6g person. Det \u00e4r honom ni ser p\u00e5 bilden. \u00c4ven om han till vardags \u00e4r l\u00e4rare s\u00e5 g\u00f6r kronan att han f\u00f6r dagen f\u00e5r en annan status. Rollspelet \u00e4r Read More\" \/>\n<meta property=\"og:url\" content=\"https:\/\/wp.kristdemokraterna.se\/janstefanson\/idag-oppnade-rd-pa-ubg\/\" \/>\n<meta property=\"og:site_name\" content=\"Jan Stefanson\" \/>\n<meta property=\"article:published_time\" content=\"2017-02-08T11:34:13+00:00\" \/>\n<meta property=\"article:modified_time\" content=\"2017-02-08T11:34:20+00:00\" \/>\n<meta property=\"og:image\" content=\"http:\/\/wp.kristdemokraterna.se\/janstefanson\/files\/2017\/02\/img_0395-300x225.jpg\" \/>\n<meta name=\"author\" content=\"janstefanson\" \/>\n<meta name=\"twitter:card\" content=\"summary_large_image\" \/>\n<meta name=\"twitter:label1\" content=\"Skriven av\" \/>\n\t<meta name=\"twitter:data1\" content=\"janstefanson\" \/>\n\t<meta name=\"twitter:label2\" content=\"Ber\u00e4knad l\u00e4stid\" \/>\n\t<meta name=\"twitter:data2\" content=\"1 minut\" \/>\n<script type=\"application\/ld+json\" class=\"yoast-schema-graph\">{\"@context\":\"https:\\\/\\\/schema.org\",\"@graph\":[{\"@type\":\"Article\",\"@id\":\"https:\\\/\\\/wp.kristdemokraterna.se\\\/janstefanson\\\/idag-oppnade-rd-pa-ubg\\\/#article\",\"isPartOf\":{\"@id\":\"https:\\\/\\\/wp.kristdemokraterna.se\\\/janstefanson\\\/idag-oppnade-rd-pa-ubg\\\/\"},\"author\":{\"name\":\"janstefanson\",\"@id\":\"https:\\\/\\\/wp.kristdemokraterna.se\\\/janstefanson\\\/#\\\/schema\\\/person\\\/f8122372f46f49cffa0c02a57c89b40f\"},\"headline\":\"Idag \u00f6ppnade RD p\u00e5 UBG!\",\"datePublished\":\"2017-02-08T11:34:13+00:00\",\"dateModified\":\"2017-02-08T11:34:20+00:00\",\"mainEntityOfPage\":{\"@id\":\"https:\\\/\\\/wp.kristdemokraterna.se\\\/janstefanson\\\/idag-oppnade-rd-pa-ubg\\\/\"},\"wordCount\":183,\"image\":{\"@id\":\"https:\\\/\\\/wp.kristdemokraterna.se\\\/janstefanson\\\/idag-oppnade-rd-pa-ubg\\\/#primaryimage\"},\"thumbnailUrl\":\"http:\\\/\\\/wp.kristdemokraterna.se\\\/janstefanson\\\/files\\\/2017\\\/02\\\/img_0395-300x225.jpg\",\"inLanguage\":\"sv-SE\"},{\"@type\":\"WebPage\",\"@id\":\"https:\\\/\\\/wp.kristdemokraterna.se\\\/janstefanson\\\/idag-oppnade-rd-pa-ubg\\\/\",\"url\":\"https:\\\/\\\/wp.kristdemokraterna.se\\\/janstefanson\\\/idag-oppnade-rd-pa-ubg\\\/\",\"name\":\"Idag \u00f6ppnade RD p\u00e5 UBG! - Jan Stefanson\",\"isPartOf\":{\"@id\":\"https:\\\/\\\/wp.kristdemokraterna.se\\\/janstefanson\\\/#website\"},\"primaryImageOfPage\":{\"@id\":\"https:\\\/\\\/wp.kristdemokraterna.se\\\/janstefanson\\\/idag-oppnade-rd-pa-ubg\\\/#primaryimage\"},\"image\":{\"@id\":\"https:\\\/\\\/wp.kristdemokraterna.se\\\/janstefanson\\\/idag-oppnade-rd-pa-ubg\\\/#primaryimage\"},\"thumbnailUrl\":\"http:\\\/\\\/wp.kristdemokraterna.se\\\/janstefanson\\\/files\\\/2017\\\/02\\\/img_0395-300x225.jpg\",\"datePublished\":\"2017-02-08T11:34:13+00:00\",\"dateModified\":\"2017-02-08T11:34:20+00:00\",\"author\":{\"@id\":\"https:\\\/\\\/wp.kristdemokraterna.se\\\/janstefanson\\\/#\\\/schema\\\/person\\\/f8122372f46f49cffa0c02a57c89b40f\"},\"breadcrumb\":{\"@id\":\"https:\\\/\\\/wp.kristdemokraterna.se\\\/janstefanson\\\/idag-oppnade-rd-pa-ubg\\\/#breadcrumb\"},\"inLanguage\":\"sv-SE\",\"potentialAction\":[{\"@type\":\"ReadAction\",\"target\":[\"https:\\\/\\\/wp.kristdemokraterna.se\\\/janstefanson\\\/idag-oppnade-rd-pa-ubg\\\/\"]}]},{\"@type\":\"ImageObject\",\"inLanguage\":\"sv-SE\",\"@id\":\"https:\\\/\\\/wp.kristdemokraterna.se\\\/janstefanson\\\/idag-oppnade-rd-pa-ubg\\\/#primaryimage\",\"url\":\"https:\\\/\\\/wp.kristdemokraterna.se\\\/janstefanson\\\/files\\\/2017\\\/02\\\/img_0395.jpg\",\"contentUrl\":\"https:\\\/\\\/wp.kristdemokraterna.se\\\/janstefanson\\\/files\\\/2017\\\/02\\\/img_0395.jpg\",\"width\":2048,\"height\":1536},{\"@type\":\"BreadcrumbList\",\"@id\":\"https:\\\/\\\/wp.kristdemokraterna.se\\\/janstefanson\\\/idag-oppnade-rd-pa-ubg\\\/#breadcrumb\",\"itemListElement\":[{\"@type\":\"ListItem\",\"position\":1,\"name\":\"Hem\",\"item\":\"https:\\\/\\\/wp.kristdemokraterna.se\\\/janstefanson\\\/\"},{\"@type\":\"ListItem\",\"position\":2,\"name\":\"Idag \u00f6ppnade RD p\u00e5 UBG!\"}]},{\"@type\":\"WebSite\",\"@id\":\"https:\\\/\\\/wp.kristdemokraterna.se\\\/janstefanson\\\/#website\",\"url\":\"https:\\\/\\\/wp.kristdemokraterna.se\\\/janstefanson\\\/\",\"name\":\"Jan Stefanson\",\"description\":\"En till Kristdemokraterna webbplats\",\"inLanguage\":\"sv-SE\"},{\"@type\":\"Person\",\"@id\":\"https:\\\/\\\/wp.kristdemokraterna.se\\\/janstefanson\\\/#\\\/schema\\\/person\\\/f8122372f46f49cffa0c02a57c89b40f\",\"name\":\"janstefanson\",\"image\":{\"@type\":\"ImageObject\",\"inLanguage\":\"sv-SE\",\"@id\":\"https:\\\/\\\/secure.gravatar.com\\\/avatar\\\/c8880da1e0ca1fb1fd99d661e99b32931e79d1537ef8441e71fc6630d4b6633c?s=96&r=g\",\"url\":\"https:\\\/\\\/secure.gravatar.com\\\/avatar\\\/c8880da1e0ca1fb1fd99d661e99b32931e79d1537ef8441e71fc6630d4b6633c?s=96&r=g\",\"contentUrl\":\"https:\\\/\\\/secure.gravatar.com\\\/avatar\\\/c8880da1e0ca1fb1fd99d661e99b32931e79d1537ef8441e71fc6630d4b6633c?s=96&r=g\",\"caption\":\"janstefanson\"},\"url\":\"https:\\\/\\\/wp.kristdemokraterna.se\\\/janstefanson\\\/author\\\/janstefanson\\\/\"}]}<\/script>\n<!-- \/ Yoast SEO plugin. -->","yoast_head_json":{"title":"Idag \u00f6ppnade RD p\u00e5 UBG! - Jan Stefanson","robots":{"index":"index","follow":"follow","max-snippet":"max-snippet:-1","max-image-preview":"max-image-preview:large","max-video-preview":"max-video-preview:-1"},"canonical":"https:\/\/wp.kristdemokraterna.se\/janstefanson\/idag-oppnade-rd-pa-ubg\/","og_locale":"sv_SE","og_type":"article","og_title":"Idag \u00f6ppnade RD p\u00e5 UBG! - Jan Stefanson","og_description":"Ett \u00e5rligen kommande inslag p\u00e5 UBG, Upplands-Bro Gymnasiet, \u00e4r Riksdagens h\u00f6gtidliga \u00f6ppnande. Eleverna \u00e4r ettor! Ibland har man storbes\u00f6k! I \u00e5r var kungen d\u00e4r i egen h\u00f6g person. Det \u00e4r honom ni ser p\u00e5 bilden. \u00c4ven om han till vardags \u00e4r l\u00e4rare s\u00e5 g\u00f6r kronan att han f\u00f6r dagen f\u00e5r en annan status. Rollspelet \u00e4r Read More","og_url":"https:\/\/wp.kristdemokraterna.se\/janstefanson\/idag-oppnade-rd-pa-ubg\/","og_site_name":"Jan Stefanson","article_published_time":"2017-02-08T11:34:13+00:00","article_modified_time":"2017-02-08T11:34:20+00:00","og_image":[{"url":"http:\/\/wp.kristdemokraterna.se\/janstefanson\/files\/2017\/02\/img_0395-300x225.jpg","type":"","width":"","height":""}],"author":"janstefanson","twitter_card":"summary_large_image","twitter_misc":{"Skriven av":"janstefanson","Ber\u00e4knad l\u00e4stid":"1 minut"},"schema":{"@context":"https:\/\/schema.org","@graph":[{"@type":"Article","@id":"https:\/\/wp.kristdemokraterna.se\/janstefanson\/idag-oppnade-rd-pa-ubg\/#article","isPartOf":{"@id":"https:\/\/wp.kristdemokraterna.se\/janstefanson\/idag-oppnade-rd-pa-ubg\/"},"author":{"name":"janstefanson","@id":"https:\/\/wp.kristdemokraterna.se\/janstefanson\/#\/schema\/person\/f8122372f46f49cffa0c02a57c89b40f"},"headline":"Idag \u00f6ppnade RD p\u00e5 UBG!","datePublished":"2017-02-08T11:34:13+00:00","dateModified":"2017-02-08T11:34:20+00:00","mainEntityOfPage":{"@id":"https:\/\/wp.kristdemokraterna.se\/janstefanson\/idag-oppnade-rd-pa-ubg\/"},"wordCount":183,"image":{"@id":"https:\/\/wp.kristdemokraterna.se\/janstefanson\/idag-oppnade-rd-pa-ubg\/#primaryimage"},"thumbnailUrl":"http:\/\/wp.kristdemokraterna.se\/janstefanson\/files\/2017\/02\/img_0395-300x225.jpg","inLanguage":"sv-SE"},{"@type":"WebPage","@id":"https:\/\/wp.kristdemokraterna.se\/janstefanson\/idag-oppnade-rd-pa-ubg\/","url":"https:\/\/wp.kristdemokraterna.se\/janstefanson\/idag-oppnade-rd-pa-ubg\/","name":"Idag \u00f6ppnade RD p\u00e5 UBG! - Jan Stefanson","isPartOf":{"@id":"https:\/\/wp.kristdemokraterna.se\/janstefanson\/#website"},"primaryImageOfPage":{"@id":"https:\/\/wp.kristdemokraterna.se\/janstefanson\/idag-oppnade-rd-pa-ubg\/#primaryimage"},"image":{"@id":"https:\/\/wp.kristdemokraterna.se\/janstefanson\/idag-oppnade-rd-pa-ubg\/#primaryimage"},"thumbnailUrl":"http:\/\/wp.kristdemokraterna.se\/janstefanson\/files\/2017\/02\/img_0395-300x225.jpg","datePublished":"2017-02-08T11:34:13+00:00","dateModified":"2017-02-08T11:34:20+00:00","author":{"@id":"https:\/\/wp.kristdemokraterna.se\/janstefanson\/#\/schema\/person\/f8122372f46f49cffa0c02a57c89b40f"},"breadcrumb":{"@id":"https:\/\/wp.kristdemokraterna.se\/janstefanson\/idag-oppnade-rd-pa-ubg\/#breadcrumb"},"inLanguage":"sv-SE","potentialAction":[{"@type":"ReadAction","target":["https:\/\/wp.kristdemokraterna.se\/janstefanson\/idag-oppnade-rd-pa-ubg\/"]}]},{"@type":"ImageObject","inLanguage":"sv-SE","@id":"https:\/\/wp.kristdemokraterna.se\/janstefanson\/idag-oppnade-rd-pa-ubg\/#primaryimage","url":"https:\/\/wp.kristdemokraterna.se\/janstefanson\/files\/2017\/02\/img_0395.jpg","contentUrl":"https:\/\/wp.kristdemokraterna.se\/janstefanson\/files\/2017\/02\/img_0395.jpg","width":2048,"height":1536},{"@type":"BreadcrumbList","@id":"https:\/\/wp.kristdemokraterna.se\/janstefanson\/idag-oppnade-rd-pa-ubg\/#breadcrumb","itemListElement":[{"@type":"ListItem","position":1,"name":"Hem","item":"https:\/\/wp.kristdemokraterna.se\/janstefanson\/"},{"@type":"ListItem","position":2,"name":"Idag \u00f6ppnade RD p\u00e5 UBG!"}]},{"@type":"WebSite","@id":"https:\/\/wp.kristdemokraterna.se\/janstefanson\/#website","url":"https:\/\/wp.kristdemokraterna.se\/janstefanson\/","name":"Jan Stefanson","description":"En till Kristdemokraterna webbplats","inLanguage":"sv-SE"},{"@type":"Person","@id":"https:\/\/wp.kristdemokraterna.se\/janstefanson\/#\/schema\/person\/f8122372f46f49cffa0c02a57c89b40f","name":"janstefanson","image":{"@type":"ImageObject","inLanguage":"sv-SE","@id":"https:\/\/secure.gravatar.com\/avatar\/c8880da1e0ca1fb1fd99d661e99b32931e79d1537ef8441e71fc6630d4b6633c?s=96&r=g","url":"https:\/\/secure.gravatar.com\/avatar\/c8880da1e0ca1fb1fd99d661e99b32931e79d1537ef8441e71fc6630d4b6633c?s=96&r=g","contentUrl":"https:\/\/secure.gravatar.com\/avatar\/c8880da1e0ca1fb1fd99d661e99b32931e79d1537ef8441e71fc6630d4b6633c?s=96&r=g","caption":"janstefanson"},"url":"https:\/\/wp.kristdemokraterna.se\/janstefanson\/author\/janstefanson\/"}]}},"_links":{"self":[{"href":"https:\/\/wp.kristdemokraterna.se\/janstefanson\/wp-json\/wp\/v2\/posts\/500","targetHints":{"allow":["GET"]}}],"collection":[{"href":"https:\/\/wp.kristdemokraterna.se\/janstefanson\/wp-json\/wp\/v2\/posts"}],"about":[{"href":"https:\/\/wp.kristdemokraterna.se\/janstefanson\/wp-json\/wp\/v2\/types\/post"}],"author":[{"embeddable":true,"href":"https:\/\/wp.kristdemokraterna.se\/janstefanson\/wp-json\/wp\/v2\/users\/530"}],"replies":[{"embeddable":true,"href":"https:\/\/wp.kristdemokraterna.se\/janstefanson\/wp-json\/wp\/v2\/comments?post=500"}],"version-history":[{"count":1,"href":"https:\/\/wp.kristdemokraterna.se\/janstefanson\/wp-json\/wp\/v2\/posts\/500\/revisions"}],"predecessor-version":[{"id":503,"href":"https:\/\/wp.kristdemokraterna.se\/janstefanson\/wp-json\/wp\/v2\/posts\/500\/revisions\/503"}],"wp:attachment":[{"href":"https:\/\/wp.kristdemokraterna.se\/janstefanson\/wp-json\/wp\/v2\/media?parent=500"}],"wp:term":[{"taxonomy":"category","embeddable":true,"href":"https:\/\/wp.kristdemokraterna.se\/janstefanson\/wp-json\/wp\/v2\/categories?post=500"},{"taxonomy":"post_tag","embeddable":true,"href":"https:\/\/wp.kristdemokraterna.se\/janstefanson\/wp-json\/wp\/v2\/tags?post=500"}],"curies":[{"name":"wp","href":"https:\/\/api.w.org\/{rel}","templated":true}]}}