{"id":507,"date":"2017-02-11T10:01:31","date_gmt":"2017-02-11T09:01:31","guid":{"rendered":"http:\/\/wp.kristdemokraterna.se\/janstefanson\/?p=507"},"modified":"2017-02-12T09:35:10","modified_gmt":"2017-02-12T08:35:10","slug":"storbesok-i-bro","status":"publish","type":"post","link":"https:\/\/wp.kristdemokraterna.se\/janstefanson\/storbesok-i-bro\/","title":{"rendered":"Storbes\u00f6k i Bro!"},"content":{"rendered":"<p><img loading=\"lazy\" decoding=\"async\" class=\"size-medium wp-image-511 alignright\" src=\"http:\/\/wp.kristdemokraterna.se\/janstefanson\/files\/2017\/02\/img_0403-300x225.jpg\" alt=\"\" width=\"300\" height=\"225\" srcset=\"https:\/\/wp.kristdemokraterna.se\/janstefanson\/files\/2017\/02\/img_0403-300x225.jpg 300w, https:\/\/wp.kristdemokraterna.se\/janstefanson\/files\/2017\/02\/img_0403-768x576.jpg 768w, https:\/\/wp.kristdemokraterna.se\/janstefanson\/files\/2017\/02\/img_0403-540x405.jpg 540w, https:\/\/wp.kristdemokraterna.se\/janstefanson\/files\/2017\/02\/img_0403-461x346.jpg 461w, https:\/\/wp.kristdemokraterna.se\/janstefanson\/files\/2017\/02\/img_0403-149x112.jpg 149w, https:\/\/wp.kristdemokraterna.se\/janstefanson\/files\/2017\/02\/img_0403.jpg 1280w\" sizes=\"auto, (max-width: 300px) 100vw, 300px\" \/>I g\u00e5r var det storbes\u00f6k i Bro. Statsministern bes\u00f6kte tredjeklassare i Finnstaskolan och d\u00e4refter integrations-centret i Brohuset. Delegationen m\u00f6ttes upp av koalitionens ledare samt verksam-hetsledare\u00a0och kommundirekt\u00f6r.<\/p>\n<p>Det \u00e4r inte varje dag som v\u00e5ra verksamheter f\u00e5r motsvarande uppm\u00e4rksamhet. Statsministerns f\u00f6lje fr\u00e5gade oss om vi haft tidigare statsministerbes\u00f6k. <strong>S\u00e5vitt vi kunde minnas har det aldrig tidigare h\u00e4nt.<\/strong> <img loading=\"lazy\" decoding=\"async\" class=\"size-medium wp-image-513 alignright\" src=\"http:\/\/wp.kristdemokraterna.se\/janstefanson\/files\/2017\/02\/img_0412-300x225.jpg\" alt=\"\" width=\"300\" height=\"225\" srcset=\"https:\/\/wp.kristdemokraterna.se\/janstefanson\/files\/2017\/02\/img_0412-300x225.jpg 300w, https:\/\/wp.kristdemokraterna.se\/janstefanson\/files\/2017\/02\/img_0412-768x576.jpg 768w, https:\/\/wp.kristdemokraterna.se\/janstefanson\/files\/2017\/02\/img_0412-540x405.jpg 540w, https:\/\/wp.kristdemokraterna.se\/janstefanson\/files\/2017\/02\/img_0412-461x346.jpg 461w, https:\/\/wp.kristdemokraterna.se\/janstefanson\/files\/2017\/02\/img_0412-149x112.jpg 149w, https:\/\/wp.kristdemokraterna.se\/janstefanson\/files\/2017\/02\/img_0412.jpg 1280w\" sizes=\"auto, (max-width: 300px) 100vw, 300px\" \/>Men vi har haft bes\u00f6k av <strong>Kung Carl-Gustaf och drottning Silvia<\/strong> och det sl\u00e5r ju det mesta. \u00c4ven <strong>prins Daniel<\/strong> och <strong>socialminister G\u00f6ran H\u00e4gglund<\/strong> bes\u00f6kte Bro under tidigare mandat-period. <strong>\u00c4ldreminister Maria Larsson<\/strong> invigde nya Norrg\u00e5rden o.s.v<\/p>\n<p><img loading=\"lazy\" decoding=\"async\" class=\"size-medium wp-image-512 alignright\" src=\"http:\/\/wp.kristdemokraterna.se\/janstefanson\/files\/2017\/02\/img_0404-300x225.jpg\" alt=\"\" width=\"300\" height=\"225\" srcset=\"https:\/\/wp.kristdemokraterna.se\/janstefanson\/files\/2017\/02\/img_0404-300x225.jpg 300w, https:\/\/wp.kristdemokraterna.se\/janstefanson\/files\/2017\/02\/img_0404-768x576.jpg 768w, https:\/\/wp.kristdemokraterna.se\/janstefanson\/files\/2017\/02\/img_0404-540x405.jpg 540w, https:\/\/wp.kristdemokraterna.se\/janstefanson\/files\/2017\/02\/img_0404-461x346.jpg 461w, https:\/\/wp.kristdemokraterna.se\/janstefanson\/files\/2017\/02\/img_0404-149x112.jpg 149w, https:\/\/wp.kristdemokraterna.se\/janstefanson\/files\/2017\/02\/img_0404.jpg 1152w\" sizes=\"auto, (max-width: 300px) 100vw, 300px\" \/>Autografjakten fr\u00e5n eleverna och selfies med statsministern drog \u00f6ver tiden. Vid huvud-entr\u00e9n kom ett par elevskor i v\u00e4gen. F\u00f6r en kort stund urhoppade och strax d\u00e4refter ihoppade. Inte finare bes\u00f6k \u00e4n att g\u00f6ra som vanligt!<\/p>\n<p>N\u00e5gra timmar senare bar det iv\u00e4g till Iran f\u00f6r samtal p\u00e5 en annan niv\u00e5. Jag \u00e4r ganska s\u00e4ker p\u00e5 att eleverna k\u00e4nner en viss stolthet n\u00e4r de p\u00e5 TV:n ser statsministern som de ig\u00e5r fick ov\u00e4ntat bes\u00f6k av.<\/p>\n<p><em>Min egen analys av h\u00e4ndelsen \u00e4r att allt som \u00e4r bra f\u00f6r Upplands-Bro kommun \u00e4r n\u00e5got som jag gillar \u00e4ven om mitt parti jobbar f\u00f6r ett skifte p\u00e5 tronen. Stefan verkar trots allt vara enkel, trevlig och duktig men med inte fullt s\u00e5 bra id\u00e9er som jag gillar.<strong> Det b\u00e4sta vore om en kristdemokrat tog hans plats<\/strong> och det n\u00e4st b\u00e4sta om vi kristdemokrater hade en statsministers \u00f6ra f\u00f6r b\u00e4ttre beslut! <strong>Snart \u00e4r det val igen.<\/strong><\/em><\/p>\n","protected":false},"excerpt":{"rendered":"<p>I g\u00e5r var det storbes\u00f6k i Bro. Statsministern bes\u00f6kte tredjeklassare i Finnstaskolan och d\u00e4refter integrations-centret i Brohuset. Delegationen m\u00f6ttes upp av koalitionens ledare samt verksam-hetsledare\u00a0och kommundirekt\u00f6r. Det \u00e4r inte varje dag som v\u00e5ra verksamheter f\u00e5r motsvarande uppm\u00e4rksamhet. Statsministerns f\u00f6lje fr\u00e5gade oss om vi haft tidigare statsministerbes\u00f6k. S\u00e5vitt vi kunde minnas har det aldrig tidigare h\u00e4nt. <a class=\"read-more-link\" href=\"https:\/\/wp.kristdemokraterna.se\/janstefanson\/storbesok-i-bro\/\">Read More<\/a><\/p>\n","protected":false},"author":530,"featured_media":0,"comment_status":"closed","ping_status":"closed","sticky":false,"template":"","format":"standard","meta":{"_acf_changed":false,"footnotes":""},"categories":[1],"tags":[],"class_list":["post-507","post","type-post","status-publish","format-standard","hentry","category-okategoriserade"],"acf":[],"yoast_head":"<!-- This site is optimized with the Yoast SEO plugin v27.4 - https:\/\/yoast.com\/product\/yoast-seo-wordpress\/ -->\n<title>Storbes\u00f6k i Bro! - Jan Stefanson<\/title>\n<meta name=\"robots\" content=\"index, follow, max-snippet:-1, max-image-preview:large, max-video-preview:-1\" \/>\n<link rel=\"canonical\" href=\"https:\/\/wp.kristdemokraterna.se\/janstefanson\/storbesok-i-bro\/\" \/>\n<meta property=\"og:locale\" content=\"sv_SE\" \/>\n<meta property=\"og:type\" content=\"article\" \/>\n<meta property=\"og:title\" content=\"Storbes\u00f6k i Bro! - Jan Stefanson\" \/>\n<meta property=\"og:description\" content=\"I g\u00e5r var det storbes\u00f6k i Bro. Statsministern bes\u00f6kte tredjeklassare i Finnstaskolan och d\u00e4refter integrations-centret i Brohuset. Delegationen m\u00f6ttes upp av koalitionens ledare samt verksam-hetsledare\u00a0och kommundirekt\u00f6r. Det \u00e4r inte varje dag som v\u00e5ra verksamheter f\u00e5r motsvarande uppm\u00e4rksamhet. Statsministerns f\u00f6lje fr\u00e5gade oss om vi haft tidigare statsministerbes\u00f6k. S\u00e5vitt vi kunde minnas har det aldrig tidigare h\u00e4nt. Read More\" \/>\n<meta property=\"og:url\" content=\"https:\/\/wp.kristdemokraterna.se\/janstefanson\/storbesok-i-bro\/\" \/>\n<meta property=\"og:site_name\" content=\"Jan Stefanson\" \/>\n<meta property=\"article:published_time\" content=\"2017-02-11T09:01:31+00:00\" \/>\n<meta property=\"article:modified_time\" content=\"2017-02-12T08:35:10+00:00\" \/>\n<meta property=\"og:image\" content=\"http:\/\/wp.kristdemokraterna.se\/janstefanson\/files\/2017\/02\/img_0403-300x225.jpg\" \/>\n<meta name=\"author\" content=\"janstefanson\" \/>\n<meta name=\"twitter:card\" content=\"summary_large_image\" \/>\n<meta name=\"twitter:label1\" content=\"Skriven av\" \/>\n\t<meta name=\"twitter:data1\" content=\"janstefanson\" \/>\n\t<meta name=\"twitter:label2\" content=\"Ber\u00e4knad l\u00e4stid\" \/>\n\t<meta name=\"twitter:data2\" content=\"1 minut\" \/>\n<script type=\"application\/ld+json\" class=\"yoast-schema-graph\">{\"@context\":\"https:\\\/\\\/schema.org\",\"@graph\":[{\"@type\":\"Article\",\"@id\":\"https:\\\/\\\/wp.kristdemokraterna.se\\\/janstefanson\\\/storbesok-i-bro\\\/#article\",\"isPartOf\":{\"@id\":\"https:\\\/\\\/wp.kristdemokraterna.se\\\/janstefanson\\\/storbesok-i-bro\\\/\"},\"author\":{\"name\":\"janstefanson\",\"@id\":\"https:\\\/\\\/wp.kristdemokraterna.se\\\/janstefanson\\\/#\\\/schema\\\/person\\\/f8122372f46f49cffa0c02a57c89b40f\"},\"headline\":\"Storbes\u00f6k i Bro!\",\"datePublished\":\"2017-02-11T09:01:31+00:00\",\"dateModified\":\"2017-02-12T08:35:10+00:00\",\"mainEntityOfPage\":{\"@id\":\"https:\\\/\\\/wp.kristdemokraterna.se\\\/janstefanson\\\/storbesok-i-bro\\\/\"},\"wordCount\":294,\"image\":{\"@id\":\"https:\\\/\\\/wp.kristdemokraterna.se\\\/janstefanson\\\/storbesok-i-bro\\\/#primaryimage\"},\"thumbnailUrl\":\"http:\\\/\\\/wp.kristdemokraterna.se\\\/janstefanson\\\/files\\\/2017\\\/02\\\/img_0403-300x225.jpg\",\"inLanguage\":\"sv-SE\"},{\"@type\":\"WebPage\",\"@id\":\"https:\\\/\\\/wp.kristdemokraterna.se\\\/janstefanson\\\/storbesok-i-bro\\\/\",\"url\":\"https:\\\/\\\/wp.kristdemokraterna.se\\\/janstefanson\\\/storbesok-i-bro\\\/\",\"name\":\"Storbes\u00f6k i Bro! - Jan Stefanson\",\"isPartOf\":{\"@id\":\"https:\\\/\\\/wp.kristdemokraterna.se\\\/janstefanson\\\/#website\"},\"primaryImageOfPage\":{\"@id\":\"https:\\\/\\\/wp.kristdemokraterna.se\\\/janstefanson\\\/storbesok-i-bro\\\/#primaryimage\"},\"image\":{\"@id\":\"https:\\\/\\\/wp.kristdemokraterna.se\\\/janstefanson\\\/storbesok-i-bro\\\/#primaryimage\"},\"thumbnailUrl\":\"http:\\\/\\\/wp.kristdemokraterna.se\\\/janstefanson\\\/files\\\/2017\\\/02\\\/img_0403-300x225.jpg\",\"datePublished\":\"2017-02-11T09:01:31+00:00\",\"dateModified\":\"2017-02-12T08:35:10+00:00\",\"author\":{\"@id\":\"https:\\\/\\\/wp.kristdemokraterna.se\\\/janstefanson\\\/#\\\/schema\\\/person\\\/f8122372f46f49cffa0c02a57c89b40f\"},\"breadcrumb\":{\"@id\":\"https:\\\/\\\/wp.kristdemokraterna.se\\\/janstefanson\\\/storbesok-i-bro\\\/#breadcrumb\"},\"inLanguage\":\"sv-SE\",\"potentialAction\":[{\"@type\":\"ReadAction\",\"target\":[\"https:\\\/\\\/wp.kristdemokraterna.se\\\/janstefanson\\\/storbesok-i-bro\\\/\"]}]},{\"@type\":\"ImageObject\",\"inLanguage\":\"sv-SE\",\"@id\":\"https:\\\/\\\/wp.kristdemokraterna.se\\\/janstefanson\\\/storbesok-i-bro\\\/#primaryimage\",\"url\":\"https:\\\/\\\/wp.kristdemokraterna.se\\\/janstefanson\\\/files\\\/2017\\\/02\\\/img_0403.jpg\",\"contentUrl\":\"https:\\\/\\\/wp.kristdemokraterna.se\\\/janstefanson\\\/files\\\/2017\\\/02\\\/img_0403.jpg\",\"width\":1280,\"height\":960},{\"@type\":\"BreadcrumbList\",\"@id\":\"https:\\\/\\\/wp.kristdemokraterna.se\\\/janstefanson\\\/storbesok-i-bro\\\/#breadcrumb\",\"itemListElement\":[{\"@type\":\"ListItem\",\"position\":1,\"name\":\"Hem\",\"item\":\"https:\\\/\\\/wp.kristdemokraterna.se\\\/janstefanson\\\/\"},{\"@type\":\"ListItem\",\"position\":2,\"name\":\"Storbes\u00f6k i Bro!\"}]},{\"@type\":\"WebSite\",\"@id\":\"https:\\\/\\\/wp.kristdemokraterna.se\\\/janstefanson\\\/#website\",\"url\":\"https:\\\/\\\/wp.kristdemokraterna.se\\\/janstefanson\\\/\",\"name\":\"Jan Stefanson\",\"description\":\"En till Kristdemokraterna webbplats\",\"inLanguage\":\"sv-SE\"},{\"@type\":\"Person\",\"@id\":\"https:\\\/\\\/wp.kristdemokraterna.se\\\/janstefanson\\\/#\\\/schema\\\/person\\\/f8122372f46f49cffa0c02a57c89b40f\",\"name\":\"janstefanson\",\"image\":{\"@type\":\"ImageObject\",\"inLanguage\":\"sv-SE\",\"@id\":\"https:\\\/\\\/secure.gravatar.com\\\/avatar\\\/c8880da1e0ca1fb1fd99d661e99b32931e79d1537ef8441e71fc6630d4b6633c?s=96&r=g\",\"url\":\"https:\\\/\\\/secure.gravatar.com\\\/avatar\\\/c8880da1e0ca1fb1fd99d661e99b32931e79d1537ef8441e71fc6630d4b6633c?s=96&r=g\",\"contentUrl\":\"https:\\\/\\\/secure.gravatar.com\\\/avatar\\\/c8880da1e0ca1fb1fd99d661e99b32931e79d1537ef8441e71fc6630d4b6633c?s=96&r=g\",\"caption\":\"janstefanson\"},\"url\":\"https:\\\/\\\/wp.kristdemokraterna.se\\\/janstefanson\\\/author\\\/janstefanson\\\/\"}]}<\/script>\n<!-- \/ Yoast SEO plugin. -->","yoast_head_json":{"title":"Storbes\u00f6k i Bro! - Jan Stefanson","robots":{"index":"index","follow":"follow","max-snippet":"max-snippet:-1","max-image-preview":"max-image-preview:large","max-video-preview":"max-video-preview:-1"},"canonical":"https:\/\/wp.kristdemokraterna.se\/janstefanson\/storbesok-i-bro\/","og_locale":"sv_SE","og_type":"article","og_title":"Storbes\u00f6k i Bro! - Jan Stefanson","og_description":"I g\u00e5r var det storbes\u00f6k i Bro. Statsministern bes\u00f6kte tredjeklassare i Finnstaskolan och d\u00e4refter integrations-centret i Brohuset. Delegationen m\u00f6ttes upp av koalitionens ledare samt verksam-hetsledare\u00a0och kommundirekt\u00f6r. Det \u00e4r inte varje dag som v\u00e5ra verksamheter f\u00e5r motsvarande uppm\u00e4rksamhet. Statsministerns f\u00f6lje fr\u00e5gade oss om vi haft tidigare statsministerbes\u00f6k. S\u00e5vitt vi kunde minnas har det aldrig tidigare h\u00e4nt. Read More","og_url":"https:\/\/wp.kristdemokraterna.se\/janstefanson\/storbesok-i-bro\/","og_site_name":"Jan Stefanson","article_published_time":"2017-02-11T09:01:31+00:00","article_modified_time":"2017-02-12T08:35:10+00:00","og_image":[{"url":"http:\/\/wp.kristdemokraterna.se\/janstefanson\/files\/2017\/02\/img_0403-300x225.jpg","type":"","width":"","height":""}],"author":"janstefanson","twitter_card":"summary_large_image","twitter_misc":{"Skriven av":"janstefanson","Ber\u00e4knad l\u00e4stid":"1 minut"},"schema":{"@context":"https:\/\/schema.org","@graph":[{"@type":"Article","@id":"https:\/\/wp.kristdemokraterna.se\/janstefanson\/storbesok-i-bro\/#article","isPartOf":{"@id":"https:\/\/wp.kristdemokraterna.se\/janstefanson\/storbesok-i-bro\/"},"author":{"name":"janstefanson","@id":"https:\/\/wp.kristdemokraterna.se\/janstefanson\/#\/schema\/person\/f8122372f46f49cffa0c02a57c89b40f"},"headline":"Storbes\u00f6k i Bro!","datePublished":"2017-02-11T09:01:31+00:00","dateModified":"2017-02-12T08:35:10+00:00","mainEntityOfPage":{"@id":"https:\/\/wp.kristdemokraterna.se\/janstefanson\/storbesok-i-bro\/"},"wordCount":294,"image":{"@id":"https:\/\/wp.kristdemokraterna.se\/janstefanson\/storbesok-i-bro\/#primaryimage"},"thumbnailUrl":"http:\/\/wp.kristdemokraterna.se\/janstefanson\/files\/2017\/02\/img_0403-300x225.jpg","inLanguage":"sv-SE"},{"@type":"WebPage","@id":"https:\/\/wp.kristdemokraterna.se\/janstefanson\/storbesok-i-bro\/","url":"https:\/\/wp.kristdemokraterna.se\/janstefanson\/storbesok-i-bro\/","name":"Storbes\u00f6k i Bro! - Jan Stefanson","isPartOf":{"@id":"https:\/\/wp.kristdemokraterna.se\/janstefanson\/#website"},"primaryImageOfPage":{"@id":"https:\/\/wp.kristdemokraterna.se\/janstefanson\/storbesok-i-bro\/#primaryimage"},"image":{"@id":"https:\/\/wp.kristdemokraterna.se\/janstefanson\/storbesok-i-bro\/#primaryimage"},"thumbnailUrl":"http:\/\/wp.kristdemokraterna.se\/janstefanson\/files\/2017\/02\/img_0403-300x225.jpg","datePublished":"2017-02-11T09:01:31+00:00","dateModified":"2017-02-12T08:35:10+00:00","author":{"@id":"https:\/\/wp.kristdemokraterna.se\/janstefanson\/#\/schema\/person\/f8122372f46f49cffa0c02a57c89b40f"},"breadcrumb":{"@id":"https:\/\/wp.kristdemokraterna.se\/janstefanson\/storbesok-i-bro\/#breadcrumb"},"inLanguage":"sv-SE","potentialAction":[{"@type":"ReadAction","target":["https:\/\/wp.kristdemokraterna.se\/janstefanson\/storbesok-i-bro\/"]}]},{"@type":"ImageObject","inLanguage":"sv-SE","@id":"https:\/\/wp.kristdemokraterna.se\/janstefanson\/storbesok-i-bro\/#primaryimage","url":"https:\/\/wp.kristdemokraterna.se\/janstefanson\/files\/2017\/02\/img_0403.jpg","contentUrl":"https:\/\/wp.kristdemokraterna.se\/janstefanson\/files\/2017\/02\/img_0403.jpg","width":1280,"height":960},{"@type":"BreadcrumbList","@id":"https:\/\/wp.kristdemokraterna.se\/janstefanson\/storbesok-i-bro\/#breadcrumb","itemListElement":[{"@type":"ListItem","position":1,"name":"Hem","item":"https:\/\/wp.kristdemokraterna.se\/janstefanson\/"},{"@type":"ListItem","position":2,"name":"Storbes\u00f6k i Bro!"}]},{"@type":"WebSite","@id":"https:\/\/wp.kristdemokraterna.se\/janstefanson\/#website","url":"https:\/\/wp.kristdemokraterna.se\/janstefanson\/","name":"Jan Stefanson","description":"En till Kristdemokraterna webbplats","inLanguage":"sv-SE"},{"@type":"Person","@id":"https:\/\/wp.kristdemokraterna.se\/janstefanson\/#\/schema\/person\/f8122372f46f49cffa0c02a57c89b40f","name":"janstefanson","image":{"@type":"ImageObject","inLanguage":"sv-SE","@id":"https:\/\/secure.gravatar.com\/avatar\/c8880da1e0ca1fb1fd99d661e99b32931e79d1537ef8441e71fc6630d4b6633c?s=96&r=g","url":"https:\/\/secure.gravatar.com\/avatar\/c8880da1e0ca1fb1fd99d661e99b32931e79d1537ef8441e71fc6630d4b6633c?s=96&r=g","contentUrl":"https:\/\/secure.gravatar.com\/avatar\/c8880da1e0ca1fb1fd99d661e99b32931e79d1537ef8441e71fc6630d4b6633c?s=96&r=g","caption":"janstefanson"},"url":"https:\/\/wp.kristdemokraterna.se\/janstefanson\/author\/janstefanson\/"}]}},"_links":{"self":[{"href":"https:\/\/wp.kristdemokraterna.se\/janstefanson\/wp-json\/wp\/v2\/posts\/507","targetHints":{"allow":["GET"]}}],"collection":[{"href":"https:\/\/wp.kristdemokraterna.se\/janstefanson\/wp-json\/wp\/v2\/posts"}],"about":[{"href":"https:\/\/wp.kristdemokraterna.se\/janstefanson\/wp-json\/wp\/v2\/types\/post"}],"author":[{"embeddable":true,"href":"https:\/\/wp.kristdemokraterna.se\/janstefanson\/wp-json\/wp\/v2\/users\/530"}],"replies":[{"embeddable":true,"href":"https:\/\/wp.kristdemokraterna.se\/janstefanson\/wp-json\/wp\/v2\/comments?post=507"}],"version-history":[{"count":5,"href":"https:\/\/wp.kristdemokraterna.se\/janstefanson\/wp-json\/wp\/v2\/posts\/507\/revisions"}],"predecessor-version":[{"id":515,"href":"https:\/\/wp.kristdemokraterna.se\/janstefanson\/wp-json\/wp\/v2\/posts\/507\/revisions\/515"}],"wp:attachment":[{"href":"https:\/\/wp.kristdemokraterna.se\/janstefanson\/wp-json\/wp\/v2\/media?parent=507"}],"wp:term":[{"taxonomy":"category","embeddable":true,"href":"https:\/\/wp.kristdemokraterna.se\/janstefanson\/wp-json\/wp\/v2\/categories?post=507"},{"taxonomy":"post_tag","embeddable":true,"href":"https:\/\/wp.kristdemokraterna.se\/janstefanson\/wp-json\/wp\/v2\/tags?post=507"}],"curies":[{"name":"wp","href":"https:\/\/api.w.org\/{rel}","templated":true}]}}