{"id":522,"date":"2017-02-15T11:41:10","date_gmt":"2017-02-15T10:41:10","guid":{"rendered":"http:\/\/wp.kristdemokraterna.se\/janstefanson\/?p=522"},"modified":"2017-02-15T11:41:10","modified_gmt":"2017-02-15T10:41:10","slug":"2-steg-fram-1-bakat","status":"publish","type":"post","link":"https:\/\/wp.kristdemokraterna.se\/janstefanson\/2-steg-fram-1-bakat\/","title":{"rendered":"2 steg fram 1 bak\u00e5t&#8230;"},"content":{"rendered":"<p>Visst \u00e4r det kul n\u00e4r alla steg man tar b\u00e4r fram\u00e5t, men likafullt blir det med j\u00e4mna mellanrum ett och annat stopp och till och med n\u00e5got steg bak\u00e5t. Frustrerande!<\/p>\n<p>Detta g\u00e4ller inte minst nystart av flerfamiljsbost\u00e4der. Planarbeten kan ha m\u00e5nga \u00e5rs beredning p\u00e5 olika niv\u00e5er och f\u00e5 olika skepnader under tid och bli sv\u00e5rgenomf\u00f6rda n\u00e4r de \u00e4r n\u00e4stintill klara att antas. Inte minst g\u00e4ller det n\u00e4r vi som nu lever i en \u00f6verhettad region avseende byggnationer.<\/p>\n<p>Vi vill se resultat nu!<\/p>\n<p>Men det \u00e4r inte m\u00f6jligt i den utstr\u00e4ckning vi \u00f6nskar. Hur g\u00f6r man d\u00e5?<\/p>\n<p>Vi vrider och v\u00e4nder p\u00e5 alla stenar f\u00f6r att f\u00e5 det vi vill men inser ibland att tidsfaktorn \u00e4r dominant.<\/p>\n<p>R\u00e4tten att <strong>\u00f6verklaga<\/strong> kan vi inte g\u00f6ra\u00a0mycket \u00e5t. Byggherrens ekonomiska <strong>kalkyler<\/strong> m\u00e5ste &#8221;g\u00e5 ihop&#8221; med f\u00f6rv\u00e4ntade kostnader. <strong>Marknaden<\/strong> m\u00e5ste vara intresserad att k\u00f6pa eller hyra. <strong>Personal<\/strong> m\u00e5ste finnas i alla led f\u00f6r att ta fram planer och exploateringsavtal. <strong>Politikerna<\/strong> m\u00e5ste s\u00e4ga ja!<\/p>\n<p>Av dessa fem \u00e4r \u00e5tminstone ett oftast l\u00f6st och vill fram\u00e5t!<\/p>\n<p>&nbsp;<\/p>\n","protected":false},"excerpt":{"rendered":"<p>Visst \u00e4r det kul n\u00e4r alla steg man tar b\u00e4r fram\u00e5t, men likafullt blir det med j\u00e4mna mellanrum ett och annat stopp och till och med n\u00e5got steg bak\u00e5t. Frustrerande! Detta g\u00e4ller inte minst nystart av flerfamiljsbost\u00e4der. Planarbeten kan ha m\u00e5nga \u00e5rs beredning p\u00e5 olika niv\u00e5er och f\u00e5 olika skepnader under tid och bli sv\u00e5rgenomf\u00f6rda <a class=\"read-more-link\" href=\"https:\/\/wp.kristdemokraterna.se\/janstefanson\/2-steg-fram-1-bakat\/\">Read More<\/a><\/p>\n","protected":false},"author":530,"featured_media":0,"comment_status":"closed","ping_status":"closed","sticky":false,"template":"","format":"standard","meta":{"_acf_changed":false,"footnotes":""},"categories":[1],"tags":[],"class_list":["post-522","post","type-post","status-publish","format-standard","hentry","category-okategoriserade"],"acf":[],"yoast_head":"<!-- This site is optimized with the Yoast SEO plugin v27.4 - https:\/\/yoast.com\/product\/yoast-seo-wordpress\/ -->\n<title>2 steg fram 1 bak\u00e5t... - Jan Stefanson<\/title>\n<meta name=\"robots\" content=\"index, follow, max-snippet:-1, max-image-preview:large, max-video-preview:-1\" \/>\n<link rel=\"canonical\" href=\"https:\/\/wp.kristdemokraterna.se\/janstefanson\/2-steg-fram-1-bakat\/\" \/>\n<meta property=\"og:locale\" content=\"sv_SE\" \/>\n<meta property=\"og:type\" content=\"article\" \/>\n<meta property=\"og:title\" content=\"2 steg fram 1 bak\u00e5t... - Jan Stefanson\" \/>\n<meta property=\"og:description\" content=\"Visst \u00e4r det kul n\u00e4r alla steg man tar b\u00e4r fram\u00e5t, men likafullt blir det med j\u00e4mna mellanrum ett och annat stopp och till och med n\u00e5got steg bak\u00e5t. Frustrerande! Detta g\u00e4ller inte minst nystart av flerfamiljsbost\u00e4der. Planarbeten kan ha m\u00e5nga \u00e5rs beredning p\u00e5 olika niv\u00e5er och f\u00e5 olika skepnader under tid och bli sv\u00e5rgenomf\u00f6rda Read More\" \/>\n<meta property=\"og:url\" content=\"https:\/\/wp.kristdemokraterna.se\/janstefanson\/2-steg-fram-1-bakat\/\" \/>\n<meta property=\"og:site_name\" content=\"Jan Stefanson\" \/>\n<meta property=\"article:published_time\" content=\"2017-02-15T10:41:10+00:00\" \/>\n<meta name=\"author\" content=\"janstefanson\" \/>\n<meta name=\"twitter:card\" content=\"summary_large_image\" \/>\n<meta name=\"twitter:label1\" content=\"Skriven av\" \/>\n\t<meta name=\"twitter:data1\" content=\"janstefanson\" \/>\n\t<meta name=\"twitter:label2\" content=\"Ber\u00e4knad l\u00e4stid\" \/>\n\t<meta name=\"twitter:data2\" content=\"1 minut\" \/>\n<script type=\"application\/ld+json\" class=\"yoast-schema-graph\">{\"@context\":\"https:\\\/\\\/schema.org\",\"@graph\":[{\"@type\":\"Article\",\"@id\":\"https:\\\/\\\/wp.kristdemokraterna.se\\\/janstefanson\\\/2-steg-fram-1-bakat\\\/#article\",\"isPartOf\":{\"@id\":\"https:\\\/\\\/wp.kristdemokraterna.se\\\/janstefanson\\\/2-steg-fram-1-bakat\\\/\"},\"author\":{\"name\":\"janstefanson\",\"@id\":\"https:\\\/\\\/wp.kristdemokraterna.se\\\/janstefanson\\\/#\\\/schema\\\/person\\\/f8122372f46f49cffa0c02a57c89b40f\"},\"headline\":\"2 steg fram 1 bak\u00e5t&#8230;\",\"datePublished\":\"2017-02-15T10:41:10+00:00\",\"mainEntityOfPage\":{\"@id\":\"https:\\\/\\\/wp.kristdemokraterna.se\\\/janstefanson\\\/2-steg-fram-1-bakat\\\/\"},\"wordCount\":209,\"inLanguage\":\"sv-SE\"},{\"@type\":\"WebPage\",\"@id\":\"https:\\\/\\\/wp.kristdemokraterna.se\\\/janstefanson\\\/2-steg-fram-1-bakat\\\/\",\"url\":\"https:\\\/\\\/wp.kristdemokraterna.se\\\/janstefanson\\\/2-steg-fram-1-bakat\\\/\",\"name\":\"2 steg fram 1 bak\u00e5t... - Jan Stefanson\",\"isPartOf\":{\"@id\":\"https:\\\/\\\/wp.kristdemokraterna.se\\\/janstefanson\\\/#website\"},\"datePublished\":\"2017-02-15T10:41:10+00:00\",\"author\":{\"@id\":\"https:\\\/\\\/wp.kristdemokraterna.se\\\/janstefanson\\\/#\\\/schema\\\/person\\\/f8122372f46f49cffa0c02a57c89b40f\"},\"breadcrumb\":{\"@id\":\"https:\\\/\\\/wp.kristdemokraterna.se\\\/janstefanson\\\/2-steg-fram-1-bakat\\\/#breadcrumb\"},\"inLanguage\":\"sv-SE\",\"potentialAction\":[{\"@type\":\"ReadAction\",\"target\":[\"https:\\\/\\\/wp.kristdemokraterna.se\\\/janstefanson\\\/2-steg-fram-1-bakat\\\/\"]}]},{\"@type\":\"BreadcrumbList\",\"@id\":\"https:\\\/\\\/wp.kristdemokraterna.se\\\/janstefanson\\\/2-steg-fram-1-bakat\\\/#breadcrumb\",\"itemListElement\":[{\"@type\":\"ListItem\",\"position\":1,\"name\":\"Hem\",\"item\":\"https:\\\/\\\/wp.kristdemokraterna.se\\\/janstefanson\\\/\"},{\"@type\":\"ListItem\",\"position\":2,\"name\":\"2 steg fram 1 bak\u00e5t&#8230;\"}]},{\"@type\":\"WebSite\",\"@id\":\"https:\\\/\\\/wp.kristdemokraterna.se\\\/janstefanson\\\/#website\",\"url\":\"https:\\\/\\\/wp.kristdemokraterna.se\\\/janstefanson\\\/\",\"name\":\"Jan Stefanson\",\"description\":\"En till Kristdemokraterna webbplats\",\"inLanguage\":\"sv-SE\"},{\"@type\":\"Person\",\"@id\":\"https:\\\/\\\/wp.kristdemokraterna.se\\\/janstefanson\\\/#\\\/schema\\\/person\\\/f8122372f46f49cffa0c02a57c89b40f\",\"name\":\"janstefanson\",\"image\":{\"@type\":\"ImageObject\",\"inLanguage\":\"sv-SE\",\"@id\":\"https:\\\/\\\/secure.gravatar.com\\\/avatar\\\/c8880da1e0ca1fb1fd99d661e99b32931e79d1537ef8441e71fc6630d4b6633c?s=96&r=g\",\"url\":\"https:\\\/\\\/secure.gravatar.com\\\/avatar\\\/c8880da1e0ca1fb1fd99d661e99b32931e79d1537ef8441e71fc6630d4b6633c?s=96&r=g\",\"contentUrl\":\"https:\\\/\\\/secure.gravatar.com\\\/avatar\\\/c8880da1e0ca1fb1fd99d661e99b32931e79d1537ef8441e71fc6630d4b6633c?s=96&r=g\",\"caption\":\"janstefanson\"},\"url\":\"https:\\\/\\\/wp.kristdemokraterna.se\\\/janstefanson\\\/author\\\/janstefanson\\\/\"}]}<\/script>\n<!-- \/ Yoast SEO plugin. -->","yoast_head_json":{"title":"2 steg fram 1 bak\u00e5t... - Jan Stefanson","robots":{"index":"index","follow":"follow","max-snippet":"max-snippet:-1","max-image-preview":"max-image-preview:large","max-video-preview":"max-video-preview:-1"},"canonical":"https:\/\/wp.kristdemokraterna.se\/janstefanson\/2-steg-fram-1-bakat\/","og_locale":"sv_SE","og_type":"article","og_title":"2 steg fram 1 bak\u00e5t... - Jan Stefanson","og_description":"Visst \u00e4r det kul n\u00e4r alla steg man tar b\u00e4r fram\u00e5t, men likafullt blir det med j\u00e4mna mellanrum ett och annat stopp och till och med n\u00e5got steg bak\u00e5t. Frustrerande! Detta g\u00e4ller inte minst nystart av flerfamiljsbost\u00e4der. Planarbeten kan ha m\u00e5nga \u00e5rs beredning p\u00e5 olika niv\u00e5er och f\u00e5 olika skepnader under tid och bli sv\u00e5rgenomf\u00f6rda Read More","og_url":"https:\/\/wp.kristdemokraterna.se\/janstefanson\/2-steg-fram-1-bakat\/","og_site_name":"Jan Stefanson","article_published_time":"2017-02-15T10:41:10+00:00","author":"janstefanson","twitter_card":"summary_large_image","twitter_misc":{"Skriven av":"janstefanson","Ber\u00e4knad l\u00e4stid":"1 minut"},"schema":{"@context":"https:\/\/schema.org","@graph":[{"@type":"Article","@id":"https:\/\/wp.kristdemokraterna.se\/janstefanson\/2-steg-fram-1-bakat\/#article","isPartOf":{"@id":"https:\/\/wp.kristdemokraterna.se\/janstefanson\/2-steg-fram-1-bakat\/"},"author":{"name":"janstefanson","@id":"https:\/\/wp.kristdemokraterna.se\/janstefanson\/#\/schema\/person\/f8122372f46f49cffa0c02a57c89b40f"},"headline":"2 steg fram 1 bak\u00e5t&#8230;","datePublished":"2017-02-15T10:41:10+00:00","mainEntityOfPage":{"@id":"https:\/\/wp.kristdemokraterna.se\/janstefanson\/2-steg-fram-1-bakat\/"},"wordCount":209,"inLanguage":"sv-SE"},{"@type":"WebPage","@id":"https:\/\/wp.kristdemokraterna.se\/janstefanson\/2-steg-fram-1-bakat\/","url":"https:\/\/wp.kristdemokraterna.se\/janstefanson\/2-steg-fram-1-bakat\/","name":"2 steg fram 1 bak\u00e5t... - Jan Stefanson","isPartOf":{"@id":"https:\/\/wp.kristdemokraterna.se\/janstefanson\/#website"},"datePublished":"2017-02-15T10:41:10+00:00","author":{"@id":"https:\/\/wp.kristdemokraterna.se\/janstefanson\/#\/schema\/person\/f8122372f46f49cffa0c02a57c89b40f"},"breadcrumb":{"@id":"https:\/\/wp.kristdemokraterna.se\/janstefanson\/2-steg-fram-1-bakat\/#breadcrumb"},"inLanguage":"sv-SE","potentialAction":[{"@type":"ReadAction","target":["https:\/\/wp.kristdemokraterna.se\/janstefanson\/2-steg-fram-1-bakat\/"]}]},{"@type":"BreadcrumbList","@id":"https:\/\/wp.kristdemokraterna.se\/janstefanson\/2-steg-fram-1-bakat\/#breadcrumb","itemListElement":[{"@type":"ListItem","position":1,"name":"Hem","item":"https:\/\/wp.kristdemokraterna.se\/janstefanson\/"},{"@type":"ListItem","position":2,"name":"2 steg fram 1 bak\u00e5t&#8230;"}]},{"@type":"WebSite","@id":"https:\/\/wp.kristdemokraterna.se\/janstefanson\/#website","url":"https:\/\/wp.kristdemokraterna.se\/janstefanson\/","name":"Jan Stefanson","description":"En till Kristdemokraterna webbplats","inLanguage":"sv-SE"},{"@type":"Person","@id":"https:\/\/wp.kristdemokraterna.se\/janstefanson\/#\/schema\/person\/f8122372f46f49cffa0c02a57c89b40f","name":"janstefanson","image":{"@type":"ImageObject","inLanguage":"sv-SE","@id":"https:\/\/secure.gravatar.com\/avatar\/c8880da1e0ca1fb1fd99d661e99b32931e79d1537ef8441e71fc6630d4b6633c?s=96&r=g","url":"https:\/\/secure.gravatar.com\/avatar\/c8880da1e0ca1fb1fd99d661e99b32931e79d1537ef8441e71fc6630d4b6633c?s=96&r=g","contentUrl":"https:\/\/secure.gravatar.com\/avatar\/c8880da1e0ca1fb1fd99d661e99b32931e79d1537ef8441e71fc6630d4b6633c?s=96&r=g","caption":"janstefanson"},"url":"https:\/\/wp.kristdemokraterna.se\/janstefanson\/author\/janstefanson\/"}]}},"_links":{"self":[{"href":"https:\/\/wp.kristdemokraterna.se\/janstefanson\/wp-json\/wp\/v2\/posts\/522","targetHints":{"allow":["GET"]}}],"collection":[{"href":"https:\/\/wp.kristdemokraterna.se\/janstefanson\/wp-json\/wp\/v2\/posts"}],"about":[{"href":"https:\/\/wp.kristdemokraterna.se\/janstefanson\/wp-json\/wp\/v2\/types\/post"}],"author":[{"embeddable":true,"href":"https:\/\/wp.kristdemokraterna.se\/janstefanson\/wp-json\/wp\/v2\/users\/530"}],"replies":[{"embeddable":true,"href":"https:\/\/wp.kristdemokraterna.se\/janstefanson\/wp-json\/wp\/v2\/comments?post=522"}],"version-history":[{"count":1,"href":"https:\/\/wp.kristdemokraterna.se\/janstefanson\/wp-json\/wp\/v2\/posts\/522\/revisions"}],"predecessor-version":[{"id":523,"href":"https:\/\/wp.kristdemokraterna.se\/janstefanson\/wp-json\/wp\/v2\/posts\/522\/revisions\/523"}],"wp:attachment":[{"href":"https:\/\/wp.kristdemokraterna.se\/janstefanson\/wp-json\/wp\/v2\/media?parent=522"}],"wp:term":[{"taxonomy":"category","embeddable":true,"href":"https:\/\/wp.kristdemokraterna.se\/janstefanson\/wp-json\/wp\/v2\/categories?post=522"},{"taxonomy":"post_tag","embeddable":true,"href":"https:\/\/wp.kristdemokraterna.se\/janstefanson\/wp-json\/wp\/v2\/tags?post=522"}],"curies":[{"name":"wp","href":"https:\/\/api.w.org\/{rel}","templated":true}]}}