{"id":531,"date":"2017-02-21T19:00:36","date_gmt":"2017-02-21T18:00:36","guid":{"rendered":"http:\/\/wp.kristdemokraterna.se\/janstefanson\/?p=531"},"modified":"2017-02-21T19:00:36","modified_gmt":"2017-02-21T18:00:36","slug":"ringvagen-antagen-efter-atta-ar","status":"publish","type":"post","link":"https:\/\/wp.kristdemokraterna.se\/janstefanson\/ringvagen-antagen-efter-atta-ar\/","title":{"rendered":"Ringv\u00e4gen antagen efter \u00e5tta \u00e5r"},"content":{"rendered":"<p>I g\u00e5r antogs detaljplanen f\u00f6r Ringv\u00e4gen del 2. Det har tagit drygt \u00e5tta \u00e5r fr\u00e5n planuppdrag till antagande. Detta \u00e4r inget att skryta om men framst\u00e5r \u00e4nd\u00e5 som en vinst f\u00f6r alla bostadsk\u00f6ande. Oppositionspartierna M, L och SD var inte med p\u00e5 beslutet. De yrkade p\u00e5 \u00e5terremiss men f\u00f6rlorade stort med r\u00f6stsiffrorna 23 mot 13.<\/p>\n<p>Detta \u00e5sk\u00e5dligg\u00f6r v\u00e4ldigt tydligt skillnaden mellan att vara en del av den styrande majoriteten eller att vara i opposition. Som ledande f\u00f6retr\u00e4dare m\u00e5ste man v\u00e4ga f\u00f6rdelar mot nackdelar p\u00e5 guldv\u00e5g och slutligen best\u00e4mma sig. I opposition kan man l\u00e5ta bli att v\u00e4ga f\u00f6r och mot och f\u00f6ra p\u00e5 andra att best\u00e4mma. S\u00e5dan \u00e4r politiken!<\/p>\n<p>Nu tillh\u00f6r jag den glada skaran som vill se att Kungs\u00e4ngens centrala delar utvecklas s\u00e5 detta \u00e4r en forts\u00e4ttning p\u00e5 det som p\u00e5b\u00f6rjades i den f\u00f6rsta planen.<\/p>\n<p>&nbsp;<\/p>\n","protected":false},"excerpt":{"rendered":"<p>I g\u00e5r antogs detaljplanen f\u00f6r Ringv\u00e4gen del 2. Det har tagit drygt \u00e5tta \u00e5r fr\u00e5n planuppdrag till antagande. Detta \u00e4r inget att skryta om men framst\u00e5r \u00e4nd\u00e5 som en vinst f\u00f6r alla bostadsk\u00f6ande. Oppositionspartierna M, L och SD var inte med p\u00e5 beslutet. De yrkade p\u00e5 \u00e5terremiss men f\u00f6rlorade stort med r\u00f6stsiffrorna 23 mot 13. <a class=\"read-more-link\" href=\"https:\/\/wp.kristdemokraterna.se\/janstefanson\/ringvagen-antagen-efter-atta-ar\/\">Read More<\/a><\/p>\n","protected":false},"author":530,"featured_media":0,"comment_status":"closed","ping_status":"closed","sticky":false,"template":"","format":"standard","meta":{"_acf_changed":false,"footnotes":""},"categories":[1],"tags":[],"class_list":["post-531","post","type-post","status-publish","format-standard","hentry","category-okategoriserade"],"acf":[],"yoast_head":"<!-- This site is optimized with the Yoast SEO plugin v27.4 - https:\/\/yoast.com\/product\/yoast-seo-wordpress\/ -->\n<title>Ringv\u00e4gen antagen efter \u00e5tta \u00e5r - Jan Stefanson<\/title>\n<meta name=\"robots\" content=\"index, follow, max-snippet:-1, max-image-preview:large, max-video-preview:-1\" \/>\n<link rel=\"canonical\" href=\"https:\/\/wp.kristdemokraterna.se\/janstefanson\/ringvagen-antagen-efter-atta-ar\/\" \/>\n<meta property=\"og:locale\" content=\"sv_SE\" \/>\n<meta property=\"og:type\" content=\"article\" \/>\n<meta property=\"og:title\" content=\"Ringv\u00e4gen antagen efter \u00e5tta \u00e5r - Jan Stefanson\" \/>\n<meta property=\"og:description\" content=\"I g\u00e5r antogs detaljplanen f\u00f6r Ringv\u00e4gen del 2. Det har tagit drygt \u00e5tta \u00e5r fr\u00e5n planuppdrag till antagande. Detta \u00e4r inget att skryta om men framst\u00e5r \u00e4nd\u00e5 som en vinst f\u00f6r alla bostadsk\u00f6ande. Oppositionspartierna M, L och SD var inte med p\u00e5 beslutet. De yrkade p\u00e5 \u00e5terremiss men f\u00f6rlorade stort med r\u00f6stsiffrorna 23 mot 13. Read More\" \/>\n<meta property=\"og:url\" content=\"https:\/\/wp.kristdemokraterna.se\/janstefanson\/ringvagen-antagen-efter-atta-ar\/\" \/>\n<meta property=\"og:site_name\" content=\"Jan Stefanson\" \/>\n<meta property=\"article:published_time\" content=\"2017-02-21T18:00:36+00:00\" \/>\n<meta name=\"author\" content=\"janstefanson\" \/>\n<meta name=\"twitter:card\" content=\"summary_large_image\" \/>\n<meta name=\"twitter:label1\" content=\"Skriven av\" \/>\n\t<meta name=\"twitter:data1\" content=\"janstefanson\" \/>\n\t<meta name=\"twitter:label2\" content=\"Ber\u00e4knad l\u00e4stid\" \/>\n\t<meta name=\"twitter:data2\" content=\"1 minut\" \/>\n<script type=\"application\/ld+json\" class=\"yoast-schema-graph\">{\"@context\":\"https:\\\/\\\/schema.org\",\"@graph\":[{\"@type\":\"Article\",\"@id\":\"https:\\\/\\\/wp.kristdemokraterna.se\\\/janstefanson\\\/ringvagen-antagen-efter-atta-ar\\\/#article\",\"isPartOf\":{\"@id\":\"https:\\\/\\\/wp.kristdemokraterna.se\\\/janstefanson\\\/ringvagen-antagen-efter-atta-ar\\\/\"},\"author\":{\"name\":\"janstefanson\",\"@id\":\"https:\\\/\\\/wp.kristdemokraterna.se\\\/janstefanson\\\/#\\\/schema\\\/person\\\/f8122372f46f49cffa0c02a57c89b40f\"},\"headline\":\"Ringv\u00e4gen antagen efter \u00e5tta \u00e5r\",\"datePublished\":\"2017-02-21T18:00:36+00:00\",\"mainEntityOfPage\":{\"@id\":\"https:\\\/\\\/wp.kristdemokraterna.se\\\/janstefanson\\\/ringvagen-antagen-efter-atta-ar\\\/\"},\"wordCount\":171,\"inLanguage\":\"sv-SE\"},{\"@type\":\"WebPage\",\"@id\":\"https:\\\/\\\/wp.kristdemokraterna.se\\\/janstefanson\\\/ringvagen-antagen-efter-atta-ar\\\/\",\"url\":\"https:\\\/\\\/wp.kristdemokraterna.se\\\/janstefanson\\\/ringvagen-antagen-efter-atta-ar\\\/\",\"name\":\"Ringv\u00e4gen antagen efter \u00e5tta \u00e5r - Jan Stefanson\",\"isPartOf\":{\"@id\":\"https:\\\/\\\/wp.kristdemokraterna.se\\\/janstefanson\\\/#website\"},\"datePublished\":\"2017-02-21T18:00:36+00:00\",\"author\":{\"@id\":\"https:\\\/\\\/wp.kristdemokraterna.se\\\/janstefanson\\\/#\\\/schema\\\/person\\\/f8122372f46f49cffa0c02a57c89b40f\"},\"breadcrumb\":{\"@id\":\"https:\\\/\\\/wp.kristdemokraterna.se\\\/janstefanson\\\/ringvagen-antagen-efter-atta-ar\\\/#breadcrumb\"},\"inLanguage\":\"sv-SE\",\"potentialAction\":[{\"@type\":\"ReadAction\",\"target\":[\"https:\\\/\\\/wp.kristdemokraterna.se\\\/janstefanson\\\/ringvagen-antagen-efter-atta-ar\\\/\"]}]},{\"@type\":\"BreadcrumbList\",\"@id\":\"https:\\\/\\\/wp.kristdemokraterna.se\\\/janstefanson\\\/ringvagen-antagen-efter-atta-ar\\\/#breadcrumb\",\"itemListElement\":[{\"@type\":\"ListItem\",\"position\":1,\"name\":\"Hem\",\"item\":\"https:\\\/\\\/wp.kristdemokraterna.se\\\/janstefanson\\\/\"},{\"@type\":\"ListItem\",\"position\":2,\"name\":\"Ringv\u00e4gen antagen efter \u00e5tta \u00e5r\"}]},{\"@type\":\"WebSite\",\"@id\":\"https:\\\/\\\/wp.kristdemokraterna.se\\\/janstefanson\\\/#website\",\"url\":\"https:\\\/\\\/wp.kristdemokraterna.se\\\/janstefanson\\\/\",\"name\":\"Jan Stefanson\",\"description\":\"En till Kristdemokraterna webbplats\",\"inLanguage\":\"sv-SE\"},{\"@type\":\"Person\",\"@id\":\"https:\\\/\\\/wp.kristdemokraterna.se\\\/janstefanson\\\/#\\\/schema\\\/person\\\/f8122372f46f49cffa0c02a57c89b40f\",\"name\":\"janstefanson\",\"image\":{\"@type\":\"ImageObject\",\"inLanguage\":\"sv-SE\",\"@id\":\"https:\\\/\\\/secure.gravatar.com\\\/avatar\\\/c8880da1e0ca1fb1fd99d661e99b32931e79d1537ef8441e71fc6630d4b6633c?s=96&r=g\",\"url\":\"https:\\\/\\\/secure.gravatar.com\\\/avatar\\\/c8880da1e0ca1fb1fd99d661e99b32931e79d1537ef8441e71fc6630d4b6633c?s=96&r=g\",\"contentUrl\":\"https:\\\/\\\/secure.gravatar.com\\\/avatar\\\/c8880da1e0ca1fb1fd99d661e99b32931e79d1537ef8441e71fc6630d4b6633c?s=96&r=g\",\"caption\":\"janstefanson\"},\"url\":\"https:\\\/\\\/wp.kristdemokraterna.se\\\/janstefanson\\\/author\\\/janstefanson\\\/\"}]}<\/script>\n<!-- \/ Yoast SEO plugin. -->","yoast_head_json":{"title":"Ringv\u00e4gen antagen efter \u00e5tta \u00e5r - Jan Stefanson","robots":{"index":"index","follow":"follow","max-snippet":"max-snippet:-1","max-image-preview":"max-image-preview:large","max-video-preview":"max-video-preview:-1"},"canonical":"https:\/\/wp.kristdemokraterna.se\/janstefanson\/ringvagen-antagen-efter-atta-ar\/","og_locale":"sv_SE","og_type":"article","og_title":"Ringv\u00e4gen antagen efter \u00e5tta \u00e5r - Jan Stefanson","og_description":"I g\u00e5r antogs detaljplanen f\u00f6r Ringv\u00e4gen del 2. Det har tagit drygt \u00e5tta \u00e5r fr\u00e5n planuppdrag till antagande. Detta \u00e4r inget att skryta om men framst\u00e5r \u00e4nd\u00e5 som en vinst f\u00f6r alla bostadsk\u00f6ande. Oppositionspartierna M, L och SD var inte med p\u00e5 beslutet. De yrkade p\u00e5 \u00e5terremiss men f\u00f6rlorade stort med r\u00f6stsiffrorna 23 mot 13. Read More","og_url":"https:\/\/wp.kristdemokraterna.se\/janstefanson\/ringvagen-antagen-efter-atta-ar\/","og_site_name":"Jan Stefanson","article_published_time":"2017-02-21T18:00:36+00:00","author":"janstefanson","twitter_card":"summary_large_image","twitter_misc":{"Skriven av":"janstefanson","Ber\u00e4knad l\u00e4stid":"1 minut"},"schema":{"@context":"https:\/\/schema.org","@graph":[{"@type":"Article","@id":"https:\/\/wp.kristdemokraterna.se\/janstefanson\/ringvagen-antagen-efter-atta-ar\/#article","isPartOf":{"@id":"https:\/\/wp.kristdemokraterna.se\/janstefanson\/ringvagen-antagen-efter-atta-ar\/"},"author":{"name":"janstefanson","@id":"https:\/\/wp.kristdemokraterna.se\/janstefanson\/#\/schema\/person\/f8122372f46f49cffa0c02a57c89b40f"},"headline":"Ringv\u00e4gen antagen efter \u00e5tta \u00e5r","datePublished":"2017-02-21T18:00:36+00:00","mainEntityOfPage":{"@id":"https:\/\/wp.kristdemokraterna.se\/janstefanson\/ringvagen-antagen-efter-atta-ar\/"},"wordCount":171,"inLanguage":"sv-SE"},{"@type":"WebPage","@id":"https:\/\/wp.kristdemokraterna.se\/janstefanson\/ringvagen-antagen-efter-atta-ar\/","url":"https:\/\/wp.kristdemokraterna.se\/janstefanson\/ringvagen-antagen-efter-atta-ar\/","name":"Ringv\u00e4gen antagen efter \u00e5tta \u00e5r - Jan Stefanson","isPartOf":{"@id":"https:\/\/wp.kristdemokraterna.se\/janstefanson\/#website"},"datePublished":"2017-02-21T18:00:36+00:00","author":{"@id":"https:\/\/wp.kristdemokraterna.se\/janstefanson\/#\/schema\/person\/f8122372f46f49cffa0c02a57c89b40f"},"breadcrumb":{"@id":"https:\/\/wp.kristdemokraterna.se\/janstefanson\/ringvagen-antagen-efter-atta-ar\/#breadcrumb"},"inLanguage":"sv-SE","potentialAction":[{"@type":"ReadAction","target":["https:\/\/wp.kristdemokraterna.se\/janstefanson\/ringvagen-antagen-efter-atta-ar\/"]}]},{"@type":"BreadcrumbList","@id":"https:\/\/wp.kristdemokraterna.se\/janstefanson\/ringvagen-antagen-efter-atta-ar\/#breadcrumb","itemListElement":[{"@type":"ListItem","position":1,"name":"Hem","item":"https:\/\/wp.kristdemokraterna.se\/janstefanson\/"},{"@type":"ListItem","position":2,"name":"Ringv\u00e4gen antagen efter \u00e5tta \u00e5r"}]},{"@type":"WebSite","@id":"https:\/\/wp.kristdemokraterna.se\/janstefanson\/#website","url":"https:\/\/wp.kristdemokraterna.se\/janstefanson\/","name":"Jan Stefanson","description":"En till Kristdemokraterna webbplats","inLanguage":"sv-SE"},{"@type":"Person","@id":"https:\/\/wp.kristdemokraterna.se\/janstefanson\/#\/schema\/person\/f8122372f46f49cffa0c02a57c89b40f","name":"janstefanson","image":{"@type":"ImageObject","inLanguage":"sv-SE","@id":"https:\/\/secure.gravatar.com\/avatar\/c8880da1e0ca1fb1fd99d661e99b32931e79d1537ef8441e71fc6630d4b6633c?s=96&r=g","url":"https:\/\/secure.gravatar.com\/avatar\/c8880da1e0ca1fb1fd99d661e99b32931e79d1537ef8441e71fc6630d4b6633c?s=96&r=g","contentUrl":"https:\/\/secure.gravatar.com\/avatar\/c8880da1e0ca1fb1fd99d661e99b32931e79d1537ef8441e71fc6630d4b6633c?s=96&r=g","caption":"janstefanson"},"url":"https:\/\/wp.kristdemokraterna.se\/janstefanson\/author\/janstefanson\/"}]}},"_links":{"self":[{"href":"https:\/\/wp.kristdemokraterna.se\/janstefanson\/wp-json\/wp\/v2\/posts\/531","targetHints":{"allow":["GET"]}}],"collection":[{"href":"https:\/\/wp.kristdemokraterna.se\/janstefanson\/wp-json\/wp\/v2\/posts"}],"about":[{"href":"https:\/\/wp.kristdemokraterna.se\/janstefanson\/wp-json\/wp\/v2\/types\/post"}],"author":[{"embeddable":true,"href":"https:\/\/wp.kristdemokraterna.se\/janstefanson\/wp-json\/wp\/v2\/users\/530"}],"replies":[{"embeddable":true,"href":"https:\/\/wp.kristdemokraterna.se\/janstefanson\/wp-json\/wp\/v2\/comments?post=531"}],"version-history":[{"count":1,"href":"https:\/\/wp.kristdemokraterna.se\/janstefanson\/wp-json\/wp\/v2\/posts\/531\/revisions"}],"predecessor-version":[{"id":532,"href":"https:\/\/wp.kristdemokraterna.se\/janstefanson\/wp-json\/wp\/v2\/posts\/531\/revisions\/532"}],"wp:attachment":[{"href":"https:\/\/wp.kristdemokraterna.se\/janstefanson\/wp-json\/wp\/v2\/media?parent=531"}],"wp:term":[{"taxonomy":"category","embeddable":true,"href":"https:\/\/wp.kristdemokraterna.se\/janstefanson\/wp-json\/wp\/v2\/categories?post=531"},{"taxonomy":"post_tag","embeddable":true,"href":"https:\/\/wp.kristdemokraterna.se\/janstefanson\/wp-json\/wp\/v2\/tags?post=531"}],"curies":[{"name":"wp","href":"https:\/\/api.w.org\/{rel}","templated":true}]}}