{"id":552,"date":"2017-03-15T09:41:03","date_gmt":"2017-03-15T08:41:03","guid":{"rendered":"http:\/\/wp.kristdemokraterna.se\/janstefanson\/?p=552"},"modified":"2017-03-15T09:44:02","modified_gmt":"2017-03-15T08:44:02","slug":"manuell-rakning","status":"publish","type":"post","link":"https:\/\/wp.kristdemokraterna.se\/janstefanson\/manuell-rakning\/","title":{"rendered":"Manuell r\u00e4kning&#8230;"},"content":{"rendered":"<p>Nederl\u00e4nderna har val idag. Det visar sig att den r\u00e4kning av r\u00f6sterna som \u00e4r t\u00e4nkt att sk\u00f6tas digitalt inte \u00e4r tillf\u00f6rlitlig. Det tog en kv\u00e4ll att hacka programmet och d\u00e4rmed avsl\u00f6ja att valresultatet kan bli fejk! D\u00e4rf\u00f6r tar man det s\u00e4krast k\u00e4nda tricket och r\u00e4knar alla miljontals r\u00f6ster f\u00f6r hand!!<\/p>\n<p>Visst k\u00e4nns det igen. Vis av resultatet i USA s\u00e5 ska man denna g\u00e5ng vara s\u00e4ker p\u00e5 att resultatet inte styrs fr\u00e5n utlandet eller av annan hackare. Ett hundratal intr\u00e5ngsf\u00f6rs\u00f6k i Nederl\u00e4nderna p\u00e5 senaste tiden med utpekade l\u00e4nder som Ryssland, Kina och Iran avsl\u00f6jar att dagens hot inte liknar g\u00e5rdagens.<\/p>\n<p>I september 2018 \u00e4r det dags i Sverige. N\u00e5got s\u00e4ger mig att datorr\u00f6stning och datoravl\u00e4sta r\u00f6ster \u00e4r v\u00e4ldigt l\u00e5ngt borta.<\/p>\n<p>Valresultatsr\u00e4kning \u00e4r en sak men fejkade nyhetsf\u00f6rmedlingar \u00e4r sv\u00e5rare att bem\u00e4stra. I takt med att traditionella nyhetsf\u00f6rmedlingar h\u00e5rdvinklats har det skapats utrymme f\u00f6r falska nyheter. DiLeva hade en po\u00e4ng f\u00f6r ganska l\u00e4nge sedan: \u00a0<strong>Vem ska man tro p\u00e5 n\u00e4r allt s\u00e5 h\u00e4r?<\/strong><\/p>\n<p>Minst lika sv\u00e5rt som \u00e4r det \u00e4r f\u00f6r ett land att efter ett val avsl\u00f6ja och leda i bevis eventuellt valfusk, lika sv\u00e5rt eller sv\u00e5rare \u00e4r det f\u00f6r den som h\u00e4mtar sin information och kunskap via media som brukligt,att sortera bort det falska och uppdiktade. Till och med erfarna redaktioner har misslyckats med det och tagit in falskt material i den egna spridningen.<\/p>\n<p>Just nu byggs m\u00e5nga l\u00e4nders framtid och makt p\u00e5 just detta d\u00e4r syret \u00e4r r\u00e4dsla och missn\u00f6je. <strong>Vem har sagt att vi skapar v\u00e5r egen framtid?<\/strong><\/p>\n","protected":false},"excerpt":{"rendered":"<p>Nederl\u00e4nderna har val idag. Det visar sig att den r\u00e4kning av r\u00f6sterna som \u00e4r t\u00e4nkt att sk\u00f6tas digitalt inte \u00e4r tillf\u00f6rlitlig. Det tog en kv\u00e4ll att hacka programmet och d\u00e4rmed avsl\u00f6ja att valresultatet kan bli fejk! D\u00e4rf\u00f6r tar man det s\u00e4krast k\u00e4nda tricket och r\u00e4knar alla miljontals r\u00f6ster f\u00f6r hand!! Visst k\u00e4nns det igen. Vis <a class=\"read-more-link\" href=\"https:\/\/wp.kristdemokraterna.se\/janstefanson\/manuell-rakning\/\">Read More<\/a><\/p>\n","protected":false},"author":530,"featured_media":0,"comment_status":"closed","ping_status":"closed","sticky":false,"template":"","format":"standard","meta":{"_acf_changed":false,"footnotes":""},"categories":[1],"tags":[],"class_list":["post-552","post","type-post","status-publish","format-standard","hentry","category-okategoriserade"],"acf":[],"yoast_head":"<!-- This site is optimized with the Yoast SEO plugin v27.5 - https:\/\/yoast.com\/product\/yoast-seo-wordpress\/ -->\n<title>Manuell r\u00e4kning... - Jan Stefanson<\/title>\n<meta name=\"robots\" content=\"index, follow, max-snippet:-1, max-image-preview:large, max-video-preview:-1\" \/>\n<link rel=\"canonical\" href=\"https:\/\/wp.kristdemokraterna.se\/janstefanson\/manuell-rakning\/\" \/>\n<meta property=\"og:locale\" content=\"sv_SE\" \/>\n<meta property=\"og:type\" content=\"article\" \/>\n<meta property=\"og:title\" content=\"Manuell r\u00e4kning... - Jan Stefanson\" \/>\n<meta property=\"og:description\" content=\"Nederl\u00e4nderna har val idag. Det visar sig att den r\u00e4kning av r\u00f6sterna som \u00e4r t\u00e4nkt att sk\u00f6tas digitalt inte \u00e4r tillf\u00f6rlitlig. Det tog en kv\u00e4ll att hacka programmet och d\u00e4rmed avsl\u00f6ja att valresultatet kan bli fejk! D\u00e4rf\u00f6r tar man det s\u00e4krast k\u00e4nda tricket och r\u00e4knar alla miljontals r\u00f6ster f\u00f6r hand!! Visst k\u00e4nns det igen. Vis Read More\" \/>\n<meta property=\"og:url\" content=\"https:\/\/wp.kristdemokraterna.se\/janstefanson\/manuell-rakning\/\" \/>\n<meta property=\"og:site_name\" content=\"Jan Stefanson\" \/>\n<meta property=\"article:published_time\" content=\"2017-03-15T08:41:03+00:00\" \/>\n<meta property=\"article:modified_time\" content=\"2017-03-15T08:44:02+00:00\" \/>\n<meta name=\"author\" content=\"janstefanson\" \/>\n<meta name=\"twitter:card\" content=\"summary_large_image\" \/>\n<meta name=\"twitter:label1\" content=\"Skriven av\" \/>\n\t<meta name=\"twitter:data1\" content=\"janstefanson\" \/>\n\t<meta name=\"twitter:label2\" content=\"Ber\u00e4knad l\u00e4stid\" \/>\n\t<meta name=\"twitter:data2\" content=\"2 minuter\" \/>\n<script type=\"application\/ld+json\" class=\"yoast-schema-graph\">{\"@context\":\"https:\\\/\\\/schema.org\",\"@graph\":[{\"@type\":\"Article\",\"@id\":\"https:\\\/\\\/wp.kristdemokraterna.se\\\/janstefanson\\\/manuell-rakning\\\/#article\",\"isPartOf\":{\"@id\":\"https:\\\/\\\/wp.kristdemokraterna.se\\\/janstefanson\\\/manuell-rakning\\\/\"},\"author\":{\"name\":\"janstefanson\",\"@id\":\"https:\\\/\\\/wp.kristdemokraterna.se\\\/janstefanson\\\/#\\\/schema\\\/person\\\/f8122372f46f49cffa0c02a57c89b40f\"},\"headline\":\"Manuell r\u00e4kning&#8230;\",\"datePublished\":\"2017-03-15T08:41:03+00:00\",\"dateModified\":\"2017-03-15T08:44:02+00:00\",\"mainEntityOfPage\":{\"@id\":\"https:\\\/\\\/wp.kristdemokraterna.se\\\/janstefanson\\\/manuell-rakning\\\/\"},\"wordCount\":313,\"inLanguage\":\"sv-SE\"},{\"@type\":\"WebPage\",\"@id\":\"https:\\\/\\\/wp.kristdemokraterna.se\\\/janstefanson\\\/manuell-rakning\\\/\",\"url\":\"https:\\\/\\\/wp.kristdemokraterna.se\\\/janstefanson\\\/manuell-rakning\\\/\",\"name\":\"Manuell r\u00e4kning... - Jan Stefanson\",\"isPartOf\":{\"@id\":\"https:\\\/\\\/wp.kristdemokraterna.se\\\/janstefanson\\\/#website\"},\"datePublished\":\"2017-03-15T08:41:03+00:00\",\"dateModified\":\"2017-03-15T08:44:02+00:00\",\"author\":{\"@id\":\"https:\\\/\\\/wp.kristdemokraterna.se\\\/janstefanson\\\/#\\\/schema\\\/person\\\/f8122372f46f49cffa0c02a57c89b40f\"},\"breadcrumb\":{\"@id\":\"https:\\\/\\\/wp.kristdemokraterna.se\\\/janstefanson\\\/manuell-rakning\\\/#breadcrumb\"},\"inLanguage\":\"sv-SE\",\"potentialAction\":[{\"@type\":\"ReadAction\",\"target\":[\"https:\\\/\\\/wp.kristdemokraterna.se\\\/janstefanson\\\/manuell-rakning\\\/\"]}]},{\"@type\":\"BreadcrumbList\",\"@id\":\"https:\\\/\\\/wp.kristdemokraterna.se\\\/janstefanson\\\/manuell-rakning\\\/#breadcrumb\",\"itemListElement\":[{\"@type\":\"ListItem\",\"position\":1,\"name\":\"Hem\",\"item\":\"https:\\\/\\\/wp.kristdemokraterna.se\\\/janstefanson\\\/\"},{\"@type\":\"ListItem\",\"position\":2,\"name\":\"Manuell r\u00e4kning&#8230;\"}]},{\"@type\":\"WebSite\",\"@id\":\"https:\\\/\\\/wp.kristdemokraterna.se\\\/janstefanson\\\/#website\",\"url\":\"https:\\\/\\\/wp.kristdemokraterna.se\\\/janstefanson\\\/\",\"name\":\"Jan Stefanson\",\"description\":\"En till Kristdemokraterna webbplats\",\"inLanguage\":\"sv-SE\"},{\"@type\":\"Person\",\"@id\":\"https:\\\/\\\/wp.kristdemokraterna.se\\\/janstefanson\\\/#\\\/schema\\\/person\\\/f8122372f46f49cffa0c02a57c89b40f\",\"name\":\"janstefanson\",\"image\":{\"@type\":\"ImageObject\",\"inLanguage\":\"sv-SE\",\"@id\":\"https:\\\/\\\/secure.gravatar.com\\\/avatar\\\/c8880da1e0ca1fb1fd99d661e99b32931e79d1537ef8441e71fc6630d4b6633c?s=96&r=g\",\"url\":\"https:\\\/\\\/secure.gravatar.com\\\/avatar\\\/c8880da1e0ca1fb1fd99d661e99b32931e79d1537ef8441e71fc6630d4b6633c?s=96&r=g\",\"contentUrl\":\"https:\\\/\\\/secure.gravatar.com\\\/avatar\\\/c8880da1e0ca1fb1fd99d661e99b32931e79d1537ef8441e71fc6630d4b6633c?s=96&r=g\",\"caption\":\"janstefanson\"},\"url\":\"https:\\\/\\\/wp.kristdemokraterna.se\\\/janstefanson\\\/author\\\/janstefanson\\\/\"}]}<\/script>\n<!-- \/ Yoast SEO plugin. -->","yoast_head_json":{"title":"Manuell r\u00e4kning... - Jan Stefanson","robots":{"index":"index","follow":"follow","max-snippet":"max-snippet:-1","max-image-preview":"max-image-preview:large","max-video-preview":"max-video-preview:-1"},"canonical":"https:\/\/wp.kristdemokraterna.se\/janstefanson\/manuell-rakning\/","og_locale":"sv_SE","og_type":"article","og_title":"Manuell r\u00e4kning... - Jan Stefanson","og_description":"Nederl\u00e4nderna har val idag. Det visar sig att den r\u00e4kning av r\u00f6sterna som \u00e4r t\u00e4nkt att sk\u00f6tas digitalt inte \u00e4r tillf\u00f6rlitlig. Det tog en kv\u00e4ll att hacka programmet och d\u00e4rmed avsl\u00f6ja att valresultatet kan bli fejk! D\u00e4rf\u00f6r tar man det s\u00e4krast k\u00e4nda tricket och r\u00e4knar alla miljontals r\u00f6ster f\u00f6r hand!! Visst k\u00e4nns det igen. Vis Read More","og_url":"https:\/\/wp.kristdemokraterna.se\/janstefanson\/manuell-rakning\/","og_site_name":"Jan Stefanson","article_published_time":"2017-03-15T08:41:03+00:00","article_modified_time":"2017-03-15T08:44:02+00:00","author":"janstefanson","twitter_card":"summary_large_image","twitter_misc":{"Skriven av":"janstefanson","Ber\u00e4knad l\u00e4stid":"2 minuter"},"schema":{"@context":"https:\/\/schema.org","@graph":[{"@type":"Article","@id":"https:\/\/wp.kristdemokraterna.se\/janstefanson\/manuell-rakning\/#article","isPartOf":{"@id":"https:\/\/wp.kristdemokraterna.se\/janstefanson\/manuell-rakning\/"},"author":{"name":"janstefanson","@id":"https:\/\/wp.kristdemokraterna.se\/janstefanson\/#\/schema\/person\/f8122372f46f49cffa0c02a57c89b40f"},"headline":"Manuell r\u00e4kning&#8230;","datePublished":"2017-03-15T08:41:03+00:00","dateModified":"2017-03-15T08:44:02+00:00","mainEntityOfPage":{"@id":"https:\/\/wp.kristdemokraterna.se\/janstefanson\/manuell-rakning\/"},"wordCount":313,"inLanguage":"sv-SE"},{"@type":"WebPage","@id":"https:\/\/wp.kristdemokraterna.se\/janstefanson\/manuell-rakning\/","url":"https:\/\/wp.kristdemokraterna.se\/janstefanson\/manuell-rakning\/","name":"Manuell r\u00e4kning... - Jan Stefanson","isPartOf":{"@id":"https:\/\/wp.kristdemokraterna.se\/janstefanson\/#website"},"datePublished":"2017-03-15T08:41:03+00:00","dateModified":"2017-03-15T08:44:02+00:00","author":{"@id":"https:\/\/wp.kristdemokraterna.se\/janstefanson\/#\/schema\/person\/f8122372f46f49cffa0c02a57c89b40f"},"breadcrumb":{"@id":"https:\/\/wp.kristdemokraterna.se\/janstefanson\/manuell-rakning\/#breadcrumb"},"inLanguage":"sv-SE","potentialAction":[{"@type":"ReadAction","target":["https:\/\/wp.kristdemokraterna.se\/janstefanson\/manuell-rakning\/"]}]},{"@type":"BreadcrumbList","@id":"https:\/\/wp.kristdemokraterna.se\/janstefanson\/manuell-rakning\/#breadcrumb","itemListElement":[{"@type":"ListItem","position":1,"name":"Hem","item":"https:\/\/wp.kristdemokraterna.se\/janstefanson\/"},{"@type":"ListItem","position":2,"name":"Manuell r\u00e4kning&#8230;"}]},{"@type":"WebSite","@id":"https:\/\/wp.kristdemokraterna.se\/janstefanson\/#website","url":"https:\/\/wp.kristdemokraterna.se\/janstefanson\/","name":"Jan Stefanson","description":"En till Kristdemokraterna webbplats","inLanguage":"sv-SE"},{"@type":"Person","@id":"https:\/\/wp.kristdemokraterna.se\/janstefanson\/#\/schema\/person\/f8122372f46f49cffa0c02a57c89b40f","name":"janstefanson","image":{"@type":"ImageObject","inLanguage":"sv-SE","@id":"https:\/\/secure.gravatar.com\/avatar\/c8880da1e0ca1fb1fd99d661e99b32931e79d1537ef8441e71fc6630d4b6633c?s=96&r=g","url":"https:\/\/secure.gravatar.com\/avatar\/c8880da1e0ca1fb1fd99d661e99b32931e79d1537ef8441e71fc6630d4b6633c?s=96&r=g","contentUrl":"https:\/\/secure.gravatar.com\/avatar\/c8880da1e0ca1fb1fd99d661e99b32931e79d1537ef8441e71fc6630d4b6633c?s=96&r=g","caption":"janstefanson"},"url":"https:\/\/wp.kristdemokraterna.se\/janstefanson\/author\/janstefanson\/"}]}},"_links":{"self":[{"href":"https:\/\/wp.kristdemokraterna.se\/janstefanson\/wp-json\/wp\/v2\/posts\/552","targetHints":{"allow":["GET"]}}],"collection":[{"href":"https:\/\/wp.kristdemokraterna.se\/janstefanson\/wp-json\/wp\/v2\/posts"}],"about":[{"href":"https:\/\/wp.kristdemokraterna.se\/janstefanson\/wp-json\/wp\/v2\/types\/post"}],"author":[{"embeddable":true,"href":"https:\/\/wp.kristdemokraterna.se\/janstefanson\/wp-json\/wp\/v2\/users\/530"}],"replies":[{"embeddable":true,"href":"https:\/\/wp.kristdemokraterna.se\/janstefanson\/wp-json\/wp\/v2\/comments?post=552"}],"version-history":[{"count":2,"href":"https:\/\/wp.kristdemokraterna.se\/janstefanson\/wp-json\/wp\/v2\/posts\/552\/revisions"}],"predecessor-version":[{"id":554,"href":"https:\/\/wp.kristdemokraterna.se\/janstefanson\/wp-json\/wp\/v2\/posts\/552\/revisions\/554"}],"wp:attachment":[{"href":"https:\/\/wp.kristdemokraterna.se\/janstefanson\/wp-json\/wp\/v2\/media?parent=552"}],"wp:term":[{"taxonomy":"category","embeddable":true,"href":"https:\/\/wp.kristdemokraterna.se\/janstefanson\/wp-json\/wp\/v2\/categories?post=552"},{"taxonomy":"post_tag","embeddable":true,"href":"https:\/\/wp.kristdemokraterna.se\/janstefanson\/wp-json\/wp\/v2\/tags?post=552"}],"curies":[{"name":"wp","href":"https:\/\/api.w.org\/{rel}","templated":true}]}}