{"id":566,"date":"2017-03-30T08:37:27","date_gmt":"2017-03-30T06:37:27","guid":{"rendered":"http:\/\/wp.kristdemokraterna.se\/janstefanson\/?p=566"},"modified":"2017-03-30T08:37:27","modified_gmt":"2017-03-30T06:37:27","slug":"trygghetsivrare-utan-ansvar","status":"publish","type":"post","link":"https:\/\/wp.kristdemokraterna.se\/janstefanson\/trygghetsivrare-utan-ansvar\/","title":{"rendered":"Trygghetsivrare utan ansvar"},"content":{"rendered":"<p>I veckan hade Liberalerna inbjudit allm\u00e4nheten till ett partipolitiskt m\u00f6te om Trygghetsfr\u00e5gorna.<strong> I inbjudan och annonsering var Upplands-Bros trygghetssamordnare med som f\u00f6redragande.<\/strong>Trevligt men opassande. Jag funderade sj\u00e4lv ett tag p\u00e5 om jag skulle g\u00e5 dit men efter ett tags funderande f\u00f6ref\u00f6ll det hela v\u00e4ldigt orimligt. Och det borde Liberalerna veta. De har ju s\u00e5 sent som f\u00f6r tv\u00e5 \u00e5r sedan haft kommunalr\u00e5dsposten och dessf\u00f6rinnan ordf\u00f6rande posten i Upplands-Bros kommunstyrelse.<\/p>\n<p>Det har under deras ledning aldrig f\u00f6rekommit att n\u00e5got enskilt parti st\u00e5tt som inbjudare till kommunalt f\u00f6redragande vid ett offentligt m\u00f6te. Fel kan tyckas men det har utformats till en r\u00e5dande praxis f\u00f6r oss alla. Ett oppositionsparti har dessutom inget ansvar utan kan fritt kritisera det man finner l\u00e4mpligt. Sakligt eller osakligt utan ansvar. Allts\u00e5 blir tj\u00e4nstemannen gisslan under ett s\u00e5dant m\u00f6te. Jag tycker det \u00e4r logiskt och b\u00f6r respekteras. \u00c4nnu mer tydligt blir det om SD skulle st\u00e5 som inbjudare med integrations- och migrationsansvariga fr\u00e5n kommunen som f\u00f6redragande.<\/p>\n<p>Liberalerna g\u00f6r sig till offer och s\u00e4ger att trygghetssamordnaren blev stoppad. SD st\u00e4ller sig i sociala medier till f\u00f6rfogande att ta upp fr\u00e5gan p\u00e5 n\u00e4sta kommunstyrelse???<\/p>\n<p>Inf\u00f6r \u00e5rets budget plockade Liberalerna bort elva miljoner fr\u00e5n kommunstyrelsen utan att beskriva konsekvenserna. Det \u00e4r pengar som majoritetspartierna (KD, C, MP och S) har kvar till bland annat det trygghetsarbete som nu g\u00f6rs. \u00a0Vi har \u00f6kat satsningarna sedan tidigare \u00e5r och vet att vi \u00e4r p\u00e5 r\u00e4tt v\u00e4g. Det m\u00e4rkliga \u00e4r alla partier varit \u00f6verens om de avtal som tecknats mellan kommunen och polisen s\u00e5 sent som i december.<\/p>\n<p>M\u00f6ten i angel\u00e4gna \u00e4mnen \u00e4r bra men kommunens tj\u00e4nstem\u00e4n \u00e4r till f\u00f6r m\u00f6ten som anordnas med Upplands-Bro kommun som arrang\u00f6r. D\u00e5 ges alla partier r\u00e4tt att vara med tillsammans med kommunledning och allm\u00e4nhet. <strong>Alla r\u00f6ster f\u00e5r d\u00e5 h\u00f6ras!\u00a0<\/strong><\/p>\n","protected":false},"excerpt":{"rendered":"<p>I veckan hade Liberalerna inbjudit allm\u00e4nheten till ett partipolitiskt m\u00f6te om Trygghetsfr\u00e5gorna. I inbjudan och annonsering var Upplands-Bros trygghetssamordnare med som f\u00f6redragande.Trevligt men opassande. Jag funderade sj\u00e4lv ett tag p\u00e5 om jag skulle g\u00e5 dit men efter ett tags funderande f\u00f6ref\u00f6ll det hela v\u00e4ldigt orimligt. Och det borde Liberalerna veta. De har ju s\u00e5 sent <a class=\"read-more-link\" href=\"https:\/\/wp.kristdemokraterna.se\/janstefanson\/trygghetsivrare-utan-ansvar\/\">Read More<\/a><\/p>\n","protected":false},"author":530,"featured_media":0,"comment_status":"closed","ping_status":"closed","sticky":false,"template":"","format":"standard","meta":{"_acf_changed":false,"footnotes":""},"categories":[1],"tags":[],"class_list":["post-566","post","type-post","status-publish","format-standard","hentry","category-okategoriserade"],"acf":[],"yoast_head":"<!-- This site is optimized with the Yoast SEO plugin v27.5 - https:\/\/yoast.com\/product\/yoast-seo-wordpress\/ -->\n<title>Trygghetsivrare utan ansvar - Jan Stefanson<\/title>\n<meta name=\"robots\" content=\"index, follow, max-snippet:-1, max-image-preview:large, max-video-preview:-1\" \/>\n<link rel=\"canonical\" href=\"https:\/\/wp.kristdemokraterna.se\/janstefanson\/trygghetsivrare-utan-ansvar\/\" \/>\n<meta property=\"og:locale\" content=\"sv_SE\" \/>\n<meta property=\"og:type\" content=\"article\" \/>\n<meta property=\"og:title\" content=\"Trygghetsivrare utan ansvar - Jan Stefanson\" \/>\n<meta property=\"og:description\" content=\"I veckan hade Liberalerna inbjudit allm\u00e4nheten till ett partipolitiskt m\u00f6te om Trygghetsfr\u00e5gorna. I inbjudan och annonsering var Upplands-Bros trygghetssamordnare med som f\u00f6redragande.Trevligt men opassande. Jag funderade sj\u00e4lv ett tag p\u00e5 om jag skulle g\u00e5 dit men efter ett tags funderande f\u00f6ref\u00f6ll det hela v\u00e4ldigt orimligt. Och det borde Liberalerna veta. De har ju s\u00e5 sent Read More\" \/>\n<meta property=\"og:url\" content=\"https:\/\/wp.kristdemokraterna.se\/janstefanson\/trygghetsivrare-utan-ansvar\/\" \/>\n<meta property=\"og:site_name\" content=\"Jan Stefanson\" \/>\n<meta property=\"article:published_time\" content=\"2017-03-30T06:37:27+00:00\" \/>\n<meta name=\"author\" content=\"janstefanson\" \/>\n<meta name=\"twitter:card\" content=\"summary_large_image\" \/>\n<meta name=\"twitter:label1\" content=\"Skriven av\" \/>\n\t<meta name=\"twitter:data1\" content=\"janstefanson\" \/>\n\t<meta name=\"twitter:label2\" content=\"Ber\u00e4knad l\u00e4stid\" \/>\n\t<meta name=\"twitter:data2\" content=\"2 minuter\" \/>\n<script type=\"application\/ld+json\" class=\"yoast-schema-graph\">{\"@context\":\"https:\\\/\\\/schema.org\",\"@graph\":[{\"@type\":\"Article\",\"@id\":\"https:\\\/\\\/wp.kristdemokraterna.se\\\/janstefanson\\\/trygghetsivrare-utan-ansvar\\\/#article\",\"isPartOf\":{\"@id\":\"https:\\\/\\\/wp.kristdemokraterna.se\\\/janstefanson\\\/trygghetsivrare-utan-ansvar\\\/\"},\"author\":{\"name\":\"janstefanson\",\"@id\":\"https:\\\/\\\/wp.kristdemokraterna.se\\\/janstefanson\\\/#\\\/schema\\\/person\\\/f8122372f46f49cffa0c02a57c89b40f\"},\"headline\":\"Trygghetsivrare utan ansvar\",\"datePublished\":\"2017-03-30T06:37:27+00:00\",\"mainEntityOfPage\":{\"@id\":\"https:\\\/\\\/wp.kristdemokraterna.se\\\/janstefanson\\\/trygghetsivrare-utan-ansvar\\\/\"},\"wordCount\":346,\"inLanguage\":\"sv-SE\"},{\"@type\":\"WebPage\",\"@id\":\"https:\\\/\\\/wp.kristdemokraterna.se\\\/janstefanson\\\/trygghetsivrare-utan-ansvar\\\/\",\"url\":\"https:\\\/\\\/wp.kristdemokraterna.se\\\/janstefanson\\\/trygghetsivrare-utan-ansvar\\\/\",\"name\":\"Trygghetsivrare utan ansvar - Jan Stefanson\",\"isPartOf\":{\"@id\":\"https:\\\/\\\/wp.kristdemokraterna.se\\\/janstefanson\\\/#website\"},\"datePublished\":\"2017-03-30T06:37:27+00:00\",\"author\":{\"@id\":\"https:\\\/\\\/wp.kristdemokraterna.se\\\/janstefanson\\\/#\\\/schema\\\/person\\\/f8122372f46f49cffa0c02a57c89b40f\"},\"breadcrumb\":{\"@id\":\"https:\\\/\\\/wp.kristdemokraterna.se\\\/janstefanson\\\/trygghetsivrare-utan-ansvar\\\/#breadcrumb\"},\"inLanguage\":\"sv-SE\",\"potentialAction\":[{\"@type\":\"ReadAction\",\"target\":[\"https:\\\/\\\/wp.kristdemokraterna.se\\\/janstefanson\\\/trygghetsivrare-utan-ansvar\\\/\"]}]},{\"@type\":\"BreadcrumbList\",\"@id\":\"https:\\\/\\\/wp.kristdemokraterna.se\\\/janstefanson\\\/trygghetsivrare-utan-ansvar\\\/#breadcrumb\",\"itemListElement\":[{\"@type\":\"ListItem\",\"position\":1,\"name\":\"Hem\",\"item\":\"https:\\\/\\\/wp.kristdemokraterna.se\\\/janstefanson\\\/\"},{\"@type\":\"ListItem\",\"position\":2,\"name\":\"Trygghetsivrare utan ansvar\"}]},{\"@type\":\"WebSite\",\"@id\":\"https:\\\/\\\/wp.kristdemokraterna.se\\\/janstefanson\\\/#website\",\"url\":\"https:\\\/\\\/wp.kristdemokraterna.se\\\/janstefanson\\\/\",\"name\":\"Jan Stefanson\",\"description\":\"En till Kristdemokraterna webbplats\",\"inLanguage\":\"sv-SE\"},{\"@type\":\"Person\",\"@id\":\"https:\\\/\\\/wp.kristdemokraterna.se\\\/janstefanson\\\/#\\\/schema\\\/person\\\/f8122372f46f49cffa0c02a57c89b40f\",\"name\":\"janstefanson\",\"image\":{\"@type\":\"ImageObject\",\"inLanguage\":\"sv-SE\",\"@id\":\"https:\\\/\\\/secure.gravatar.com\\\/avatar\\\/c8880da1e0ca1fb1fd99d661e99b32931e79d1537ef8441e71fc6630d4b6633c?s=96&r=g\",\"url\":\"https:\\\/\\\/secure.gravatar.com\\\/avatar\\\/c8880da1e0ca1fb1fd99d661e99b32931e79d1537ef8441e71fc6630d4b6633c?s=96&r=g\",\"contentUrl\":\"https:\\\/\\\/secure.gravatar.com\\\/avatar\\\/c8880da1e0ca1fb1fd99d661e99b32931e79d1537ef8441e71fc6630d4b6633c?s=96&r=g\",\"caption\":\"janstefanson\"},\"url\":\"https:\\\/\\\/wp.kristdemokraterna.se\\\/janstefanson\\\/author\\\/janstefanson\\\/\"}]}<\/script>\n<!-- \/ Yoast SEO plugin. -->","yoast_head_json":{"title":"Trygghetsivrare utan ansvar - Jan Stefanson","robots":{"index":"index","follow":"follow","max-snippet":"max-snippet:-1","max-image-preview":"max-image-preview:large","max-video-preview":"max-video-preview:-1"},"canonical":"https:\/\/wp.kristdemokraterna.se\/janstefanson\/trygghetsivrare-utan-ansvar\/","og_locale":"sv_SE","og_type":"article","og_title":"Trygghetsivrare utan ansvar - Jan Stefanson","og_description":"I veckan hade Liberalerna inbjudit allm\u00e4nheten till ett partipolitiskt m\u00f6te om Trygghetsfr\u00e5gorna. I inbjudan och annonsering var Upplands-Bros trygghetssamordnare med som f\u00f6redragande.Trevligt men opassande. Jag funderade sj\u00e4lv ett tag p\u00e5 om jag skulle g\u00e5 dit men efter ett tags funderande f\u00f6ref\u00f6ll det hela v\u00e4ldigt orimligt. Och det borde Liberalerna veta. De har ju s\u00e5 sent Read More","og_url":"https:\/\/wp.kristdemokraterna.se\/janstefanson\/trygghetsivrare-utan-ansvar\/","og_site_name":"Jan Stefanson","article_published_time":"2017-03-30T06:37:27+00:00","author":"janstefanson","twitter_card":"summary_large_image","twitter_misc":{"Skriven av":"janstefanson","Ber\u00e4knad l\u00e4stid":"2 minuter"},"schema":{"@context":"https:\/\/schema.org","@graph":[{"@type":"Article","@id":"https:\/\/wp.kristdemokraterna.se\/janstefanson\/trygghetsivrare-utan-ansvar\/#article","isPartOf":{"@id":"https:\/\/wp.kristdemokraterna.se\/janstefanson\/trygghetsivrare-utan-ansvar\/"},"author":{"name":"janstefanson","@id":"https:\/\/wp.kristdemokraterna.se\/janstefanson\/#\/schema\/person\/f8122372f46f49cffa0c02a57c89b40f"},"headline":"Trygghetsivrare utan ansvar","datePublished":"2017-03-30T06:37:27+00:00","mainEntityOfPage":{"@id":"https:\/\/wp.kristdemokraterna.se\/janstefanson\/trygghetsivrare-utan-ansvar\/"},"wordCount":346,"inLanguage":"sv-SE"},{"@type":"WebPage","@id":"https:\/\/wp.kristdemokraterna.se\/janstefanson\/trygghetsivrare-utan-ansvar\/","url":"https:\/\/wp.kristdemokraterna.se\/janstefanson\/trygghetsivrare-utan-ansvar\/","name":"Trygghetsivrare utan ansvar - Jan Stefanson","isPartOf":{"@id":"https:\/\/wp.kristdemokraterna.se\/janstefanson\/#website"},"datePublished":"2017-03-30T06:37:27+00:00","author":{"@id":"https:\/\/wp.kristdemokraterna.se\/janstefanson\/#\/schema\/person\/f8122372f46f49cffa0c02a57c89b40f"},"breadcrumb":{"@id":"https:\/\/wp.kristdemokraterna.se\/janstefanson\/trygghetsivrare-utan-ansvar\/#breadcrumb"},"inLanguage":"sv-SE","potentialAction":[{"@type":"ReadAction","target":["https:\/\/wp.kristdemokraterna.se\/janstefanson\/trygghetsivrare-utan-ansvar\/"]}]},{"@type":"BreadcrumbList","@id":"https:\/\/wp.kristdemokraterna.se\/janstefanson\/trygghetsivrare-utan-ansvar\/#breadcrumb","itemListElement":[{"@type":"ListItem","position":1,"name":"Hem","item":"https:\/\/wp.kristdemokraterna.se\/janstefanson\/"},{"@type":"ListItem","position":2,"name":"Trygghetsivrare utan ansvar"}]},{"@type":"WebSite","@id":"https:\/\/wp.kristdemokraterna.se\/janstefanson\/#website","url":"https:\/\/wp.kristdemokraterna.se\/janstefanson\/","name":"Jan Stefanson","description":"En till Kristdemokraterna webbplats","inLanguage":"sv-SE"},{"@type":"Person","@id":"https:\/\/wp.kristdemokraterna.se\/janstefanson\/#\/schema\/person\/f8122372f46f49cffa0c02a57c89b40f","name":"janstefanson","image":{"@type":"ImageObject","inLanguage":"sv-SE","@id":"https:\/\/secure.gravatar.com\/avatar\/c8880da1e0ca1fb1fd99d661e99b32931e79d1537ef8441e71fc6630d4b6633c?s=96&r=g","url":"https:\/\/secure.gravatar.com\/avatar\/c8880da1e0ca1fb1fd99d661e99b32931e79d1537ef8441e71fc6630d4b6633c?s=96&r=g","contentUrl":"https:\/\/secure.gravatar.com\/avatar\/c8880da1e0ca1fb1fd99d661e99b32931e79d1537ef8441e71fc6630d4b6633c?s=96&r=g","caption":"janstefanson"},"url":"https:\/\/wp.kristdemokraterna.se\/janstefanson\/author\/janstefanson\/"}]}},"_links":{"self":[{"href":"https:\/\/wp.kristdemokraterna.se\/janstefanson\/wp-json\/wp\/v2\/posts\/566","targetHints":{"allow":["GET"]}}],"collection":[{"href":"https:\/\/wp.kristdemokraterna.se\/janstefanson\/wp-json\/wp\/v2\/posts"}],"about":[{"href":"https:\/\/wp.kristdemokraterna.se\/janstefanson\/wp-json\/wp\/v2\/types\/post"}],"author":[{"embeddable":true,"href":"https:\/\/wp.kristdemokraterna.se\/janstefanson\/wp-json\/wp\/v2\/users\/530"}],"replies":[{"embeddable":true,"href":"https:\/\/wp.kristdemokraterna.se\/janstefanson\/wp-json\/wp\/v2\/comments?post=566"}],"version-history":[{"count":1,"href":"https:\/\/wp.kristdemokraterna.se\/janstefanson\/wp-json\/wp\/v2\/posts\/566\/revisions"}],"predecessor-version":[{"id":567,"href":"https:\/\/wp.kristdemokraterna.se\/janstefanson\/wp-json\/wp\/v2\/posts\/566\/revisions\/567"}],"wp:attachment":[{"href":"https:\/\/wp.kristdemokraterna.se\/janstefanson\/wp-json\/wp\/v2\/media?parent=566"}],"wp:term":[{"taxonomy":"category","embeddable":true,"href":"https:\/\/wp.kristdemokraterna.se\/janstefanson\/wp-json\/wp\/v2\/categories?post=566"},{"taxonomy":"post_tag","embeddable":true,"href":"https:\/\/wp.kristdemokraterna.se\/janstefanson\/wp-json\/wp\/v2\/tags?post=566"}],"curies":[{"name":"wp","href":"https:\/\/api.w.org\/{rel}","templated":true}]}}