{"id":568,"date":"2017-03-30T08:59:09","date_gmt":"2017-03-30T06:59:09","guid":{"rendered":"http:\/\/wp.kristdemokraterna.se\/janstefanson\/?p=568"},"modified":"2017-03-30T08:59:09","modified_gmt":"2017-03-30T06:59:09","slug":"jag-ar-frisk","status":"publish","type":"post","link":"https:\/\/wp.kristdemokraterna.se\/janstefanson\/jag-ar-frisk\/","title":{"rendered":"Jag \u00e4r frisk!"},"content":{"rendered":"<p>Bloggen ska ju vara lite spretig s\u00e5 jag v\u00e4ljer att skriva om g\u00e5rdagens privata h\u00e4ndelse f\u00f6r den som vill l\u00e4sa. <strong>Jag \u00e4r frisk!<\/strong> S\u00e5 brukar jag s\u00e4ga till l\u00e4kare som m\u00f6ter. Aldrig opererad, en natt p\u00e5 sjukhus efter fotbollsskada och flitig blodgivare med bra v\u00e4rden. Jag vet att det \u00e4r stora ord, f\u00f6r morgondagen \u00e4r som bekant ok\u00e4nd.<\/p>\n<p>Hur som helst skulle jag g\u00f6ra en gastroskopi ig\u00e5r. N\u00e5gra sa att det g\u00e5r fort och sm\u00e4rtfritt, andra sa att det var obehagligt. Att man beh\u00f6vde lugnande n\u00e4stintill s\u00f6vas. Jag var sp\u00e4nd p\u00e5 mitt eget s\u00e4tt. Lugn men mycket fundersam.<\/p>\n<p>N\u00e4r jag s\u00e5g slangen som skulle ner i halsen och magen blev jag \u00e4n mer fundersam. L\u00e5ng och tjock! F\u00f6rv\u00e5nad blev jag n\u00e4r det varken var s\u00e4rskilt obehagligt eller sm\u00e4rtsamt. F\u00f6r den skull ej heller behagligt!<\/p>\n<p>Glad blev jag n\u00e4r l\u00e4karen sa att det var ett av de b\u00e4ttre innanm\u00e4ten han tittat p\u00e5 och fotat.<\/p>\n<p>-D\u00e5 lever jag ett till, svarade jag l\u00e4karen som n\u00e5got f\u00f6rv\u00e5nad kontrade med att just detta d\u00f6r du inte av s\u00e5 l\u00e5ngt jag kan se.<\/p>\n<p><strong>Allts\u00e5 hade jag r\u00e4tt. Jag \u00e4r frisk!<\/strong><\/p>\n","protected":false},"excerpt":{"rendered":"<p>Bloggen ska ju vara lite spretig s\u00e5 jag v\u00e4ljer att skriva om g\u00e5rdagens privata h\u00e4ndelse f\u00f6r den som vill l\u00e4sa. Jag \u00e4r frisk! S\u00e5 brukar jag s\u00e4ga till l\u00e4kare som m\u00f6ter. Aldrig opererad, en natt p\u00e5 sjukhus efter fotbollsskada och flitig blodgivare med bra v\u00e4rden. Jag vet att det \u00e4r stora ord, f\u00f6r morgondagen \u00e4r <a class=\"read-more-link\" href=\"https:\/\/wp.kristdemokraterna.se\/janstefanson\/jag-ar-frisk\/\">Read More<\/a><\/p>\n","protected":false},"author":530,"featured_media":0,"comment_status":"closed","ping_status":"closed","sticky":false,"template":"","format":"standard","meta":{"_acf_changed":false,"footnotes":""},"categories":[1],"tags":[],"class_list":["post-568","post","type-post","status-publish","format-standard","hentry","category-okategoriserade"],"acf":[],"yoast_head":"<!-- This site is optimized with the Yoast SEO plugin v27.5 - https:\/\/yoast.com\/product\/yoast-seo-wordpress\/ -->\n<title>Jag \u00e4r frisk! - Jan Stefanson<\/title>\n<meta name=\"robots\" content=\"index, follow, max-snippet:-1, max-image-preview:large, max-video-preview:-1\" \/>\n<link rel=\"canonical\" href=\"https:\/\/wp.kristdemokraterna.se\/janstefanson\/jag-ar-frisk\/\" \/>\n<meta property=\"og:locale\" content=\"sv_SE\" \/>\n<meta property=\"og:type\" content=\"article\" \/>\n<meta property=\"og:title\" content=\"Jag \u00e4r frisk! - Jan Stefanson\" \/>\n<meta property=\"og:description\" content=\"Bloggen ska ju vara lite spretig s\u00e5 jag v\u00e4ljer att skriva om g\u00e5rdagens privata h\u00e4ndelse f\u00f6r den som vill l\u00e4sa. Jag \u00e4r frisk! S\u00e5 brukar jag s\u00e4ga till l\u00e4kare som m\u00f6ter. Aldrig opererad, en natt p\u00e5 sjukhus efter fotbollsskada och flitig blodgivare med bra v\u00e4rden. Jag vet att det \u00e4r stora ord, f\u00f6r morgondagen \u00e4r Read More\" \/>\n<meta property=\"og:url\" content=\"https:\/\/wp.kristdemokraterna.se\/janstefanson\/jag-ar-frisk\/\" \/>\n<meta property=\"og:site_name\" content=\"Jan Stefanson\" \/>\n<meta property=\"article:published_time\" content=\"2017-03-30T06:59:09+00:00\" \/>\n<meta name=\"author\" content=\"janstefanson\" \/>\n<meta name=\"twitter:card\" content=\"summary_large_image\" \/>\n<meta name=\"twitter:label1\" content=\"Skriven av\" \/>\n\t<meta name=\"twitter:data1\" content=\"janstefanson\" \/>\n\t<meta name=\"twitter:label2\" content=\"Ber\u00e4knad l\u00e4stid\" \/>\n\t<meta name=\"twitter:data2\" content=\"1 minut\" \/>\n<script type=\"application\/ld+json\" class=\"yoast-schema-graph\">{\"@context\":\"https:\\\/\\\/schema.org\",\"@graph\":[{\"@type\":\"Article\",\"@id\":\"https:\\\/\\\/wp.kristdemokraterna.se\\\/janstefanson\\\/jag-ar-frisk\\\/#article\",\"isPartOf\":{\"@id\":\"https:\\\/\\\/wp.kristdemokraterna.se\\\/janstefanson\\\/jag-ar-frisk\\\/\"},\"author\":{\"name\":\"janstefanson\",\"@id\":\"https:\\\/\\\/wp.kristdemokraterna.se\\\/janstefanson\\\/#\\\/schema\\\/person\\\/f8122372f46f49cffa0c02a57c89b40f\"},\"headline\":\"Jag \u00e4r frisk!\",\"datePublished\":\"2017-03-30T06:59:09+00:00\",\"mainEntityOfPage\":{\"@id\":\"https:\\\/\\\/wp.kristdemokraterna.se\\\/janstefanson\\\/jag-ar-frisk\\\/\"},\"wordCount\":229,\"inLanguage\":\"sv-SE\"},{\"@type\":\"WebPage\",\"@id\":\"https:\\\/\\\/wp.kristdemokraterna.se\\\/janstefanson\\\/jag-ar-frisk\\\/\",\"url\":\"https:\\\/\\\/wp.kristdemokraterna.se\\\/janstefanson\\\/jag-ar-frisk\\\/\",\"name\":\"Jag \u00e4r frisk! - Jan Stefanson\",\"isPartOf\":{\"@id\":\"https:\\\/\\\/wp.kristdemokraterna.se\\\/janstefanson\\\/#website\"},\"datePublished\":\"2017-03-30T06:59:09+00:00\",\"author\":{\"@id\":\"https:\\\/\\\/wp.kristdemokraterna.se\\\/janstefanson\\\/#\\\/schema\\\/person\\\/f8122372f46f49cffa0c02a57c89b40f\"},\"breadcrumb\":{\"@id\":\"https:\\\/\\\/wp.kristdemokraterna.se\\\/janstefanson\\\/jag-ar-frisk\\\/#breadcrumb\"},\"inLanguage\":\"sv-SE\",\"potentialAction\":[{\"@type\":\"ReadAction\",\"target\":[\"https:\\\/\\\/wp.kristdemokraterna.se\\\/janstefanson\\\/jag-ar-frisk\\\/\"]}]},{\"@type\":\"BreadcrumbList\",\"@id\":\"https:\\\/\\\/wp.kristdemokraterna.se\\\/janstefanson\\\/jag-ar-frisk\\\/#breadcrumb\",\"itemListElement\":[{\"@type\":\"ListItem\",\"position\":1,\"name\":\"Hem\",\"item\":\"https:\\\/\\\/wp.kristdemokraterna.se\\\/janstefanson\\\/\"},{\"@type\":\"ListItem\",\"position\":2,\"name\":\"Jag \u00e4r frisk!\"}]},{\"@type\":\"WebSite\",\"@id\":\"https:\\\/\\\/wp.kristdemokraterna.se\\\/janstefanson\\\/#website\",\"url\":\"https:\\\/\\\/wp.kristdemokraterna.se\\\/janstefanson\\\/\",\"name\":\"Jan Stefanson\",\"description\":\"En till Kristdemokraterna webbplats\",\"inLanguage\":\"sv-SE\"},{\"@type\":\"Person\",\"@id\":\"https:\\\/\\\/wp.kristdemokraterna.se\\\/janstefanson\\\/#\\\/schema\\\/person\\\/f8122372f46f49cffa0c02a57c89b40f\",\"name\":\"janstefanson\",\"image\":{\"@type\":\"ImageObject\",\"inLanguage\":\"sv-SE\",\"@id\":\"https:\\\/\\\/secure.gravatar.com\\\/avatar\\\/c8880da1e0ca1fb1fd99d661e99b32931e79d1537ef8441e71fc6630d4b6633c?s=96&r=g\",\"url\":\"https:\\\/\\\/secure.gravatar.com\\\/avatar\\\/c8880da1e0ca1fb1fd99d661e99b32931e79d1537ef8441e71fc6630d4b6633c?s=96&r=g\",\"contentUrl\":\"https:\\\/\\\/secure.gravatar.com\\\/avatar\\\/c8880da1e0ca1fb1fd99d661e99b32931e79d1537ef8441e71fc6630d4b6633c?s=96&r=g\",\"caption\":\"janstefanson\"},\"url\":\"https:\\\/\\\/wp.kristdemokraterna.se\\\/janstefanson\\\/author\\\/janstefanson\\\/\"}]}<\/script>\n<!-- \/ Yoast SEO plugin. -->","yoast_head_json":{"title":"Jag \u00e4r frisk! - Jan Stefanson","robots":{"index":"index","follow":"follow","max-snippet":"max-snippet:-1","max-image-preview":"max-image-preview:large","max-video-preview":"max-video-preview:-1"},"canonical":"https:\/\/wp.kristdemokraterna.se\/janstefanson\/jag-ar-frisk\/","og_locale":"sv_SE","og_type":"article","og_title":"Jag \u00e4r frisk! - Jan Stefanson","og_description":"Bloggen ska ju vara lite spretig s\u00e5 jag v\u00e4ljer att skriva om g\u00e5rdagens privata h\u00e4ndelse f\u00f6r den som vill l\u00e4sa. Jag \u00e4r frisk! S\u00e5 brukar jag s\u00e4ga till l\u00e4kare som m\u00f6ter. Aldrig opererad, en natt p\u00e5 sjukhus efter fotbollsskada och flitig blodgivare med bra v\u00e4rden. Jag vet att det \u00e4r stora ord, f\u00f6r morgondagen \u00e4r Read More","og_url":"https:\/\/wp.kristdemokraterna.se\/janstefanson\/jag-ar-frisk\/","og_site_name":"Jan Stefanson","article_published_time":"2017-03-30T06:59:09+00:00","author":"janstefanson","twitter_card":"summary_large_image","twitter_misc":{"Skriven av":"janstefanson","Ber\u00e4knad l\u00e4stid":"1 minut"},"schema":{"@context":"https:\/\/schema.org","@graph":[{"@type":"Article","@id":"https:\/\/wp.kristdemokraterna.se\/janstefanson\/jag-ar-frisk\/#article","isPartOf":{"@id":"https:\/\/wp.kristdemokraterna.se\/janstefanson\/jag-ar-frisk\/"},"author":{"name":"janstefanson","@id":"https:\/\/wp.kristdemokraterna.se\/janstefanson\/#\/schema\/person\/f8122372f46f49cffa0c02a57c89b40f"},"headline":"Jag \u00e4r frisk!","datePublished":"2017-03-30T06:59:09+00:00","mainEntityOfPage":{"@id":"https:\/\/wp.kristdemokraterna.se\/janstefanson\/jag-ar-frisk\/"},"wordCount":229,"inLanguage":"sv-SE"},{"@type":"WebPage","@id":"https:\/\/wp.kristdemokraterna.se\/janstefanson\/jag-ar-frisk\/","url":"https:\/\/wp.kristdemokraterna.se\/janstefanson\/jag-ar-frisk\/","name":"Jag \u00e4r frisk! - Jan Stefanson","isPartOf":{"@id":"https:\/\/wp.kristdemokraterna.se\/janstefanson\/#website"},"datePublished":"2017-03-30T06:59:09+00:00","author":{"@id":"https:\/\/wp.kristdemokraterna.se\/janstefanson\/#\/schema\/person\/f8122372f46f49cffa0c02a57c89b40f"},"breadcrumb":{"@id":"https:\/\/wp.kristdemokraterna.se\/janstefanson\/jag-ar-frisk\/#breadcrumb"},"inLanguage":"sv-SE","potentialAction":[{"@type":"ReadAction","target":["https:\/\/wp.kristdemokraterna.se\/janstefanson\/jag-ar-frisk\/"]}]},{"@type":"BreadcrumbList","@id":"https:\/\/wp.kristdemokraterna.se\/janstefanson\/jag-ar-frisk\/#breadcrumb","itemListElement":[{"@type":"ListItem","position":1,"name":"Hem","item":"https:\/\/wp.kristdemokraterna.se\/janstefanson\/"},{"@type":"ListItem","position":2,"name":"Jag \u00e4r frisk!"}]},{"@type":"WebSite","@id":"https:\/\/wp.kristdemokraterna.se\/janstefanson\/#website","url":"https:\/\/wp.kristdemokraterna.se\/janstefanson\/","name":"Jan Stefanson","description":"En till Kristdemokraterna webbplats","inLanguage":"sv-SE"},{"@type":"Person","@id":"https:\/\/wp.kristdemokraterna.se\/janstefanson\/#\/schema\/person\/f8122372f46f49cffa0c02a57c89b40f","name":"janstefanson","image":{"@type":"ImageObject","inLanguage":"sv-SE","@id":"https:\/\/secure.gravatar.com\/avatar\/c8880da1e0ca1fb1fd99d661e99b32931e79d1537ef8441e71fc6630d4b6633c?s=96&r=g","url":"https:\/\/secure.gravatar.com\/avatar\/c8880da1e0ca1fb1fd99d661e99b32931e79d1537ef8441e71fc6630d4b6633c?s=96&r=g","contentUrl":"https:\/\/secure.gravatar.com\/avatar\/c8880da1e0ca1fb1fd99d661e99b32931e79d1537ef8441e71fc6630d4b6633c?s=96&r=g","caption":"janstefanson"},"url":"https:\/\/wp.kristdemokraterna.se\/janstefanson\/author\/janstefanson\/"}]}},"_links":{"self":[{"href":"https:\/\/wp.kristdemokraterna.se\/janstefanson\/wp-json\/wp\/v2\/posts\/568","targetHints":{"allow":["GET"]}}],"collection":[{"href":"https:\/\/wp.kristdemokraterna.se\/janstefanson\/wp-json\/wp\/v2\/posts"}],"about":[{"href":"https:\/\/wp.kristdemokraterna.se\/janstefanson\/wp-json\/wp\/v2\/types\/post"}],"author":[{"embeddable":true,"href":"https:\/\/wp.kristdemokraterna.se\/janstefanson\/wp-json\/wp\/v2\/users\/530"}],"replies":[{"embeddable":true,"href":"https:\/\/wp.kristdemokraterna.se\/janstefanson\/wp-json\/wp\/v2\/comments?post=568"}],"version-history":[{"count":1,"href":"https:\/\/wp.kristdemokraterna.se\/janstefanson\/wp-json\/wp\/v2\/posts\/568\/revisions"}],"predecessor-version":[{"id":569,"href":"https:\/\/wp.kristdemokraterna.se\/janstefanson\/wp-json\/wp\/v2\/posts\/568\/revisions\/569"}],"wp:attachment":[{"href":"https:\/\/wp.kristdemokraterna.se\/janstefanson\/wp-json\/wp\/v2\/media?parent=568"}],"wp:term":[{"taxonomy":"category","embeddable":true,"href":"https:\/\/wp.kristdemokraterna.se\/janstefanson\/wp-json\/wp\/v2\/categories?post=568"},{"taxonomy":"post_tag","embeddable":true,"href":"https:\/\/wp.kristdemokraterna.se\/janstefanson\/wp-json\/wp\/v2\/tags?post=568"}],"curies":[{"name":"wp","href":"https:\/\/api.w.org\/{rel}","templated":true}]}}