{"id":576,"date":"2017-04-06T08:08:59","date_gmt":"2017-04-06T06:08:59","guid":{"rendered":"http:\/\/wp.kristdemokraterna.se\/janstefanson\/?p=576"},"modified":"2017-04-06T08:08:59","modified_gmt":"2017-04-06T06:08:59","slug":"upplysthet-ar-en-valkommen-bristvara","status":"publish","type":"post","link":"https:\/\/wp.kristdemokraterna.se\/janstefanson\/upplysthet-ar-en-valkommen-bristvara\/","title":{"rendered":"Upplysthet \u00e4r en v\u00e4lkommen bristvara"},"content":{"rendered":"<p>I dagens morgon TV4 h\u00f6lls en debatt mellan Kungs\u00e4ngssonen G\u00f6ran Ferm, en av tretton sossar som gjorde ett upprop i DN f\u00f6rra s\u00f6ndagen, mot religi\u00f6sa friskolor och K\u00e4llskolans rektor Bo Nyberg. Bo var kallad till debatten i rollen som ordf\u00f6rande f\u00f6r kristna friskolef\u00f6rbundet.<\/p>\n<p>N\u00e4r debatten skulle vinnas kl\u00e4mde Ferm i med att K\u00e4llskolan \u00e4r en Livetsordskola??? Den kunskapen byggde han p\u00e5 att han var uppvuxen i Kungs\u00e4ngen och d\u00e4rmed var han en sannings\u00e4gare. Att det var lika fel som den som i samma syfte men i annat \u00e4mne anv\u00e4nder begreppet massinvandring lika slarvigt, hindrade honom inte.<\/p>\n<p>Den sakliga debatten bidrog Bo Nyberg med och den k\u00e4nslom\u00e4ssigt populistiska hade F\u00e4rms som avs\u00e4ndare. Trist men vanligt av politiker som till vilket pris som helst ska vinna!<\/p>\n<p>Grunden f\u00f6r det &#8221;heta \u00e4mnet&#8221; med friskolor bygger f\u00f6rst\u00e5s p\u00e5 uppt\u00e4ckten att en muslimsk friskola sorterar flickor och pojkar var f\u00f6r sig. Det \u00e4r uselt och ska f\u00f6rst\u00e5s stoppas med alla medel. Men att debatten nu handlar om alla friskolor med en koppling till en trosinriktning mer \u00e4n trist. Kristna friskolor har genomg\u00e5tt granskningar sedan friskolereformen som inf\u00f6rdes f\u00f6r tjugofem \u00e5r sedan. Muslimska skolor \u00e4r i det avseendet yngre och visst vore det konstigt om det inte ocks\u00e5 d\u00e4r finns barnsjukdomar som skolinspektionen kan identifiera.<\/p>\n<p>Yvigheten i dagens debatt \u00e4r populistisk och f\u00f6r tankarna till partif\u00f6retr\u00e4dare p\u00e5 ultrah\u00f6gerkanten som till vilket pris som helst vill vinna r\u00f6ster. D\u00e5 \u00e4r saklighet och upplysthet en v\u00e4lkommen bristvara.<\/p>\n","protected":false},"excerpt":{"rendered":"<p>I dagens morgon TV4 h\u00f6lls en debatt mellan Kungs\u00e4ngssonen G\u00f6ran Ferm, en av tretton sossar som gjorde ett upprop i DN f\u00f6rra s\u00f6ndagen, mot religi\u00f6sa friskolor och K\u00e4llskolans rektor Bo Nyberg. Bo var kallad till debatten i rollen som ordf\u00f6rande f\u00f6r kristna friskolef\u00f6rbundet. N\u00e4r debatten skulle vinnas kl\u00e4mde Ferm i med att K\u00e4llskolan \u00e4r en <a class=\"read-more-link\" href=\"https:\/\/wp.kristdemokraterna.se\/janstefanson\/upplysthet-ar-en-valkommen-bristvara\/\">Read More<\/a><\/p>\n","protected":false},"author":530,"featured_media":0,"comment_status":"closed","ping_status":"closed","sticky":false,"template":"","format":"standard","meta":{"_acf_changed":false,"footnotes":""},"categories":[1],"tags":[],"class_list":["post-576","post","type-post","status-publish","format-standard","hentry","category-okategoriserade"],"acf":[],"yoast_head":"<!-- This site is optimized with the Yoast SEO plugin v27.4 - https:\/\/yoast.com\/product\/yoast-seo-wordpress\/ -->\n<title>Upplysthet \u00e4r en v\u00e4lkommen bristvara - Jan Stefanson<\/title>\n<meta name=\"robots\" content=\"index, follow, max-snippet:-1, max-image-preview:large, max-video-preview:-1\" \/>\n<link rel=\"canonical\" href=\"https:\/\/wp.kristdemokraterna.se\/janstefanson\/upplysthet-ar-en-valkommen-bristvara\/\" \/>\n<meta property=\"og:locale\" content=\"sv_SE\" \/>\n<meta property=\"og:type\" content=\"article\" \/>\n<meta property=\"og:title\" content=\"Upplysthet \u00e4r en v\u00e4lkommen bristvara - Jan Stefanson\" \/>\n<meta property=\"og:description\" content=\"I dagens morgon TV4 h\u00f6lls en debatt mellan Kungs\u00e4ngssonen G\u00f6ran Ferm, en av tretton sossar som gjorde ett upprop i DN f\u00f6rra s\u00f6ndagen, mot religi\u00f6sa friskolor och K\u00e4llskolans rektor Bo Nyberg. Bo var kallad till debatten i rollen som ordf\u00f6rande f\u00f6r kristna friskolef\u00f6rbundet. N\u00e4r debatten skulle vinnas kl\u00e4mde Ferm i med att K\u00e4llskolan \u00e4r en Read More\" \/>\n<meta property=\"og:url\" content=\"https:\/\/wp.kristdemokraterna.se\/janstefanson\/upplysthet-ar-en-valkommen-bristvara\/\" \/>\n<meta property=\"og:site_name\" content=\"Jan Stefanson\" \/>\n<meta property=\"article:published_time\" content=\"2017-04-06T06:08:59+00:00\" \/>\n<meta name=\"author\" content=\"janstefanson\" \/>\n<meta name=\"twitter:card\" content=\"summary_large_image\" \/>\n<meta name=\"twitter:label1\" content=\"Skriven av\" \/>\n\t<meta name=\"twitter:data1\" content=\"janstefanson\" \/>\n\t<meta name=\"twitter:label2\" content=\"Ber\u00e4knad l\u00e4stid\" \/>\n\t<meta name=\"twitter:data2\" content=\"1 minut\" \/>\n<script type=\"application\/ld+json\" class=\"yoast-schema-graph\">{\"@context\":\"https:\\\/\\\/schema.org\",\"@graph\":[{\"@type\":\"Article\",\"@id\":\"https:\\\/\\\/wp.kristdemokraterna.se\\\/janstefanson\\\/upplysthet-ar-en-valkommen-bristvara\\\/#article\",\"isPartOf\":{\"@id\":\"https:\\\/\\\/wp.kristdemokraterna.se\\\/janstefanson\\\/upplysthet-ar-en-valkommen-bristvara\\\/\"},\"author\":{\"name\":\"janstefanson\",\"@id\":\"https:\\\/\\\/wp.kristdemokraterna.se\\\/janstefanson\\\/#\\\/schema\\\/person\\\/f8122372f46f49cffa0c02a57c89b40f\"},\"headline\":\"Upplysthet \u00e4r en v\u00e4lkommen bristvara\",\"datePublished\":\"2017-04-06T06:08:59+00:00\",\"mainEntityOfPage\":{\"@id\":\"https:\\\/\\\/wp.kristdemokraterna.se\\\/janstefanson\\\/upplysthet-ar-en-valkommen-bristvara\\\/\"},\"wordCount\":283,\"inLanguage\":\"sv-SE\"},{\"@type\":\"WebPage\",\"@id\":\"https:\\\/\\\/wp.kristdemokraterna.se\\\/janstefanson\\\/upplysthet-ar-en-valkommen-bristvara\\\/\",\"url\":\"https:\\\/\\\/wp.kristdemokraterna.se\\\/janstefanson\\\/upplysthet-ar-en-valkommen-bristvara\\\/\",\"name\":\"Upplysthet \u00e4r en v\u00e4lkommen bristvara - Jan Stefanson\",\"isPartOf\":{\"@id\":\"https:\\\/\\\/wp.kristdemokraterna.se\\\/janstefanson\\\/#website\"},\"datePublished\":\"2017-04-06T06:08:59+00:00\",\"author\":{\"@id\":\"https:\\\/\\\/wp.kristdemokraterna.se\\\/janstefanson\\\/#\\\/schema\\\/person\\\/f8122372f46f49cffa0c02a57c89b40f\"},\"breadcrumb\":{\"@id\":\"https:\\\/\\\/wp.kristdemokraterna.se\\\/janstefanson\\\/upplysthet-ar-en-valkommen-bristvara\\\/#breadcrumb\"},\"inLanguage\":\"sv-SE\",\"potentialAction\":[{\"@type\":\"ReadAction\",\"target\":[\"https:\\\/\\\/wp.kristdemokraterna.se\\\/janstefanson\\\/upplysthet-ar-en-valkommen-bristvara\\\/\"]}]},{\"@type\":\"BreadcrumbList\",\"@id\":\"https:\\\/\\\/wp.kristdemokraterna.se\\\/janstefanson\\\/upplysthet-ar-en-valkommen-bristvara\\\/#breadcrumb\",\"itemListElement\":[{\"@type\":\"ListItem\",\"position\":1,\"name\":\"Hem\",\"item\":\"https:\\\/\\\/wp.kristdemokraterna.se\\\/janstefanson\\\/\"},{\"@type\":\"ListItem\",\"position\":2,\"name\":\"Upplysthet \u00e4r en v\u00e4lkommen bristvara\"}]},{\"@type\":\"WebSite\",\"@id\":\"https:\\\/\\\/wp.kristdemokraterna.se\\\/janstefanson\\\/#website\",\"url\":\"https:\\\/\\\/wp.kristdemokraterna.se\\\/janstefanson\\\/\",\"name\":\"Jan Stefanson\",\"description\":\"En till Kristdemokraterna webbplats\",\"inLanguage\":\"sv-SE\"},{\"@type\":\"Person\",\"@id\":\"https:\\\/\\\/wp.kristdemokraterna.se\\\/janstefanson\\\/#\\\/schema\\\/person\\\/f8122372f46f49cffa0c02a57c89b40f\",\"name\":\"janstefanson\",\"image\":{\"@type\":\"ImageObject\",\"inLanguage\":\"sv-SE\",\"@id\":\"https:\\\/\\\/secure.gravatar.com\\\/avatar\\\/c8880da1e0ca1fb1fd99d661e99b32931e79d1537ef8441e71fc6630d4b6633c?s=96&r=g\",\"url\":\"https:\\\/\\\/secure.gravatar.com\\\/avatar\\\/c8880da1e0ca1fb1fd99d661e99b32931e79d1537ef8441e71fc6630d4b6633c?s=96&r=g\",\"contentUrl\":\"https:\\\/\\\/secure.gravatar.com\\\/avatar\\\/c8880da1e0ca1fb1fd99d661e99b32931e79d1537ef8441e71fc6630d4b6633c?s=96&r=g\",\"caption\":\"janstefanson\"},\"url\":\"https:\\\/\\\/wp.kristdemokraterna.se\\\/janstefanson\\\/author\\\/janstefanson\\\/\"}]}<\/script>\n<!-- \/ Yoast SEO plugin. -->","yoast_head_json":{"title":"Upplysthet \u00e4r en v\u00e4lkommen bristvara - Jan Stefanson","robots":{"index":"index","follow":"follow","max-snippet":"max-snippet:-1","max-image-preview":"max-image-preview:large","max-video-preview":"max-video-preview:-1"},"canonical":"https:\/\/wp.kristdemokraterna.se\/janstefanson\/upplysthet-ar-en-valkommen-bristvara\/","og_locale":"sv_SE","og_type":"article","og_title":"Upplysthet \u00e4r en v\u00e4lkommen bristvara - Jan Stefanson","og_description":"I dagens morgon TV4 h\u00f6lls en debatt mellan Kungs\u00e4ngssonen G\u00f6ran Ferm, en av tretton sossar som gjorde ett upprop i DN f\u00f6rra s\u00f6ndagen, mot religi\u00f6sa friskolor och K\u00e4llskolans rektor Bo Nyberg. Bo var kallad till debatten i rollen som ordf\u00f6rande f\u00f6r kristna friskolef\u00f6rbundet. N\u00e4r debatten skulle vinnas kl\u00e4mde Ferm i med att K\u00e4llskolan \u00e4r en Read More","og_url":"https:\/\/wp.kristdemokraterna.se\/janstefanson\/upplysthet-ar-en-valkommen-bristvara\/","og_site_name":"Jan Stefanson","article_published_time":"2017-04-06T06:08:59+00:00","author":"janstefanson","twitter_card":"summary_large_image","twitter_misc":{"Skriven av":"janstefanson","Ber\u00e4knad l\u00e4stid":"1 minut"},"schema":{"@context":"https:\/\/schema.org","@graph":[{"@type":"Article","@id":"https:\/\/wp.kristdemokraterna.se\/janstefanson\/upplysthet-ar-en-valkommen-bristvara\/#article","isPartOf":{"@id":"https:\/\/wp.kristdemokraterna.se\/janstefanson\/upplysthet-ar-en-valkommen-bristvara\/"},"author":{"name":"janstefanson","@id":"https:\/\/wp.kristdemokraterna.se\/janstefanson\/#\/schema\/person\/f8122372f46f49cffa0c02a57c89b40f"},"headline":"Upplysthet \u00e4r en v\u00e4lkommen bristvara","datePublished":"2017-04-06T06:08:59+00:00","mainEntityOfPage":{"@id":"https:\/\/wp.kristdemokraterna.se\/janstefanson\/upplysthet-ar-en-valkommen-bristvara\/"},"wordCount":283,"inLanguage":"sv-SE"},{"@type":"WebPage","@id":"https:\/\/wp.kristdemokraterna.se\/janstefanson\/upplysthet-ar-en-valkommen-bristvara\/","url":"https:\/\/wp.kristdemokraterna.se\/janstefanson\/upplysthet-ar-en-valkommen-bristvara\/","name":"Upplysthet \u00e4r en v\u00e4lkommen bristvara - Jan Stefanson","isPartOf":{"@id":"https:\/\/wp.kristdemokraterna.se\/janstefanson\/#website"},"datePublished":"2017-04-06T06:08:59+00:00","author":{"@id":"https:\/\/wp.kristdemokraterna.se\/janstefanson\/#\/schema\/person\/f8122372f46f49cffa0c02a57c89b40f"},"breadcrumb":{"@id":"https:\/\/wp.kristdemokraterna.se\/janstefanson\/upplysthet-ar-en-valkommen-bristvara\/#breadcrumb"},"inLanguage":"sv-SE","potentialAction":[{"@type":"ReadAction","target":["https:\/\/wp.kristdemokraterna.se\/janstefanson\/upplysthet-ar-en-valkommen-bristvara\/"]}]},{"@type":"BreadcrumbList","@id":"https:\/\/wp.kristdemokraterna.se\/janstefanson\/upplysthet-ar-en-valkommen-bristvara\/#breadcrumb","itemListElement":[{"@type":"ListItem","position":1,"name":"Hem","item":"https:\/\/wp.kristdemokraterna.se\/janstefanson\/"},{"@type":"ListItem","position":2,"name":"Upplysthet \u00e4r en v\u00e4lkommen bristvara"}]},{"@type":"WebSite","@id":"https:\/\/wp.kristdemokraterna.se\/janstefanson\/#website","url":"https:\/\/wp.kristdemokraterna.se\/janstefanson\/","name":"Jan Stefanson","description":"En till Kristdemokraterna webbplats","inLanguage":"sv-SE"},{"@type":"Person","@id":"https:\/\/wp.kristdemokraterna.se\/janstefanson\/#\/schema\/person\/f8122372f46f49cffa0c02a57c89b40f","name":"janstefanson","image":{"@type":"ImageObject","inLanguage":"sv-SE","@id":"https:\/\/secure.gravatar.com\/avatar\/c8880da1e0ca1fb1fd99d661e99b32931e79d1537ef8441e71fc6630d4b6633c?s=96&r=g","url":"https:\/\/secure.gravatar.com\/avatar\/c8880da1e0ca1fb1fd99d661e99b32931e79d1537ef8441e71fc6630d4b6633c?s=96&r=g","contentUrl":"https:\/\/secure.gravatar.com\/avatar\/c8880da1e0ca1fb1fd99d661e99b32931e79d1537ef8441e71fc6630d4b6633c?s=96&r=g","caption":"janstefanson"},"url":"https:\/\/wp.kristdemokraterna.se\/janstefanson\/author\/janstefanson\/"}]}},"_links":{"self":[{"href":"https:\/\/wp.kristdemokraterna.se\/janstefanson\/wp-json\/wp\/v2\/posts\/576","targetHints":{"allow":["GET"]}}],"collection":[{"href":"https:\/\/wp.kristdemokraterna.se\/janstefanson\/wp-json\/wp\/v2\/posts"}],"about":[{"href":"https:\/\/wp.kristdemokraterna.se\/janstefanson\/wp-json\/wp\/v2\/types\/post"}],"author":[{"embeddable":true,"href":"https:\/\/wp.kristdemokraterna.se\/janstefanson\/wp-json\/wp\/v2\/users\/530"}],"replies":[{"embeddable":true,"href":"https:\/\/wp.kristdemokraterna.se\/janstefanson\/wp-json\/wp\/v2\/comments?post=576"}],"version-history":[{"count":1,"href":"https:\/\/wp.kristdemokraterna.se\/janstefanson\/wp-json\/wp\/v2\/posts\/576\/revisions"}],"predecessor-version":[{"id":577,"href":"https:\/\/wp.kristdemokraterna.se\/janstefanson\/wp-json\/wp\/v2\/posts\/576\/revisions\/577"}],"wp:attachment":[{"href":"https:\/\/wp.kristdemokraterna.se\/janstefanson\/wp-json\/wp\/v2\/media?parent=576"}],"wp:term":[{"taxonomy":"category","embeddable":true,"href":"https:\/\/wp.kristdemokraterna.se\/janstefanson\/wp-json\/wp\/v2\/categories?post=576"},{"taxonomy":"post_tag","embeddable":true,"href":"https:\/\/wp.kristdemokraterna.se\/janstefanson\/wp-json\/wp\/v2\/tags?post=576"}],"curies":[{"name":"wp","href":"https:\/\/api.w.org\/{rel}","templated":true}]}}