{"id":607,"date":"2017-05-13T11:08:54","date_gmt":"2017-05-13T09:08:54","guid":{"rendered":"http:\/\/wp.kristdemokraterna.se\/janstefanson\/?p=607"},"modified":"2017-05-13T11:08:54","modified_gmt":"2017-05-13T09:08:54","slug":"alla-vill-vi-vinna","status":"publish","type":"post","link":"https:\/\/wp.kristdemokraterna.se\/janstefanson\/alla-vill-vi-vinna\/","title":{"rendered":"Alla vill vi vinna!"},"content":{"rendered":"<p>Efter g\u00e5rdagens andraplacering i <em>Lets Dance<\/em> s\u00e1 Anja Persson som just blivit besegrad detta att<strong> Alla vill vi vinna!\u00a0<\/strong><\/p>\n<p>Det st\u00e4mmer i de flesta fall och givetvis ocks\u00e5 i den bransch som jag blivit en del av, Politiken.<\/p>\n<p>F\u00f6r att f\u00e5 inflytande med de id\u00e9er som mitt parti har s\u00e5 kan man agera p\u00e5 olika s\u00e4tt. Vi \u00e4r n\u00e5gra kommuner som har valt att arbeta tillsammans med partier \u00f6ver blockgr\u00e4nsen eftersom det \u00e4r vad som varit b\u00e5de m\u00f6jligt och i v\u00e5ra \u00f6gon b\u00e4st n\u00e4r Alliansen inte f\u00e5tt v\u00e4ljarnas st\u00f6d.<\/p>\n<p><img loading=\"lazy\" decoding=\"async\" class=\"wp-image-608 alignleft\" src=\"http:\/\/wp.kristdemokraterna.se\/janstefanson\/files\/2017\/05\/img_0528-300x225.jpg\" alt=\"\" width=\"200\" height=\"152\" \/><img loading=\"lazy\" decoding=\"async\" class=\"wp-image-609 alignleft\" src=\"http:\/\/wp.kristdemokraterna.se\/janstefanson\/files\/2017\/05\/img_0527-225x300.jpg\" alt=\"\" width=\"153\" height=\"201\" \/><img loading=\"lazy\" decoding=\"async\" class=\"wp-image-611 alignleft\" src=\"http:\/\/wp.kristdemokraterna.se\/janstefanson\/files\/2017\/05\/img_0526-225x300.jpg\" alt=\"\" width=\"153\" height=\"201\" \/><img loading=\"lazy\" decoding=\"async\" class=\"wp-image-610 alignleft\" src=\"http:\/\/wp.kristdemokraterna.se\/janstefanson\/files\/2017\/05\/img_0531-300x225.jpg\" alt=\"\" width=\"200\" height=\"152\" \/><strong>Ig\u00e5r tr\u00e4ffades vi<\/strong> det n\u00e4tverk som Kristdemokraterna bildat och d\u00e4r ing\u00e5r Sundbyberg, Upplands-Bro, \u00d6rebro, V\u00e4ster\u00e5s, Norrk\u00f6ping och \u00d6desh\u00f6g. I n\u00e5got fall , Sundbyberg, har det block\u00f6verskridande samarbetet bytt skepnad s\u00e5 att MP och Alliansen nu utg\u00f6r majoritet.<\/p>\n<p><strong>Ig\u00e5r var m\u00f6tet f\u00f6rlagt till V\u00e4ster\u00e5s.<\/strong>\u00a0Hela dagen var fylld av bes\u00f6k p\u00e5 olika verksamheter. Att V\u00e4ster\u00e5s har en stark influens av ABB och \u00e4r en teknikens vagga i v\u00e5r region och v\u00e5rt land blev v\u00e4ldigt tydligt. Det f\u00f6rsta bes\u00f6ket som hade karakt\u00e4ren av ett f\u00f6retagshotell dominerades av ny teknik och robotar. Fyllt av skolbes\u00f6k och inspirerande unga teknikutvecklare gjorde bes\u00f6ket stort intryck.<\/p>\n<p>Vi fortsatte till kommunens bolag M\u00e4larenergi med bokf\u00f6rt v\u00e4rde 8 mdr, och nyligen beslutade\u00a0milj\u00f6\/teknik-investeringar runt 2 mdr.<\/p>\n<p>Dagen avslutades med ett bes\u00f6k p\u00e5 ABB:s teknikutvecklingskontor som under \u00e5ret \u00f6ppnats f\u00f6r \u00f6ver tjugo andra teknikutvecklarbolag. Samverkan ska f\u00f6ra utvecklingen fram\u00e5t!<\/p>\n<p>M\u00e5nga intryck och \u00e4ven lite tips om det politiska samarbetet tog jag med mig!<\/p>\n","protected":false},"excerpt":{"rendered":"<p>Efter g\u00e5rdagens andraplacering i Lets Dance s\u00e1 Anja Persson som just blivit besegrad detta att Alla vill vi vinna!\u00a0 Det st\u00e4mmer i de flesta fall och givetvis ocks\u00e5 i den bransch som jag blivit en del av, Politiken. F\u00f6r att f\u00e5 inflytande med de id\u00e9er som mitt parti har s\u00e5 kan man agera p\u00e5 olika <a class=\"read-more-link\" href=\"https:\/\/wp.kristdemokraterna.se\/janstefanson\/alla-vill-vi-vinna\/\">Read More<\/a><\/p>\n","protected":false},"author":530,"featured_media":0,"comment_status":"closed","ping_status":"closed","sticky":false,"template":"","format":"standard","meta":{"_acf_changed":false,"footnotes":""},"categories":[1],"tags":[],"class_list":["post-607","post","type-post","status-publish","format-standard","hentry","category-okategoriserade"],"acf":[],"yoast_head":"<!-- This site is optimized with the Yoast SEO plugin v27.4 - https:\/\/yoast.com\/product\/yoast-seo-wordpress\/ -->\n<title>Alla vill vi vinna! - Jan Stefanson<\/title>\n<meta name=\"robots\" content=\"index, follow, max-snippet:-1, max-image-preview:large, max-video-preview:-1\" \/>\n<link rel=\"canonical\" href=\"https:\/\/wp.kristdemokraterna.se\/janstefanson\/alla-vill-vi-vinna\/\" \/>\n<meta property=\"og:locale\" content=\"sv_SE\" \/>\n<meta property=\"og:type\" content=\"article\" \/>\n<meta property=\"og:title\" content=\"Alla vill vi vinna! - Jan Stefanson\" \/>\n<meta property=\"og:description\" content=\"Efter g\u00e5rdagens andraplacering i Lets Dance s\u00e1 Anja Persson som just blivit besegrad detta att Alla vill vi vinna!\u00a0 Det st\u00e4mmer i de flesta fall och givetvis ocks\u00e5 i den bransch som jag blivit en del av, Politiken. F\u00f6r att f\u00e5 inflytande med de id\u00e9er som mitt parti har s\u00e5 kan man agera p\u00e5 olika Read More\" \/>\n<meta property=\"og:url\" content=\"https:\/\/wp.kristdemokraterna.se\/janstefanson\/alla-vill-vi-vinna\/\" \/>\n<meta property=\"og:site_name\" content=\"Jan Stefanson\" \/>\n<meta property=\"article:published_time\" content=\"2017-05-13T09:08:54+00:00\" \/>\n<meta property=\"og:image\" content=\"http:\/\/wp.kristdemokraterna.se\/janstefanson\/files\/2017\/05\/img_0528-300x225.jpg\" \/>\n<meta name=\"author\" content=\"janstefanson\" \/>\n<meta name=\"twitter:card\" content=\"summary_large_image\" \/>\n<meta name=\"twitter:label1\" content=\"Skriven av\" \/>\n\t<meta name=\"twitter:data1\" content=\"janstefanson\" \/>\n\t<meta name=\"twitter:label2\" content=\"Ber\u00e4knad l\u00e4stid\" \/>\n\t<meta name=\"twitter:data2\" content=\"1 minut\" \/>\n<script type=\"application\/ld+json\" class=\"yoast-schema-graph\">{\"@context\":\"https:\\\/\\\/schema.org\",\"@graph\":[{\"@type\":\"Article\",\"@id\":\"https:\\\/\\\/wp.kristdemokraterna.se\\\/janstefanson\\\/alla-vill-vi-vinna\\\/#article\",\"isPartOf\":{\"@id\":\"https:\\\/\\\/wp.kristdemokraterna.se\\\/janstefanson\\\/alla-vill-vi-vinna\\\/\"},\"author\":{\"name\":\"janstefanson\",\"@id\":\"https:\\\/\\\/wp.kristdemokraterna.se\\\/janstefanson\\\/#\\\/schema\\\/person\\\/f8122372f46f49cffa0c02a57c89b40f\"},\"headline\":\"Alla vill vi vinna!\",\"datePublished\":\"2017-05-13T09:08:54+00:00\",\"mainEntityOfPage\":{\"@id\":\"https:\\\/\\\/wp.kristdemokraterna.se\\\/janstefanson\\\/alla-vill-vi-vinna\\\/\"},\"wordCount\":298,\"image\":{\"@id\":\"https:\\\/\\\/wp.kristdemokraterna.se\\\/janstefanson\\\/alla-vill-vi-vinna\\\/#primaryimage\"},\"thumbnailUrl\":\"http:\\\/\\\/wp.kristdemokraterna.se\\\/janstefanson\\\/files\\\/2017\\\/05\\\/img_0528-300x225.jpg\",\"inLanguage\":\"sv-SE\"},{\"@type\":\"WebPage\",\"@id\":\"https:\\\/\\\/wp.kristdemokraterna.se\\\/janstefanson\\\/alla-vill-vi-vinna\\\/\",\"url\":\"https:\\\/\\\/wp.kristdemokraterna.se\\\/janstefanson\\\/alla-vill-vi-vinna\\\/\",\"name\":\"Alla vill vi vinna! - Jan Stefanson\",\"isPartOf\":{\"@id\":\"https:\\\/\\\/wp.kristdemokraterna.se\\\/janstefanson\\\/#website\"},\"primaryImageOfPage\":{\"@id\":\"https:\\\/\\\/wp.kristdemokraterna.se\\\/janstefanson\\\/alla-vill-vi-vinna\\\/#primaryimage\"},\"image\":{\"@id\":\"https:\\\/\\\/wp.kristdemokraterna.se\\\/janstefanson\\\/alla-vill-vi-vinna\\\/#primaryimage\"},\"thumbnailUrl\":\"http:\\\/\\\/wp.kristdemokraterna.se\\\/janstefanson\\\/files\\\/2017\\\/05\\\/img_0528-300x225.jpg\",\"datePublished\":\"2017-05-13T09:08:54+00:00\",\"author\":{\"@id\":\"https:\\\/\\\/wp.kristdemokraterna.se\\\/janstefanson\\\/#\\\/schema\\\/person\\\/f8122372f46f49cffa0c02a57c89b40f\"},\"breadcrumb\":{\"@id\":\"https:\\\/\\\/wp.kristdemokraterna.se\\\/janstefanson\\\/alla-vill-vi-vinna\\\/#breadcrumb\"},\"inLanguage\":\"sv-SE\",\"potentialAction\":[{\"@type\":\"ReadAction\",\"target\":[\"https:\\\/\\\/wp.kristdemokraterna.se\\\/janstefanson\\\/alla-vill-vi-vinna\\\/\"]}]},{\"@type\":\"ImageObject\",\"inLanguage\":\"sv-SE\",\"@id\":\"https:\\\/\\\/wp.kristdemokraterna.se\\\/janstefanson\\\/alla-vill-vi-vinna\\\/#primaryimage\",\"url\":\"https:\\\/\\\/wp.kristdemokraterna.se\\\/janstefanson\\\/files\\\/2017\\\/05\\\/img_0528.jpg\",\"contentUrl\":\"https:\\\/\\\/wp.kristdemokraterna.se\\\/janstefanson\\\/files\\\/2017\\\/05\\\/img_0528.jpg\",\"width\":1280,\"height\":960},{\"@type\":\"BreadcrumbList\",\"@id\":\"https:\\\/\\\/wp.kristdemokraterna.se\\\/janstefanson\\\/alla-vill-vi-vinna\\\/#breadcrumb\",\"itemListElement\":[{\"@type\":\"ListItem\",\"position\":1,\"name\":\"Hem\",\"item\":\"https:\\\/\\\/wp.kristdemokraterna.se\\\/janstefanson\\\/\"},{\"@type\":\"ListItem\",\"position\":2,\"name\":\"Alla vill vi vinna!\"}]},{\"@type\":\"WebSite\",\"@id\":\"https:\\\/\\\/wp.kristdemokraterna.se\\\/janstefanson\\\/#website\",\"url\":\"https:\\\/\\\/wp.kristdemokraterna.se\\\/janstefanson\\\/\",\"name\":\"Jan Stefanson\",\"description\":\"En till Kristdemokraterna webbplats\",\"inLanguage\":\"sv-SE\"},{\"@type\":\"Person\",\"@id\":\"https:\\\/\\\/wp.kristdemokraterna.se\\\/janstefanson\\\/#\\\/schema\\\/person\\\/f8122372f46f49cffa0c02a57c89b40f\",\"name\":\"janstefanson\",\"image\":{\"@type\":\"ImageObject\",\"inLanguage\":\"sv-SE\",\"@id\":\"https:\\\/\\\/secure.gravatar.com\\\/avatar\\\/c8880da1e0ca1fb1fd99d661e99b32931e79d1537ef8441e71fc6630d4b6633c?s=96&r=g\",\"url\":\"https:\\\/\\\/secure.gravatar.com\\\/avatar\\\/c8880da1e0ca1fb1fd99d661e99b32931e79d1537ef8441e71fc6630d4b6633c?s=96&r=g\",\"contentUrl\":\"https:\\\/\\\/secure.gravatar.com\\\/avatar\\\/c8880da1e0ca1fb1fd99d661e99b32931e79d1537ef8441e71fc6630d4b6633c?s=96&r=g\",\"caption\":\"janstefanson\"},\"url\":\"https:\\\/\\\/wp.kristdemokraterna.se\\\/janstefanson\\\/author\\\/janstefanson\\\/\"}]}<\/script>\n<!-- \/ Yoast SEO plugin. -->","yoast_head_json":{"title":"Alla vill vi vinna! - Jan Stefanson","robots":{"index":"index","follow":"follow","max-snippet":"max-snippet:-1","max-image-preview":"max-image-preview:large","max-video-preview":"max-video-preview:-1"},"canonical":"https:\/\/wp.kristdemokraterna.se\/janstefanson\/alla-vill-vi-vinna\/","og_locale":"sv_SE","og_type":"article","og_title":"Alla vill vi vinna! - Jan Stefanson","og_description":"Efter g\u00e5rdagens andraplacering i Lets Dance s\u00e1 Anja Persson som just blivit besegrad detta att Alla vill vi vinna!\u00a0 Det st\u00e4mmer i de flesta fall och givetvis ocks\u00e5 i den bransch som jag blivit en del av, Politiken. F\u00f6r att f\u00e5 inflytande med de id\u00e9er som mitt parti har s\u00e5 kan man agera p\u00e5 olika Read More","og_url":"https:\/\/wp.kristdemokraterna.se\/janstefanson\/alla-vill-vi-vinna\/","og_site_name":"Jan Stefanson","article_published_time":"2017-05-13T09:08:54+00:00","og_image":[{"url":"http:\/\/wp.kristdemokraterna.se\/janstefanson\/files\/2017\/05\/img_0528-300x225.jpg","type":"","width":"","height":""}],"author":"janstefanson","twitter_card":"summary_large_image","twitter_misc":{"Skriven av":"janstefanson","Ber\u00e4knad l\u00e4stid":"1 minut"},"schema":{"@context":"https:\/\/schema.org","@graph":[{"@type":"Article","@id":"https:\/\/wp.kristdemokraterna.se\/janstefanson\/alla-vill-vi-vinna\/#article","isPartOf":{"@id":"https:\/\/wp.kristdemokraterna.se\/janstefanson\/alla-vill-vi-vinna\/"},"author":{"name":"janstefanson","@id":"https:\/\/wp.kristdemokraterna.se\/janstefanson\/#\/schema\/person\/f8122372f46f49cffa0c02a57c89b40f"},"headline":"Alla vill vi vinna!","datePublished":"2017-05-13T09:08:54+00:00","mainEntityOfPage":{"@id":"https:\/\/wp.kristdemokraterna.se\/janstefanson\/alla-vill-vi-vinna\/"},"wordCount":298,"image":{"@id":"https:\/\/wp.kristdemokraterna.se\/janstefanson\/alla-vill-vi-vinna\/#primaryimage"},"thumbnailUrl":"http:\/\/wp.kristdemokraterna.se\/janstefanson\/files\/2017\/05\/img_0528-300x225.jpg","inLanguage":"sv-SE"},{"@type":"WebPage","@id":"https:\/\/wp.kristdemokraterna.se\/janstefanson\/alla-vill-vi-vinna\/","url":"https:\/\/wp.kristdemokraterna.se\/janstefanson\/alla-vill-vi-vinna\/","name":"Alla vill vi vinna! - Jan Stefanson","isPartOf":{"@id":"https:\/\/wp.kristdemokraterna.se\/janstefanson\/#website"},"primaryImageOfPage":{"@id":"https:\/\/wp.kristdemokraterna.se\/janstefanson\/alla-vill-vi-vinna\/#primaryimage"},"image":{"@id":"https:\/\/wp.kristdemokraterna.se\/janstefanson\/alla-vill-vi-vinna\/#primaryimage"},"thumbnailUrl":"http:\/\/wp.kristdemokraterna.se\/janstefanson\/files\/2017\/05\/img_0528-300x225.jpg","datePublished":"2017-05-13T09:08:54+00:00","author":{"@id":"https:\/\/wp.kristdemokraterna.se\/janstefanson\/#\/schema\/person\/f8122372f46f49cffa0c02a57c89b40f"},"breadcrumb":{"@id":"https:\/\/wp.kristdemokraterna.se\/janstefanson\/alla-vill-vi-vinna\/#breadcrumb"},"inLanguage":"sv-SE","potentialAction":[{"@type":"ReadAction","target":["https:\/\/wp.kristdemokraterna.se\/janstefanson\/alla-vill-vi-vinna\/"]}]},{"@type":"ImageObject","inLanguage":"sv-SE","@id":"https:\/\/wp.kristdemokraterna.se\/janstefanson\/alla-vill-vi-vinna\/#primaryimage","url":"https:\/\/wp.kristdemokraterna.se\/janstefanson\/files\/2017\/05\/img_0528.jpg","contentUrl":"https:\/\/wp.kristdemokraterna.se\/janstefanson\/files\/2017\/05\/img_0528.jpg","width":1280,"height":960},{"@type":"BreadcrumbList","@id":"https:\/\/wp.kristdemokraterna.se\/janstefanson\/alla-vill-vi-vinna\/#breadcrumb","itemListElement":[{"@type":"ListItem","position":1,"name":"Hem","item":"https:\/\/wp.kristdemokraterna.se\/janstefanson\/"},{"@type":"ListItem","position":2,"name":"Alla vill vi vinna!"}]},{"@type":"WebSite","@id":"https:\/\/wp.kristdemokraterna.se\/janstefanson\/#website","url":"https:\/\/wp.kristdemokraterna.se\/janstefanson\/","name":"Jan Stefanson","description":"En till Kristdemokraterna webbplats","inLanguage":"sv-SE"},{"@type":"Person","@id":"https:\/\/wp.kristdemokraterna.se\/janstefanson\/#\/schema\/person\/f8122372f46f49cffa0c02a57c89b40f","name":"janstefanson","image":{"@type":"ImageObject","inLanguage":"sv-SE","@id":"https:\/\/secure.gravatar.com\/avatar\/c8880da1e0ca1fb1fd99d661e99b32931e79d1537ef8441e71fc6630d4b6633c?s=96&r=g","url":"https:\/\/secure.gravatar.com\/avatar\/c8880da1e0ca1fb1fd99d661e99b32931e79d1537ef8441e71fc6630d4b6633c?s=96&r=g","contentUrl":"https:\/\/secure.gravatar.com\/avatar\/c8880da1e0ca1fb1fd99d661e99b32931e79d1537ef8441e71fc6630d4b6633c?s=96&r=g","caption":"janstefanson"},"url":"https:\/\/wp.kristdemokraterna.se\/janstefanson\/author\/janstefanson\/"}]}},"_links":{"self":[{"href":"https:\/\/wp.kristdemokraterna.se\/janstefanson\/wp-json\/wp\/v2\/posts\/607","targetHints":{"allow":["GET"]}}],"collection":[{"href":"https:\/\/wp.kristdemokraterna.se\/janstefanson\/wp-json\/wp\/v2\/posts"}],"about":[{"href":"https:\/\/wp.kristdemokraterna.se\/janstefanson\/wp-json\/wp\/v2\/types\/post"}],"author":[{"embeddable":true,"href":"https:\/\/wp.kristdemokraterna.se\/janstefanson\/wp-json\/wp\/v2\/users\/530"}],"replies":[{"embeddable":true,"href":"https:\/\/wp.kristdemokraterna.se\/janstefanson\/wp-json\/wp\/v2\/comments?post=607"}],"version-history":[{"count":1,"href":"https:\/\/wp.kristdemokraterna.se\/janstefanson\/wp-json\/wp\/v2\/posts\/607\/revisions"}],"predecessor-version":[{"id":613,"href":"https:\/\/wp.kristdemokraterna.se\/janstefanson\/wp-json\/wp\/v2\/posts\/607\/revisions\/613"}],"wp:attachment":[{"href":"https:\/\/wp.kristdemokraterna.se\/janstefanson\/wp-json\/wp\/v2\/media?parent=607"}],"wp:term":[{"taxonomy":"category","embeddable":true,"href":"https:\/\/wp.kristdemokraterna.se\/janstefanson\/wp-json\/wp\/v2\/categories?post=607"},{"taxonomy":"post_tag","embeddable":true,"href":"https:\/\/wp.kristdemokraterna.se\/janstefanson\/wp-json\/wp\/v2\/tags?post=607"}],"curies":[{"name":"wp","href":"https:\/\/api.w.org\/{rel}","templated":true}]}}