{"id":614,"date":"2017-06-08T10:34:33","date_gmt":"2017-06-08T08:34:33","guid":{"rendered":"http:\/\/wp.kristdemokraterna.se\/janstefanson\/?p=614"},"modified":"2017-06-08T10:34:33","modified_gmt":"2017-06-08T08:34:33","slug":"utslagen-tillfalligt","status":"publish","type":"post","link":"https:\/\/wp.kristdemokraterna.se\/janstefanson\/utslagen-tillfalligt\/","title":{"rendered":"Utslagen tillf\u00e4lligt!"},"content":{"rendered":"<p>H\u00e4romdagen n\u00e4r jag klippte gr\u00e4set i Burgsvik fick jag syn p\u00e5 en Bofink mitt p\u00e5 v\u00e4gen. Den hade f\u00e4llt ut vingarna s\u00e5 att den skulle verka stor. Den levde och vred p\u00e5 huvudet och tittade p\u00e5 mig men r\u00f6rde sig inte mer \u00e4n s\u00e5. <strong>D\u00e4r kan den inte ligga t\u00e4nkte jag och lyfte den till sidan av v\u00e4gen.<\/strong> Jag antog att den blivit p\u00e5k\u00f6rd.<\/p>\n<p><img loading=\"lazy\" decoding=\"async\" class=\" wp-image-615 alignright\" src=\"http:\/\/wp.kristdemokraterna.se\/janstefanson\/files\/2017\/06\/img_0590-300x225.jpg\" alt=\"\" width=\"221\" height=\"168\" \/>Sedan fortsatte jag att klippa men kunde inte sl\u00e4ppa tanken p\u00e5 att f\u00e5geln beh\u00f6vde min hj\u00e4lp. Det \u00e4r gott om ormvr\u00e5kar som cirklar \u00f6ver n\u00e4romr\u00e5det hela dagar s\u00e5 jag f\u00f6rstod att det fanns flera olika hot.<\/p>\n<p>Jag tog efter en stund och lyfte f\u00e5geln i handen, den f\u00f6rs\u00f6kte nafsa och f\u00e5 mig att sl\u00e4ppa men bara n\u00e5gon sekund s\u00e5 var krafterna tillf\u00e4lligt slut.<\/p>\n<p>Jag visade den f\u00f6r \u00c5sa som gjorde i ordning ett stort p\u00e5sk\u00e4gg med bomull i botten. D\u00e4r blev sjukb\u00e4dden. Jag st\u00e4llde den i ett m\u00f6rkt garage ett par timmar och s\u00e5g att den levde men inte hade flyttat sig. Fj\u00e4derskruden var som ett fjunbolster f\u00f6r att h\u00e5lla v\u00e4rmen. Jag lyfte ut den i \u00e4gget och st\u00e4llde den under en vindruvebuske ( blir v\u00e4l ett tr\u00e4d s\u00e5 sm\u00e5ningom). Efter ytterligare en halvtimme s\u00e5 tittade jag till \u00e4gget som var tomt. En liten fl\u00e4ck i bomullen visade att den l\u00e4mnat lite spillning. Jag tittade runt och s\u00e5g att f\u00f6rflyttat sig n\u00e5gra meter intill husv\u00e4ggen och l\u00e5g d\u00e4r uppruggad som ett dunbolster. <strong>N\u00e4r jag lyfte upp henne s\u00e5 \u00f6verraskades jag av att hon helt pl\u00f6tsligt fick nytt liv och fl\u00f6g rakt in i skogen.\u00a0<\/strong><\/p>\n<p><strong>Jag agerade efter tre val<\/strong>: 1. G\u00f6ra pinan kort och avliva henne. 2. L\u00e5ta henne ligga p\u00e5 v\u00e4gen och bli p\u00e5k\u00f6rd. Det \u00e4r ju fler \u00e4n hon som g\u00e5r det \u00f6det till m\u00f6tes.En mer eller mindre&#8230; 3.Ta hand om henne och se om hon f\u00e5r liv igen.<\/p>\n<p>Bel\u00f6ningen f\u00f6r min del blev en sk\u00f6n k\u00e4nsla av att ha gjort en bra sak.En mycket liten insats f\u00f6r v\u00e4rlden men trots allt n\u00e5got litet gott. Jag kan j\u00e4mf\u00f6ra den k\u00e4nslan med de andra alternativen och gissa mig till en f\u00f6rh\u00e4rdnad som g\u00f6r det l\u00e4tt att upprepa hur m\u00e5nga g\u00e5nger som helst. Jag brukar sj\u00e4lv inte alltid g\u00f6ra som jag nu gjorde \u00e4ven om jag finner det b\u00e4st.<\/p>\n<p>N\u00e5gon har myntat ett uttryck som jag funderat \u00f6ver ibland.<strong> &#8221;Jag kan inte hj\u00e4lpa alla men den som kommer i min v\u00e4g kan jag f\u00f6rs\u00f6ka att hj\u00e4lpa&#8221;<\/strong>.<\/p>\n<p>Idag fr\u00e5gas mycket om empati och framf\u00f6rallt bristen p\u00e5 den. Jag tror att vi beh\u00f6ver p\u00e5minna varandra om hur beroende vi sj\u00e4lva \u00e4r av empatiska medm\u00e4nniskor och hur en liten god handling kan ge oss en sk\u00f6n k\u00e4nsla som biter sig fast och vi vill uppleva igen.<\/p>\n<p>N\u00e4r vi p\u00e5 kv\u00e4llen satt i vardagsrummet kom en liten f\u00e5gel och fl\u00f6g mot f\u00f6nstret och stannade upp n\u00e5gon centimeter fr\u00e5n rutan och v\u00e4nde! Vi tittade f\u00f6rv\u00e5nat p\u00e5 varandra och s\u00e1 n\u00e4n\u00e4&#8230; Om du tycker ber\u00e4ttelsen \u00e4r f\u00f6r gullig s\u00e5 kan jag h\u00e5lla med. Ot\u00e4ckt gullig! Men den har ju likafullt h\u00e4nt mig h\u00e4romdagen!<\/p>\n<p>I politiken m\u00f6ts mer och mer argument som bygger p\u00e5 kollektiva syns\u00e4tt i st\u00e4llet f\u00f6r de unika och individuella behoven. Jag tror att risken att dras med i det kollektivistiska syns\u00e4ttet \u00e4r f\u00f6r\u00f6dande och smygande och r\u00e4tt som det \u00e4r har vi trots goda f\u00f6resatser dragits in i ett <em>viochdombeteende<\/em> d\u00e4r individens liv, v\u00e4rde och fortsatta \u00f6de inte bekymrar oss.<\/p>\n<p>&nbsp;<\/p>\n<p>&nbsp;<\/p>\n","protected":false},"excerpt":{"rendered":"<p>H\u00e4romdagen n\u00e4r jag klippte gr\u00e4set i Burgsvik fick jag syn p\u00e5 en Bofink mitt p\u00e5 v\u00e4gen. Den hade f\u00e4llt ut vingarna s\u00e5 att den skulle verka stor. Den levde och vred p\u00e5 huvudet och tittade p\u00e5 mig men r\u00f6rde sig inte mer \u00e4n s\u00e5. D\u00e4r kan den inte ligga t\u00e4nkte jag och lyfte den till <a class=\"read-more-link\" href=\"https:\/\/wp.kristdemokraterna.se\/janstefanson\/utslagen-tillfalligt\/\">Read More<\/a><\/p>\n","protected":false},"author":530,"featured_media":0,"comment_status":"closed","ping_status":"closed","sticky":false,"template":"","format":"standard","meta":{"_acf_changed":false,"footnotes":""},"categories":[1],"tags":[],"class_list":["post-614","post","type-post","status-publish","format-standard","hentry","category-okategoriserade"],"acf":[],"yoast_head":"<!-- This site is optimized with the Yoast SEO plugin v27.4 - https:\/\/yoast.com\/product\/yoast-seo-wordpress\/ -->\n<title>Utslagen tillf\u00e4lligt! - Jan Stefanson<\/title>\n<meta name=\"robots\" content=\"index, follow, max-snippet:-1, max-image-preview:large, max-video-preview:-1\" \/>\n<link rel=\"canonical\" href=\"https:\/\/wp.kristdemokraterna.se\/janstefanson\/utslagen-tillfalligt\/\" \/>\n<meta property=\"og:locale\" content=\"sv_SE\" \/>\n<meta property=\"og:type\" content=\"article\" \/>\n<meta property=\"og:title\" content=\"Utslagen tillf\u00e4lligt! - Jan Stefanson\" \/>\n<meta property=\"og:description\" content=\"H\u00e4romdagen n\u00e4r jag klippte gr\u00e4set i Burgsvik fick jag syn p\u00e5 en Bofink mitt p\u00e5 v\u00e4gen. Den hade f\u00e4llt ut vingarna s\u00e5 att den skulle verka stor. Den levde och vred p\u00e5 huvudet och tittade p\u00e5 mig men r\u00f6rde sig inte mer \u00e4n s\u00e5. D\u00e4r kan den inte ligga t\u00e4nkte jag och lyfte den till Read More\" \/>\n<meta property=\"og:url\" content=\"https:\/\/wp.kristdemokraterna.se\/janstefanson\/utslagen-tillfalligt\/\" \/>\n<meta property=\"og:site_name\" content=\"Jan Stefanson\" \/>\n<meta property=\"article:published_time\" content=\"2017-06-08T08:34:33+00:00\" \/>\n<meta property=\"og:image\" content=\"http:\/\/wp.kristdemokraterna.se\/janstefanson\/files\/2017\/06\/img_0590-300x225.jpg\" \/>\n<meta name=\"author\" content=\"janstefanson\" \/>\n<meta name=\"twitter:card\" content=\"summary_large_image\" \/>\n<meta name=\"twitter:label1\" content=\"Skriven av\" \/>\n\t<meta name=\"twitter:data1\" content=\"janstefanson\" \/>\n\t<meta name=\"twitter:label2\" content=\"Ber\u00e4knad l\u00e4stid\" \/>\n\t<meta name=\"twitter:data2\" content=\"3 minuter\" \/>\n<script type=\"application\/ld+json\" class=\"yoast-schema-graph\">{\"@context\":\"https:\\\/\\\/schema.org\",\"@graph\":[{\"@type\":\"Article\",\"@id\":\"https:\\\/\\\/wp.kristdemokraterna.se\\\/janstefanson\\\/utslagen-tillfalligt\\\/#article\",\"isPartOf\":{\"@id\":\"https:\\\/\\\/wp.kristdemokraterna.se\\\/janstefanson\\\/utslagen-tillfalligt\\\/\"},\"author\":{\"name\":\"janstefanson\",\"@id\":\"https:\\\/\\\/wp.kristdemokraterna.se\\\/janstefanson\\\/#\\\/schema\\\/person\\\/f8122372f46f49cffa0c02a57c89b40f\"},\"headline\":\"Utslagen tillf\u00e4lligt!\",\"datePublished\":\"2017-06-08T08:34:33+00:00\",\"mainEntityOfPage\":{\"@id\":\"https:\\\/\\\/wp.kristdemokraterna.se\\\/janstefanson\\\/utslagen-tillfalligt\\\/\"},\"wordCount\":686,\"image\":{\"@id\":\"https:\\\/\\\/wp.kristdemokraterna.se\\\/janstefanson\\\/utslagen-tillfalligt\\\/#primaryimage\"},\"thumbnailUrl\":\"http:\\\/\\\/wp.kristdemokraterna.se\\\/janstefanson\\\/files\\\/2017\\\/06\\\/img_0590-300x225.jpg\",\"inLanguage\":\"sv-SE\"},{\"@type\":\"WebPage\",\"@id\":\"https:\\\/\\\/wp.kristdemokraterna.se\\\/janstefanson\\\/utslagen-tillfalligt\\\/\",\"url\":\"https:\\\/\\\/wp.kristdemokraterna.se\\\/janstefanson\\\/utslagen-tillfalligt\\\/\",\"name\":\"Utslagen tillf\u00e4lligt! - Jan Stefanson\",\"isPartOf\":{\"@id\":\"https:\\\/\\\/wp.kristdemokraterna.se\\\/janstefanson\\\/#website\"},\"primaryImageOfPage\":{\"@id\":\"https:\\\/\\\/wp.kristdemokraterna.se\\\/janstefanson\\\/utslagen-tillfalligt\\\/#primaryimage\"},\"image\":{\"@id\":\"https:\\\/\\\/wp.kristdemokraterna.se\\\/janstefanson\\\/utslagen-tillfalligt\\\/#primaryimage\"},\"thumbnailUrl\":\"http:\\\/\\\/wp.kristdemokraterna.se\\\/janstefanson\\\/files\\\/2017\\\/06\\\/img_0590-300x225.jpg\",\"datePublished\":\"2017-06-08T08:34:33+00:00\",\"author\":{\"@id\":\"https:\\\/\\\/wp.kristdemokraterna.se\\\/janstefanson\\\/#\\\/schema\\\/person\\\/f8122372f46f49cffa0c02a57c89b40f\"},\"breadcrumb\":{\"@id\":\"https:\\\/\\\/wp.kristdemokraterna.se\\\/janstefanson\\\/utslagen-tillfalligt\\\/#breadcrumb\"},\"inLanguage\":\"sv-SE\",\"potentialAction\":[{\"@type\":\"ReadAction\",\"target\":[\"https:\\\/\\\/wp.kristdemokraterna.se\\\/janstefanson\\\/utslagen-tillfalligt\\\/\"]}]},{\"@type\":\"ImageObject\",\"inLanguage\":\"sv-SE\",\"@id\":\"https:\\\/\\\/wp.kristdemokraterna.se\\\/janstefanson\\\/utslagen-tillfalligt\\\/#primaryimage\",\"url\":\"https:\\\/\\\/wp.kristdemokraterna.se\\\/janstefanson\\\/files\\\/2017\\\/06\\\/img_0590.jpg\",\"contentUrl\":\"https:\\\/\\\/wp.kristdemokraterna.se\\\/janstefanson\\\/files\\\/2017\\\/06\\\/img_0590.jpg\",\"width\":1280,\"height\":960},{\"@type\":\"BreadcrumbList\",\"@id\":\"https:\\\/\\\/wp.kristdemokraterna.se\\\/janstefanson\\\/utslagen-tillfalligt\\\/#breadcrumb\",\"itemListElement\":[{\"@type\":\"ListItem\",\"position\":1,\"name\":\"Hem\",\"item\":\"https:\\\/\\\/wp.kristdemokraterna.se\\\/janstefanson\\\/\"},{\"@type\":\"ListItem\",\"position\":2,\"name\":\"Utslagen tillf\u00e4lligt!\"}]},{\"@type\":\"WebSite\",\"@id\":\"https:\\\/\\\/wp.kristdemokraterna.se\\\/janstefanson\\\/#website\",\"url\":\"https:\\\/\\\/wp.kristdemokraterna.se\\\/janstefanson\\\/\",\"name\":\"Jan Stefanson\",\"description\":\"En till Kristdemokraterna webbplats\",\"inLanguage\":\"sv-SE\"},{\"@type\":\"Person\",\"@id\":\"https:\\\/\\\/wp.kristdemokraterna.se\\\/janstefanson\\\/#\\\/schema\\\/person\\\/f8122372f46f49cffa0c02a57c89b40f\",\"name\":\"janstefanson\",\"image\":{\"@type\":\"ImageObject\",\"inLanguage\":\"sv-SE\",\"@id\":\"https:\\\/\\\/secure.gravatar.com\\\/avatar\\\/c8880da1e0ca1fb1fd99d661e99b32931e79d1537ef8441e71fc6630d4b6633c?s=96&r=g\",\"url\":\"https:\\\/\\\/secure.gravatar.com\\\/avatar\\\/c8880da1e0ca1fb1fd99d661e99b32931e79d1537ef8441e71fc6630d4b6633c?s=96&r=g\",\"contentUrl\":\"https:\\\/\\\/secure.gravatar.com\\\/avatar\\\/c8880da1e0ca1fb1fd99d661e99b32931e79d1537ef8441e71fc6630d4b6633c?s=96&r=g\",\"caption\":\"janstefanson\"},\"url\":\"https:\\\/\\\/wp.kristdemokraterna.se\\\/janstefanson\\\/author\\\/janstefanson\\\/\"}]}<\/script>\n<!-- \/ Yoast SEO plugin. -->","yoast_head_json":{"title":"Utslagen tillf\u00e4lligt! - Jan Stefanson","robots":{"index":"index","follow":"follow","max-snippet":"max-snippet:-1","max-image-preview":"max-image-preview:large","max-video-preview":"max-video-preview:-1"},"canonical":"https:\/\/wp.kristdemokraterna.se\/janstefanson\/utslagen-tillfalligt\/","og_locale":"sv_SE","og_type":"article","og_title":"Utslagen tillf\u00e4lligt! - Jan Stefanson","og_description":"H\u00e4romdagen n\u00e4r jag klippte gr\u00e4set i Burgsvik fick jag syn p\u00e5 en Bofink mitt p\u00e5 v\u00e4gen. Den hade f\u00e4llt ut vingarna s\u00e5 att den skulle verka stor. Den levde och vred p\u00e5 huvudet och tittade p\u00e5 mig men r\u00f6rde sig inte mer \u00e4n s\u00e5. D\u00e4r kan den inte ligga t\u00e4nkte jag och lyfte den till Read More","og_url":"https:\/\/wp.kristdemokraterna.se\/janstefanson\/utslagen-tillfalligt\/","og_site_name":"Jan Stefanson","article_published_time":"2017-06-08T08:34:33+00:00","og_image":[{"url":"http:\/\/wp.kristdemokraterna.se\/janstefanson\/files\/2017\/06\/img_0590-300x225.jpg","type":"","width":"","height":""}],"author":"janstefanson","twitter_card":"summary_large_image","twitter_misc":{"Skriven av":"janstefanson","Ber\u00e4knad l\u00e4stid":"3 minuter"},"schema":{"@context":"https:\/\/schema.org","@graph":[{"@type":"Article","@id":"https:\/\/wp.kristdemokraterna.se\/janstefanson\/utslagen-tillfalligt\/#article","isPartOf":{"@id":"https:\/\/wp.kristdemokraterna.se\/janstefanson\/utslagen-tillfalligt\/"},"author":{"name":"janstefanson","@id":"https:\/\/wp.kristdemokraterna.se\/janstefanson\/#\/schema\/person\/f8122372f46f49cffa0c02a57c89b40f"},"headline":"Utslagen tillf\u00e4lligt!","datePublished":"2017-06-08T08:34:33+00:00","mainEntityOfPage":{"@id":"https:\/\/wp.kristdemokraterna.se\/janstefanson\/utslagen-tillfalligt\/"},"wordCount":686,"image":{"@id":"https:\/\/wp.kristdemokraterna.se\/janstefanson\/utslagen-tillfalligt\/#primaryimage"},"thumbnailUrl":"http:\/\/wp.kristdemokraterna.se\/janstefanson\/files\/2017\/06\/img_0590-300x225.jpg","inLanguage":"sv-SE"},{"@type":"WebPage","@id":"https:\/\/wp.kristdemokraterna.se\/janstefanson\/utslagen-tillfalligt\/","url":"https:\/\/wp.kristdemokraterna.se\/janstefanson\/utslagen-tillfalligt\/","name":"Utslagen tillf\u00e4lligt! - Jan Stefanson","isPartOf":{"@id":"https:\/\/wp.kristdemokraterna.se\/janstefanson\/#website"},"primaryImageOfPage":{"@id":"https:\/\/wp.kristdemokraterna.se\/janstefanson\/utslagen-tillfalligt\/#primaryimage"},"image":{"@id":"https:\/\/wp.kristdemokraterna.se\/janstefanson\/utslagen-tillfalligt\/#primaryimage"},"thumbnailUrl":"http:\/\/wp.kristdemokraterna.se\/janstefanson\/files\/2017\/06\/img_0590-300x225.jpg","datePublished":"2017-06-08T08:34:33+00:00","author":{"@id":"https:\/\/wp.kristdemokraterna.se\/janstefanson\/#\/schema\/person\/f8122372f46f49cffa0c02a57c89b40f"},"breadcrumb":{"@id":"https:\/\/wp.kristdemokraterna.se\/janstefanson\/utslagen-tillfalligt\/#breadcrumb"},"inLanguage":"sv-SE","potentialAction":[{"@type":"ReadAction","target":["https:\/\/wp.kristdemokraterna.se\/janstefanson\/utslagen-tillfalligt\/"]}]},{"@type":"ImageObject","inLanguage":"sv-SE","@id":"https:\/\/wp.kristdemokraterna.se\/janstefanson\/utslagen-tillfalligt\/#primaryimage","url":"https:\/\/wp.kristdemokraterna.se\/janstefanson\/files\/2017\/06\/img_0590.jpg","contentUrl":"https:\/\/wp.kristdemokraterna.se\/janstefanson\/files\/2017\/06\/img_0590.jpg","width":1280,"height":960},{"@type":"BreadcrumbList","@id":"https:\/\/wp.kristdemokraterna.se\/janstefanson\/utslagen-tillfalligt\/#breadcrumb","itemListElement":[{"@type":"ListItem","position":1,"name":"Hem","item":"https:\/\/wp.kristdemokraterna.se\/janstefanson\/"},{"@type":"ListItem","position":2,"name":"Utslagen tillf\u00e4lligt!"}]},{"@type":"WebSite","@id":"https:\/\/wp.kristdemokraterna.se\/janstefanson\/#website","url":"https:\/\/wp.kristdemokraterna.se\/janstefanson\/","name":"Jan Stefanson","description":"En till Kristdemokraterna webbplats","inLanguage":"sv-SE"},{"@type":"Person","@id":"https:\/\/wp.kristdemokraterna.se\/janstefanson\/#\/schema\/person\/f8122372f46f49cffa0c02a57c89b40f","name":"janstefanson","image":{"@type":"ImageObject","inLanguage":"sv-SE","@id":"https:\/\/secure.gravatar.com\/avatar\/c8880da1e0ca1fb1fd99d661e99b32931e79d1537ef8441e71fc6630d4b6633c?s=96&r=g","url":"https:\/\/secure.gravatar.com\/avatar\/c8880da1e0ca1fb1fd99d661e99b32931e79d1537ef8441e71fc6630d4b6633c?s=96&r=g","contentUrl":"https:\/\/secure.gravatar.com\/avatar\/c8880da1e0ca1fb1fd99d661e99b32931e79d1537ef8441e71fc6630d4b6633c?s=96&r=g","caption":"janstefanson"},"url":"https:\/\/wp.kristdemokraterna.se\/janstefanson\/author\/janstefanson\/"}]}},"_links":{"self":[{"href":"https:\/\/wp.kristdemokraterna.se\/janstefanson\/wp-json\/wp\/v2\/posts\/614","targetHints":{"allow":["GET"]}}],"collection":[{"href":"https:\/\/wp.kristdemokraterna.se\/janstefanson\/wp-json\/wp\/v2\/posts"}],"about":[{"href":"https:\/\/wp.kristdemokraterna.se\/janstefanson\/wp-json\/wp\/v2\/types\/post"}],"author":[{"embeddable":true,"href":"https:\/\/wp.kristdemokraterna.se\/janstefanson\/wp-json\/wp\/v2\/users\/530"}],"replies":[{"embeddable":true,"href":"https:\/\/wp.kristdemokraterna.se\/janstefanson\/wp-json\/wp\/v2\/comments?post=614"}],"version-history":[{"count":1,"href":"https:\/\/wp.kristdemokraterna.se\/janstefanson\/wp-json\/wp\/v2\/posts\/614\/revisions"}],"predecessor-version":[{"id":616,"href":"https:\/\/wp.kristdemokraterna.se\/janstefanson\/wp-json\/wp\/v2\/posts\/614\/revisions\/616"}],"wp:attachment":[{"href":"https:\/\/wp.kristdemokraterna.se\/janstefanson\/wp-json\/wp\/v2\/media?parent=614"}],"wp:term":[{"taxonomy":"category","embeddable":true,"href":"https:\/\/wp.kristdemokraterna.se\/janstefanson\/wp-json\/wp\/v2\/categories?post=614"},{"taxonomy":"post_tag","embeddable":true,"href":"https:\/\/wp.kristdemokraterna.se\/janstefanson\/wp-json\/wp\/v2\/tags?post=614"}],"curies":[{"name":"wp","href":"https:\/\/api.w.org\/{rel}","templated":true}]}}