{"id":618,"date":"2017-06-16T11:09:24","date_gmt":"2017-06-16T09:09:24","guid":{"rendered":"http:\/\/wp.kristdemokraterna.se\/janstefanson\/?p=618"},"modified":"2017-06-16T11:09:24","modified_gmt":"2017-06-16T09:09:24","slug":"midnattslopp-om-pingis-i-black-box","status":"publish","type":"post","link":"https:\/\/wp.kristdemokraterna.se\/janstefanson\/midnattslopp-om-pingis-i-black-box\/","title":{"rendered":"Midnattslopp om pingis i Black Box"},"content":{"rendered":"<p>I v\u00e5rt nya Kulturhus h\u00e5ller vi v\u00e5ra kommunfullm\u00e4ktigem\u00f6ten. Den ligger i k\u00e4llarplanet och kallas Black Box av f\u00f6rklarliga sk\u00e4l.<\/p>\n<p>I veckan var det dags. Vi b\u00f6rjade onsdag kl 18.30 och h\u00f6ll p\u00e5 till kl 24 f\u00f6r att forts\u00e4tta kommande onsdag kl 18.30.<\/p>\n<p>\u00c4r ni inte riktigt kloka undrar nog en och annan? \u00a0Jag undviker att svara utan h\u00e4nvisar till politikens villkor. \u00c5 ena sidan redo att fatta beslut men \u00e5 andra sidan att v\u00e4nta p\u00e5 ytterligare utredning. Den h\u00e4r g\u00e5ngen var det nybyggnation av en bordtennishall i Kungs\u00e4ngen. Fr\u00e5gan har beretts i mer \u00e4n \u00e5tta \u00e5r och returnerats till Kultur och Fritidsf\u00f6rvaltningen f\u00f6r omtag s\u00e5 sent som under det senaste \u00e5ret. F\u00f6r dyrt och f\u00f6r stort. Nu var prislappen s\u00e4nkt och hallen effektivare utnyttjad. Det som h\u00e4nde var att moderater, v\u00e4nsterpartister och sverigedemokrater ans\u00e5g att den skulle \u00e5terremitteras en g\u00e5ng till f\u00f6r utredning och svar. Deras 15 r\u00f6ster var tv\u00e5 r\u00f6ster fler \u00e4n motsatt beslut. Det kr\u00e4vs en tredjedels majoritet av r\u00f6sterna vilket \u00e4r 14 st av alla 41 ledamotsplatser. Egentligen 40 d\u00e5 SD alltid har en tom stol! Tretton r\u00f6ster, d\u00e5 hade fr\u00e5gan varit avgjord av KD; S; C;MP och L. Nu blir det ett extra m\u00f6te den 21 juni kl 18.30. Sammantr\u00e4deskostnaden f\u00f6r det extra m\u00f6tet ber\u00e4knas till minst 50 tkr.<\/p>\n<p>Vi beslutade om m\u00e5nga viktiga fr\u00e5gor s\u00e5som, En plan f\u00f6r landsbygdsutvecklingen, LOV inom \u00e4ldreboende, tv\u00e5 f\u00f6rskoleavdelningar som tillbyggnad p\u00e5 Blomman och mycket mycket mer. Sammanlagt arton \u00e4renden j\u00e4mte ett par prisutdelningar.<\/p>\n<p>Jag hade gissat i f\u00f6rv\u00e4g p\u00e5 ett midnattslopp och s\u00e5 blev det.<\/p>\n<p>En stj\u00e4rna b\u00f6r delas till bordtennisklubbens r\u00f6dtr\u00f6jade ungdomar och tr\u00e4nare som fick v\u00e4nta p\u00e5 beslutet, att det skjuts upp av M, SD och V. Men kommande onsdag blir det klart att starta. Ingen vild gissning fr\u00e5n min sida.<\/p>\n","protected":false},"excerpt":{"rendered":"<p>I v\u00e5rt nya Kulturhus h\u00e5ller vi v\u00e5ra kommunfullm\u00e4ktigem\u00f6ten. Den ligger i k\u00e4llarplanet och kallas Black Box av f\u00f6rklarliga sk\u00e4l. I veckan var det dags. Vi b\u00f6rjade onsdag kl 18.30 och h\u00f6ll p\u00e5 till kl 24 f\u00f6r att forts\u00e4tta kommande onsdag kl 18.30. \u00c4r ni inte riktigt kloka undrar nog en och annan? \u00a0Jag undviker att <a class=\"read-more-link\" href=\"https:\/\/wp.kristdemokraterna.se\/janstefanson\/midnattslopp-om-pingis-i-black-box\/\">Read More<\/a><\/p>\n","protected":false},"author":530,"featured_media":0,"comment_status":"closed","ping_status":"closed","sticky":false,"template":"","format":"standard","meta":{"_acf_changed":false,"footnotes":""},"categories":[1],"tags":[],"class_list":["post-618","post","type-post","status-publish","format-standard","hentry","category-okategoriserade"],"acf":[],"yoast_head":"<!-- This site is optimized with the Yoast SEO plugin v27.4 - https:\/\/yoast.com\/product\/yoast-seo-wordpress\/ -->\n<title>Midnattslopp om pingis i Black Box - Jan Stefanson<\/title>\n<meta name=\"robots\" content=\"index, follow, max-snippet:-1, max-image-preview:large, max-video-preview:-1\" \/>\n<link rel=\"canonical\" href=\"https:\/\/wp.kristdemokraterna.se\/janstefanson\/midnattslopp-om-pingis-i-black-box\/\" \/>\n<meta property=\"og:locale\" content=\"sv_SE\" \/>\n<meta property=\"og:type\" content=\"article\" \/>\n<meta property=\"og:title\" content=\"Midnattslopp om pingis i Black Box - Jan Stefanson\" \/>\n<meta property=\"og:description\" content=\"I v\u00e5rt nya Kulturhus h\u00e5ller vi v\u00e5ra kommunfullm\u00e4ktigem\u00f6ten. Den ligger i k\u00e4llarplanet och kallas Black Box av f\u00f6rklarliga sk\u00e4l. I veckan var det dags. Vi b\u00f6rjade onsdag kl 18.30 och h\u00f6ll p\u00e5 till kl 24 f\u00f6r att forts\u00e4tta kommande onsdag kl 18.30. \u00c4r ni inte riktigt kloka undrar nog en och annan? \u00a0Jag undviker att Read More\" \/>\n<meta property=\"og:url\" content=\"https:\/\/wp.kristdemokraterna.se\/janstefanson\/midnattslopp-om-pingis-i-black-box\/\" \/>\n<meta property=\"og:site_name\" content=\"Jan Stefanson\" \/>\n<meta property=\"article:published_time\" content=\"2017-06-16T09:09:24+00:00\" \/>\n<meta name=\"author\" content=\"janstefanson\" \/>\n<meta name=\"twitter:card\" content=\"summary_large_image\" \/>\n<meta name=\"twitter:label1\" content=\"Skriven av\" \/>\n\t<meta name=\"twitter:data1\" content=\"janstefanson\" \/>\n\t<meta name=\"twitter:label2\" content=\"Ber\u00e4knad l\u00e4stid\" \/>\n\t<meta name=\"twitter:data2\" content=\"2 minuter\" \/>\n<script type=\"application\/ld+json\" class=\"yoast-schema-graph\">{\"@context\":\"https:\\\/\\\/schema.org\",\"@graph\":[{\"@type\":\"Article\",\"@id\":\"https:\\\/\\\/wp.kristdemokraterna.se\\\/janstefanson\\\/midnattslopp-om-pingis-i-black-box\\\/#article\",\"isPartOf\":{\"@id\":\"https:\\\/\\\/wp.kristdemokraterna.se\\\/janstefanson\\\/midnattslopp-om-pingis-i-black-box\\\/\"},\"author\":{\"name\":\"janstefanson\",\"@id\":\"https:\\\/\\\/wp.kristdemokraterna.se\\\/janstefanson\\\/#\\\/schema\\\/person\\\/f8122372f46f49cffa0c02a57c89b40f\"},\"headline\":\"Midnattslopp om pingis i Black Box\",\"datePublished\":\"2017-06-16T09:09:24+00:00\",\"mainEntityOfPage\":{\"@id\":\"https:\\\/\\\/wp.kristdemokraterna.se\\\/janstefanson\\\/midnattslopp-om-pingis-i-black-box\\\/\"},\"wordCount\":343,\"inLanguage\":\"sv-SE\"},{\"@type\":\"WebPage\",\"@id\":\"https:\\\/\\\/wp.kristdemokraterna.se\\\/janstefanson\\\/midnattslopp-om-pingis-i-black-box\\\/\",\"url\":\"https:\\\/\\\/wp.kristdemokraterna.se\\\/janstefanson\\\/midnattslopp-om-pingis-i-black-box\\\/\",\"name\":\"Midnattslopp om pingis i Black Box - Jan Stefanson\",\"isPartOf\":{\"@id\":\"https:\\\/\\\/wp.kristdemokraterna.se\\\/janstefanson\\\/#website\"},\"datePublished\":\"2017-06-16T09:09:24+00:00\",\"author\":{\"@id\":\"https:\\\/\\\/wp.kristdemokraterna.se\\\/janstefanson\\\/#\\\/schema\\\/person\\\/f8122372f46f49cffa0c02a57c89b40f\"},\"breadcrumb\":{\"@id\":\"https:\\\/\\\/wp.kristdemokraterna.se\\\/janstefanson\\\/midnattslopp-om-pingis-i-black-box\\\/#breadcrumb\"},\"inLanguage\":\"sv-SE\",\"potentialAction\":[{\"@type\":\"ReadAction\",\"target\":[\"https:\\\/\\\/wp.kristdemokraterna.se\\\/janstefanson\\\/midnattslopp-om-pingis-i-black-box\\\/\"]}]},{\"@type\":\"BreadcrumbList\",\"@id\":\"https:\\\/\\\/wp.kristdemokraterna.se\\\/janstefanson\\\/midnattslopp-om-pingis-i-black-box\\\/#breadcrumb\",\"itemListElement\":[{\"@type\":\"ListItem\",\"position\":1,\"name\":\"Hem\",\"item\":\"https:\\\/\\\/wp.kristdemokraterna.se\\\/janstefanson\\\/\"},{\"@type\":\"ListItem\",\"position\":2,\"name\":\"Midnattslopp om pingis i Black Box\"}]},{\"@type\":\"WebSite\",\"@id\":\"https:\\\/\\\/wp.kristdemokraterna.se\\\/janstefanson\\\/#website\",\"url\":\"https:\\\/\\\/wp.kristdemokraterna.se\\\/janstefanson\\\/\",\"name\":\"Jan Stefanson\",\"description\":\"En till Kristdemokraterna webbplats\",\"inLanguage\":\"sv-SE\"},{\"@type\":\"Person\",\"@id\":\"https:\\\/\\\/wp.kristdemokraterna.se\\\/janstefanson\\\/#\\\/schema\\\/person\\\/f8122372f46f49cffa0c02a57c89b40f\",\"name\":\"janstefanson\",\"image\":{\"@type\":\"ImageObject\",\"inLanguage\":\"sv-SE\",\"@id\":\"https:\\\/\\\/secure.gravatar.com\\\/avatar\\\/c8880da1e0ca1fb1fd99d661e99b32931e79d1537ef8441e71fc6630d4b6633c?s=96&r=g\",\"url\":\"https:\\\/\\\/secure.gravatar.com\\\/avatar\\\/c8880da1e0ca1fb1fd99d661e99b32931e79d1537ef8441e71fc6630d4b6633c?s=96&r=g\",\"contentUrl\":\"https:\\\/\\\/secure.gravatar.com\\\/avatar\\\/c8880da1e0ca1fb1fd99d661e99b32931e79d1537ef8441e71fc6630d4b6633c?s=96&r=g\",\"caption\":\"janstefanson\"},\"url\":\"https:\\\/\\\/wp.kristdemokraterna.se\\\/janstefanson\\\/author\\\/janstefanson\\\/\"}]}<\/script>\n<!-- \/ Yoast SEO plugin. -->","yoast_head_json":{"title":"Midnattslopp om pingis i Black Box - Jan Stefanson","robots":{"index":"index","follow":"follow","max-snippet":"max-snippet:-1","max-image-preview":"max-image-preview:large","max-video-preview":"max-video-preview:-1"},"canonical":"https:\/\/wp.kristdemokraterna.se\/janstefanson\/midnattslopp-om-pingis-i-black-box\/","og_locale":"sv_SE","og_type":"article","og_title":"Midnattslopp om pingis i Black Box - Jan Stefanson","og_description":"I v\u00e5rt nya Kulturhus h\u00e5ller vi v\u00e5ra kommunfullm\u00e4ktigem\u00f6ten. Den ligger i k\u00e4llarplanet och kallas Black Box av f\u00f6rklarliga sk\u00e4l. I veckan var det dags. Vi b\u00f6rjade onsdag kl 18.30 och h\u00f6ll p\u00e5 till kl 24 f\u00f6r att forts\u00e4tta kommande onsdag kl 18.30. \u00c4r ni inte riktigt kloka undrar nog en och annan? \u00a0Jag undviker att Read More","og_url":"https:\/\/wp.kristdemokraterna.se\/janstefanson\/midnattslopp-om-pingis-i-black-box\/","og_site_name":"Jan Stefanson","article_published_time":"2017-06-16T09:09:24+00:00","author":"janstefanson","twitter_card":"summary_large_image","twitter_misc":{"Skriven av":"janstefanson","Ber\u00e4knad l\u00e4stid":"2 minuter"},"schema":{"@context":"https:\/\/schema.org","@graph":[{"@type":"Article","@id":"https:\/\/wp.kristdemokraterna.se\/janstefanson\/midnattslopp-om-pingis-i-black-box\/#article","isPartOf":{"@id":"https:\/\/wp.kristdemokraterna.se\/janstefanson\/midnattslopp-om-pingis-i-black-box\/"},"author":{"name":"janstefanson","@id":"https:\/\/wp.kristdemokraterna.se\/janstefanson\/#\/schema\/person\/f8122372f46f49cffa0c02a57c89b40f"},"headline":"Midnattslopp om pingis i Black Box","datePublished":"2017-06-16T09:09:24+00:00","mainEntityOfPage":{"@id":"https:\/\/wp.kristdemokraterna.se\/janstefanson\/midnattslopp-om-pingis-i-black-box\/"},"wordCount":343,"inLanguage":"sv-SE"},{"@type":"WebPage","@id":"https:\/\/wp.kristdemokraterna.se\/janstefanson\/midnattslopp-om-pingis-i-black-box\/","url":"https:\/\/wp.kristdemokraterna.se\/janstefanson\/midnattslopp-om-pingis-i-black-box\/","name":"Midnattslopp om pingis i Black Box - Jan Stefanson","isPartOf":{"@id":"https:\/\/wp.kristdemokraterna.se\/janstefanson\/#website"},"datePublished":"2017-06-16T09:09:24+00:00","author":{"@id":"https:\/\/wp.kristdemokraterna.se\/janstefanson\/#\/schema\/person\/f8122372f46f49cffa0c02a57c89b40f"},"breadcrumb":{"@id":"https:\/\/wp.kristdemokraterna.se\/janstefanson\/midnattslopp-om-pingis-i-black-box\/#breadcrumb"},"inLanguage":"sv-SE","potentialAction":[{"@type":"ReadAction","target":["https:\/\/wp.kristdemokraterna.se\/janstefanson\/midnattslopp-om-pingis-i-black-box\/"]}]},{"@type":"BreadcrumbList","@id":"https:\/\/wp.kristdemokraterna.se\/janstefanson\/midnattslopp-om-pingis-i-black-box\/#breadcrumb","itemListElement":[{"@type":"ListItem","position":1,"name":"Hem","item":"https:\/\/wp.kristdemokraterna.se\/janstefanson\/"},{"@type":"ListItem","position":2,"name":"Midnattslopp om pingis i Black Box"}]},{"@type":"WebSite","@id":"https:\/\/wp.kristdemokraterna.se\/janstefanson\/#website","url":"https:\/\/wp.kristdemokraterna.se\/janstefanson\/","name":"Jan Stefanson","description":"En till Kristdemokraterna webbplats","inLanguage":"sv-SE"},{"@type":"Person","@id":"https:\/\/wp.kristdemokraterna.se\/janstefanson\/#\/schema\/person\/f8122372f46f49cffa0c02a57c89b40f","name":"janstefanson","image":{"@type":"ImageObject","inLanguage":"sv-SE","@id":"https:\/\/secure.gravatar.com\/avatar\/c8880da1e0ca1fb1fd99d661e99b32931e79d1537ef8441e71fc6630d4b6633c?s=96&r=g","url":"https:\/\/secure.gravatar.com\/avatar\/c8880da1e0ca1fb1fd99d661e99b32931e79d1537ef8441e71fc6630d4b6633c?s=96&r=g","contentUrl":"https:\/\/secure.gravatar.com\/avatar\/c8880da1e0ca1fb1fd99d661e99b32931e79d1537ef8441e71fc6630d4b6633c?s=96&r=g","caption":"janstefanson"},"url":"https:\/\/wp.kristdemokraterna.se\/janstefanson\/author\/janstefanson\/"}]}},"_links":{"self":[{"href":"https:\/\/wp.kristdemokraterna.se\/janstefanson\/wp-json\/wp\/v2\/posts\/618","targetHints":{"allow":["GET"]}}],"collection":[{"href":"https:\/\/wp.kristdemokraterna.se\/janstefanson\/wp-json\/wp\/v2\/posts"}],"about":[{"href":"https:\/\/wp.kristdemokraterna.se\/janstefanson\/wp-json\/wp\/v2\/types\/post"}],"author":[{"embeddable":true,"href":"https:\/\/wp.kristdemokraterna.se\/janstefanson\/wp-json\/wp\/v2\/users\/530"}],"replies":[{"embeddable":true,"href":"https:\/\/wp.kristdemokraterna.se\/janstefanson\/wp-json\/wp\/v2\/comments?post=618"}],"version-history":[{"count":1,"href":"https:\/\/wp.kristdemokraterna.se\/janstefanson\/wp-json\/wp\/v2\/posts\/618\/revisions"}],"predecessor-version":[{"id":619,"href":"https:\/\/wp.kristdemokraterna.se\/janstefanson\/wp-json\/wp\/v2\/posts\/618\/revisions\/619"}],"wp:attachment":[{"href":"https:\/\/wp.kristdemokraterna.se\/janstefanson\/wp-json\/wp\/v2\/media?parent=618"}],"wp:term":[{"taxonomy":"category","embeddable":true,"href":"https:\/\/wp.kristdemokraterna.se\/janstefanson\/wp-json\/wp\/v2\/categories?post=618"},{"taxonomy":"post_tag","embeddable":true,"href":"https:\/\/wp.kristdemokraterna.se\/janstefanson\/wp-json\/wp\/v2\/tags?post=618"}],"curies":[{"name":"wp","href":"https:\/\/api.w.org\/{rel}","templated":true}]}}