{"id":624,"date":"2017-07-03T21:20:46","date_gmt":"2017-07-03T19:20:46","guid":{"rendered":"http:\/\/wp.kristdemokraterna.se\/janstefanson\/?p=624"},"modified":"2017-07-04T09:17:32","modified_gmt":"2017-07-04T07:17:32","slug":"gud-i-skolan","status":"publish","type":"post","link":"https:\/\/wp.kristdemokraterna.se\/janstefanson\/gud-i-skolan\/","title":{"rendered":"Gud i skolan"},"content":{"rendered":"<p>Det f\u00f6rsta seminariet i Almedalen i \u00e5r f\u00f6r min del blev &#8221;Gud i skolan&#8221; arrangerat av tidningen Dagen. Debatt\u00f6rerna var bl.a Kristna Friskoler\u00e5dets Lars Brandstr\u00f6m och Humanisternas Daniel Ferm och Johan Inger\u00f6 fr\u00e5n Timbro. D\u00e4rtill ett par politiker mot konfessionella skolor.<\/p>\n<p><img loading=\"lazy\" decoding=\"async\" class=\"size-medium wp-image-627 alignright\" src=\"http:\/\/wp.kristdemokraterna.se\/janstefanson\/files\/2017\/07\/image-300x225.jpg\" alt=\"\" width=\"300\" height=\"225\" srcset=\"https:\/\/wp.kristdemokraterna.se\/janstefanson\/files\/2017\/07\/image-300x225.jpg 300w, https:\/\/wp.kristdemokraterna.se\/janstefanson\/files\/2017\/07\/image-768x576.jpg 768w, https:\/\/wp.kristdemokraterna.se\/janstefanson\/files\/2017\/07\/image-540x405.jpg 540w, https:\/\/wp.kristdemokraterna.se\/janstefanson\/files\/2017\/07\/image-461x346.jpg 461w, https:\/\/wp.kristdemokraterna.se\/janstefanson\/files\/2017\/07\/image-149x112.jpg 149w, https:\/\/wp.kristdemokraterna.se\/janstefanson\/files\/2017\/07\/image.jpg 1152w\" sizes=\"auto, (max-width: 300px) 100vw, 300px\" \/>Debatten var f\u00f6ruts\u00e4gbar och hettade egentligen aldrig till. De som var emot f\u00f6rsvarade sin inst\u00e4llning oavsett \u00f6vertygande argument fr\u00e5n verklighetens f\u00f6retr\u00e4dare.<\/p>\n<p>Att endast en br\u00e5kdel av landets alla skolor \u00e4r konfessionella skolor och har bra studieresultat men \u00e4nd\u00e5 ges denna negativa uppm\u00e4rksamhet \u00e4r mer \u00e4n f\u00f6rv\u00e5nande. I mina tankar fastnade ordspr\u00e5ket &#8221;sila mygg och sv\u00e4lja kameler&#8221; kopplat till en fobisk verklighetsfr\u00e5nv\u00e4nd iver att g\u00f6ra gott. Det trista \u00e4r den makt den uppfattningen har!<\/p>\n<p>Om skolan ska vara en central del av samh\u00e4llet kan den inte l\u00e5tsas att de filosofiska och trosfr\u00e5gorna g\u00e5r att utrota fr\u00e5n skoldagen. &#8221;Ensidig p\u00e5verkan&#8221; upprepade humanisternas f\u00f6retr\u00e4dare som faran med en konfessionell inriktning. Jag menar att barn och ungdomar inte alls lever sitt liv i skolan eller utanf\u00f6r utan m\u00e5ngsidig p\u00e5verkan. Skolan kan heller aldrig str\u00e4va efter att bli en fredad zon fr\u00e5n viss p\u00e5verkan-d\u00e5 har den placerat sig utanf\u00f6r samh\u00e4llet. Ett samh\u00e4lle som idag \u00e4r grundat p\u00e5 levnadsregler och f\u00f6rh\u00e5llningss\u00e4tt inspirerat av religi\u00f6sa ideal.Inget att sk\u00e4mmas f\u00f6r!<\/p>\n<p>&nbsp;<\/p>\n","protected":false},"excerpt":{"rendered":"<p>Det f\u00f6rsta seminariet i Almedalen i \u00e5r f\u00f6r min del blev &#8221;Gud i skolan&#8221; arrangerat av tidningen Dagen. Debatt\u00f6rerna var bl.a Kristna Friskoler\u00e5dets Lars Brandstr\u00f6m och Humanisternas Daniel Ferm och Johan Inger\u00f6 fr\u00e5n Timbro. D\u00e4rtill ett par politiker mot konfessionella skolor. Debatten var f\u00f6ruts\u00e4gbar och hettade egentligen aldrig till. De som var emot f\u00f6rsvarade sin <a class=\"read-more-link\" href=\"https:\/\/wp.kristdemokraterna.se\/janstefanson\/gud-i-skolan\/\">Read More<\/a><\/p>\n","protected":false},"author":530,"featured_media":0,"comment_status":"closed","ping_status":"closed","sticky":false,"template":"","format":"standard","meta":{"_acf_changed":false,"footnotes":""},"categories":[1],"tags":[],"class_list":["post-624","post","type-post","status-publish","format-standard","hentry","category-okategoriserade"],"acf":[],"yoast_head":"<!-- This site is optimized with the Yoast SEO plugin v27.5 - https:\/\/yoast.com\/product\/yoast-seo-wordpress\/ -->\n<title>Gud i skolan - Jan Stefanson<\/title>\n<meta name=\"robots\" content=\"index, follow, max-snippet:-1, max-image-preview:large, max-video-preview:-1\" \/>\n<link rel=\"canonical\" href=\"https:\/\/wp.kristdemokraterna.se\/janstefanson\/gud-i-skolan\/\" \/>\n<meta property=\"og:locale\" content=\"sv_SE\" \/>\n<meta property=\"og:type\" content=\"article\" \/>\n<meta property=\"og:title\" content=\"Gud i skolan - Jan Stefanson\" \/>\n<meta property=\"og:description\" content=\"Det f\u00f6rsta seminariet i Almedalen i \u00e5r f\u00f6r min del blev &#8221;Gud i skolan&#8221; arrangerat av tidningen Dagen. Debatt\u00f6rerna var bl.a Kristna Friskoler\u00e5dets Lars Brandstr\u00f6m och Humanisternas Daniel Ferm och Johan Inger\u00f6 fr\u00e5n Timbro. D\u00e4rtill ett par politiker mot konfessionella skolor. Debatten var f\u00f6ruts\u00e4gbar och hettade egentligen aldrig till. De som var emot f\u00f6rsvarade sin Read More\" \/>\n<meta property=\"og:url\" content=\"https:\/\/wp.kristdemokraterna.se\/janstefanson\/gud-i-skolan\/\" \/>\n<meta property=\"og:site_name\" content=\"Jan Stefanson\" \/>\n<meta property=\"article:published_time\" content=\"2017-07-03T19:20:46+00:00\" \/>\n<meta property=\"article:modified_time\" content=\"2017-07-04T07:17:32+00:00\" \/>\n<meta property=\"og:image\" content=\"http:\/\/wp.kristdemokraterna.se\/janstefanson\/files\/2017\/07\/image-300x225.jpg\" \/>\n<meta name=\"author\" content=\"janstefanson\" \/>\n<meta name=\"twitter:card\" content=\"summary_large_image\" \/>\n<meta name=\"twitter:label1\" content=\"Skriven av\" \/>\n\t<meta name=\"twitter:data1\" content=\"janstefanson\" \/>\n\t<meta name=\"twitter:label2\" content=\"Ber\u00e4knad l\u00e4stid\" \/>\n\t<meta name=\"twitter:data2\" content=\"1 minut\" \/>\n<script type=\"application\/ld+json\" class=\"yoast-schema-graph\">{\"@context\":\"https:\\\/\\\/schema.org\",\"@graph\":[{\"@type\":\"Article\",\"@id\":\"https:\\\/\\\/wp.kristdemokraterna.se\\\/janstefanson\\\/gud-i-skolan\\\/#article\",\"isPartOf\":{\"@id\":\"https:\\\/\\\/wp.kristdemokraterna.se\\\/janstefanson\\\/gud-i-skolan\\\/\"},\"author\":{\"name\":\"janstefanson\",\"@id\":\"https:\\\/\\\/wp.kristdemokraterna.se\\\/janstefanson\\\/#\\\/schema\\\/person\\\/f8122372f46f49cffa0c02a57c89b40f\"},\"headline\":\"Gud i skolan\",\"datePublished\":\"2017-07-03T19:20:46+00:00\",\"dateModified\":\"2017-07-04T07:17:32+00:00\",\"mainEntityOfPage\":{\"@id\":\"https:\\\/\\\/wp.kristdemokraterna.se\\\/janstefanson\\\/gud-i-skolan\\\/\"},\"wordCount\":255,\"image\":{\"@id\":\"https:\\\/\\\/wp.kristdemokraterna.se\\\/janstefanson\\\/gud-i-skolan\\\/#primaryimage\"},\"thumbnailUrl\":\"http:\\\/\\\/wp.kristdemokraterna.se\\\/janstefanson\\\/files\\\/2017\\\/07\\\/image-300x225.jpg\",\"inLanguage\":\"sv-SE\"},{\"@type\":\"WebPage\",\"@id\":\"https:\\\/\\\/wp.kristdemokraterna.se\\\/janstefanson\\\/gud-i-skolan\\\/\",\"url\":\"https:\\\/\\\/wp.kristdemokraterna.se\\\/janstefanson\\\/gud-i-skolan\\\/\",\"name\":\"Gud i skolan - Jan Stefanson\",\"isPartOf\":{\"@id\":\"https:\\\/\\\/wp.kristdemokraterna.se\\\/janstefanson\\\/#website\"},\"primaryImageOfPage\":{\"@id\":\"https:\\\/\\\/wp.kristdemokraterna.se\\\/janstefanson\\\/gud-i-skolan\\\/#primaryimage\"},\"image\":{\"@id\":\"https:\\\/\\\/wp.kristdemokraterna.se\\\/janstefanson\\\/gud-i-skolan\\\/#primaryimage\"},\"thumbnailUrl\":\"http:\\\/\\\/wp.kristdemokraterna.se\\\/janstefanson\\\/files\\\/2017\\\/07\\\/image-300x225.jpg\",\"datePublished\":\"2017-07-03T19:20:46+00:00\",\"dateModified\":\"2017-07-04T07:17:32+00:00\",\"author\":{\"@id\":\"https:\\\/\\\/wp.kristdemokraterna.se\\\/janstefanson\\\/#\\\/schema\\\/person\\\/f8122372f46f49cffa0c02a57c89b40f\"},\"breadcrumb\":{\"@id\":\"https:\\\/\\\/wp.kristdemokraterna.se\\\/janstefanson\\\/gud-i-skolan\\\/#breadcrumb\"},\"inLanguage\":\"sv-SE\",\"potentialAction\":[{\"@type\":\"ReadAction\",\"target\":[\"https:\\\/\\\/wp.kristdemokraterna.se\\\/janstefanson\\\/gud-i-skolan\\\/\"]}]},{\"@type\":\"ImageObject\",\"inLanguage\":\"sv-SE\",\"@id\":\"https:\\\/\\\/wp.kristdemokraterna.se\\\/janstefanson\\\/gud-i-skolan\\\/#primaryimage\",\"url\":\"https:\\\/\\\/wp.kristdemokraterna.se\\\/janstefanson\\\/files\\\/2017\\\/07\\\/image.jpg\",\"contentUrl\":\"https:\\\/\\\/wp.kristdemokraterna.se\\\/janstefanson\\\/files\\\/2017\\\/07\\\/image.jpg\",\"width\":1152,\"height\":864},{\"@type\":\"BreadcrumbList\",\"@id\":\"https:\\\/\\\/wp.kristdemokraterna.se\\\/janstefanson\\\/gud-i-skolan\\\/#breadcrumb\",\"itemListElement\":[{\"@type\":\"ListItem\",\"position\":1,\"name\":\"Hem\",\"item\":\"https:\\\/\\\/wp.kristdemokraterna.se\\\/janstefanson\\\/\"},{\"@type\":\"ListItem\",\"position\":2,\"name\":\"Gud i skolan\"}]},{\"@type\":\"WebSite\",\"@id\":\"https:\\\/\\\/wp.kristdemokraterna.se\\\/janstefanson\\\/#website\",\"url\":\"https:\\\/\\\/wp.kristdemokraterna.se\\\/janstefanson\\\/\",\"name\":\"Jan Stefanson\",\"description\":\"En till Kristdemokraterna webbplats\",\"inLanguage\":\"sv-SE\"},{\"@type\":\"Person\",\"@id\":\"https:\\\/\\\/wp.kristdemokraterna.se\\\/janstefanson\\\/#\\\/schema\\\/person\\\/f8122372f46f49cffa0c02a57c89b40f\",\"name\":\"janstefanson\",\"image\":{\"@type\":\"ImageObject\",\"inLanguage\":\"sv-SE\",\"@id\":\"https:\\\/\\\/secure.gravatar.com\\\/avatar\\\/c8880da1e0ca1fb1fd99d661e99b32931e79d1537ef8441e71fc6630d4b6633c?s=96&r=g\",\"url\":\"https:\\\/\\\/secure.gravatar.com\\\/avatar\\\/c8880da1e0ca1fb1fd99d661e99b32931e79d1537ef8441e71fc6630d4b6633c?s=96&r=g\",\"contentUrl\":\"https:\\\/\\\/secure.gravatar.com\\\/avatar\\\/c8880da1e0ca1fb1fd99d661e99b32931e79d1537ef8441e71fc6630d4b6633c?s=96&r=g\",\"caption\":\"janstefanson\"},\"url\":\"https:\\\/\\\/wp.kristdemokraterna.se\\\/janstefanson\\\/author\\\/janstefanson\\\/\"}]}<\/script>\n<!-- \/ Yoast SEO plugin. -->","yoast_head_json":{"title":"Gud i skolan - Jan Stefanson","robots":{"index":"index","follow":"follow","max-snippet":"max-snippet:-1","max-image-preview":"max-image-preview:large","max-video-preview":"max-video-preview:-1"},"canonical":"https:\/\/wp.kristdemokraterna.se\/janstefanson\/gud-i-skolan\/","og_locale":"sv_SE","og_type":"article","og_title":"Gud i skolan - Jan Stefanson","og_description":"Det f\u00f6rsta seminariet i Almedalen i \u00e5r f\u00f6r min del blev &#8221;Gud i skolan&#8221; arrangerat av tidningen Dagen. Debatt\u00f6rerna var bl.a Kristna Friskoler\u00e5dets Lars Brandstr\u00f6m och Humanisternas Daniel Ferm och Johan Inger\u00f6 fr\u00e5n Timbro. D\u00e4rtill ett par politiker mot konfessionella skolor. Debatten var f\u00f6ruts\u00e4gbar och hettade egentligen aldrig till. De som var emot f\u00f6rsvarade sin Read More","og_url":"https:\/\/wp.kristdemokraterna.se\/janstefanson\/gud-i-skolan\/","og_site_name":"Jan Stefanson","article_published_time":"2017-07-03T19:20:46+00:00","article_modified_time":"2017-07-04T07:17:32+00:00","og_image":[{"url":"http:\/\/wp.kristdemokraterna.se\/janstefanson\/files\/2017\/07\/image-300x225.jpg","type":"","width":"","height":""}],"author":"janstefanson","twitter_card":"summary_large_image","twitter_misc":{"Skriven av":"janstefanson","Ber\u00e4knad l\u00e4stid":"1 minut"},"schema":{"@context":"https:\/\/schema.org","@graph":[{"@type":"Article","@id":"https:\/\/wp.kristdemokraterna.se\/janstefanson\/gud-i-skolan\/#article","isPartOf":{"@id":"https:\/\/wp.kristdemokraterna.se\/janstefanson\/gud-i-skolan\/"},"author":{"name":"janstefanson","@id":"https:\/\/wp.kristdemokraterna.se\/janstefanson\/#\/schema\/person\/f8122372f46f49cffa0c02a57c89b40f"},"headline":"Gud i skolan","datePublished":"2017-07-03T19:20:46+00:00","dateModified":"2017-07-04T07:17:32+00:00","mainEntityOfPage":{"@id":"https:\/\/wp.kristdemokraterna.se\/janstefanson\/gud-i-skolan\/"},"wordCount":255,"image":{"@id":"https:\/\/wp.kristdemokraterna.se\/janstefanson\/gud-i-skolan\/#primaryimage"},"thumbnailUrl":"http:\/\/wp.kristdemokraterna.se\/janstefanson\/files\/2017\/07\/image-300x225.jpg","inLanguage":"sv-SE"},{"@type":"WebPage","@id":"https:\/\/wp.kristdemokraterna.se\/janstefanson\/gud-i-skolan\/","url":"https:\/\/wp.kristdemokraterna.se\/janstefanson\/gud-i-skolan\/","name":"Gud i skolan - Jan Stefanson","isPartOf":{"@id":"https:\/\/wp.kristdemokraterna.se\/janstefanson\/#website"},"primaryImageOfPage":{"@id":"https:\/\/wp.kristdemokraterna.se\/janstefanson\/gud-i-skolan\/#primaryimage"},"image":{"@id":"https:\/\/wp.kristdemokraterna.se\/janstefanson\/gud-i-skolan\/#primaryimage"},"thumbnailUrl":"http:\/\/wp.kristdemokraterna.se\/janstefanson\/files\/2017\/07\/image-300x225.jpg","datePublished":"2017-07-03T19:20:46+00:00","dateModified":"2017-07-04T07:17:32+00:00","author":{"@id":"https:\/\/wp.kristdemokraterna.se\/janstefanson\/#\/schema\/person\/f8122372f46f49cffa0c02a57c89b40f"},"breadcrumb":{"@id":"https:\/\/wp.kristdemokraterna.se\/janstefanson\/gud-i-skolan\/#breadcrumb"},"inLanguage":"sv-SE","potentialAction":[{"@type":"ReadAction","target":["https:\/\/wp.kristdemokraterna.se\/janstefanson\/gud-i-skolan\/"]}]},{"@type":"ImageObject","inLanguage":"sv-SE","@id":"https:\/\/wp.kristdemokraterna.se\/janstefanson\/gud-i-skolan\/#primaryimage","url":"https:\/\/wp.kristdemokraterna.se\/janstefanson\/files\/2017\/07\/image.jpg","contentUrl":"https:\/\/wp.kristdemokraterna.se\/janstefanson\/files\/2017\/07\/image.jpg","width":1152,"height":864},{"@type":"BreadcrumbList","@id":"https:\/\/wp.kristdemokraterna.se\/janstefanson\/gud-i-skolan\/#breadcrumb","itemListElement":[{"@type":"ListItem","position":1,"name":"Hem","item":"https:\/\/wp.kristdemokraterna.se\/janstefanson\/"},{"@type":"ListItem","position":2,"name":"Gud i skolan"}]},{"@type":"WebSite","@id":"https:\/\/wp.kristdemokraterna.se\/janstefanson\/#website","url":"https:\/\/wp.kristdemokraterna.se\/janstefanson\/","name":"Jan Stefanson","description":"En till Kristdemokraterna webbplats","inLanguage":"sv-SE"},{"@type":"Person","@id":"https:\/\/wp.kristdemokraterna.se\/janstefanson\/#\/schema\/person\/f8122372f46f49cffa0c02a57c89b40f","name":"janstefanson","image":{"@type":"ImageObject","inLanguage":"sv-SE","@id":"https:\/\/secure.gravatar.com\/avatar\/c8880da1e0ca1fb1fd99d661e99b32931e79d1537ef8441e71fc6630d4b6633c?s=96&r=g","url":"https:\/\/secure.gravatar.com\/avatar\/c8880da1e0ca1fb1fd99d661e99b32931e79d1537ef8441e71fc6630d4b6633c?s=96&r=g","contentUrl":"https:\/\/secure.gravatar.com\/avatar\/c8880da1e0ca1fb1fd99d661e99b32931e79d1537ef8441e71fc6630d4b6633c?s=96&r=g","caption":"janstefanson"},"url":"https:\/\/wp.kristdemokraterna.se\/janstefanson\/author\/janstefanson\/"}]}},"_links":{"self":[{"href":"https:\/\/wp.kristdemokraterna.se\/janstefanson\/wp-json\/wp\/v2\/posts\/624","targetHints":{"allow":["GET"]}}],"collection":[{"href":"https:\/\/wp.kristdemokraterna.se\/janstefanson\/wp-json\/wp\/v2\/posts"}],"about":[{"href":"https:\/\/wp.kristdemokraterna.se\/janstefanson\/wp-json\/wp\/v2\/types\/post"}],"author":[{"embeddable":true,"href":"https:\/\/wp.kristdemokraterna.se\/janstefanson\/wp-json\/wp\/v2\/users\/530"}],"replies":[{"embeddable":true,"href":"https:\/\/wp.kristdemokraterna.se\/janstefanson\/wp-json\/wp\/v2\/comments?post=624"}],"version-history":[{"count":5,"href":"https:\/\/wp.kristdemokraterna.se\/janstefanson\/wp-json\/wp\/v2\/posts\/624\/revisions"}],"predecessor-version":[{"id":635,"href":"https:\/\/wp.kristdemokraterna.se\/janstefanson\/wp-json\/wp\/v2\/posts\/624\/revisions\/635"}],"wp:attachment":[{"href":"https:\/\/wp.kristdemokraterna.se\/janstefanson\/wp-json\/wp\/v2\/media?parent=624"}],"wp:term":[{"taxonomy":"category","embeddable":true,"href":"https:\/\/wp.kristdemokraterna.se\/janstefanson\/wp-json\/wp\/v2\/categories?post=624"},{"taxonomy":"post_tag","embeddable":true,"href":"https:\/\/wp.kristdemokraterna.se\/janstefanson\/wp-json\/wp\/v2\/tags?post=624"}],"curies":[{"name":"wp","href":"https:\/\/api.w.org\/{rel}","templated":true}]}}