{"id":655,"date":"2017-07-28T08:58:55","date_gmt":"2017-07-28T06:58:55","guid":{"rendered":"http:\/\/wp.kristdemokraterna.se\/janstefanson\/?p=655"},"modified":"2017-07-28T09:02:39","modified_gmt":"2017-07-28T07:02:39","slug":"kaos-i-riket","status":"publish","type":"post","link":"https:\/\/wp.kristdemokraterna.se\/janstefanson\/kaos-i-riket\/","title":{"rendered":"Kaos i riket"},"content":{"rendered":"<p>Nog m\u00e5ste man fundera p\u00e5 det kaos som uppst\u00e5tt i v\u00e5rt land med anledning av haveriet med transportstyrelsen.<\/p>\n<p>Jag har p\u00e5 lagomt avst\u00e5nd f\u00f6ljt det hela och f\u00f6rv\u00e5nats \u00f6ver den eskalerande utvecklingen.<\/p>\n<p>n\u00e4r m\u00f6rkkl\u00e4dda reportrar inv\u00e4ntade statsministerns presskonferens ig\u00e5r s\u00e5 var st\u00e4mningen uppskruvad till den mest \u00f6desm\u00e4ttade.<\/p>\n<p>Jag delar upp den tragiska hanteringen i tre delar.<\/p>\n<p>1. Transportstyrelsens olagliga hantering.<\/p>\n<p>2. Regeringsf\u00f6retr\u00e4darnas hantering.<\/p>\n<p>3. Oppositionens hantering.<\/p>\n<p>Den f\u00f6rsta punkten avsl\u00f6jar b\u00e5de olaglig hantering och utdragen p\u00e5f\u00f6ljdsprocess fr\u00e5n inblandade. KU kommer f\u00f6rhoppningsvis ge mer utf\u00f6rligt svar p\u00e5 om det funnits underl\u00e5tenhet att agera eller brist p\u00e5 information f\u00f6r att kunna agera. Just nu spekuleras med det som framkommit hittills och tyv\u00e4rr s\u00e5 framst\u00e5r mycket som osannolikt och d\u00e4rf\u00f6r l\u00e4mnas f\u00e4ltet ganska fritt f\u00f6r just spekulation.<\/p>\n<p>Den andra punkten har redan kr\u00e4vt tv\u00e5 ministrars avg\u00e5ng och det med r\u00e4tta. Detta borde f\u00f6rst\u00e5s statsministern ha tagit eget initiativ till tidigare med tanke p\u00e5 deras brister p\u00e5 agerande. Statsministerns osynlighet i b\u00f6rjan av nyheten om haveriet f\u00f6rv\u00e4rrade skadan v\u00e4sentligt. Fr\u00e5n hanterbart haveri till kaos i riket!<\/p>\n<p>Den tredje punkten \u00e4r enligt min sommarbetraktelse trist men n\u00f6dv\u00e4ndig. Det \u00e4r oppositionens skyldighet att agera n\u00e4r det fattas kort p\u00e5 bordet och initiativkraften fr\u00e5n statsministern brister. Men det \u00e4r trist att medias rapportering genast handlar om politiskt taktiserande och politiska vinster. Om det ligger n\u00e5got i det syns\u00e4ttet s\u00e5 har den tragiska h\u00e4ndelsen avsl\u00f6jat fler brister \u00e4n bara statsministerns och ett par statsr\u00e5ds brister. D\u00e5 har politiken tagit m\u00e5nga steg bak\u00e5t och landet f\u00f6rlorat mer \u00e4n det transportstyrelsen kan lastas f\u00f6r.<\/p>\n<p>&nbsp;<\/p>\n","protected":false},"excerpt":{"rendered":"<p>Nog m\u00e5ste man fundera p\u00e5 det kaos som uppst\u00e5tt i v\u00e5rt land med anledning av haveriet med transportstyrelsen. Jag har p\u00e5 lagomt avst\u00e5nd f\u00f6ljt det hela och f\u00f6rv\u00e5nats \u00f6ver den eskalerande utvecklingen. n\u00e4r m\u00f6rkkl\u00e4dda reportrar inv\u00e4ntade statsministerns presskonferens ig\u00e5r s\u00e5 var st\u00e4mningen uppskruvad till den mest \u00f6desm\u00e4ttade. Jag delar upp den tragiska hanteringen i tre <a class=\"read-more-link\" href=\"https:\/\/wp.kristdemokraterna.se\/janstefanson\/kaos-i-riket\/\">Read More<\/a><\/p>\n","protected":false},"author":530,"featured_media":0,"comment_status":"closed","ping_status":"closed","sticky":false,"template":"","format":"standard","meta":{"_acf_changed":false,"footnotes":""},"categories":[1],"tags":[],"class_list":["post-655","post","type-post","status-publish","format-standard","hentry","category-okategoriserade"],"acf":[],"yoast_head":"<!-- This site is optimized with the Yoast SEO plugin v27.5 - https:\/\/yoast.com\/product\/yoast-seo-wordpress\/ -->\n<title>Kaos i riket - Jan Stefanson<\/title>\n<meta name=\"robots\" content=\"index, follow, max-snippet:-1, max-image-preview:large, max-video-preview:-1\" \/>\n<link rel=\"canonical\" href=\"https:\/\/wp.kristdemokraterna.se\/janstefanson\/kaos-i-riket\/\" \/>\n<meta property=\"og:locale\" content=\"sv_SE\" \/>\n<meta property=\"og:type\" content=\"article\" \/>\n<meta property=\"og:title\" content=\"Kaos i riket - Jan Stefanson\" \/>\n<meta property=\"og:description\" content=\"Nog m\u00e5ste man fundera p\u00e5 det kaos som uppst\u00e5tt i v\u00e5rt land med anledning av haveriet med transportstyrelsen. Jag har p\u00e5 lagomt avst\u00e5nd f\u00f6ljt det hela och f\u00f6rv\u00e5nats \u00f6ver den eskalerande utvecklingen. n\u00e4r m\u00f6rkkl\u00e4dda reportrar inv\u00e4ntade statsministerns presskonferens ig\u00e5r s\u00e5 var st\u00e4mningen uppskruvad till den mest \u00f6desm\u00e4ttade. Jag delar upp den tragiska hanteringen i tre Read More\" \/>\n<meta property=\"og:url\" content=\"https:\/\/wp.kristdemokraterna.se\/janstefanson\/kaos-i-riket\/\" \/>\n<meta property=\"og:site_name\" content=\"Jan Stefanson\" \/>\n<meta property=\"article:published_time\" content=\"2017-07-28T06:58:55+00:00\" \/>\n<meta property=\"article:modified_time\" content=\"2017-07-28T07:02:39+00:00\" \/>\n<meta name=\"author\" content=\"janstefanson\" \/>\n<meta name=\"twitter:card\" content=\"summary_large_image\" \/>\n<meta name=\"twitter:label1\" content=\"Skriven av\" \/>\n\t<meta name=\"twitter:data1\" content=\"janstefanson\" \/>\n\t<meta name=\"twitter:label2\" content=\"Ber\u00e4knad l\u00e4stid\" \/>\n\t<meta name=\"twitter:data2\" content=\"2 minuter\" \/>\n<script type=\"application\/ld+json\" class=\"yoast-schema-graph\">{\"@context\":\"https:\\\/\\\/schema.org\",\"@graph\":[{\"@type\":\"Article\",\"@id\":\"https:\\\/\\\/wp.kristdemokraterna.se\\\/janstefanson\\\/kaos-i-riket\\\/#article\",\"isPartOf\":{\"@id\":\"https:\\\/\\\/wp.kristdemokraterna.se\\\/janstefanson\\\/kaos-i-riket\\\/\"},\"author\":{\"name\":\"janstefanson\",\"@id\":\"https:\\\/\\\/wp.kristdemokraterna.se\\\/janstefanson\\\/#\\\/schema\\\/person\\\/f8122372f46f49cffa0c02a57c89b40f\"},\"headline\":\"Kaos i riket\",\"datePublished\":\"2017-07-28T06:58:55+00:00\",\"dateModified\":\"2017-07-28T07:02:39+00:00\",\"mainEntityOfPage\":{\"@id\":\"https:\\\/\\\/wp.kristdemokraterna.se\\\/janstefanson\\\/kaos-i-riket\\\/\"},\"wordCount\":311,\"inLanguage\":\"sv-SE\"},{\"@type\":\"WebPage\",\"@id\":\"https:\\\/\\\/wp.kristdemokraterna.se\\\/janstefanson\\\/kaos-i-riket\\\/\",\"url\":\"https:\\\/\\\/wp.kristdemokraterna.se\\\/janstefanson\\\/kaos-i-riket\\\/\",\"name\":\"Kaos i riket - Jan Stefanson\",\"isPartOf\":{\"@id\":\"https:\\\/\\\/wp.kristdemokraterna.se\\\/janstefanson\\\/#website\"},\"datePublished\":\"2017-07-28T06:58:55+00:00\",\"dateModified\":\"2017-07-28T07:02:39+00:00\",\"author\":{\"@id\":\"https:\\\/\\\/wp.kristdemokraterna.se\\\/janstefanson\\\/#\\\/schema\\\/person\\\/f8122372f46f49cffa0c02a57c89b40f\"},\"breadcrumb\":{\"@id\":\"https:\\\/\\\/wp.kristdemokraterna.se\\\/janstefanson\\\/kaos-i-riket\\\/#breadcrumb\"},\"inLanguage\":\"sv-SE\",\"potentialAction\":[{\"@type\":\"ReadAction\",\"target\":[\"https:\\\/\\\/wp.kristdemokraterna.se\\\/janstefanson\\\/kaos-i-riket\\\/\"]}]},{\"@type\":\"BreadcrumbList\",\"@id\":\"https:\\\/\\\/wp.kristdemokraterna.se\\\/janstefanson\\\/kaos-i-riket\\\/#breadcrumb\",\"itemListElement\":[{\"@type\":\"ListItem\",\"position\":1,\"name\":\"Hem\",\"item\":\"https:\\\/\\\/wp.kristdemokraterna.se\\\/janstefanson\\\/\"},{\"@type\":\"ListItem\",\"position\":2,\"name\":\"Kaos i riket\"}]},{\"@type\":\"WebSite\",\"@id\":\"https:\\\/\\\/wp.kristdemokraterna.se\\\/janstefanson\\\/#website\",\"url\":\"https:\\\/\\\/wp.kristdemokraterna.se\\\/janstefanson\\\/\",\"name\":\"Jan Stefanson\",\"description\":\"En till Kristdemokraterna webbplats\",\"inLanguage\":\"sv-SE\"},{\"@type\":\"Person\",\"@id\":\"https:\\\/\\\/wp.kristdemokraterna.se\\\/janstefanson\\\/#\\\/schema\\\/person\\\/f8122372f46f49cffa0c02a57c89b40f\",\"name\":\"janstefanson\",\"image\":{\"@type\":\"ImageObject\",\"inLanguage\":\"sv-SE\",\"@id\":\"https:\\\/\\\/secure.gravatar.com\\\/avatar\\\/c8880da1e0ca1fb1fd99d661e99b32931e79d1537ef8441e71fc6630d4b6633c?s=96&r=g\",\"url\":\"https:\\\/\\\/secure.gravatar.com\\\/avatar\\\/c8880da1e0ca1fb1fd99d661e99b32931e79d1537ef8441e71fc6630d4b6633c?s=96&r=g\",\"contentUrl\":\"https:\\\/\\\/secure.gravatar.com\\\/avatar\\\/c8880da1e0ca1fb1fd99d661e99b32931e79d1537ef8441e71fc6630d4b6633c?s=96&r=g\",\"caption\":\"janstefanson\"},\"url\":\"https:\\\/\\\/wp.kristdemokraterna.se\\\/janstefanson\\\/author\\\/janstefanson\\\/\"}]}<\/script>\n<!-- \/ Yoast SEO plugin. -->","yoast_head_json":{"title":"Kaos i riket - Jan Stefanson","robots":{"index":"index","follow":"follow","max-snippet":"max-snippet:-1","max-image-preview":"max-image-preview:large","max-video-preview":"max-video-preview:-1"},"canonical":"https:\/\/wp.kristdemokraterna.se\/janstefanson\/kaos-i-riket\/","og_locale":"sv_SE","og_type":"article","og_title":"Kaos i riket - Jan Stefanson","og_description":"Nog m\u00e5ste man fundera p\u00e5 det kaos som uppst\u00e5tt i v\u00e5rt land med anledning av haveriet med transportstyrelsen. Jag har p\u00e5 lagomt avst\u00e5nd f\u00f6ljt det hela och f\u00f6rv\u00e5nats \u00f6ver den eskalerande utvecklingen. n\u00e4r m\u00f6rkkl\u00e4dda reportrar inv\u00e4ntade statsministerns presskonferens ig\u00e5r s\u00e5 var st\u00e4mningen uppskruvad till den mest \u00f6desm\u00e4ttade. Jag delar upp den tragiska hanteringen i tre Read More","og_url":"https:\/\/wp.kristdemokraterna.se\/janstefanson\/kaos-i-riket\/","og_site_name":"Jan Stefanson","article_published_time":"2017-07-28T06:58:55+00:00","article_modified_time":"2017-07-28T07:02:39+00:00","author":"janstefanson","twitter_card":"summary_large_image","twitter_misc":{"Skriven av":"janstefanson","Ber\u00e4knad l\u00e4stid":"2 minuter"},"schema":{"@context":"https:\/\/schema.org","@graph":[{"@type":"Article","@id":"https:\/\/wp.kristdemokraterna.se\/janstefanson\/kaos-i-riket\/#article","isPartOf":{"@id":"https:\/\/wp.kristdemokraterna.se\/janstefanson\/kaos-i-riket\/"},"author":{"name":"janstefanson","@id":"https:\/\/wp.kristdemokraterna.se\/janstefanson\/#\/schema\/person\/f8122372f46f49cffa0c02a57c89b40f"},"headline":"Kaos i riket","datePublished":"2017-07-28T06:58:55+00:00","dateModified":"2017-07-28T07:02:39+00:00","mainEntityOfPage":{"@id":"https:\/\/wp.kristdemokraterna.se\/janstefanson\/kaos-i-riket\/"},"wordCount":311,"inLanguage":"sv-SE"},{"@type":"WebPage","@id":"https:\/\/wp.kristdemokraterna.se\/janstefanson\/kaos-i-riket\/","url":"https:\/\/wp.kristdemokraterna.se\/janstefanson\/kaos-i-riket\/","name":"Kaos i riket - Jan Stefanson","isPartOf":{"@id":"https:\/\/wp.kristdemokraterna.se\/janstefanson\/#website"},"datePublished":"2017-07-28T06:58:55+00:00","dateModified":"2017-07-28T07:02:39+00:00","author":{"@id":"https:\/\/wp.kristdemokraterna.se\/janstefanson\/#\/schema\/person\/f8122372f46f49cffa0c02a57c89b40f"},"breadcrumb":{"@id":"https:\/\/wp.kristdemokraterna.se\/janstefanson\/kaos-i-riket\/#breadcrumb"},"inLanguage":"sv-SE","potentialAction":[{"@type":"ReadAction","target":["https:\/\/wp.kristdemokraterna.se\/janstefanson\/kaos-i-riket\/"]}]},{"@type":"BreadcrumbList","@id":"https:\/\/wp.kristdemokraterna.se\/janstefanson\/kaos-i-riket\/#breadcrumb","itemListElement":[{"@type":"ListItem","position":1,"name":"Hem","item":"https:\/\/wp.kristdemokraterna.se\/janstefanson\/"},{"@type":"ListItem","position":2,"name":"Kaos i riket"}]},{"@type":"WebSite","@id":"https:\/\/wp.kristdemokraterna.se\/janstefanson\/#website","url":"https:\/\/wp.kristdemokraterna.se\/janstefanson\/","name":"Jan Stefanson","description":"En till Kristdemokraterna webbplats","inLanguage":"sv-SE"},{"@type":"Person","@id":"https:\/\/wp.kristdemokraterna.se\/janstefanson\/#\/schema\/person\/f8122372f46f49cffa0c02a57c89b40f","name":"janstefanson","image":{"@type":"ImageObject","inLanguage":"sv-SE","@id":"https:\/\/secure.gravatar.com\/avatar\/c8880da1e0ca1fb1fd99d661e99b32931e79d1537ef8441e71fc6630d4b6633c?s=96&r=g","url":"https:\/\/secure.gravatar.com\/avatar\/c8880da1e0ca1fb1fd99d661e99b32931e79d1537ef8441e71fc6630d4b6633c?s=96&r=g","contentUrl":"https:\/\/secure.gravatar.com\/avatar\/c8880da1e0ca1fb1fd99d661e99b32931e79d1537ef8441e71fc6630d4b6633c?s=96&r=g","caption":"janstefanson"},"url":"https:\/\/wp.kristdemokraterna.se\/janstefanson\/author\/janstefanson\/"}]}},"_links":{"self":[{"href":"https:\/\/wp.kristdemokraterna.se\/janstefanson\/wp-json\/wp\/v2\/posts\/655","targetHints":{"allow":["GET"]}}],"collection":[{"href":"https:\/\/wp.kristdemokraterna.se\/janstefanson\/wp-json\/wp\/v2\/posts"}],"about":[{"href":"https:\/\/wp.kristdemokraterna.se\/janstefanson\/wp-json\/wp\/v2\/types\/post"}],"author":[{"embeddable":true,"href":"https:\/\/wp.kristdemokraterna.se\/janstefanson\/wp-json\/wp\/v2\/users\/530"}],"replies":[{"embeddable":true,"href":"https:\/\/wp.kristdemokraterna.se\/janstefanson\/wp-json\/wp\/v2\/comments?post=655"}],"version-history":[{"count":1,"href":"https:\/\/wp.kristdemokraterna.se\/janstefanson\/wp-json\/wp\/v2\/posts\/655\/revisions"}],"predecessor-version":[{"id":656,"href":"https:\/\/wp.kristdemokraterna.se\/janstefanson\/wp-json\/wp\/v2\/posts\/655\/revisions\/656"}],"wp:attachment":[{"href":"https:\/\/wp.kristdemokraterna.se\/janstefanson\/wp-json\/wp\/v2\/media?parent=655"}],"wp:term":[{"taxonomy":"category","embeddable":true,"href":"https:\/\/wp.kristdemokraterna.se\/janstefanson\/wp-json\/wp\/v2\/categories?post=655"},{"taxonomy":"post_tag","embeddable":true,"href":"https:\/\/wp.kristdemokraterna.se\/janstefanson\/wp-json\/wp\/v2\/tags?post=655"}],"curies":[{"name":"wp","href":"https:\/\/api.w.org\/{rel}","templated":true}]}}