{"id":741,"date":"2017-09-29T07:48:29","date_gmt":"2017-09-29T05:48:29","guid":{"rendered":"http:\/\/wp.kristdemokraterna.se\/janstefanson\/?p=741"},"modified":"2017-09-29T07:48:29","modified_gmt":"2017-09-29T05:48:29","slug":"elva-steg-upp","status":"publish","type":"post","link":"https:\/\/wp.kristdemokraterna.se\/janstefanson\/elva-steg-upp\/","title":{"rendered":"Elva steg upp!"},"content":{"rendered":"<p><img loading=\"lazy\" decoding=\"async\" class=\" wp-image-742 alignleft\" src=\"http:\/\/wp.kristdemokraterna.se\/janstefanson\/files\/2017\/09\/img_0341-225x300.jpg\" alt=\"\" width=\"198\" height=\"260\" \/>Svenskt N\u00e4ringslivs ranking placerade Upplands-Bro p\u00e5 plats trettio f\u00f6r hela landet och plats fem i Stockholm. Det \u00e4r en f\u00f6rb\u00e4ttring med elva placeringar!! Regionchefen var p\u00e5 plats med staplar och kurvor som visade den mycket positiva utvecklingen. F\u00f6retagen gillar oss och den inst\u00e4llningen best\u00e5r.Vad beror det p\u00e5, undrar utsocknes? Vi har bra folk anst\u00e4llda som lever upp till det politiken s\u00e4tter upp som m\u00e5l, brukar jag svara. Och visst har vi en lysande bra n\u00e4ringslivschef i Mathias Forsberg.<\/p>\n<p><img loading=\"lazy\" decoding=\"async\" class=\"wp-image-743 alignright\" src=\"http:\/\/wp.kristdemokraterna.se\/janstefanson\/files\/2017\/09\/img_0344-e1506663812576-292x300.jpg\" alt=\"\" width=\"211\" height=\"216\" srcset=\"https:\/\/wp.kristdemokraterna.se\/janstefanson\/files\/2017\/09\/img_0344-e1506663812576-292x300.jpg 292w, https:\/\/wp.kristdemokraterna.se\/janstefanson\/files\/2017\/09\/img_0344-e1506663812576-526x540.jpg 526w, https:\/\/wp.kristdemokraterna.se\/janstefanson\/files\/2017\/09\/img_0344-e1506663812576-337x346.jpg 337w, https:\/\/wp.kristdemokraterna.se\/janstefanson\/files\/2017\/09\/img_0344-e1506663812576-109x112.jpg 109w, https:\/\/wp.kristdemokraterna.se\/janstefanson\/files\/2017\/09\/img_0344-e1506663812576.jpg 710w\" sizes=\"auto, (max-width: 211px) 100vw, 211px\" \/><\/p>\n<p>P\u00e5 n\u00e4ringslivsfrukosten p\u00e5 galoppen i g\u00e5r redovisade Mathias Forsberg de senaste \u00e5rens m\u00e5nga f\u00f6retagsetableringar med ett bildspel av h\u00f6gsta klass. Imponerande!<\/p>\n<p><img loading=\"lazy\" decoding=\"async\" class=\" wp-image-744 alignleft\" src=\"http:\/\/wp.kristdemokraterna.se\/janstefanson\/files\/2017\/09\/img_0343-e1506663857128-300x225.jpg\" alt=\"\" width=\"226\" height=\"172\" \/>En bra start p\u00e5 dagen att fira Upplands-Bro kommuns framg\u00e5ngar och dessutom i en milj\u00f6 som Bro Park erbjuder.<\/p>\n","protected":false},"excerpt":{"rendered":"<p>Svenskt N\u00e4ringslivs ranking placerade Upplands-Bro p\u00e5 plats trettio f\u00f6r hela landet och plats fem i Stockholm. Det \u00e4r en f\u00f6rb\u00e4ttring med elva placeringar!! Regionchefen var p\u00e5 plats med staplar och kurvor som visade den mycket positiva utvecklingen. F\u00f6retagen gillar oss och den inst\u00e4llningen best\u00e5r.Vad beror det p\u00e5, undrar utsocknes? Vi har bra folk anst\u00e4llda som <a class=\"read-more-link\" href=\"https:\/\/wp.kristdemokraterna.se\/janstefanson\/elva-steg-upp\/\">Read More<\/a><\/p>\n","protected":false},"author":530,"featured_media":0,"comment_status":"closed","ping_status":"closed","sticky":false,"template":"","format":"standard","meta":{"_acf_changed":false,"footnotes":""},"categories":[1],"tags":[],"class_list":["post-741","post","type-post","status-publish","format-standard","hentry","category-okategoriserade"],"acf":[],"yoast_head":"<!-- This site is optimized with the Yoast SEO plugin v27.4 - https:\/\/yoast.com\/product\/yoast-seo-wordpress\/ -->\n<title>Elva steg upp! - Jan Stefanson<\/title>\n<meta name=\"robots\" content=\"index, follow, max-snippet:-1, max-image-preview:large, max-video-preview:-1\" \/>\n<link rel=\"canonical\" href=\"https:\/\/wp.kristdemokraterna.se\/janstefanson\/elva-steg-upp\/\" \/>\n<meta property=\"og:locale\" content=\"sv_SE\" \/>\n<meta property=\"og:type\" content=\"article\" \/>\n<meta property=\"og:title\" content=\"Elva steg upp! - Jan Stefanson\" \/>\n<meta property=\"og:description\" content=\"Svenskt N\u00e4ringslivs ranking placerade Upplands-Bro p\u00e5 plats trettio f\u00f6r hela landet och plats fem i Stockholm. Det \u00e4r en f\u00f6rb\u00e4ttring med elva placeringar!! Regionchefen var p\u00e5 plats med staplar och kurvor som visade den mycket positiva utvecklingen. F\u00f6retagen gillar oss och den inst\u00e4llningen best\u00e5r.Vad beror det p\u00e5, undrar utsocknes? Vi har bra folk anst\u00e4llda som Read More\" \/>\n<meta property=\"og:url\" content=\"https:\/\/wp.kristdemokraterna.se\/janstefanson\/elva-steg-upp\/\" \/>\n<meta property=\"og:site_name\" content=\"Jan Stefanson\" \/>\n<meta property=\"article:published_time\" content=\"2017-09-29T05:48:29+00:00\" \/>\n<meta property=\"og:image\" content=\"http:\/\/wp.kristdemokraterna.se\/janstefanson\/files\/2017\/09\/img_0341-225x300.jpg\" \/>\n<meta name=\"author\" content=\"janstefanson\" \/>\n<meta name=\"twitter:card\" content=\"summary_large_image\" \/>\n<meta name=\"twitter:label1\" content=\"Skriven av\" \/>\n\t<meta name=\"twitter:data1\" content=\"janstefanson\" \/>\n\t<meta name=\"twitter:label2\" content=\"Ber\u00e4knad l\u00e4stid\" \/>\n\t<meta name=\"twitter:data2\" content=\"1 minut\" \/>\n<script type=\"application\/ld+json\" class=\"yoast-schema-graph\">{\"@context\":\"https:\\\/\\\/schema.org\",\"@graph\":[{\"@type\":\"Article\",\"@id\":\"https:\\\/\\\/wp.kristdemokraterna.se\\\/janstefanson\\\/elva-steg-upp\\\/#article\",\"isPartOf\":{\"@id\":\"https:\\\/\\\/wp.kristdemokraterna.se\\\/janstefanson\\\/elva-steg-upp\\\/\"},\"author\":{\"name\":\"janstefanson\",\"@id\":\"https:\\\/\\\/wp.kristdemokraterna.se\\\/janstefanson\\\/#\\\/schema\\\/person\\\/f8122372f46f49cffa0c02a57c89b40f\"},\"headline\":\"Elva steg upp!\",\"datePublished\":\"2017-09-29T05:48:29+00:00\",\"mainEntityOfPage\":{\"@id\":\"https:\\\/\\\/wp.kristdemokraterna.se\\\/janstefanson\\\/elva-steg-upp\\\/\"},\"wordCount\":139,\"image\":{\"@id\":\"https:\\\/\\\/wp.kristdemokraterna.se\\\/janstefanson\\\/elva-steg-upp\\\/#primaryimage\"},\"thumbnailUrl\":\"http:\\\/\\\/wp.kristdemokraterna.se\\\/janstefanson\\\/files\\\/2017\\\/09\\\/img_0341-225x300.jpg\",\"inLanguage\":\"sv-SE\"},{\"@type\":\"WebPage\",\"@id\":\"https:\\\/\\\/wp.kristdemokraterna.se\\\/janstefanson\\\/elva-steg-upp\\\/\",\"url\":\"https:\\\/\\\/wp.kristdemokraterna.se\\\/janstefanson\\\/elva-steg-upp\\\/\",\"name\":\"Elva steg upp! - Jan Stefanson\",\"isPartOf\":{\"@id\":\"https:\\\/\\\/wp.kristdemokraterna.se\\\/janstefanson\\\/#website\"},\"primaryImageOfPage\":{\"@id\":\"https:\\\/\\\/wp.kristdemokraterna.se\\\/janstefanson\\\/elva-steg-upp\\\/#primaryimage\"},\"image\":{\"@id\":\"https:\\\/\\\/wp.kristdemokraterna.se\\\/janstefanson\\\/elva-steg-upp\\\/#primaryimage\"},\"thumbnailUrl\":\"http:\\\/\\\/wp.kristdemokraterna.se\\\/janstefanson\\\/files\\\/2017\\\/09\\\/img_0341-225x300.jpg\",\"datePublished\":\"2017-09-29T05:48:29+00:00\",\"author\":{\"@id\":\"https:\\\/\\\/wp.kristdemokraterna.se\\\/janstefanson\\\/#\\\/schema\\\/person\\\/f8122372f46f49cffa0c02a57c89b40f\"},\"breadcrumb\":{\"@id\":\"https:\\\/\\\/wp.kristdemokraterna.se\\\/janstefanson\\\/elva-steg-upp\\\/#breadcrumb\"},\"inLanguage\":\"sv-SE\",\"potentialAction\":[{\"@type\":\"ReadAction\",\"target\":[\"https:\\\/\\\/wp.kristdemokraterna.se\\\/janstefanson\\\/elva-steg-upp\\\/\"]}]},{\"@type\":\"ImageObject\",\"inLanguage\":\"sv-SE\",\"@id\":\"https:\\\/\\\/wp.kristdemokraterna.se\\\/janstefanson\\\/elva-steg-upp\\\/#primaryimage\",\"url\":\"https:\\\/\\\/wp.kristdemokraterna.se\\\/janstefanson\\\/files\\\/2017\\\/09\\\/img_0341.jpg\",\"contentUrl\":\"https:\\\/\\\/wp.kristdemokraterna.se\\\/janstefanson\\\/files\\\/2017\\\/09\\\/img_0341.jpg\",\"width\":864,\"height\":1152},{\"@type\":\"BreadcrumbList\",\"@id\":\"https:\\\/\\\/wp.kristdemokraterna.se\\\/janstefanson\\\/elva-steg-upp\\\/#breadcrumb\",\"itemListElement\":[{\"@type\":\"ListItem\",\"position\":1,\"name\":\"Hem\",\"item\":\"https:\\\/\\\/wp.kristdemokraterna.se\\\/janstefanson\\\/\"},{\"@type\":\"ListItem\",\"position\":2,\"name\":\"Elva steg upp!\"}]},{\"@type\":\"WebSite\",\"@id\":\"https:\\\/\\\/wp.kristdemokraterna.se\\\/janstefanson\\\/#website\",\"url\":\"https:\\\/\\\/wp.kristdemokraterna.se\\\/janstefanson\\\/\",\"name\":\"Jan Stefanson\",\"description\":\"En till Kristdemokraterna webbplats\",\"inLanguage\":\"sv-SE\"},{\"@type\":\"Person\",\"@id\":\"https:\\\/\\\/wp.kristdemokraterna.se\\\/janstefanson\\\/#\\\/schema\\\/person\\\/f8122372f46f49cffa0c02a57c89b40f\",\"name\":\"janstefanson\",\"image\":{\"@type\":\"ImageObject\",\"inLanguage\":\"sv-SE\",\"@id\":\"https:\\\/\\\/secure.gravatar.com\\\/avatar\\\/c8880da1e0ca1fb1fd99d661e99b32931e79d1537ef8441e71fc6630d4b6633c?s=96&r=g\",\"url\":\"https:\\\/\\\/secure.gravatar.com\\\/avatar\\\/c8880da1e0ca1fb1fd99d661e99b32931e79d1537ef8441e71fc6630d4b6633c?s=96&r=g\",\"contentUrl\":\"https:\\\/\\\/secure.gravatar.com\\\/avatar\\\/c8880da1e0ca1fb1fd99d661e99b32931e79d1537ef8441e71fc6630d4b6633c?s=96&r=g\",\"caption\":\"janstefanson\"},\"url\":\"https:\\\/\\\/wp.kristdemokraterna.se\\\/janstefanson\\\/author\\\/janstefanson\\\/\"}]}<\/script>\n<!-- \/ Yoast SEO plugin. -->","yoast_head_json":{"title":"Elva steg upp! - Jan Stefanson","robots":{"index":"index","follow":"follow","max-snippet":"max-snippet:-1","max-image-preview":"max-image-preview:large","max-video-preview":"max-video-preview:-1"},"canonical":"https:\/\/wp.kristdemokraterna.se\/janstefanson\/elva-steg-upp\/","og_locale":"sv_SE","og_type":"article","og_title":"Elva steg upp! - Jan Stefanson","og_description":"Svenskt N\u00e4ringslivs ranking placerade Upplands-Bro p\u00e5 plats trettio f\u00f6r hela landet och plats fem i Stockholm. Det \u00e4r en f\u00f6rb\u00e4ttring med elva placeringar!! Regionchefen var p\u00e5 plats med staplar och kurvor som visade den mycket positiva utvecklingen. F\u00f6retagen gillar oss och den inst\u00e4llningen best\u00e5r.Vad beror det p\u00e5, undrar utsocknes? Vi har bra folk anst\u00e4llda som Read More","og_url":"https:\/\/wp.kristdemokraterna.se\/janstefanson\/elva-steg-upp\/","og_site_name":"Jan Stefanson","article_published_time":"2017-09-29T05:48:29+00:00","og_image":[{"url":"http:\/\/wp.kristdemokraterna.se\/janstefanson\/files\/2017\/09\/img_0341-225x300.jpg","type":"","width":"","height":""}],"author":"janstefanson","twitter_card":"summary_large_image","twitter_misc":{"Skriven av":"janstefanson","Ber\u00e4knad l\u00e4stid":"1 minut"},"schema":{"@context":"https:\/\/schema.org","@graph":[{"@type":"Article","@id":"https:\/\/wp.kristdemokraterna.se\/janstefanson\/elva-steg-upp\/#article","isPartOf":{"@id":"https:\/\/wp.kristdemokraterna.se\/janstefanson\/elva-steg-upp\/"},"author":{"name":"janstefanson","@id":"https:\/\/wp.kristdemokraterna.se\/janstefanson\/#\/schema\/person\/f8122372f46f49cffa0c02a57c89b40f"},"headline":"Elva steg upp!","datePublished":"2017-09-29T05:48:29+00:00","mainEntityOfPage":{"@id":"https:\/\/wp.kristdemokraterna.se\/janstefanson\/elva-steg-upp\/"},"wordCount":139,"image":{"@id":"https:\/\/wp.kristdemokraterna.se\/janstefanson\/elva-steg-upp\/#primaryimage"},"thumbnailUrl":"http:\/\/wp.kristdemokraterna.se\/janstefanson\/files\/2017\/09\/img_0341-225x300.jpg","inLanguage":"sv-SE"},{"@type":"WebPage","@id":"https:\/\/wp.kristdemokraterna.se\/janstefanson\/elva-steg-upp\/","url":"https:\/\/wp.kristdemokraterna.se\/janstefanson\/elva-steg-upp\/","name":"Elva steg upp! - Jan Stefanson","isPartOf":{"@id":"https:\/\/wp.kristdemokraterna.se\/janstefanson\/#website"},"primaryImageOfPage":{"@id":"https:\/\/wp.kristdemokraterna.se\/janstefanson\/elva-steg-upp\/#primaryimage"},"image":{"@id":"https:\/\/wp.kristdemokraterna.se\/janstefanson\/elva-steg-upp\/#primaryimage"},"thumbnailUrl":"http:\/\/wp.kristdemokraterna.se\/janstefanson\/files\/2017\/09\/img_0341-225x300.jpg","datePublished":"2017-09-29T05:48:29+00:00","author":{"@id":"https:\/\/wp.kristdemokraterna.se\/janstefanson\/#\/schema\/person\/f8122372f46f49cffa0c02a57c89b40f"},"breadcrumb":{"@id":"https:\/\/wp.kristdemokraterna.se\/janstefanson\/elva-steg-upp\/#breadcrumb"},"inLanguage":"sv-SE","potentialAction":[{"@type":"ReadAction","target":["https:\/\/wp.kristdemokraterna.se\/janstefanson\/elva-steg-upp\/"]}]},{"@type":"ImageObject","inLanguage":"sv-SE","@id":"https:\/\/wp.kristdemokraterna.se\/janstefanson\/elva-steg-upp\/#primaryimage","url":"https:\/\/wp.kristdemokraterna.se\/janstefanson\/files\/2017\/09\/img_0341.jpg","contentUrl":"https:\/\/wp.kristdemokraterna.se\/janstefanson\/files\/2017\/09\/img_0341.jpg","width":864,"height":1152},{"@type":"BreadcrumbList","@id":"https:\/\/wp.kristdemokraterna.se\/janstefanson\/elva-steg-upp\/#breadcrumb","itemListElement":[{"@type":"ListItem","position":1,"name":"Hem","item":"https:\/\/wp.kristdemokraterna.se\/janstefanson\/"},{"@type":"ListItem","position":2,"name":"Elva steg upp!"}]},{"@type":"WebSite","@id":"https:\/\/wp.kristdemokraterna.se\/janstefanson\/#website","url":"https:\/\/wp.kristdemokraterna.se\/janstefanson\/","name":"Jan Stefanson","description":"En till Kristdemokraterna webbplats","inLanguage":"sv-SE"},{"@type":"Person","@id":"https:\/\/wp.kristdemokraterna.se\/janstefanson\/#\/schema\/person\/f8122372f46f49cffa0c02a57c89b40f","name":"janstefanson","image":{"@type":"ImageObject","inLanguage":"sv-SE","@id":"https:\/\/secure.gravatar.com\/avatar\/c8880da1e0ca1fb1fd99d661e99b32931e79d1537ef8441e71fc6630d4b6633c?s=96&r=g","url":"https:\/\/secure.gravatar.com\/avatar\/c8880da1e0ca1fb1fd99d661e99b32931e79d1537ef8441e71fc6630d4b6633c?s=96&r=g","contentUrl":"https:\/\/secure.gravatar.com\/avatar\/c8880da1e0ca1fb1fd99d661e99b32931e79d1537ef8441e71fc6630d4b6633c?s=96&r=g","caption":"janstefanson"},"url":"https:\/\/wp.kristdemokraterna.se\/janstefanson\/author\/janstefanson\/"}]}},"_links":{"self":[{"href":"https:\/\/wp.kristdemokraterna.se\/janstefanson\/wp-json\/wp\/v2\/posts\/741","targetHints":{"allow":["GET"]}}],"collection":[{"href":"https:\/\/wp.kristdemokraterna.se\/janstefanson\/wp-json\/wp\/v2\/posts"}],"about":[{"href":"https:\/\/wp.kristdemokraterna.se\/janstefanson\/wp-json\/wp\/v2\/types\/post"}],"author":[{"embeddable":true,"href":"https:\/\/wp.kristdemokraterna.se\/janstefanson\/wp-json\/wp\/v2\/users\/530"}],"replies":[{"embeddable":true,"href":"https:\/\/wp.kristdemokraterna.se\/janstefanson\/wp-json\/wp\/v2\/comments?post=741"}],"version-history":[{"count":1,"href":"https:\/\/wp.kristdemokraterna.se\/janstefanson\/wp-json\/wp\/v2\/posts\/741\/revisions"}],"predecessor-version":[{"id":745,"href":"https:\/\/wp.kristdemokraterna.se\/janstefanson\/wp-json\/wp\/v2\/posts\/741\/revisions\/745"}],"wp:attachment":[{"href":"https:\/\/wp.kristdemokraterna.se\/janstefanson\/wp-json\/wp\/v2\/media?parent=741"}],"wp:term":[{"taxonomy":"category","embeddable":true,"href":"https:\/\/wp.kristdemokraterna.se\/janstefanson\/wp-json\/wp\/v2\/categories?post=741"},{"taxonomy":"post_tag","embeddable":true,"href":"https:\/\/wp.kristdemokraterna.se\/janstefanson\/wp-json\/wp\/v2\/tags?post=741"}],"curies":[{"name":"wp","href":"https:\/\/api.w.org\/{rel}","templated":true}]}}