{"id":76,"date":"2014-09-03T14:49:10","date_gmt":"2014-09-03T12:49:10","guid":{"rendered":"http:\/\/wp.kristdemokraterna.se\/janstefanson\/?p=76"},"modified":"2014-09-04T10:50:30","modified_gmt":"2014-09-04T08:50:30","slug":"76","status":"publish","type":"post","link":"https:\/\/wp.kristdemokraterna.se\/janstefanson\/76\/","title":{"rendered":"1000 fler synliga poliser!"},"content":{"rendered":"<p>I veckan tr\u00e4ffade gruppledarna f\u00f6r partierna l\u00e4nspolism\u00e4staren\u00a0 mfl. som ber\u00e4ttade om planeringen av en ny organisation. 1000 fler synliga poliser ska uppn\u00e5s genom en plattare organisation och f\u00e4rre chefer. I f\u00f6rslaget ing\u00e5r \u00e4ven en form av kommunpolis med god k\u00e4nnedom om kommunen och som \u00e4r igenk\u00e4nd. Den nya organisation ska ha l\u00e4ttare att omf\u00f6rdela uppdrag n\u00e4r det kr\u00e4vs snabba beslut. Bra!<\/p>\n<p>Mina funderingar \u00e4r om det \u00e4r rimligt att uppn\u00e5 en effektivisering motsvarande 20 procent med enbart en plattare organisation och utan nyrekrytering av fler poliser.<\/p>\n<p>Polisen efterfr\u00e5gade \u00e4ven ett tydligare avtal mellan kommunen och Polisen som st\u00f6d f\u00f6r de gemensamma m\u00e5len. Detta ska vara en utveckling av de samarbetsavtal som finns idag och ha beslutskompetens bland de personer som ing\u00e5r i t.ex en samr\u00e5dsgrupp. Bra!<\/p>\n<p>Vad som inte diskuterades \u00e4r den h\u00f6ga personaloms\u00e4ttning och de demonstrationer som genomf\u00f6rdes f\u00f6re midsommar och som kan vara f\u00f6ranledda av den l\u00f6nes\u00e4ttning som idag r\u00e5der inom polisen. En nyutexaminerad polis har 21.000 kr i l\u00f6n och efter fyra \u00e5r ungef\u00e4r 23.000 kronor. En kvinna kom fram till valstugan och beklagade sig \u00f6ver sitt barnbarn som \u00e4r polis och ska f\u00f6rs\u00f6rja en stor familj med denna l\u00e5ga l\u00f6n och dessutom obekv\u00e4ma arbetstider.<\/p>\n<p>I en tid av diskussioner om l\u00e4rarl\u00f6ner och personalkvalitet s\u00e5 \u00e4r det rimligt att lyssna p\u00e5 hur de l\u00e5ga grundl\u00f6nerna inom polisen p\u00e5verkar den fr\u00e5nvaro av polis som vi erfar t.ex i Upplands-Bro. Under juni, juli och augusti fanns ingen polis stationerad vare sig i Bro eller Kungs\u00e4ngen. Vakanser bidrog sannolikt till det.<\/p>\n<p>Fr\u00e5n kommunens sida m\u00e5ste vi vara beredda att samverka med h\u00f6g prioritering d\u00e5 det g\u00e4ller v\u00e5r del f\u00f6r att skapa en trygg kommun. \u00c4ven vi m\u00e5ste se till att ha en kommun\u00f6vergripande samsyn i \u00e5tg\u00e4rder och ekonomiska satsningar. Det g\u00e4ller s\u00e5v\u00e4l grannst\u00f6dsbil, unga f\u00f6r unga, drogbek\u00e4mpning,\u00a0 och andra brottsf\u00f6rebyggande \u00e5tg\u00e4rder.<\/p>\n<p>&nbsp;<\/p>\n","protected":false},"excerpt":{"rendered":"<p>I veckan tr\u00e4ffade gruppledarna f\u00f6r partierna l\u00e4nspolism\u00e4staren\u00a0 mfl. som ber\u00e4ttade om planeringen av en ny organisation. 1000 fler synliga poliser ska uppn\u00e5s genom en plattare organisation och f\u00e4rre chefer. I f\u00f6rslaget ing\u00e5r \u00e4ven en form av kommunpolis med god k\u00e4nnedom om kommunen och som \u00e4r igenk\u00e4nd. Den nya organisation ska ha l\u00e4ttare att omf\u00f6rdela uppdrag <a class=\"read-more-link\" href=\"https:\/\/wp.kristdemokraterna.se\/janstefanson\/76\/\">Read More<\/a><\/p>\n","protected":false},"author":530,"featured_media":0,"comment_status":"closed","ping_status":"closed","sticky":false,"template":"","format":"standard","meta":{"_acf_changed":false,"footnotes":""},"categories":[1],"tags":[],"class_list":["post-76","post","type-post","status-publish","format-standard","hentry","category-okategoriserade"],"acf":[],"yoast_head":"<!-- This site is optimized with the Yoast SEO plugin v27.4 - https:\/\/yoast.com\/product\/yoast-seo-wordpress\/ -->\n<title>1000 fler synliga poliser! - Jan Stefanson<\/title>\n<meta name=\"robots\" content=\"index, follow, max-snippet:-1, max-image-preview:large, max-video-preview:-1\" \/>\n<link rel=\"canonical\" href=\"https:\/\/wp.kristdemokraterna.se\/janstefanson\/76\/\" \/>\n<meta property=\"og:locale\" content=\"sv_SE\" \/>\n<meta property=\"og:type\" content=\"article\" \/>\n<meta property=\"og:title\" content=\"1000 fler synliga poliser! - Jan Stefanson\" \/>\n<meta property=\"og:description\" content=\"I veckan tr\u00e4ffade gruppledarna f\u00f6r partierna l\u00e4nspolism\u00e4staren\u00a0 mfl. som ber\u00e4ttade om planeringen av en ny organisation. 1000 fler synliga poliser ska uppn\u00e5s genom en plattare organisation och f\u00e4rre chefer. I f\u00f6rslaget ing\u00e5r \u00e4ven en form av kommunpolis med god k\u00e4nnedom om kommunen och som \u00e4r igenk\u00e4nd. Den nya organisation ska ha l\u00e4ttare att omf\u00f6rdela uppdrag Read More\" \/>\n<meta property=\"og:url\" content=\"https:\/\/wp.kristdemokraterna.se\/janstefanson\/76\/\" \/>\n<meta property=\"og:site_name\" content=\"Jan Stefanson\" \/>\n<meta property=\"article:published_time\" content=\"2014-09-03T12:49:10+00:00\" \/>\n<meta property=\"article:modified_time\" content=\"2014-09-04T08:50:30+00:00\" \/>\n<meta name=\"author\" content=\"janstefanson\" \/>\n<meta name=\"twitter:card\" content=\"summary_large_image\" \/>\n<meta name=\"twitter:label1\" content=\"Skriven av\" \/>\n\t<meta name=\"twitter:data1\" content=\"janstefanson\" \/>\n\t<meta name=\"twitter:label2\" content=\"Ber\u00e4knad l\u00e4stid\" \/>\n\t<meta name=\"twitter:data2\" content=\"2 minuter\" \/>\n<script type=\"application\/ld+json\" class=\"yoast-schema-graph\">{\"@context\":\"https:\\\/\\\/schema.org\",\"@graph\":[{\"@type\":\"Article\",\"@id\":\"https:\\\/\\\/wp.kristdemokraterna.se\\\/janstefanson\\\/76\\\/#article\",\"isPartOf\":{\"@id\":\"https:\\\/\\\/wp.kristdemokraterna.se\\\/janstefanson\\\/76\\\/\"},\"author\":{\"name\":\"janstefanson\",\"@id\":\"https:\\\/\\\/wp.kristdemokraterna.se\\\/janstefanson\\\/#\\\/schema\\\/person\\\/f8122372f46f49cffa0c02a57c89b40f\"},\"headline\":\"1000 fler synliga poliser!\",\"datePublished\":\"2014-09-03T12:49:10+00:00\",\"dateModified\":\"2014-09-04T08:50:30+00:00\",\"mainEntityOfPage\":{\"@id\":\"https:\\\/\\\/wp.kristdemokraterna.se\\\/janstefanson\\\/76\\\/\"},\"wordCount\":363,\"inLanguage\":\"sv-SE\"},{\"@type\":\"WebPage\",\"@id\":\"https:\\\/\\\/wp.kristdemokraterna.se\\\/janstefanson\\\/76\\\/\",\"url\":\"https:\\\/\\\/wp.kristdemokraterna.se\\\/janstefanson\\\/76\\\/\",\"name\":\"1000 fler synliga poliser! - Jan Stefanson\",\"isPartOf\":{\"@id\":\"https:\\\/\\\/wp.kristdemokraterna.se\\\/janstefanson\\\/#website\"},\"datePublished\":\"2014-09-03T12:49:10+00:00\",\"dateModified\":\"2014-09-04T08:50:30+00:00\",\"author\":{\"@id\":\"https:\\\/\\\/wp.kristdemokraterna.se\\\/janstefanson\\\/#\\\/schema\\\/person\\\/f8122372f46f49cffa0c02a57c89b40f\"},\"breadcrumb\":{\"@id\":\"https:\\\/\\\/wp.kristdemokraterna.se\\\/janstefanson\\\/76\\\/#breadcrumb\"},\"inLanguage\":\"sv-SE\",\"potentialAction\":[{\"@type\":\"ReadAction\",\"target\":[\"https:\\\/\\\/wp.kristdemokraterna.se\\\/janstefanson\\\/76\\\/\"]}]},{\"@type\":\"BreadcrumbList\",\"@id\":\"https:\\\/\\\/wp.kristdemokraterna.se\\\/janstefanson\\\/76\\\/#breadcrumb\",\"itemListElement\":[{\"@type\":\"ListItem\",\"position\":1,\"name\":\"Hem\",\"item\":\"https:\\\/\\\/wp.kristdemokraterna.se\\\/janstefanson\\\/\"},{\"@type\":\"ListItem\",\"position\":2,\"name\":\"1000 fler synliga poliser!\"}]},{\"@type\":\"WebSite\",\"@id\":\"https:\\\/\\\/wp.kristdemokraterna.se\\\/janstefanson\\\/#website\",\"url\":\"https:\\\/\\\/wp.kristdemokraterna.se\\\/janstefanson\\\/\",\"name\":\"Jan Stefanson\",\"description\":\"En till Kristdemokraterna webbplats\",\"inLanguage\":\"sv-SE\"},{\"@type\":\"Person\",\"@id\":\"https:\\\/\\\/wp.kristdemokraterna.se\\\/janstefanson\\\/#\\\/schema\\\/person\\\/f8122372f46f49cffa0c02a57c89b40f\",\"name\":\"janstefanson\",\"image\":{\"@type\":\"ImageObject\",\"inLanguage\":\"sv-SE\",\"@id\":\"https:\\\/\\\/secure.gravatar.com\\\/avatar\\\/c8880da1e0ca1fb1fd99d661e99b32931e79d1537ef8441e71fc6630d4b6633c?s=96&r=g\",\"url\":\"https:\\\/\\\/secure.gravatar.com\\\/avatar\\\/c8880da1e0ca1fb1fd99d661e99b32931e79d1537ef8441e71fc6630d4b6633c?s=96&r=g\",\"contentUrl\":\"https:\\\/\\\/secure.gravatar.com\\\/avatar\\\/c8880da1e0ca1fb1fd99d661e99b32931e79d1537ef8441e71fc6630d4b6633c?s=96&r=g\",\"caption\":\"janstefanson\"},\"url\":\"https:\\\/\\\/wp.kristdemokraterna.se\\\/janstefanson\\\/author\\\/janstefanson\\\/\"}]}<\/script>\n<!-- \/ Yoast SEO plugin. -->","yoast_head_json":{"title":"1000 fler synliga poliser! - Jan Stefanson","robots":{"index":"index","follow":"follow","max-snippet":"max-snippet:-1","max-image-preview":"max-image-preview:large","max-video-preview":"max-video-preview:-1"},"canonical":"https:\/\/wp.kristdemokraterna.se\/janstefanson\/76\/","og_locale":"sv_SE","og_type":"article","og_title":"1000 fler synliga poliser! - Jan Stefanson","og_description":"I veckan tr\u00e4ffade gruppledarna f\u00f6r partierna l\u00e4nspolism\u00e4staren\u00a0 mfl. som ber\u00e4ttade om planeringen av en ny organisation. 1000 fler synliga poliser ska uppn\u00e5s genom en plattare organisation och f\u00e4rre chefer. I f\u00f6rslaget ing\u00e5r \u00e4ven en form av kommunpolis med god k\u00e4nnedom om kommunen och som \u00e4r igenk\u00e4nd. Den nya organisation ska ha l\u00e4ttare att omf\u00f6rdela uppdrag Read More","og_url":"https:\/\/wp.kristdemokraterna.se\/janstefanson\/76\/","og_site_name":"Jan Stefanson","article_published_time":"2014-09-03T12:49:10+00:00","article_modified_time":"2014-09-04T08:50:30+00:00","author":"janstefanson","twitter_card":"summary_large_image","twitter_misc":{"Skriven av":"janstefanson","Ber\u00e4knad l\u00e4stid":"2 minuter"},"schema":{"@context":"https:\/\/schema.org","@graph":[{"@type":"Article","@id":"https:\/\/wp.kristdemokraterna.se\/janstefanson\/76\/#article","isPartOf":{"@id":"https:\/\/wp.kristdemokraterna.se\/janstefanson\/76\/"},"author":{"name":"janstefanson","@id":"https:\/\/wp.kristdemokraterna.se\/janstefanson\/#\/schema\/person\/f8122372f46f49cffa0c02a57c89b40f"},"headline":"1000 fler synliga poliser!","datePublished":"2014-09-03T12:49:10+00:00","dateModified":"2014-09-04T08:50:30+00:00","mainEntityOfPage":{"@id":"https:\/\/wp.kristdemokraterna.se\/janstefanson\/76\/"},"wordCount":363,"inLanguage":"sv-SE"},{"@type":"WebPage","@id":"https:\/\/wp.kristdemokraterna.se\/janstefanson\/76\/","url":"https:\/\/wp.kristdemokraterna.se\/janstefanson\/76\/","name":"1000 fler synliga poliser! - Jan Stefanson","isPartOf":{"@id":"https:\/\/wp.kristdemokraterna.se\/janstefanson\/#website"},"datePublished":"2014-09-03T12:49:10+00:00","dateModified":"2014-09-04T08:50:30+00:00","author":{"@id":"https:\/\/wp.kristdemokraterna.se\/janstefanson\/#\/schema\/person\/f8122372f46f49cffa0c02a57c89b40f"},"breadcrumb":{"@id":"https:\/\/wp.kristdemokraterna.se\/janstefanson\/76\/#breadcrumb"},"inLanguage":"sv-SE","potentialAction":[{"@type":"ReadAction","target":["https:\/\/wp.kristdemokraterna.se\/janstefanson\/76\/"]}]},{"@type":"BreadcrumbList","@id":"https:\/\/wp.kristdemokraterna.se\/janstefanson\/76\/#breadcrumb","itemListElement":[{"@type":"ListItem","position":1,"name":"Hem","item":"https:\/\/wp.kristdemokraterna.se\/janstefanson\/"},{"@type":"ListItem","position":2,"name":"1000 fler synliga poliser!"}]},{"@type":"WebSite","@id":"https:\/\/wp.kristdemokraterna.se\/janstefanson\/#website","url":"https:\/\/wp.kristdemokraterna.se\/janstefanson\/","name":"Jan Stefanson","description":"En till Kristdemokraterna webbplats","inLanguage":"sv-SE"},{"@type":"Person","@id":"https:\/\/wp.kristdemokraterna.se\/janstefanson\/#\/schema\/person\/f8122372f46f49cffa0c02a57c89b40f","name":"janstefanson","image":{"@type":"ImageObject","inLanguage":"sv-SE","@id":"https:\/\/secure.gravatar.com\/avatar\/c8880da1e0ca1fb1fd99d661e99b32931e79d1537ef8441e71fc6630d4b6633c?s=96&r=g","url":"https:\/\/secure.gravatar.com\/avatar\/c8880da1e0ca1fb1fd99d661e99b32931e79d1537ef8441e71fc6630d4b6633c?s=96&r=g","contentUrl":"https:\/\/secure.gravatar.com\/avatar\/c8880da1e0ca1fb1fd99d661e99b32931e79d1537ef8441e71fc6630d4b6633c?s=96&r=g","caption":"janstefanson"},"url":"https:\/\/wp.kristdemokraterna.se\/janstefanson\/author\/janstefanson\/"}]}},"_links":{"self":[{"href":"https:\/\/wp.kristdemokraterna.se\/janstefanson\/wp-json\/wp\/v2\/posts\/76","targetHints":{"allow":["GET"]}}],"collection":[{"href":"https:\/\/wp.kristdemokraterna.se\/janstefanson\/wp-json\/wp\/v2\/posts"}],"about":[{"href":"https:\/\/wp.kristdemokraterna.se\/janstefanson\/wp-json\/wp\/v2\/types\/post"}],"author":[{"embeddable":true,"href":"https:\/\/wp.kristdemokraterna.se\/janstefanson\/wp-json\/wp\/v2\/users\/530"}],"replies":[{"embeddable":true,"href":"https:\/\/wp.kristdemokraterna.se\/janstefanson\/wp-json\/wp\/v2\/comments?post=76"}],"version-history":[{"count":4,"href":"https:\/\/wp.kristdemokraterna.se\/janstefanson\/wp-json\/wp\/v2\/posts\/76\/revisions"}],"predecessor-version":[{"id":81,"href":"https:\/\/wp.kristdemokraterna.se\/janstefanson\/wp-json\/wp\/v2\/posts\/76\/revisions\/81"}],"wp:attachment":[{"href":"https:\/\/wp.kristdemokraterna.se\/janstefanson\/wp-json\/wp\/v2\/media?parent=76"}],"wp:term":[{"taxonomy":"category","embeddable":true,"href":"https:\/\/wp.kristdemokraterna.se\/janstefanson\/wp-json\/wp\/v2\/categories?post=76"},{"taxonomy":"post_tag","embeddable":true,"href":"https:\/\/wp.kristdemokraterna.se\/janstefanson\/wp-json\/wp\/v2\/tags?post=76"}],"curies":[{"name":"wp","href":"https:\/\/api.w.org\/{rel}","templated":true}]}}