{"id":771,"date":"2017-10-13T17:57:55","date_gmt":"2017-10-13T15:57:55","guid":{"rendered":"http:\/\/wp.kristdemokraterna.se\/janstefanson\/?p=771"},"modified":"2017-10-13T17:57:55","modified_gmt":"2017-10-13T15:57:55","slug":"tillat-overtygade-manniskor","status":"publish","type":"post","link":"https:\/\/wp.kristdemokraterna.se\/janstefanson\/tillat-overtygade-manniskor\/","title":{"rendered":"Till\u00e5t \u00f6vertygade m\u00e4nniskor"},"content":{"rendered":"<p>F\u00f6rbjud hakkors, f\u00f6rbjud nikab, f\u00f6rbjud hijab, f\u00f6rbjud burka, f\u00f6rbjud kors\u2026<\/p>\n<p>Det \u00e4r idag en h\u00f6gljudd f\u00f6rbudsiver mot s\u00e5dant som ogillas. Och ogillas g\u00f6r det mesta alltid av n\u00e5gon eller n\u00e5gra.<\/p>\n<p>I mitt eget parti, KD finns en motion om att f\u00f6rbjuda burka i offentligt finansierad verksamhet. Motionen vann bifall med minsta m\u00f6jliga marginal vid motionsgenomg\u00e5ngen inf\u00f6r kommande riksting. Ett par dagar senare stod f\u00f6rslaget att l\u00e4sa som debatt i Expressen underskriven av KDU:s ordf\u00f6rande och tv\u00e5 till. En av dem var motionsskrivare och ivrare p\u00e5 Stockholms l\u00e4ns motionsgenomg\u00e5ng inf\u00f6r tinget. Jag yrkade p\u00e5 partistyrelsens f\u00f6rslag \u00e4ven om jag hade och fortsatt har f\u00f6rst\u00e5else f\u00f6r intentionerna fr\u00e5n motion\u00e4ren.<\/p>\n<p>Det finns i stort sett i alla beslut ett plus och minus. D\u00e4rf\u00f6r \u00e4r eftert\u00e4nksamhet inte s\u00e4llan b\u00e5de tvunget och h\u00e4lsosamt. Framf\u00f6rallt i ett l\u00e4ngre perspektiv.<\/p>\n<p>Det \u00e4r direkt <strong>ol\u00e4mpligt att d\u00f6lja sitt ansikte<\/strong> eller merparten av det i m\u00f6tet med andra m\u00e4nniskor. Inte minst g\u00e4ller det i barns kontakt med vuxna. Inom sjukv\u00e5rden likadant. Och det finns f\u00f6rst\u00e5s v\u00e4ldigt m\u00e5nga situationer d\u00e4r \u00f6gonkontakt och m\u00e4nsklig identifikation \u00e4r avg\u00f6rande f\u00f6r det sociala utbytet i ett m\u00f6te m\u00e4nniskor emellan. Jag tror att det \u00e4r v\u00e4rt att v\u00e4rna p\u00e5 m\u00e5nga s\u00e4tt.<\/p>\n<p>Samtidigt finns det sk\u00e4l att fundera p\u00e5 motivet den har som b\u00e4r en symbol. Liten eller stor! Svag eller stark!<\/p>\n<p>En symbol kan vara sj\u00e4lvvald med stark \u00f6vertygelse om dess livsavg\u00f6rande betydelse f\u00f6r den som b\u00e4r den. Religi\u00f6st, politiskt eller\u2026 Att f\u00f6rbjuda inneb\u00e4r i s\u00e5 fall en kr\u00e4nkning. Att ha respekt f\u00f6r den som b\u00e4r symbolen \u00e4ven om jag starkt ogillar symbolen har ett stort v\u00e4rde f\u00f6r att sj\u00e4lv drabbas av respekt f\u00f6r n\u00e5got som \u00e4r viktigt f\u00f6r mig.<\/p>\n<p><strong>Offentligt finansierad verksamhet!<\/strong> L\u00e5ter bra men saknar logik och konsekvens. Det finns gott om offentligt finansierad verksamhet d\u00e4r det inte f\u00f6rekommer n\u00e5got m\u00f6te m\u00e4nniskor emellan som kan j\u00e4mf\u00f6ras med de ol\u00e4mpliga som jag n\u00e4mnt. Det \u00e4r v\u00e4l ocks\u00e5 den definitionen som avsl\u00f6jar vad som ligger bakom id\u00e9n med beslutet.<\/p>\n<p>Allt jag inte gillar kan l\u00e4tt f\u00f6rbjudas och utest\u00e4ngas. Framf\u00f6rallt i en tid d\u00e5 vi tvingas till m\u00f6ten med s\u00e5dant som \u00e4r nytt och som vi kraftigt ogillar. Fr\u00e5gan vi m\u00e5ste st\u00e4lla oss \u00e4r vilket samh\u00e4lle vi d\u00e5 skapar. N\u00e4r vi begr\u00e4nsar m\u00e4nniskors r\u00e4tt att tro och leva efter egen \u00f6vertygelse och n\u00e4r vi begr\u00e4nsar m\u00e4nniskors r\u00e4tt att f\u00f6lja sitt samvete.<\/p>\n<p>Jag \u00e4r i det h\u00e4r sammanhanget f\u00f6r den vanligtvis s\u00e5 kloka f\u00f6rsiktighetsprincipen. Samtidigt anser jag att s\u00e5v\u00e4l tygstycken som kallas \u201dr\u00e5narluva\u201d eller religi\u00f6sa ben\u00e4mningar inte kan till\u00e5tas i alla sammanhang. Men v\u00e4gen dit m\u00e5ste f\u00f6reg\u00e5s av mycket klokskap, f\u00f6r det finns v\u00e4rden att skydda som hamnar i konflikt med begr\u00e4nsningen!<\/p>\n<p>Politisk makt kan vara farligt om det hamnar i or\u00e4tta h\u00e4nder!<\/p>\n","protected":false},"excerpt":{"rendered":"<p>F\u00f6rbjud hakkors, f\u00f6rbjud nikab, f\u00f6rbjud hijab, f\u00f6rbjud burka, f\u00f6rbjud kors\u2026 Det \u00e4r idag en h\u00f6gljudd f\u00f6rbudsiver mot s\u00e5dant som ogillas. Och ogillas g\u00f6r det mesta alltid av n\u00e5gon eller n\u00e5gra. I mitt eget parti, KD finns en motion om att f\u00f6rbjuda burka i offentligt finansierad verksamhet. Motionen vann bifall med minsta m\u00f6jliga marginal vid motionsgenomg\u00e5ngen <a class=\"read-more-link\" href=\"https:\/\/wp.kristdemokraterna.se\/janstefanson\/tillat-overtygade-manniskor\/\">Read More<\/a><\/p>\n","protected":false},"author":530,"featured_media":0,"comment_status":"closed","ping_status":"closed","sticky":false,"template":"","format":"standard","meta":{"_acf_changed":false,"footnotes":""},"categories":[1],"tags":[],"class_list":["post-771","post","type-post","status-publish","format-standard","hentry","category-okategoriserade"],"acf":[],"yoast_head":"<!-- This site is optimized with the Yoast SEO plugin v27.5 - https:\/\/yoast.com\/product\/yoast-seo-wordpress\/ -->\n<title>Till\u00e5t \u00f6vertygade m\u00e4nniskor - Jan Stefanson<\/title>\n<meta name=\"robots\" content=\"index, follow, max-snippet:-1, max-image-preview:large, max-video-preview:-1\" \/>\n<link rel=\"canonical\" href=\"https:\/\/wp.kristdemokraterna.se\/janstefanson\/tillat-overtygade-manniskor\/\" \/>\n<meta property=\"og:locale\" content=\"sv_SE\" \/>\n<meta property=\"og:type\" content=\"article\" \/>\n<meta property=\"og:title\" content=\"Till\u00e5t \u00f6vertygade m\u00e4nniskor - Jan Stefanson\" \/>\n<meta property=\"og:description\" content=\"F\u00f6rbjud hakkors, f\u00f6rbjud nikab, f\u00f6rbjud hijab, f\u00f6rbjud burka, f\u00f6rbjud kors\u2026 Det \u00e4r idag en h\u00f6gljudd f\u00f6rbudsiver mot s\u00e5dant som ogillas. Och ogillas g\u00f6r det mesta alltid av n\u00e5gon eller n\u00e5gra. I mitt eget parti, KD finns en motion om att f\u00f6rbjuda burka i offentligt finansierad verksamhet. Motionen vann bifall med minsta m\u00f6jliga marginal vid motionsgenomg\u00e5ngen Read More\" \/>\n<meta property=\"og:url\" content=\"https:\/\/wp.kristdemokraterna.se\/janstefanson\/tillat-overtygade-manniskor\/\" \/>\n<meta property=\"og:site_name\" content=\"Jan Stefanson\" \/>\n<meta property=\"article:published_time\" content=\"2017-10-13T15:57:55+00:00\" \/>\n<meta name=\"author\" content=\"janstefanson\" \/>\n<meta name=\"twitter:card\" content=\"summary_large_image\" \/>\n<meta name=\"twitter:label1\" content=\"Skriven av\" \/>\n\t<meta name=\"twitter:data1\" content=\"janstefanson\" \/>\n\t<meta name=\"twitter:label2\" content=\"Ber\u00e4knad l\u00e4stid\" \/>\n\t<meta name=\"twitter:data2\" content=\"3 minuter\" \/>\n<script type=\"application\/ld+json\" class=\"yoast-schema-graph\">{\"@context\":\"https:\\\/\\\/schema.org\",\"@graph\":[{\"@type\":\"Article\",\"@id\":\"https:\\\/\\\/wp.kristdemokraterna.se\\\/janstefanson\\\/tillat-overtygade-manniskor\\\/#article\",\"isPartOf\":{\"@id\":\"https:\\\/\\\/wp.kristdemokraterna.se\\\/janstefanson\\\/tillat-overtygade-manniskor\\\/\"},\"author\":{\"name\":\"janstefanson\",\"@id\":\"https:\\\/\\\/wp.kristdemokraterna.se\\\/janstefanson\\\/#\\\/schema\\\/person\\\/f8122372f46f49cffa0c02a57c89b40f\"},\"headline\":\"Till\u00e5t \u00f6vertygade m\u00e4nniskor\",\"datePublished\":\"2017-10-13T15:57:55+00:00\",\"mainEntityOfPage\":{\"@id\":\"https:\\\/\\\/wp.kristdemokraterna.se\\\/janstefanson\\\/tillat-overtygade-manniskor\\\/\"},\"wordCount\":575,\"inLanguage\":\"sv-SE\"},{\"@type\":\"WebPage\",\"@id\":\"https:\\\/\\\/wp.kristdemokraterna.se\\\/janstefanson\\\/tillat-overtygade-manniskor\\\/\",\"url\":\"https:\\\/\\\/wp.kristdemokraterna.se\\\/janstefanson\\\/tillat-overtygade-manniskor\\\/\",\"name\":\"Till\u00e5t \u00f6vertygade m\u00e4nniskor - Jan Stefanson\",\"isPartOf\":{\"@id\":\"https:\\\/\\\/wp.kristdemokraterna.se\\\/janstefanson\\\/#website\"},\"datePublished\":\"2017-10-13T15:57:55+00:00\",\"author\":{\"@id\":\"https:\\\/\\\/wp.kristdemokraterna.se\\\/janstefanson\\\/#\\\/schema\\\/person\\\/f8122372f46f49cffa0c02a57c89b40f\"},\"breadcrumb\":{\"@id\":\"https:\\\/\\\/wp.kristdemokraterna.se\\\/janstefanson\\\/tillat-overtygade-manniskor\\\/#breadcrumb\"},\"inLanguage\":\"sv-SE\",\"potentialAction\":[{\"@type\":\"ReadAction\",\"target\":[\"https:\\\/\\\/wp.kristdemokraterna.se\\\/janstefanson\\\/tillat-overtygade-manniskor\\\/\"]}]},{\"@type\":\"BreadcrumbList\",\"@id\":\"https:\\\/\\\/wp.kristdemokraterna.se\\\/janstefanson\\\/tillat-overtygade-manniskor\\\/#breadcrumb\",\"itemListElement\":[{\"@type\":\"ListItem\",\"position\":1,\"name\":\"Hem\",\"item\":\"https:\\\/\\\/wp.kristdemokraterna.se\\\/janstefanson\\\/\"},{\"@type\":\"ListItem\",\"position\":2,\"name\":\"Till\u00e5t \u00f6vertygade m\u00e4nniskor\"}]},{\"@type\":\"WebSite\",\"@id\":\"https:\\\/\\\/wp.kristdemokraterna.se\\\/janstefanson\\\/#website\",\"url\":\"https:\\\/\\\/wp.kristdemokraterna.se\\\/janstefanson\\\/\",\"name\":\"Jan Stefanson\",\"description\":\"En till Kristdemokraterna webbplats\",\"inLanguage\":\"sv-SE\"},{\"@type\":\"Person\",\"@id\":\"https:\\\/\\\/wp.kristdemokraterna.se\\\/janstefanson\\\/#\\\/schema\\\/person\\\/f8122372f46f49cffa0c02a57c89b40f\",\"name\":\"janstefanson\",\"image\":{\"@type\":\"ImageObject\",\"inLanguage\":\"sv-SE\",\"@id\":\"https:\\\/\\\/secure.gravatar.com\\\/avatar\\\/c8880da1e0ca1fb1fd99d661e99b32931e79d1537ef8441e71fc6630d4b6633c?s=96&r=g\",\"url\":\"https:\\\/\\\/secure.gravatar.com\\\/avatar\\\/c8880da1e0ca1fb1fd99d661e99b32931e79d1537ef8441e71fc6630d4b6633c?s=96&r=g\",\"contentUrl\":\"https:\\\/\\\/secure.gravatar.com\\\/avatar\\\/c8880da1e0ca1fb1fd99d661e99b32931e79d1537ef8441e71fc6630d4b6633c?s=96&r=g\",\"caption\":\"janstefanson\"},\"url\":\"https:\\\/\\\/wp.kristdemokraterna.se\\\/janstefanson\\\/author\\\/janstefanson\\\/\"}]}<\/script>\n<!-- \/ Yoast SEO plugin. -->","yoast_head_json":{"title":"Till\u00e5t \u00f6vertygade m\u00e4nniskor - Jan Stefanson","robots":{"index":"index","follow":"follow","max-snippet":"max-snippet:-1","max-image-preview":"max-image-preview:large","max-video-preview":"max-video-preview:-1"},"canonical":"https:\/\/wp.kristdemokraterna.se\/janstefanson\/tillat-overtygade-manniskor\/","og_locale":"sv_SE","og_type":"article","og_title":"Till\u00e5t \u00f6vertygade m\u00e4nniskor - Jan Stefanson","og_description":"F\u00f6rbjud hakkors, f\u00f6rbjud nikab, f\u00f6rbjud hijab, f\u00f6rbjud burka, f\u00f6rbjud kors\u2026 Det \u00e4r idag en h\u00f6gljudd f\u00f6rbudsiver mot s\u00e5dant som ogillas. Och ogillas g\u00f6r det mesta alltid av n\u00e5gon eller n\u00e5gra. I mitt eget parti, KD finns en motion om att f\u00f6rbjuda burka i offentligt finansierad verksamhet. Motionen vann bifall med minsta m\u00f6jliga marginal vid motionsgenomg\u00e5ngen Read More","og_url":"https:\/\/wp.kristdemokraterna.se\/janstefanson\/tillat-overtygade-manniskor\/","og_site_name":"Jan Stefanson","article_published_time":"2017-10-13T15:57:55+00:00","author":"janstefanson","twitter_card":"summary_large_image","twitter_misc":{"Skriven av":"janstefanson","Ber\u00e4knad l\u00e4stid":"3 minuter"},"schema":{"@context":"https:\/\/schema.org","@graph":[{"@type":"Article","@id":"https:\/\/wp.kristdemokraterna.se\/janstefanson\/tillat-overtygade-manniskor\/#article","isPartOf":{"@id":"https:\/\/wp.kristdemokraterna.se\/janstefanson\/tillat-overtygade-manniskor\/"},"author":{"name":"janstefanson","@id":"https:\/\/wp.kristdemokraterna.se\/janstefanson\/#\/schema\/person\/f8122372f46f49cffa0c02a57c89b40f"},"headline":"Till\u00e5t \u00f6vertygade m\u00e4nniskor","datePublished":"2017-10-13T15:57:55+00:00","mainEntityOfPage":{"@id":"https:\/\/wp.kristdemokraterna.se\/janstefanson\/tillat-overtygade-manniskor\/"},"wordCount":575,"inLanguage":"sv-SE"},{"@type":"WebPage","@id":"https:\/\/wp.kristdemokraterna.se\/janstefanson\/tillat-overtygade-manniskor\/","url":"https:\/\/wp.kristdemokraterna.se\/janstefanson\/tillat-overtygade-manniskor\/","name":"Till\u00e5t \u00f6vertygade m\u00e4nniskor - Jan Stefanson","isPartOf":{"@id":"https:\/\/wp.kristdemokraterna.se\/janstefanson\/#website"},"datePublished":"2017-10-13T15:57:55+00:00","author":{"@id":"https:\/\/wp.kristdemokraterna.se\/janstefanson\/#\/schema\/person\/f8122372f46f49cffa0c02a57c89b40f"},"breadcrumb":{"@id":"https:\/\/wp.kristdemokraterna.se\/janstefanson\/tillat-overtygade-manniskor\/#breadcrumb"},"inLanguage":"sv-SE","potentialAction":[{"@type":"ReadAction","target":["https:\/\/wp.kristdemokraterna.se\/janstefanson\/tillat-overtygade-manniskor\/"]}]},{"@type":"BreadcrumbList","@id":"https:\/\/wp.kristdemokraterna.se\/janstefanson\/tillat-overtygade-manniskor\/#breadcrumb","itemListElement":[{"@type":"ListItem","position":1,"name":"Hem","item":"https:\/\/wp.kristdemokraterna.se\/janstefanson\/"},{"@type":"ListItem","position":2,"name":"Till\u00e5t \u00f6vertygade m\u00e4nniskor"}]},{"@type":"WebSite","@id":"https:\/\/wp.kristdemokraterna.se\/janstefanson\/#website","url":"https:\/\/wp.kristdemokraterna.se\/janstefanson\/","name":"Jan Stefanson","description":"En till Kristdemokraterna webbplats","inLanguage":"sv-SE"},{"@type":"Person","@id":"https:\/\/wp.kristdemokraterna.se\/janstefanson\/#\/schema\/person\/f8122372f46f49cffa0c02a57c89b40f","name":"janstefanson","image":{"@type":"ImageObject","inLanguage":"sv-SE","@id":"https:\/\/secure.gravatar.com\/avatar\/c8880da1e0ca1fb1fd99d661e99b32931e79d1537ef8441e71fc6630d4b6633c?s=96&r=g","url":"https:\/\/secure.gravatar.com\/avatar\/c8880da1e0ca1fb1fd99d661e99b32931e79d1537ef8441e71fc6630d4b6633c?s=96&r=g","contentUrl":"https:\/\/secure.gravatar.com\/avatar\/c8880da1e0ca1fb1fd99d661e99b32931e79d1537ef8441e71fc6630d4b6633c?s=96&r=g","caption":"janstefanson"},"url":"https:\/\/wp.kristdemokraterna.se\/janstefanson\/author\/janstefanson\/"}]}},"_links":{"self":[{"href":"https:\/\/wp.kristdemokraterna.se\/janstefanson\/wp-json\/wp\/v2\/posts\/771","targetHints":{"allow":["GET"]}}],"collection":[{"href":"https:\/\/wp.kristdemokraterna.se\/janstefanson\/wp-json\/wp\/v2\/posts"}],"about":[{"href":"https:\/\/wp.kristdemokraterna.se\/janstefanson\/wp-json\/wp\/v2\/types\/post"}],"author":[{"embeddable":true,"href":"https:\/\/wp.kristdemokraterna.se\/janstefanson\/wp-json\/wp\/v2\/users\/530"}],"replies":[{"embeddable":true,"href":"https:\/\/wp.kristdemokraterna.se\/janstefanson\/wp-json\/wp\/v2\/comments?post=771"}],"version-history":[{"count":1,"href":"https:\/\/wp.kristdemokraterna.se\/janstefanson\/wp-json\/wp\/v2\/posts\/771\/revisions"}],"predecessor-version":[{"id":772,"href":"https:\/\/wp.kristdemokraterna.se\/janstefanson\/wp-json\/wp\/v2\/posts\/771\/revisions\/772"}],"wp:attachment":[{"href":"https:\/\/wp.kristdemokraterna.se\/janstefanson\/wp-json\/wp\/v2\/media?parent=771"}],"wp:term":[{"taxonomy":"category","embeddable":true,"href":"https:\/\/wp.kristdemokraterna.se\/janstefanson\/wp-json\/wp\/v2\/categories?post=771"},{"taxonomy":"post_tag","embeddable":true,"href":"https:\/\/wp.kristdemokraterna.se\/janstefanson\/wp-json\/wp\/v2\/tags?post=771"}],"curies":[{"name":"wp","href":"https:\/\/api.w.org\/{rel}","templated":true}]}}