{"id":776,"date":"2017-10-18T11:24:17","date_gmt":"2017-10-18T09:24:17","guid":{"rendered":"http:\/\/wp.kristdemokraterna.se\/janstefanson\/?p=776"},"modified":"2017-10-18T11:24:17","modified_gmt":"2017-10-18T09:24:17","slug":"attahundra-nya-bostader","status":"publish","type":"post","link":"https:\/\/wp.kristdemokraterna.se\/janstefanson\/attahundra-nya-bostader\/","title":{"rendered":"\u00c5ttahundra nya bost\u00e4der"},"content":{"rendered":"<p>Ikv\u00e4ll \u00e4r det dags att fatta slutligt beslut. Det handlar om detaljplanen f\u00f6r Tr\u00e4dg\u00e5rdsstaden i Bro:s mest centrala l\u00e4ge. Intill Bro station kommer 800 nya bost\u00e4der, en ny skola och tv\u00e5 f\u00f6rskolor j\u00e4mte butikslokaler att uppf\u00f6ras. Planen som arbetats fram sedan 2008 och \u00e5terremiterades av oppositionen (M;L;SD) vid f\u00f6rra kommunfullm\u00e4ktige kan inte f\u00f6rdr\u00f6jas av av politiken ytterligare. D\u00e4remot kan eventuella \u00f6verklaganden efter beslutet f\u00f6rdr\u00f6ja den med ytterligare ett \u00e5r innan den blir lagligt genomf\u00f6rbar. Detta \u00e4r del 1 och del 2 och del 3 blir nu f\u00f6rem\u00e5l f\u00f6r vidare planering och politiska st\u00e4llningstaganden. Man brukar s\u00e4ga att det g\u00e5r att \u00e4ta en elefant om man delar den i bitar och det \u00e4r nog ocks\u00e5 det enda s\u00e4ttet. Men att v\u00e4nta leder ingen vart!<\/p>\n","protected":false},"excerpt":{"rendered":"<p>Ikv\u00e4ll \u00e4r det dags att fatta slutligt beslut. Det handlar om detaljplanen f\u00f6r Tr\u00e4dg\u00e5rdsstaden i Bro:s mest centrala l\u00e4ge. Intill Bro station kommer 800 nya bost\u00e4der, en ny skola och tv\u00e5 f\u00f6rskolor j\u00e4mte butikslokaler att uppf\u00f6ras. Planen som arbetats fram sedan 2008 och \u00e5terremiterades av oppositionen (M;L;SD) vid f\u00f6rra kommunfullm\u00e4ktige kan inte f\u00f6rdr\u00f6jas av av <a class=\"read-more-link\" href=\"https:\/\/wp.kristdemokraterna.se\/janstefanson\/attahundra-nya-bostader\/\">Read More<\/a><\/p>\n","protected":false},"author":530,"featured_media":0,"comment_status":"closed","ping_status":"closed","sticky":false,"template":"","format":"standard","meta":{"_acf_changed":false,"footnotes":""},"categories":[1],"tags":[],"class_list":["post-776","post","type-post","status-publish","format-standard","hentry","category-okategoriserade"],"acf":[],"yoast_head":"<!-- This site is optimized with the Yoast SEO plugin v27.5 - https:\/\/yoast.com\/product\/yoast-seo-wordpress\/ -->\n<title>\u00c5ttahundra nya bost\u00e4der - Jan Stefanson<\/title>\n<meta name=\"robots\" content=\"index, follow, max-snippet:-1, max-image-preview:large, max-video-preview:-1\" \/>\n<link rel=\"canonical\" href=\"https:\/\/wp.kristdemokraterna.se\/janstefanson\/attahundra-nya-bostader\/\" \/>\n<meta property=\"og:locale\" content=\"sv_SE\" \/>\n<meta property=\"og:type\" content=\"article\" \/>\n<meta property=\"og:title\" content=\"\u00c5ttahundra nya bost\u00e4der - Jan Stefanson\" \/>\n<meta property=\"og:description\" content=\"Ikv\u00e4ll \u00e4r det dags att fatta slutligt beslut. Det handlar om detaljplanen f\u00f6r Tr\u00e4dg\u00e5rdsstaden i Bro:s mest centrala l\u00e4ge. Intill Bro station kommer 800 nya bost\u00e4der, en ny skola och tv\u00e5 f\u00f6rskolor j\u00e4mte butikslokaler att uppf\u00f6ras. Planen som arbetats fram sedan 2008 och \u00e5terremiterades av oppositionen (M;L;SD) vid f\u00f6rra kommunfullm\u00e4ktige kan inte f\u00f6rdr\u00f6jas av av Read More\" \/>\n<meta property=\"og:url\" content=\"https:\/\/wp.kristdemokraterna.se\/janstefanson\/attahundra-nya-bostader\/\" \/>\n<meta property=\"og:site_name\" content=\"Jan Stefanson\" \/>\n<meta property=\"article:published_time\" content=\"2017-10-18T09:24:17+00:00\" \/>\n<meta name=\"author\" content=\"janstefanson\" \/>\n<meta name=\"twitter:card\" content=\"summary_large_image\" \/>\n<meta name=\"twitter:label1\" content=\"Skriven av\" \/>\n\t<meta name=\"twitter:data1\" content=\"janstefanson\" \/>\n\t<meta name=\"twitter:label2\" content=\"Ber\u00e4knad l\u00e4stid\" \/>\n\t<meta name=\"twitter:data2\" content=\"1 minut\" \/>\n<script type=\"application\/ld+json\" class=\"yoast-schema-graph\">{\"@context\":\"https:\\\/\\\/schema.org\",\"@graph\":[{\"@type\":\"Article\",\"@id\":\"https:\\\/\\\/wp.kristdemokraterna.se\\\/janstefanson\\\/attahundra-nya-bostader\\\/#article\",\"isPartOf\":{\"@id\":\"https:\\\/\\\/wp.kristdemokraterna.se\\\/janstefanson\\\/attahundra-nya-bostader\\\/\"},\"author\":{\"name\":\"janstefanson\",\"@id\":\"https:\\\/\\\/wp.kristdemokraterna.se\\\/janstefanson\\\/#\\\/schema\\\/person\\\/f8122372f46f49cffa0c02a57c89b40f\"},\"headline\":\"\u00c5ttahundra nya bost\u00e4der\",\"datePublished\":\"2017-10-18T09:24:17+00:00\",\"mainEntityOfPage\":{\"@id\":\"https:\\\/\\\/wp.kristdemokraterna.se\\\/janstefanson\\\/attahundra-nya-bostader\\\/\"},\"wordCount\":150,\"inLanguage\":\"sv-SE\"},{\"@type\":\"WebPage\",\"@id\":\"https:\\\/\\\/wp.kristdemokraterna.se\\\/janstefanson\\\/attahundra-nya-bostader\\\/\",\"url\":\"https:\\\/\\\/wp.kristdemokraterna.se\\\/janstefanson\\\/attahundra-nya-bostader\\\/\",\"name\":\"\u00c5ttahundra nya bost\u00e4der - Jan Stefanson\",\"isPartOf\":{\"@id\":\"https:\\\/\\\/wp.kristdemokraterna.se\\\/janstefanson\\\/#website\"},\"datePublished\":\"2017-10-18T09:24:17+00:00\",\"author\":{\"@id\":\"https:\\\/\\\/wp.kristdemokraterna.se\\\/janstefanson\\\/#\\\/schema\\\/person\\\/f8122372f46f49cffa0c02a57c89b40f\"},\"breadcrumb\":{\"@id\":\"https:\\\/\\\/wp.kristdemokraterna.se\\\/janstefanson\\\/attahundra-nya-bostader\\\/#breadcrumb\"},\"inLanguage\":\"sv-SE\",\"potentialAction\":[{\"@type\":\"ReadAction\",\"target\":[\"https:\\\/\\\/wp.kristdemokraterna.se\\\/janstefanson\\\/attahundra-nya-bostader\\\/\"]}]},{\"@type\":\"BreadcrumbList\",\"@id\":\"https:\\\/\\\/wp.kristdemokraterna.se\\\/janstefanson\\\/attahundra-nya-bostader\\\/#breadcrumb\",\"itemListElement\":[{\"@type\":\"ListItem\",\"position\":1,\"name\":\"Hem\",\"item\":\"https:\\\/\\\/wp.kristdemokraterna.se\\\/janstefanson\\\/\"},{\"@type\":\"ListItem\",\"position\":2,\"name\":\"\u00c5ttahundra nya bost\u00e4der\"}]},{\"@type\":\"WebSite\",\"@id\":\"https:\\\/\\\/wp.kristdemokraterna.se\\\/janstefanson\\\/#website\",\"url\":\"https:\\\/\\\/wp.kristdemokraterna.se\\\/janstefanson\\\/\",\"name\":\"Jan Stefanson\",\"description\":\"En till Kristdemokraterna webbplats\",\"inLanguage\":\"sv-SE\"},{\"@type\":\"Person\",\"@id\":\"https:\\\/\\\/wp.kristdemokraterna.se\\\/janstefanson\\\/#\\\/schema\\\/person\\\/f8122372f46f49cffa0c02a57c89b40f\",\"name\":\"janstefanson\",\"image\":{\"@type\":\"ImageObject\",\"inLanguage\":\"sv-SE\",\"@id\":\"https:\\\/\\\/secure.gravatar.com\\\/avatar\\\/c8880da1e0ca1fb1fd99d661e99b32931e79d1537ef8441e71fc6630d4b6633c?s=96&r=g\",\"url\":\"https:\\\/\\\/secure.gravatar.com\\\/avatar\\\/c8880da1e0ca1fb1fd99d661e99b32931e79d1537ef8441e71fc6630d4b6633c?s=96&r=g\",\"contentUrl\":\"https:\\\/\\\/secure.gravatar.com\\\/avatar\\\/c8880da1e0ca1fb1fd99d661e99b32931e79d1537ef8441e71fc6630d4b6633c?s=96&r=g\",\"caption\":\"janstefanson\"},\"url\":\"https:\\\/\\\/wp.kristdemokraterna.se\\\/janstefanson\\\/author\\\/janstefanson\\\/\"}]}<\/script>\n<!-- \/ Yoast SEO plugin. -->","yoast_head_json":{"title":"\u00c5ttahundra nya bost\u00e4der - Jan Stefanson","robots":{"index":"index","follow":"follow","max-snippet":"max-snippet:-1","max-image-preview":"max-image-preview:large","max-video-preview":"max-video-preview:-1"},"canonical":"https:\/\/wp.kristdemokraterna.se\/janstefanson\/attahundra-nya-bostader\/","og_locale":"sv_SE","og_type":"article","og_title":"\u00c5ttahundra nya bost\u00e4der - Jan Stefanson","og_description":"Ikv\u00e4ll \u00e4r det dags att fatta slutligt beslut. Det handlar om detaljplanen f\u00f6r Tr\u00e4dg\u00e5rdsstaden i Bro:s mest centrala l\u00e4ge. Intill Bro station kommer 800 nya bost\u00e4der, en ny skola och tv\u00e5 f\u00f6rskolor j\u00e4mte butikslokaler att uppf\u00f6ras. Planen som arbetats fram sedan 2008 och \u00e5terremiterades av oppositionen (M;L;SD) vid f\u00f6rra kommunfullm\u00e4ktige kan inte f\u00f6rdr\u00f6jas av av Read More","og_url":"https:\/\/wp.kristdemokraterna.se\/janstefanson\/attahundra-nya-bostader\/","og_site_name":"Jan Stefanson","article_published_time":"2017-10-18T09:24:17+00:00","author":"janstefanson","twitter_card":"summary_large_image","twitter_misc":{"Skriven av":"janstefanson","Ber\u00e4knad l\u00e4stid":"1 minut"},"schema":{"@context":"https:\/\/schema.org","@graph":[{"@type":"Article","@id":"https:\/\/wp.kristdemokraterna.se\/janstefanson\/attahundra-nya-bostader\/#article","isPartOf":{"@id":"https:\/\/wp.kristdemokraterna.se\/janstefanson\/attahundra-nya-bostader\/"},"author":{"name":"janstefanson","@id":"https:\/\/wp.kristdemokraterna.se\/janstefanson\/#\/schema\/person\/f8122372f46f49cffa0c02a57c89b40f"},"headline":"\u00c5ttahundra nya bost\u00e4der","datePublished":"2017-10-18T09:24:17+00:00","mainEntityOfPage":{"@id":"https:\/\/wp.kristdemokraterna.se\/janstefanson\/attahundra-nya-bostader\/"},"wordCount":150,"inLanguage":"sv-SE"},{"@type":"WebPage","@id":"https:\/\/wp.kristdemokraterna.se\/janstefanson\/attahundra-nya-bostader\/","url":"https:\/\/wp.kristdemokraterna.se\/janstefanson\/attahundra-nya-bostader\/","name":"\u00c5ttahundra nya bost\u00e4der - Jan Stefanson","isPartOf":{"@id":"https:\/\/wp.kristdemokraterna.se\/janstefanson\/#website"},"datePublished":"2017-10-18T09:24:17+00:00","author":{"@id":"https:\/\/wp.kristdemokraterna.se\/janstefanson\/#\/schema\/person\/f8122372f46f49cffa0c02a57c89b40f"},"breadcrumb":{"@id":"https:\/\/wp.kristdemokraterna.se\/janstefanson\/attahundra-nya-bostader\/#breadcrumb"},"inLanguage":"sv-SE","potentialAction":[{"@type":"ReadAction","target":["https:\/\/wp.kristdemokraterna.se\/janstefanson\/attahundra-nya-bostader\/"]}]},{"@type":"BreadcrumbList","@id":"https:\/\/wp.kristdemokraterna.se\/janstefanson\/attahundra-nya-bostader\/#breadcrumb","itemListElement":[{"@type":"ListItem","position":1,"name":"Hem","item":"https:\/\/wp.kristdemokraterna.se\/janstefanson\/"},{"@type":"ListItem","position":2,"name":"\u00c5ttahundra nya bost\u00e4der"}]},{"@type":"WebSite","@id":"https:\/\/wp.kristdemokraterna.se\/janstefanson\/#website","url":"https:\/\/wp.kristdemokraterna.se\/janstefanson\/","name":"Jan Stefanson","description":"En till Kristdemokraterna webbplats","inLanguage":"sv-SE"},{"@type":"Person","@id":"https:\/\/wp.kristdemokraterna.se\/janstefanson\/#\/schema\/person\/f8122372f46f49cffa0c02a57c89b40f","name":"janstefanson","image":{"@type":"ImageObject","inLanguage":"sv-SE","@id":"https:\/\/secure.gravatar.com\/avatar\/c8880da1e0ca1fb1fd99d661e99b32931e79d1537ef8441e71fc6630d4b6633c?s=96&r=g","url":"https:\/\/secure.gravatar.com\/avatar\/c8880da1e0ca1fb1fd99d661e99b32931e79d1537ef8441e71fc6630d4b6633c?s=96&r=g","contentUrl":"https:\/\/secure.gravatar.com\/avatar\/c8880da1e0ca1fb1fd99d661e99b32931e79d1537ef8441e71fc6630d4b6633c?s=96&r=g","caption":"janstefanson"},"url":"https:\/\/wp.kristdemokraterna.se\/janstefanson\/author\/janstefanson\/"}]}},"_links":{"self":[{"href":"https:\/\/wp.kristdemokraterna.se\/janstefanson\/wp-json\/wp\/v2\/posts\/776","targetHints":{"allow":["GET"]}}],"collection":[{"href":"https:\/\/wp.kristdemokraterna.se\/janstefanson\/wp-json\/wp\/v2\/posts"}],"about":[{"href":"https:\/\/wp.kristdemokraterna.se\/janstefanson\/wp-json\/wp\/v2\/types\/post"}],"author":[{"embeddable":true,"href":"https:\/\/wp.kristdemokraterna.se\/janstefanson\/wp-json\/wp\/v2\/users\/530"}],"replies":[{"embeddable":true,"href":"https:\/\/wp.kristdemokraterna.se\/janstefanson\/wp-json\/wp\/v2\/comments?post=776"}],"version-history":[{"count":1,"href":"https:\/\/wp.kristdemokraterna.se\/janstefanson\/wp-json\/wp\/v2\/posts\/776\/revisions"}],"predecessor-version":[{"id":777,"href":"https:\/\/wp.kristdemokraterna.se\/janstefanson\/wp-json\/wp\/v2\/posts\/776\/revisions\/777"}],"wp:attachment":[{"href":"https:\/\/wp.kristdemokraterna.se\/janstefanson\/wp-json\/wp\/v2\/media?parent=776"}],"wp:term":[{"taxonomy":"category","embeddable":true,"href":"https:\/\/wp.kristdemokraterna.se\/janstefanson\/wp-json\/wp\/v2\/categories?post=776"},{"taxonomy":"post_tag","embeddable":true,"href":"https:\/\/wp.kristdemokraterna.se\/janstefanson\/wp-json\/wp\/v2\/tags?post=776"}],"curies":[{"name":"wp","href":"https:\/\/api.w.org\/{rel}","templated":true}]}}