{"id":839,"date":"2017-11-26T21:59:09","date_gmt":"2017-11-26T20:59:09","guid":{"rendered":"http:\/\/wp.kristdemokraterna.se\/janstefanson\/?p=839"},"modified":"2017-11-27T07:18:20","modified_gmt":"2017-11-27T06:18:20","slug":"i-hatuna-valkomnades-ny-herde","status":"publish","type":"post","link":"https:\/\/wp.kristdemokraterna.se\/janstefanson\/i-hatuna-valkomnades-ny-herde\/","title":{"rendered":"I H\u00e5tuna v\u00e4lkomnades ny herde"},"content":{"rendered":"<p>I<img loading=\"lazy\" decoding=\"async\" class=\"size-medium wp-image-840 alignright\" src=\"http:\/\/wp.kristdemokraterna.se\/janstefanson\/files\/2017\/11\/img_20171126_110859-300x225.jpg\" alt=\"\" width=\"300\" height=\"225\" srcset=\"https:\/\/wp.kristdemokraterna.se\/janstefanson\/files\/2017\/11\/img_20171126_110859-300x225.jpg 300w, https:\/\/wp.kristdemokraterna.se\/janstefanson\/files\/2017\/11\/img_20171126_110859-768x576.jpg 768w, https:\/\/wp.kristdemokraterna.se\/janstefanson\/files\/2017\/11\/img_20171126_110859-540x405.jpg 540w, https:\/\/wp.kristdemokraterna.se\/janstefanson\/files\/2017\/11\/img_20171126_110859-461x346.jpg 461w, https:\/\/wp.kristdemokraterna.se\/janstefanson\/files\/2017\/11\/img_20171126_110859-149x112.jpg 149w\" sizes=\"auto, (max-width: 300px) 100vw, 300px\" \/>dag var kommunledningen inbjuden att n\u00e4rvara n\u00e4r den nya kyrkoherden f\u00f6r Bro pastorat skulle v\u00e4lkomnas. Det skedde i H\u00e5tuna kyrka med biskopen n\u00e4rvarande.<\/p>\n<p>F\u00f6r min del var det f\u00f6rsta g\u00e5ngen jag var med om detta.<\/p>\n<p>Det fanns en v\u00e4rme och n\u00e4rvaro som jag k\u00e4nde starkt igen fr\u00e5n de frikyrkliga sammanhang jag har erfarenhet av. Jag m\u00f6tte ocks\u00e5 m\u00e5nga ansikten bland de aktiva och m\u00f6tesbes\u00f6karna som jag k\u00e4nde v\u00e4l fr\u00e5n samh\u00e4llet.<\/p>\n<p>Den nya kyrkoherden f\u00e5r en viktig uppgift att leda sin f\u00f6rsamling i en av Stockholms l\u00e4ns mest expansiva kommuner. Och i en tid d\u00e5 medlemsantalet sviktar men uppgiften som kyrka kanske \u00e4r viktigare \u00e4n p\u00e5 l\u00e4nge.<\/p>\n<p>&nbsp;<\/p>\n","protected":false},"excerpt":{"rendered":"<p>Idag var kommunledningen inbjuden att n\u00e4rvara n\u00e4r den nya kyrkoherden f\u00f6r Bro pastorat skulle v\u00e4lkomnas. Det skedde i H\u00e5tuna kyrka med biskopen n\u00e4rvarande. F\u00f6r min del var det f\u00f6rsta g\u00e5ngen jag var med om detta. Det fanns en v\u00e4rme och n\u00e4rvaro som jag k\u00e4nde starkt igen fr\u00e5n de frikyrkliga sammanhang jag har erfarenhet av. Jag <a class=\"read-more-link\" href=\"https:\/\/wp.kristdemokraterna.se\/janstefanson\/i-hatuna-valkomnades-ny-herde\/\">Read More<\/a><\/p>\n","protected":false},"author":530,"featured_media":0,"comment_status":"closed","ping_status":"closed","sticky":false,"template":"","format":"standard","meta":{"_acf_changed":false,"footnotes":""},"categories":[1],"tags":[],"class_list":["post-839","post","type-post","status-publish","format-standard","hentry","category-okategoriserade"],"acf":[],"yoast_head":"<!-- This site is optimized with the Yoast SEO plugin v27.4 - https:\/\/yoast.com\/product\/yoast-seo-wordpress\/ -->\n<title>I H\u00e5tuna v\u00e4lkomnades ny herde - Jan Stefanson<\/title>\n<meta name=\"robots\" content=\"index, follow, max-snippet:-1, max-image-preview:large, max-video-preview:-1\" \/>\n<link rel=\"canonical\" href=\"https:\/\/wp.kristdemokraterna.se\/janstefanson\/i-hatuna-valkomnades-ny-herde\/\" \/>\n<meta property=\"og:locale\" content=\"sv_SE\" \/>\n<meta property=\"og:type\" content=\"article\" \/>\n<meta property=\"og:title\" content=\"I H\u00e5tuna v\u00e4lkomnades ny herde - Jan Stefanson\" \/>\n<meta property=\"og:description\" content=\"Idag var kommunledningen inbjuden att n\u00e4rvara n\u00e4r den nya kyrkoherden f\u00f6r Bro pastorat skulle v\u00e4lkomnas. Det skedde i H\u00e5tuna kyrka med biskopen n\u00e4rvarande. F\u00f6r min del var det f\u00f6rsta g\u00e5ngen jag var med om detta. Det fanns en v\u00e4rme och n\u00e4rvaro som jag k\u00e4nde starkt igen fr\u00e5n de frikyrkliga sammanhang jag har erfarenhet av. Jag Read More\" \/>\n<meta property=\"og:url\" content=\"https:\/\/wp.kristdemokraterna.se\/janstefanson\/i-hatuna-valkomnades-ny-herde\/\" \/>\n<meta property=\"og:site_name\" content=\"Jan Stefanson\" \/>\n<meta property=\"article:published_time\" content=\"2017-11-26T20:59:09+00:00\" \/>\n<meta property=\"article:modified_time\" content=\"2017-11-27T06:18:20+00:00\" \/>\n<meta property=\"og:image\" content=\"http:\/\/wp.kristdemokraterna.se\/janstefanson\/files\/2017\/11\/img_20171126_110859-300x225.jpg\" \/>\n<meta name=\"author\" content=\"janstefanson\" \/>\n<meta name=\"twitter:card\" content=\"summary_large_image\" \/>\n<meta name=\"twitter:label1\" content=\"Skriven av\" \/>\n\t<meta name=\"twitter:data1\" content=\"janstefanson\" \/>\n\t<meta name=\"twitter:label2\" content=\"Ber\u00e4knad l\u00e4stid\" \/>\n\t<meta name=\"twitter:data2\" content=\"1 minut\" \/>\n<script type=\"application\/ld+json\" class=\"yoast-schema-graph\">{\"@context\":\"https:\\\/\\\/schema.org\",\"@graph\":[{\"@type\":\"Article\",\"@id\":\"https:\\\/\\\/wp.kristdemokraterna.se\\\/janstefanson\\\/i-hatuna-valkomnades-ny-herde\\\/#article\",\"isPartOf\":{\"@id\":\"https:\\\/\\\/wp.kristdemokraterna.se\\\/janstefanson\\\/i-hatuna-valkomnades-ny-herde\\\/\"},\"author\":{\"name\":\"janstefanson\",\"@id\":\"https:\\\/\\\/wp.kristdemokraterna.se\\\/janstefanson\\\/#\\\/schema\\\/person\\\/f8122372f46f49cffa0c02a57c89b40f\"},\"headline\":\"I H\u00e5tuna v\u00e4lkomnades ny herde\",\"datePublished\":\"2017-11-26T20:59:09+00:00\",\"dateModified\":\"2017-11-27T06:18:20+00:00\",\"mainEntityOfPage\":{\"@id\":\"https:\\\/\\\/wp.kristdemokraterna.se\\\/janstefanson\\\/i-hatuna-valkomnades-ny-herde\\\/\"},\"wordCount\":139,\"image\":{\"@id\":\"https:\\\/\\\/wp.kristdemokraterna.se\\\/janstefanson\\\/i-hatuna-valkomnades-ny-herde\\\/#primaryimage\"},\"thumbnailUrl\":\"http:\\\/\\\/wp.kristdemokraterna.se\\\/janstefanson\\\/files\\\/2017\\\/11\\\/img_20171126_110859-300x225.jpg\",\"inLanguage\":\"sv-SE\"},{\"@type\":\"WebPage\",\"@id\":\"https:\\\/\\\/wp.kristdemokraterna.se\\\/janstefanson\\\/i-hatuna-valkomnades-ny-herde\\\/\",\"url\":\"https:\\\/\\\/wp.kristdemokraterna.se\\\/janstefanson\\\/i-hatuna-valkomnades-ny-herde\\\/\",\"name\":\"I H\u00e5tuna v\u00e4lkomnades ny herde - Jan Stefanson\",\"isPartOf\":{\"@id\":\"https:\\\/\\\/wp.kristdemokraterna.se\\\/janstefanson\\\/#website\"},\"primaryImageOfPage\":{\"@id\":\"https:\\\/\\\/wp.kristdemokraterna.se\\\/janstefanson\\\/i-hatuna-valkomnades-ny-herde\\\/#primaryimage\"},\"image\":{\"@id\":\"https:\\\/\\\/wp.kristdemokraterna.se\\\/janstefanson\\\/i-hatuna-valkomnades-ny-herde\\\/#primaryimage\"},\"thumbnailUrl\":\"http:\\\/\\\/wp.kristdemokraterna.se\\\/janstefanson\\\/files\\\/2017\\\/11\\\/img_20171126_110859-300x225.jpg\",\"datePublished\":\"2017-11-26T20:59:09+00:00\",\"dateModified\":\"2017-11-27T06:18:20+00:00\",\"author\":{\"@id\":\"https:\\\/\\\/wp.kristdemokraterna.se\\\/janstefanson\\\/#\\\/schema\\\/person\\\/f8122372f46f49cffa0c02a57c89b40f\"},\"breadcrumb\":{\"@id\":\"https:\\\/\\\/wp.kristdemokraterna.se\\\/janstefanson\\\/i-hatuna-valkomnades-ny-herde\\\/#breadcrumb\"},\"inLanguage\":\"sv-SE\",\"potentialAction\":[{\"@type\":\"ReadAction\",\"target\":[\"https:\\\/\\\/wp.kristdemokraterna.se\\\/janstefanson\\\/i-hatuna-valkomnades-ny-herde\\\/\"]}]},{\"@type\":\"ImageObject\",\"inLanguage\":\"sv-SE\",\"@id\":\"https:\\\/\\\/wp.kristdemokraterna.se\\\/janstefanson\\\/i-hatuna-valkomnades-ny-herde\\\/#primaryimage\",\"url\":\"https:\\\/\\\/wp.kristdemokraterna.se\\\/janstefanson\\\/files\\\/2017\\\/11\\\/img_20171126_110859.jpg\",\"contentUrl\":\"https:\\\/\\\/wp.kristdemokraterna.se\\\/janstefanson\\\/files\\\/2017\\\/11\\\/img_20171126_110859.jpg\",\"width\":4160,\"height\":3120,\"caption\":\"dav\"},{\"@type\":\"BreadcrumbList\",\"@id\":\"https:\\\/\\\/wp.kristdemokraterna.se\\\/janstefanson\\\/i-hatuna-valkomnades-ny-herde\\\/#breadcrumb\",\"itemListElement\":[{\"@type\":\"ListItem\",\"position\":1,\"name\":\"Hem\",\"item\":\"https:\\\/\\\/wp.kristdemokraterna.se\\\/janstefanson\\\/\"},{\"@type\":\"ListItem\",\"position\":2,\"name\":\"I H\u00e5tuna v\u00e4lkomnades ny herde\"}]},{\"@type\":\"WebSite\",\"@id\":\"https:\\\/\\\/wp.kristdemokraterna.se\\\/janstefanson\\\/#website\",\"url\":\"https:\\\/\\\/wp.kristdemokraterna.se\\\/janstefanson\\\/\",\"name\":\"Jan Stefanson\",\"description\":\"En till Kristdemokraterna webbplats\",\"inLanguage\":\"sv-SE\"},{\"@type\":\"Person\",\"@id\":\"https:\\\/\\\/wp.kristdemokraterna.se\\\/janstefanson\\\/#\\\/schema\\\/person\\\/f8122372f46f49cffa0c02a57c89b40f\",\"name\":\"janstefanson\",\"image\":{\"@type\":\"ImageObject\",\"inLanguage\":\"sv-SE\",\"@id\":\"https:\\\/\\\/secure.gravatar.com\\\/avatar\\\/c8880da1e0ca1fb1fd99d661e99b32931e79d1537ef8441e71fc6630d4b6633c?s=96&r=g\",\"url\":\"https:\\\/\\\/secure.gravatar.com\\\/avatar\\\/c8880da1e0ca1fb1fd99d661e99b32931e79d1537ef8441e71fc6630d4b6633c?s=96&r=g\",\"contentUrl\":\"https:\\\/\\\/secure.gravatar.com\\\/avatar\\\/c8880da1e0ca1fb1fd99d661e99b32931e79d1537ef8441e71fc6630d4b6633c?s=96&r=g\",\"caption\":\"janstefanson\"},\"url\":\"https:\\\/\\\/wp.kristdemokraterna.se\\\/janstefanson\\\/author\\\/janstefanson\\\/\"}]}<\/script>\n<!-- \/ Yoast SEO plugin. -->","yoast_head_json":{"title":"I H\u00e5tuna v\u00e4lkomnades ny herde - Jan Stefanson","robots":{"index":"index","follow":"follow","max-snippet":"max-snippet:-1","max-image-preview":"max-image-preview:large","max-video-preview":"max-video-preview:-1"},"canonical":"https:\/\/wp.kristdemokraterna.se\/janstefanson\/i-hatuna-valkomnades-ny-herde\/","og_locale":"sv_SE","og_type":"article","og_title":"I H\u00e5tuna v\u00e4lkomnades ny herde - Jan Stefanson","og_description":"Idag var kommunledningen inbjuden att n\u00e4rvara n\u00e4r den nya kyrkoherden f\u00f6r Bro pastorat skulle v\u00e4lkomnas. Det skedde i H\u00e5tuna kyrka med biskopen n\u00e4rvarande. F\u00f6r min del var det f\u00f6rsta g\u00e5ngen jag var med om detta. Det fanns en v\u00e4rme och n\u00e4rvaro som jag k\u00e4nde starkt igen fr\u00e5n de frikyrkliga sammanhang jag har erfarenhet av. Jag Read More","og_url":"https:\/\/wp.kristdemokraterna.se\/janstefanson\/i-hatuna-valkomnades-ny-herde\/","og_site_name":"Jan Stefanson","article_published_time":"2017-11-26T20:59:09+00:00","article_modified_time":"2017-11-27T06:18:20+00:00","og_image":[{"url":"http:\/\/wp.kristdemokraterna.se\/janstefanson\/files\/2017\/11\/img_20171126_110859-300x225.jpg","type":"","width":"","height":""}],"author":"janstefanson","twitter_card":"summary_large_image","twitter_misc":{"Skriven av":"janstefanson","Ber\u00e4knad l\u00e4stid":"1 minut"},"schema":{"@context":"https:\/\/schema.org","@graph":[{"@type":"Article","@id":"https:\/\/wp.kristdemokraterna.se\/janstefanson\/i-hatuna-valkomnades-ny-herde\/#article","isPartOf":{"@id":"https:\/\/wp.kristdemokraterna.se\/janstefanson\/i-hatuna-valkomnades-ny-herde\/"},"author":{"name":"janstefanson","@id":"https:\/\/wp.kristdemokraterna.se\/janstefanson\/#\/schema\/person\/f8122372f46f49cffa0c02a57c89b40f"},"headline":"I H\u00e5tuna v\u00e4lkomnades ny herde","datePublished":"2017-11-26T20:59:09+00:00","dateModified":"2017-11-27T06:18:20+00:00","mainEntityOfPage":{"@id":"https:\/\/wp.kristdemokraterna.se\/janstefanson\/i-hatuna-valkomnades-ny-herde\/"},"wordCount":139,"image":{"@id":"https:\/\/wp.kristdemokraterna.se\/janstefanson\/i-hatuna-valkomnades-ny-herde\/#primaryimage"},"thumbnailUrl":"http:\/\/wp.kristdemokraterna.se\/janstefanson\/files\/2017\/11\/img_20171126_110859-300x225.jpg","inLanguage":"sv-SE"},{"@type":"WebPage","@id":"https:\/\/wp.kristdemokraterna.se\/janstefanson\/i-hatuna-valkomnades-ny-herde\/","url":"https:\/\/wp.kristdemokraterna.se\/janstefanson\/i-hatuna-valkomnades-ny-herde\/","name":"I H\u00e5tuna v\u00e4lkomnades ny herde - Jan Stefanson","isPartOf":{"@id":"https:\/\/wp.kristdemokraterna.se\/janstefanson\/#website"},"primaryImageOfPage":{"@id":"https:\/\/wp.kristdemokraterna.se\/janstefanson\/i-hatuna-valkomnades-ny-herde\/#primaryimage"},"image":{"@id":"https:\/\/wp.kristdemokraterna.se\/janstefanson\/i-hatuna-valkomnades-ny-herde\/#primaryimage"},"thumbnailUrl":"http:\/\/wp.kristdemokraterna.se\/janstefanson\/files\/2017\/11\/img_20171126_110859-300x225.jpg","datePublished":"2017-11-26T20:59:09+00:00","dateModified":"2017-11-27T06:18:20+00:00","author":{"@id":"https:\/\/wp.kristdemokraterna.se\/janstefanson\/#\/schema\/person\/f8122372f46f49cffa0c02a57c89b40f"},"breadcrumb":{"@id":"https:\/\/wp.kristdemokraterna.se\/janstefanson\/i-hatuna-valkomnades-ny-herde\/#breadcrumb"},"inLanguage":"sv-SE","potentialAction":[{"@type":"ReadAction","target":["https:\/\/wp.kristdemokraterna.se\/janstefanson\/i-hatuna-valkomnades-ny-herde\/"]}]},{"@type":"ImageObject","inLanguage":"sv-SE","@id":"https:\/\/wp.kristdemokraterna.se\/janstefanson\/i-hatuna-valkomnades-ny-herde\/#primaryimage","url":"https:\/\/wp.kristdemokraterna.se\/janstefanson\/files\/2017\/11\/img_20171126_110859.jpg","contentUrl":"https:\/\/wp.kristdemokraterna.se\/janstefanson\/files\/2017\/11\/img_20171126_110859.jpg","width":4160,"height":3120,"caption":"dav"},{"@type":"BreadcrumbList","@id":"https:\/\/wp.kristdemokraterna.se\/janstefanson\/i-hatuna-valkomnades-ny-herde\/#breadcrumb","itemListElement":[{"@type":"ListItem","position":1,"name":"Hem","item":"https:\/\/wp.kristdemokraterna.se\/janstefanson\/"},{"@type":"ListItem","position":2,"name":"I H\u00e5tuna v\u00e4lkomnades ny herde"}]},{"@type":"WebSite","@id":"https:\/\/wp.kristdemokraterna.se\/janstefanson\/#website","url":"https:\/\/wp.kristdemokraterna.se\/janstefanson\/","name":"Jan Stefanson","description":"En till Kristdemokraterna webbplats","inLanguage":"sv-SE"},{"@type":"Person","@id":"https:\/\/wp.kristdemokraterna.se\/janstefanson\/#\/schema\/person\/f8122372f46f49cffa0c02a57c89b40f","name":"janstefanson","image":{"@type":"ImageObject","inLanguage":"sv-SE","@id":"https:\/\/secure.gravatar.com\/avatar\/c8880da1e0ca1fb1fd99d661e99b32931e79d1537ef8441e71fc6630d4b6633c?s=96&r=g","url":"https:\/\/secure.gravatar.com\/avatar\/c8880da1e0ca1fb1fd99d661e99b32931e79d1537ef8441e71fc6630d4b6633c?s=96&r=g","contentUrl":"https:\/\/secure.gravatar.com\/avatar\/c8880da1e0ca1fb1fd99d661e99b32931e79d1537ef8441e71fc6630d4b6633c?s=96&r=g","caption":"janstefanson"},"url":"https:\/\/wp.kristdemokraterna.se\/janstefanson\/author\/janstefanson\/"}]}},"_links":{"self":[{"href":"https:\/\/wp.kristdemokraterna.se\/janstefanson\/wp-json\/wp\/v2\/posts\/839","targetHints":{"allow":["GET"]}}],"collection":[{"href":"https:\/\/wp.kristdemokraterna.se\/janstefanson\/wp-json\/wp\/v2\/posts"}],"about":[{"href":"https:\/\/wp.kristdemokraterna.se\/janstefanson\/wp-json\/wp\/v2\/types\/post"}],"author":[{"embeddable":true,"href":"https:\/\/wp.kristdemokraterna.se\/janstefanson\/wp-json\/wp\/v2\/users\/530"}],"replies":[{"embeddable":true,"href":"https:\/\/wp.kristdemokraterna.se\/janstefanson\/wp-json\/wp\/v2\/comments?post=839"}],"version-history":[{"count":5,"href":"https:\/\/wp.kristdemokraterna.se\/janstefanson\/wp-json\/wp\/v2\/posts\/839\/revisions"}],"predecessor-version":[{"id":845,"href":"https:\/\/wp.kristdemokraterna.se\/janstefanson\/wp-json\/wp\/v2\/posts\/839\/revisions\/845"}],"wp:attachment":[{"href":"https:\/\/wp.kristdemokraterna.se\/janstefanson\/wp-json\/wp\/v2\/media?parent=839"}],"wp:term":[{"taxonomy":"category","embeddable":true,"href":"https:\/\/wp.kristdemokraterna.se\/janstefanson\/wp-json\/wp\/v2\/categories?post=839"},{"taxonomy":"post_tag","embeddable":true,"href":"https:\/\/wp.kristdemokraterna.se\/janstefanson\/wp-json\/wp\/v2\/tags?post=839"}],"curies":[{"name":"wp","href":"https:\/\/api.w.org\/{rel}","templated":true}]}}