{"id":862,"date":"2018-01-11T09:03:38","date_gmt":"2018-01-11T08:03:38","guid":{"rendered":"http:\/\/wp.kristdemokraterna.se\/janstefanson\/?p=862"},"modified":"2018-01-11T09:04:36","modified_gmt":"2018-01-11T08:04:36","slug":"brottsutvecklingen-inte-enda-problemet","status":"publish","type":"post","link":"https:\/\/wp.kristdemokraterna.se\/janstefanson\/brottsutvecklingen-inte-enda-problemet\/","title":{"rendered":"Brottsutvecklingen inte enda problemet"},"content":{"rendered":"<p>Brottsutvecklingen i v\u00e5r kommun \u00e4r oroande p\u00e5 m\u00e5nga s\u00e4tt. Dels utg\u00f6r en handfull unga kriminella ett reellt hot f\u00f6r s\u00e5v\u00e4l aff\u00e4rsidkare som uts\u00e4tts f\u00f6r r\u00e5n och privatpersoner som uts\u00e4tts f\u00f6r r\u00e5n, misshandel och hotelser. S\u00e5 kan vi inte ha det! D\u00e4rf\u00f6r vi i full politisk enighet s\u00e5 sent som i december p\u00e5kallat regeringen och regionpolischefens uppm\u00e4rksamhet \u00f6ver v\u00e5rt eftersatta behov av fler poliser. Tillsammans kan vi \u00e5stadkomma f\u00f6rb\u00e4ttring.<\/p>\n<p>Ett annat problem \u00e4r politiskt I det senaste numret av tidningen Mitti avsl\u00f6jar Liberalernas ledare att han vet svaret p\u00e5 brottsbek\u00e4mpnings-fr\u00e5gan. <strong>Tomma tunnar skramlar mest!<\/strong><\/p>\n<p>En del av ins\u00e4ndaren nagelfar ocks\u00e5 enstaka ord tagna ur sitt sammanhang f\u00f6r att s\u00f6ka misskreditera meningen och avsikten med en tidigare ins\u00e4ndare fr\u00e5n koalitionens gruppledare??<\/p>\n<p>Dessutom h\u00e4nger han ut en namngiven ledande politiker som ansvarig f\u00f6r utvecklingen. <strong>Det \u00e4r illa!<\/strong> Att mindre seri\u00f6sa sociala medier saknar vett och sans \u00e4r inte mycket att g\u00f6ra \u00e5t men st\u00f6rre krav b\u00f6r kunna st\u00e4llas p\u00e5 ledande politiker.<\/p>\n<p>Ena stunden samlas vi fr\u00e5n alla partier, inte s\u00e4llan utan vittnesb\u00f6rd, f\u00f6r att l\u00e4ra oss hur vi undg\u00e5r v\u00e5ld och hot riktade mot politiker och tj\u00e4nstem\u00e4n i n\u00e4sta stund sker detta&#8230;<\/p>\n<p><strong>Det \u00e4r mycket illa!<\/strong><\/p>\n","protected":false},"excerpt":{"rendered":"<p>Brottsutvecklingen i v\u00e5r kommun \u00e4r oroande p\u00e5 m\u00e5nga s\u00e4tt. Dels utg\u00f6r en handfull unga kriminella ett reellt hot f\u00f6r s\u00e5v\u00e4l aff\u00e4rsidkare som uts\u00e4tts f\u00f6r r\u00e5n och privatpersoner som uts\u00e4tts f\u00f6r r\u00e5n, misshandel och hotelser. S\u00e5 kan vi inte ha det! D\u00e4rf\u00f6r vi i full politisk enighet s\u00e5 sent som i december p\u00e5kallat regeringen och regionpolischefens <a class=\"read-more-link\" href=\"https:\/\/wp.kristdemokraterna.se\/janstefanson\/brottsutvecklingen-inte-enda-problemet\/\">Read More<\/a><\/p>\n","protected":false},"author":530,"featured_media":0,"comment_status":"closed","ping_status":"closed","sticky":false,"template":"","format":"standard","meta":{"_acf_changed":false,"footnotes":""},"categories":[1],"tags":[],"class_list":["post-862","post","type-post","status-publish","format-standard","hentry","category-okategoriserade"],"acf":[],"yoast_head":"<!-- This site is optimized with the Yoast SEO plugin v27.5 - https:\/\/yoast.com\/product\/yoast-seo-wordpress\/ -->\n<title>Brottsutvecklingen inte enda problemet - Jan Stefanson<\/title>\n<meta name=\"robots\" content=\"index, follow, max-snippet:-1, max-image-preview:large, max-video-preview:-1\" \/>\n<link rel=\"canonical\" href=\"https:\/\/wp.kristdemokraterna.se\/janstefanson\/brottsutvecklingen-inte-enda-problemet\/\" \/>\n<meta property=\"og:locale\" content=\"sv_SE\" \/>\n<meta property=\"og:type\" content=\"article\" \/>\n<meta property=\"og:title\" content=\"Brottsutvecklingen inte enda problemet - Jan Stefanson\" \/>\n<meta property=\"og:description\" content=\"Brottsutvecklingen i v\u00e5r kommun \u00e4r oroande p\u00e5 m\u00e5nga s\u00e4tt. Dels utg\u00f6r en handfull unga kriminella ett reellt hot f\u00f6r s\u00e5v\u00e4l aff\u00e4rsidkare som uts\u00e4tts f\u00f6r r\u00e5n och privatpersoner som uts\u00e4tts f\u00f6r r\u00e5n, misshandel och hotelser. S\u00e5 kan vi inte ha det! D\u00e4rf\u00f6r vi i full politisk enighet s\u00e5 sent som i december p\u00e5kallat regeringen och regionpolischefens Read More\" \/>\n<meta property=\"og:url\" content=\"https:\/\/wp.kristdemokraterna.se\/janstefanson\/brottsutvecklingen-inte-enda-problemet\/\" \/>\n<meta property=\"og:site_name\" content=\"Jan Stefanson\" \/>\n<meta property=\"article:published_time\" content=\"2018-01-11T08:03:38+00:00\" \/>\n<meta property=\"article:modified_time\" content=\"2018-01-11T08:04:36+00:00\" \/>\n<meta name=\"author\" content=\"janstefanson\" \/>\n<meta name=\"twitter:card\" content=\"summary_large_image\" \/>\n<meta name=\"twitter:label1\" content=\"Skriven av\" \/>\n\t<meta name=\"twitter:data1\" content=\"janstefanson\" \/>\n\t<meta name=\"twitter:label2\" content=\"Ber\u00e4knad l\u00e4stid\" \/>\n\t<meta name=\"twitter:data2\" content=\"1 minut\" \/>\n<script type=\"application\/ld+json\" class=\"yoast-schema-graph\">{\"@context\":\"https:\\\/\\\/schema.org\",\"@graph\":[{\"@type\":\"Article\",\"@id\":\"https:\\\/\\\/wp.kristdemokraterna.se\\\/janstefanson\\\/brottsutvecklingen-inte-enda-problemet\\\/#article\",\"isPartOf\":{\"@id\":\"https:\\\/\\\/wp.kristdemokraterna.se\\\/janstefanson\\\/brottsutvecklingen-inte-enda-problemet\\\/\"},\"author\":{\"name\":\"janstefanson\",\"@id\":\"https:\\\/\\\/wp.kristdemokraterna.se\\\/janstefanson\\\/#\\\/schema\\\/person\\\/f8122372f46f49cffa0c02a57c89b40f\"},\"headline\":\"Brottsutvecklingen inte enda problemet\",\"datePublished\":\"2018-01-11T08:03:38+00:00\",\"dateModified\":\"2018-01-11T08:04:36+00:00\",\"mainEntityOfPage\":{\"@id\":\"https:\\\/\\\/wp.kristdemokraterna.se\\\/janstefanson\\\/brottsutvecklingen-inte-enda-problemet\\\/\"},\"wordCount\":243,\"inLanguage\":\"sv-SE\"},{\"@type\":\"WebPage\",\"@id\":\"https:\\\/\\\/wp.kristdemokraterna.se\\\/janstefanson\\\/brottsutvecklingen-inte-enda-problemet\\\/\",\"url\":\"https:\\\/\\\/wp.kristdemokraterna.se\\\/janstefanson\\\/brottsutvecklingen-inte-enda-problemet\\\/\",\"name\":\"Brottsutvecklingen inte enda problemet - Jan Stefanson\",\"isPartOf\":{\"@id\":\"https:\\\/\\\/wp.kristdemokraterna.se\\\/janstefanson\\\/#website\"},\"datePublished\":\"2018-01-11T08:03:38+00:00\",\"dateModified\":\"2018-01-11T08:04:36+00:00\",\"author\":{\"@id\":\"https:\\\/\\\/wp.kristdemokraterna.se\\\/janstefanson\\\/#\\\/schema\\\/person\\\/f8122372f46f49cffa0c02a57c89b40f\"},\"breadcrumb\":{\"@id\":\"https:\\\/\\\/wp.kristdemokraterna.se\\\/janstefanson\\\/brottsutvecklingen-inte-enda-problemet\\\/#breadcrumb\"},\"inLanguage\":\"sv-SE\",\"potentialAction\":[{\"@type\":\"ReadAction\",\"target\":[\"https:\\\/\\\/wp.kristdemokraterna.se\\\/janstefanson\\\/brottsutvecklingen-inte-enda-problemet\\\/\"]}]},{\"@type\":\"BreadcrumbList\",\"@id\":\"https:\\\/\\\/wp.kristdemokraterna.se\\\/janstefanson\\\/brottsutvecklingen-inte-enda-problemet\\\/#breadcrumb\",\"itemListElement\":[{\"@type\":\"ListItem\",\"position\":1,\"name\":\"Hem\",\"item\":\"https:\\\/\\\/wp.kristdemokraterna.se\\\/janstefanson\\\/\"},{\"@type\":\"ListItem\",\"position\":2,\"name\":\"Brottsutvecklingen inte enda problemet\"}]},{\"@type\":\"WebSite\",\"@id\":\"https:\\\/\\\/wp.kristdemokraterna.se\\\/janstefanson\\\/#website\",\"url\":\"https:\\\/\\\/wp.kristdemokraterna.se\\\/janstefanson\\\/\",\"name\":\"Jan Stefanson\",\"description\":\"En till Kristdemokraterna webbplats\",\"inLanguage\":\"sv-SE\"},{\"@type\":\"Person\",\"@id\":\"https:\\\/\\\/wp.kristdemokraterna.se\\\/janstefanson\\\/#\\\/schema\\\/person\\\/f8122372f46f49cffa0c02a57c89b40f\",\"name\":\"janstefanson\",\"image\":{\"@type\":\"ImageObject\",\"inLanguage\":\"sv-SE\",\"@id\":\"https:\\\/\\\/secure.gravatar.com\\\/avatar\\\/c8880da1e0ca1fb1fd99d661e99b32931e79d1537ef8441e71fc6630d4b6633c?s=96&r=g\",\"url\":\"https:\\\/\\\/secure.gravatar.com\\\/avatar\\\/c8880da1e0ca1fb1fd99d661e99b32931e79d1537ef8441e71fc6630d4b6633c?s=96&r=g\",\"contentUrl\":\"https:\\\/\\\/secure.gravatar.com\\\/avatar\\\/c8880da1e0ca1fb1fd99d661e99b32931e79d1537ef8441e71fc6630d4b6633c?s=96&r=g\",\"caption\":\"janstefanson\"},\"url\":\"https:\\\/\\\/wp.kristdemokraterna.se\\\/janstefanson\\\/author\\\/janstefanson\\\/\"}]}<\/script>\n<!-- \/ Yoast SEO plugin. -->","yoast_head_json":{"title":"Brottsutvecklingen inte enda problemet - Jan Stefanson","robots":{"index":"index","follow":"follow","max-snippet":"max-snippet:-1","max-image-preview":"max-image-preview:large","max-video-preview":"max-video-preview:-1"},"canonical":"https:\/\/wp.kristdemokraterna.se\/janstefanson\/brottsutvecklingen-inte-enda-problemet\/","og_locale":"sv_SE","og_type":"article","og_title":"Brottsutvecklingen inte enda problemet - Jan Stefanson","og_description":"Brottsutvecklingen i v\u00e5r kommun \u00e4r oroande p\u00e5 m\u00e5nga s\u00e4tt. Dels utg\u00f6r en handfull unga kriminella ett reellt hot f\u00f6r s\u00e5v\u00e4l aff\u00e4rsidkare som uts\u00e4tts f\u00f6r r\u00e5n och privatpersoner som uts\u00e4tts f\u00f6r r\u00e5n, misshandel och hotelser. S\u00e5 kan vi inte ha det! D\u00e4rf\u00f6r vi i full politisk enighet s\u00e5 sent som i december p\u00e5kallat regeringen och regionpolischefens Read More","og_url":"https:\/\/wp.kristdemokraterna.se\/janstefanson\/brottsutvecklingen-inte-enda-problemet\/","og_site_name":"Jan Stefanson","article_published_time":"2018-01-11T08:03:38+00:00","article_modified_time":"2018-01-11T08:04:36+00:00","author":"janstefanson","twitter_card":"summary_large_image","twitter_misc":{"Skriven av":"janstefanson","Ber\u00e4knad l\u00e4stid":"1 minut"},"schema":{"@context":"https:\/\/schema.org","@graph":[{"@type":"Article","@id":"https:\/\/wp.kristdemokraterna.se\/janstefanson\/brottsutvecklingen-inte-enda-problemet\/#article","isPartOf":{"@id":"https:\/\/wp.kristdemokraterna.se\/janstefanson\/brottsutvecklingen-inte-enda-problemet\/"},"author":{"name":"janstefanson","@id":"https:\/\/wp.kristdemokraterna.se\/janstefanson\/#\/schema\/person\/f8122372f46f49cffa0c02a57c89b40f"},"headline":"Brottsutvecklingen inte enda problemet","datePublished":"2018-01-11T08:03:38+00:00","dateModified":"2018-01-11T08:04:36+00:00","mainEntityOfPage":{"@id":"https:\/\/wp.kristdemokraterna.se\/janstefanson\/brottsutvecklingen-inte-enda-problemet\/"},"wordCount":243,"inLanguage":"sv-SE"},{"@type":"WebPage","@id":"https:\/\/wp.kristdemokraterna.se\/janstefanson\/brottsutvecklingen-inte-enda-problemet\/","url":"https:\/\/wp.kristdemokraterna.se\/janstefanson\/brottsutvecklingen-inte-enda-problemet\/","name":"Brottsutvecklingen inte enda problemet - Jan Stefanson","isPartOf":{"@id":"https:\/\/wp.kristdemokraterna.se\/janstefanson\/#website"},"datePublished":"2018-01-11T08:03:38+00:00","dateModified":"2018-01-11T08:04:36+00:00","author":{"@id":"https:\/\/wp.kristdemokraterna.se\/janstefanson\/#\/schema\/person\/f8122372f46f49cffa0c02a57c89b40f"},"breadcrumb":{"@id":"https:\/\/wp.kristdemokraterna.se\/janstefanson\/brottsutvecklingen-inte-enda-problemet\/#breadcrumb"},"inLanguage":"sv-SE","potentialAction":[{"@type":"ReadAction","target":["https:\/\/wp.kristdemokraterna.se\/janstefanson\/brottsutvecklingen-inte-enda-problemet\/"]}]},{"@type":"BreadcrumbList","@id":"https:\/\/wp.kristdemokraterna.se\/janstefanson\/brottsutvecklingen-inte-enda-problemet\/#breadcrumb","itemListElement":[{"@type":"ListItem","position":1,"name":"Hem","item":"https:\/\/wp.kristdemokraterna.se\/janstefanson\/"},{"@type":"ListItem","position":2,"name":"Brottsutvecklingen inte enda problemet"}]},{"@type":"WebSite","@id":"https:\/\/wp.kristdemokraterna.se\/janstefanson\/#website","url":"https:\/\/wp.kristdemokraterna.se\/janstefanson\/","name":"Jan Stefanson","description":"En till Kristdemokraterna webbplats","inLanguage":"sv-SE"},{"@type":"Person","@id":"https:\/\/wp.kristdemokraterna.se\/janstefanson\/#\/schema\/person\/f8122372f46f49cffa0c02a57c89b40f","name":"janstefanson","image":{"@type":"ImageObject","inLanguage":"sv-SE","@id":"https:\/\/secure.gravatar.com\/avatar\/c8880da1e0ca1fb1fd99d661e99b32931e79d1537ef8441e71fc6630d4b6633c?s=96&r=g","url":"https:\/\/secure.gravatar.com\/avatar\/c8880da1e0ca1fb1fd99d661e99b32931e79d1537ef8441e71fc6630d4b6633c?s=96&r=g","contentUrl":"https:\/\/secure.gravatar.com\/avatar\/c8880da1e0ca1fb1fd99d661e99b32931e79d1537ef8441e71fc6630d4b6633c?s=96&r=g","caption":"janstefanson"},"url":"https:\/\/wp.kristdemokraterna.se\/janstefanson\/author\/janstefanson\/"}]}},"_links":{"self":[{"href":"https:\/\/wp.kristdemokraterna.se\/janstefanson\/wp-json\/wp\/v2\/posts\/862","targetHints":{"allow":["GET"]}}],"collection":[{"href":"https:\/\/wp.kristdemokraterna.se\/janstefanson\/wp-json\/wp\/v2\/posts"}],"about":[{"href":"https:\/\/wp.kristdemokraterna.se\/janstefanson\/wp-json\/wp\/v2\/types\/post"}],"author":[{"embeddable":true,"href":"https:\/\/wp.kristdemokraterna.se\/janstefanson\/wp-json\/wp\/v2\/users\/530"}],"replies":[{"embeddable":true,"href":"https:\/\/wp.kristdemokraterna.se\/janstefanson\/wp-json\/wp\/v2\/comments?post=862"}],"version-history":[{"count":1,"href":"https:\/\/wp.kristdemokraterna.se\/janstefanson\/wp-json\/wp\/v2\/posts\/862\/revisions"}],"predecessor-version":[{"id":863,"href":"https:\/\/wp.kristdemokraterna.se\/janstefanson\/wp-json\/wp\/v2\/posts\/862\/revisions\/863"}],"wp:attachment":[{"href":"https:\/\/wp.kristdemokraterna.se\/janstefanson\/wp-json\/wp\/v2\/media?parent=862"}],"wp:term":[{"taxonomy":"category","embeddable":true,"href":"https:\/\/wp.kristdemokraterna.se\/janstefanson\/wp-json\/wp\/v2\/categories?post=862"},{"taxonomy":"post_tag","embeddable":true,"href":"https:\/\/wp.kristdemokraterna.se\/janstefanson\/wp-json\/wp\/v2\/tags?post=862"}],"curies":[{"name":"wp","href":"https:\/\/api.w.org\/{rel}","templated":true}]}}