{"id":901,"date":"2018-03-14T12:04:10","date_gmt":"2018-03-14T11:04:10","guid":{"rendered":"http:\/\/wp.kristdemokraterna.se\/janstefanson\/?p=901"},"modified":"2018-03-14T12:04:10","modified_gmt":"2018-03-14T11:04:10","slug":"en-till-eller-ingen","status":"publish","type":"post","link":"https:\/\/wp.kristdemokraterna.se\/janstefanson\/en-till-eller-ingen\/","title":{"rendered":"En till eller ingen&#8230;!"},"content":{"rendered":"<p>P\u00e5 KD:s seminarium i J\u00f6nk\u00f6ping f\u00f6r en vecka sedan talade Alf Svensson om hur tr\u00f6tt han var p\u00e5 m\u00e5ngas inst\u00e4llning till flyktingmottagande. <strong>&#8221;Vi kan inte ta emot flera&#8221;<\/strong> s\u00e4ger m\u00e5nga. Alf f\u00f6reslog att vi skulle st\u00e4lla oss fr\u00e5gan om vi i v\u00e5rt v\u00e4lb\u00e4rgade samh\u00e4lle kunde byta tankem\u00f6nster till <strong>&#8221;Kan vi ta emot en till&#8221;<\/strong>.<\/p>\n<p>Kristdemokratin h\u00e4mtar sin inspiration fr\u00e5n den judisk-kristna etiken. Och det f\u00f6rpliktar. \u00c4ven i fr\u00e5gan om flyktingmottagande. Man brukar enkelt sammanfatta id\u00e9n med <em>Som Du sj\u00e4lv vill bli behandlad ska Du behandla andra<\/em>. Man kan \u00e4ven ta ett tv\u00e5tusen\u00e5rigt k\u00e4nt citat: <em>Jag var hungrig och ni gav mig mat. Jag var t\u00f6rstig och ni gav mig vatten. Jag var en fr\u00e4mling och ni \u00f6ppnade era hem.<\/em><\/p>\n<p>Det finns massor av inv\u00e4ndningar mot vad som \u00e4r b\u00e5de l\u00e4mpligt och m\u00f6jligt, men uppdraget \u00e4r att fundera en g\u00e5ng till om det \u00e4r m\u00f6jligt att ta emot en till. Inte enkelt men uppfordrande och slutligen b\u00e4st.\u00a0 <strong>I m\u00e5ndags kv\u00e4ll var det dags!<\/strong><\/p>\n<p><img loading=\"lazy\" decoding=\"async\" class=\"wp-image-902 alignleft\" src=\"http:\/\/wp.kristdemokraterna.se\/janstefanson\/files\/2018\/03\/part_1521023096610-225x300.jpeg\" alt=\"\" width=\"125\" height=\"163\" \/><span style=\"font-weight: 300\">F\u00f6reningen frivilliga familjehem hade bjudit till m\u00f6te i Brohuset. En enig socialn\u00e4mnd hade beviljat f\u00f6reningsbidrag f\u00f6r att f\u00f6reningen skulle kunna skaffa <strong>fler frivilliga familjehem<\/strong>. Det handlar om de ungdomar som anvisats Upplands-Bro kommun och studerar p\u00e5 gymnasiet men som f\u00e5tt avslag p\u00e5 sin f\u00f6rsta \u00f6verklagan om uppeh\u00e5llstillst\u00e5nd. Med lagens st\u00f6d har de r\u00e4tt att g\u00e5 ut skolan men inte lagens fulla st\u00f6d om ers\u00e4ttning till boende p\u00e5 skolans ort. <\/span><strong>M\u00e4rkligt men sant!\u00a0<\/strong>Beslutet om st\u00f6d som socialn\u00e4mnden tagit ger nu m\u00f6jlighet att skaffa boende i familjer som uppl\u00e5ter ett rum mot viss ers\u00e4ttning fr\u00e5n f\u00f6reningen.<\/p>\n<p>Ett tiotal ynglingar var p\u00e5 plats i Brohuset och ber\u00e4ttade om sin uppv\u00e4xt, flykt och dagssituation. N\u00e5gon ber\u00e4ttade om ett boende hos en ensam pension\u00e4r d\u00e4r det nu fanns tv\u00e5 vinnare. <em>Vi har samma humor<\/em> ber\u00e4ttade kvinnan glatt och sa att hon nu f\u00e5tt s\u00e4llskap vid middagen och slapp ensamheten i vardagen.\u00a0N\u00e5gon annan yngling ber\u00e4ttade att han helt saknade <img loading=\"lazy\" decoding=\"async\" class=\" wp-image-903 alignleft\" src=\"http:\/\/wp.kristdemokraterna.se\/janstefanson\/files\/2018\/03\/part_1521023130025-202x300.jpeg\" alt=\"\" width=\"310\" height=\"454\" \/>boende och sovplats. Det blev bussen p\u00e5 natten och skolan p\u00e5 dagen. Vi hoppas nu p\u00e5 f\u00f6reningens m\u00f6jlighet att skaffa fler familjehem. Det handlar om \u00e5tta pojkar som saknar boende och fylls p\u00e5 med ett par varannan m\u00e5nad.<\/p>\n<p><strong>Vid halv\u00e5rsskiftet slutar allt statligt ekonomiskt st\u00f6d till kommunerna f\u00f6r dessa ungdomar om regeringen inte beslutar annat f\u00f6re sommaren.<\/strong><\/p>\n","protected":false},"excerpt":{"rendered":"<p>P\u00e5 KD:s seminarium i J\u00f6nk\u00f6ping f\u00f6r en vecka sedan talade Alf Svensson om hur tr\u00f6tt han var p\u00e5 m\u00e5ngas inst\u00e4llning till flyktingmottagande. &#8221;Vi kan inte ta emot flera&#8221; s\u00e4ger m\u00e5nga. Alf f\u00f6reslog att vi skulle st\u00e4lla oss fr\u00e5gan om vi i v\u00e5rt v\u00e4lb\u00e4rgade samh\u00e4lle kunde byta tankem\u00f6nster till &#8221;Kan vi ta emot en till&#8221;. Kristdemokratin <a class=\"read-more-link\" href=\"https:\/\/wp.kristdemokraterna.se\/janstefanson\/en-till-eller-ingen\/\">Read More<\/a><\/p>\n","protected":false},"author":530,"featured_media":0,"comment_status":"closed","ping_status":"closed","sticky":false,"template":"","format":"standard","meta":{"_acf_changed":false,"footnotes":""},"categories":[1],"tags":[],"class_list":["post-901","post","type-post","status-publish","format-standard","hentry","category-okategoriserade"],"acf":[],"yoast_head":"<!-- This site is optimized with the Yoast SEO plugin v27.4 - https:\/\/yoast.com\/product\/yoast-seo-wordpress\/ -->\n<title>En till eller ingen...! - Jan Stefanson<\/title>\n<meta name=\"robots\" content=\"index, follow, max-snippet:-1, max-image-preview:large, max-video-preview:-1\" \/>\n<link rel=\"canonical\" href=\"https:\/\/wp.kristdemokraterna.se\/janstefanson\/en-till-eller-ingen\/\" \/>\n<meta property=\"og:locale\" content=\"sv_SE\" \/>\n<meta property=\"og:type\" content=\"article\" \/>\n<meta property=\"og:title\" content=\"En till eller ingen...! - Jan Stefanson\" \/>\n<meta property=\"og:description\" content=\"P\u00e5 KD:s seminarium i J\u00f6nk\u00f6ping f\u00f6r en vecka sedan talade Alf Svensson om hur tr\u00f6tt han var p\u00e5 m\u00e5ngas inst\u00e4llning till flyktingmottagande. &#8221;Vi kan inte ta emot flera&#8221; s\u00e4ger m\u00e5nga. Alf f\u00f6reslog att vi skulle st\u00e4lla oss fr\u00e5gan om vi i v\u00e5rt v\u00e4lb\u00e4rgade samh\u00e4lle kunde byta tankem\u00f6nster till &#8221;Kan vi ta emot en till&#8221;. Kristdemokratin Read More\" \/>\n<meta property=\"og:url\" content=\"https:\/\/wp.kristdemokraterna.se\/janstefanson\/en-till-eller-ingen\/\" \/>\n<meta property=\"og:site_name\" content=\"Jan Stefanson\" \/>\n<meta property=\"article:published_time\" content=\"2018-03-14T11:04:10+00:00\" \/>\n<meta property=\"og:image\" content=\"http:\/\/wp.kristdemokraterna.se\/janstefanson\/files\/2018\/03\/part_1521023096610-225x300.jpeg\" \/>\n<meta name=\"author\" content=\"janstefanson\" \/>\n<meta name=\"twitter:card\" content=\"summary_large_image\" \/>\n<meta name=\"twitter:label1\" content=\"Skriven av\" \/>\n\t<meta name=\"twitter:data1\" content=\"janstefanson\" \/>\n\t<meta name=\"twitter:label2\" content=\"Ber\u00e4knad l\u00e4stid\" \/>\n\t<meta name=\"twitter:data2\" content=\"2 minuter\" \/>\n<script type=\"application\/ld+json\" class=\"yoast-schema-graph\">{\"@context\":\"https:\\\/\\\/schema.org\",\"@graph\":[{\"@type\":\"Article\",\"@id\":\"https:\\\/\\\/wp.kristdemokraterna.se\\\/janstefanson\\\/en-till-eller-ingen\\\/#article\",\"isPartOf\":{\"@id\":\"https:\\\/\\\/wp.kristdemokraterna.se\\\/janstefanson\\\/en-till-eller-ingen\\\/\"},\"author\":{\"name\":\"janstefanson\",\"@id\":\"https:\\\/\\\/wp.kristdemokraterna.se\\\/janstefanson\\\/#\\\/schema\\\/person\\\/f8122372f46f49cffa0c02a57c89b40f\"},\"headline\":\"En till eller ingen&#8230;!\",\"datePublished\":\"2018-03-14T11:04:10+00:00\",\"mainEntityOfPage\":{\"@id\":\"https:\\\/\\\/wp.kristdemokraterna.se\\\/janstefanson\\\/en-till-eller-ingen\\\/\"},\"wordCount\":455,\"image\":{\"@id\":\"https:\\\/\\\/wp.kristdemokraterna.se\\\/janstefanson\\\/en-till-eller-ingen\\\/#primaryimage\"},\"thumbnailUrl\":\"http:\\\/\\\/wp.kristdemokraterna.se\\\/janstefanson\\\/files\\\/2018\\\/03\\\/part_1521023096610-225x300.jpeg\",\"inLanguage\":\"sv-SE\"},{\"@type\":\"WebPage\",\"@id\":\"https:\\\/\\\/wp.kristdemokraterna.se\\\/janstefanson\\\/en-till-eller-ingen\\\/\",\"url\":\"https:\\\/\\\/wp.kristdemokraterna.se\\\/janstefanson\\\/en-till-eller-ingen\\\/\",\"name\":\"En till eller ingen...! - Jan Stefanson\",\"isPartOf\":{\"@id\":\"https:\\\/\\\/wp.kristdemokraterna.se\\\/janstefanson\\\/#website\"},\"primaryImageOfPage\":{\"@id\":\"https:\\\/\\\/wp.kristdemokraterna.se\\\/janstefanson\\\/en-till-eller-ingen\\\/#primaryimage\"},\"image\":{\"@id\":\"https:\\\/\\\/wp.kristdemokraterna.se\\\/janstefanson\\\/en-till-eller-ingen\\\/#primaryimage\"},\"thumbnailUrl\":\"http:\\\/\\\/wp.kristdemokraterna.se\\\/janstefanson\\\/files\\\/2018\\\/03\\\/part_1521023096610-225x300.jpeg\",\"datePublished\":\"2018-03-14T11:04:10+00:00\",\"author\":{\"@id\":\"https:\\\/\\\/wp.kristdemokraterna.se\\\/janstefanson\\\/#\\\/schema\\\/person\\\/f8122372f46f49cffa0c02a57c89b40f\"},\"breadcrumb\":{\"@id\":\"https:\\\/\\\/wp.kristdemokraterna.se\\\/janstefanson\\\/en-till-eller-ingen\\\/#breadcrumb\"},\"inLanguage\":\"sv-SE\",\"potentialAction\":[{\"@type\":\"ReadAction\",\"target\":[\"https:\\\/\\\/wp.kristdemokraterna.se\\\/janstefanson\\\/en-till-eller-ingen\\\/\"]}]},{\"@type\":\"ImageObject\",\"inLanguage\":\"sv-SE\",\"@id\":\"https:\\\/\\\/wp.kristdemokraterna.se\\\/janstefanson\\\/en-till-eller-ingen\\\/#primaryimage\",\"url\":\"http:\\\/\\\/wp.kristdemokraterna.se\\\/janstefanson\\\/files\\\/2018\\\/03\\\/part_1521023096610-225x300.jpeg\",\"contentUrl\":\"http:\\\/\\\/wp.kristdemokraterna.se\\\/janstefanson\\\/files\\\/2018\\\/03\\\/part_1521023096610-225x300.jpeg\"},{\"@type\":\"BreadcrumbList\",\"@id\":\"https:\\\/\\\/wp.kristdemokraterna.se\\\/janstefanson\\\/en-till-eller-ingen\\\/#breadcrumb\",\"itemListElement\":[{\"@type\":\"ListItem\",\"position\":1,\"name\":\"Hem\",\"item\":\"https:\\\/\\\/wp.kristdemokraterna.se\\\/janstefanson\\\/\"},{\"@type\":\"ListItem\",\"position\":2,\"name\":\"En till eller ingen&#8230;!\"}]},{\"@type\":\"WebSite\",\"@id\":\"https:\\\/\\\/wp.kristdemokraterna.se\\\/janstefanson\\\/#website\",\"url\":\"https:\\\/\\\/wp.kristdemokraterna.se\\\/janstefanson\\\/\",\"name\":\"Jan Stefanson\",\"description\":\"En till Kristdemokraterna webbplats\",\"inLanguage\":\"sv-SE\"},{\"@type\":\"Person\",\"@id\":\"https:\\\/\\\/wp.kristdemokraterna.se\\\/janstefanson\\\/#\\\/schema\\\/person\\\/f8122372f46f49cffa0c02a57c89b40f\",\"name\":\"janstefanson\",\"image\":{\"@type\":\"ImageObject\",\"inLanguage\":\"sv-SE\",\"@id\":\"https:\\\/\\\/secure.gravatar.com\\\/avatar\\\/c8880da1e0ca1fb1fd99d661e99b32931e79d1537ef8441e71fc6630d4b6633c?s=96&r=g\",\"url\":\"https:\\\/\\\/secure.gravatar.com\\\/avatar\\\/c8880da1e0ca1fb1fd99d661e99b32931e79d1537ef8441e71fc6630d4b6633c?s=96&r=g\",\"contentUrl\":\"https:\\\/\\\/secure.gravatar.com\\\/avatar\\\/c8880da1e0ca1fb1fd99d661e99b32931e79d1537ef8441e71fc6630d4b6633c?s=96&r=g\",\"caption\":\"janstefanson\"},\"url\":\"https:\\\/\\\/wp.kristdemokraterna.se\\\/janstefanson\\\/author\\\/janstefanson\\\/\"}]}<\/script>\n<!-- \/ Yoast SEO plugin. -->","yoast_head_json":{"title":"En till eller ingen...! - Jan Stefanson","robots":{"index":"index","follow":"follow","max-snippet":"max-snippet:-1","max-image-preview":"max-image-preview:large","max-video-preview":"max-video-preview:-1"},"canonical":"https:\/\/wp.kristdemokraterna.se\/janstefanson\/en-till-eller-ingen\/","og_locale":"sv_SE","og_type":"article","og_title":"En till eller ingen...! - Jan Stefanson","og_description":"P\u00e5 KD:s seminarium i J\u00f6nk\u00f6ping f\u00f6r en vecka sedan talade Alf Svensson om hur tr\u00f6tt han var p\u00e5 m\u00e5ngas inst\u00e4llning till flyktingmottagande. &#8221;Vi kan inte ta emot flera&#8221; s\u00e4ger m\u00e5nga. Alf f\u00f6reslog att vi skulle st\u00e4lla oss fr\u00e5gan om vi i v\u00e5rt v\u00e4lb\u00e4rgade samh\u00e4lle kunde byta tankem\u00f6nster till &#8221;Kan vi ta emot en till&#8221;. Kristdemokratin Read More","og_url":"https:\/\/wp.kristdemokraterna.se\/janstefanson\/en-till-eller-ingen\/","og_site_name":"Jan Stefanson","article_published_time":"2018-03-14T11:04:10+00:00","og_image":[{"url":"http:\/\/wp.kristdemokraterna.se\/janstefanson\/files\/2018\/03\/part_1521023096610-225x300.jpeg","type":"","width":"","height":""}],"author":"janstefanson","twitter_card":"summary_large_image","twitter_misc":{"Skriven av":"janstefanson","Ber\u00e4knad l\u00e4stid":"2 minuter"},"schema":{"@context":"https:\/\/schema.org","@graph":[{"@type":"Article","@id":"https:\/\/wp.kristdemokraterna.se\/janstefanson\/en-till-eller-ingen\/#article","isPartOf":{"@id":"https:\/\/wp.kristdemokraterna.se\/janstefanson\/en-till-eller-ingen\/"},"author":{"name":"janstefanson","@id":"https:\/\/wp.kristdemokraterna.se\/janstefanson\/#\/schema\/person\/f8122372f46f49cffa0c02a57c89b40f"},"headline":"En till eller ingen&#8230;!","datePublished":"2018-03-14T11:04:10+00:00","mainEntityOfPage":{"@id":"https:\/\/wp.kristdemokraterna.se\/janstefanson\/en-till-eller-ingen\/"},"wordCount":455,"image":{"@id":"https:\/\/wp.kristdemokraterna.se\/janstefanson\/en-till-eller-ingen\/#primaryimage"},"thumbnailUrl":"http:\/\/wp.kristdemokraterna.se\/janstefanson\/files\/2018\/03\/part_1521023096610-225x300.jpeg","inLanguage":"sv-SE"},{"@type":"WebPage","@id":"https:\/\/wp.kristdemokraterna.se\/janstefanson\/en-till-eller-ingen\/","url":"https:\/\/wp.kristdemokraterna.se\/janstefanson\/en-till-eller-ingen\/","name":"En till eller ingen...! - Jan Stefanson","isPartOf":{"@id":"https:\/\/wp.kristdemokraterna.se\/janstefanson\/#website"},"primaryImageOfPage":{"@id":"https:\/\/wp.kristdemokraterna.se\/janstefanson\/en-till-eller-ingen\/#primaryimage"},"image":{"@id":"https:\/\/wp.kristdemokraterna.se\/janstefanson\/en-till-eller-ingen\/#primaryimage"},"thumbnailUrl":"http:\/\/wp.kristdemokraterna.se\/janstefanson\/files\/2018\/03\/part_1521023096610-225x300.jpeg","datePublished":"2018-03-14T11:04:10+00:00","author":{"@id":"https:\/\/wp.kristdemokraterna.se\/janstefanson\/#\/schema\/person\/f8122372f46f49cffa0c02a57c89b40f"},"breadcrumb":{"@id":"https:\/\/wp.kristdemokraterna.se\/janstefanson\/en-till-eller-ingen\/#breadcrumb"},"inLanguage":"sv-SE","potentialAction":[{"@type":"ReadAction","target":["https:\/\/wp.kristdemokraterna.se\/janstefanson\/en-till-eller-ingen\/"]}]},{"@type":"ImageObject","inLanguage":"sv-SE","@id":"https:\/\/wp.kristdemokraterna.se\/janstefanson\/en-till-eller-ingen\/#primaryimage","url":"http:\/\/wp.kristdemokraterna.se\/janstefanson\/files\/2018\/03\/part_1521023096610-225x300.jpeg","contentUrl":"http:\/\/wp.kristdemokraterna.se\/janstefanson\/files\/2018\/03\/part_1521023096610-225x300.jpeg"},{"@type":"BreadcrumbList","@id":"https:\/\/wp.kristdemokraterna.se\/janstefanson\/en-till-eller-ingen\/#breadcrumb","itemListElement":[{"@type":"ListItem","position":1,"name":"Hem","item":"https:\/\/wp.kristdemokraterna.se\/janstefanson\/"},{"@type":"ListItem","position":2,"name":"En till eller ingen&#8230;!"}]},{"@type":"WebSite","@id":"https:\/\/wp.kristdemokraterna.se\/janstefanson\/#website","url":"https:\/\/wp.kristdemokraterna.se\/janstefanson\/","name":"Jan Stefanson","description":"En till Kristdemokraterna webbplats","inLanguage":"sv-SE"},{"@type":"Person","@id":"https:\/\/wp.kristdemokraterna.se\/janstefanson\/#\/schema\/person\/f8122372f46f49cffa0c02a57c89b40f","name":"janstefanson","image":{"@type":"ImageObject","inLanguage":"sv-SE","@id":"https:\/\/secure.gravatar.com\/avatar\/c8880da1e0ca1fb1fd99d661e99b32931e79d1537ef8441e71fc6630d4b6633c?s=96&r=g","url":"https:\/\/secure.gravatar.com\/avatar\/c8880da1e0ca1fb1fd99d661e99b32931e79d1537ef8441e71fc6630d4b6633c?s=96&r=g","contentUrl":"https:\/\/secure.gravatar.com\/avatar\/c8880da1e0ca1fb1fd99d661e99b32931e79d1537ef8441e71fc6630d4b6633c?s=96&r=g","caption":"janstefanson"},"url":"https:\/\/wp.kristdemokraterna.se\/janstefanson\/author\/janstefanson\/"}]}},"_links":{"self":[{"href":"https:\/\/wp.kristdemokraterna.se\/janstefanson\/wp-json\/wp\/v2\/posts\/901","targetHints":{"allow":["GET"]}}],"collection":[{"href":"https:\/\/wp.kristdemokraterna.se\/janstefanson\/wp-json\/wp\/v2\/posts"}],"about":[{"href":"https:\/\/wp.kristdemokraterna.se\/janstefanson\/wp-json\/wp\/v2\/types\/post"}],"author":[{"embeddable":true,"href":"https:\/\/wp.kristdemokraterna.se\/janstefanson\/wp-json\/wp\/v2\/users\/530"}],"replies":[{"embeddable":true,"href":"https:\/\/wp.kristdemokraterna.se\/janstefanson\/wp-json\/wp\/v2\/comments?post=901"}],"version-history":[{"count":1,"href":"https:\/\/wp.kristdemokraterna.se\/janstefanson\/wp-json\/wp\/v2\/posts\/901\/revisions"}],"predecessor-version":[{"id":904,"href":"https:\/\/wp.kristdemokraterna.se\/janstefanson\/wp-json\/wp\/v2\/posts\/901\/revisions\/904"}],"wp:attachment":[{"href":"https:\/\/wp.kristdemokraterna.se\/janstefanson\/wp-json\/wp\/v2\/media?parent=901"}],"wp:term":[{"taxonomy":"category","embeddable":true,"href":"https:\/\/wp.kristdemokraterna.se\/janstefanson\/wp-json\/wp\/v2\/categories?post=901"},{"taxonomy":"post_tag","embeddable":true,"href":"https:\/\/wp.kristdemokraterna.se\/janstefanson\/wp-json\/wp\/v2\/tags?post=901"}],"curies":[{"name":"wp","href":"https:\/\/api.w.org\/{rel}","templated":true}]}}