{"id":927,"date":"2018-05-24T14:54:39","date_gmt":"2018-05-24T12:54:39","guid":{"rendered":"http:\/\/wp.kristdemokraterna.se\/janstefanson\/?p=927"},"modified":"2018-05-24T14:57:30","modified_gmt":"2018-05-24T12:57:30","slug":"bra-for-valjarna","status":"publish","type":"post","link":"https:\/\/wp.kristdemokraterna.se\/janstefanson\/bra-for-valjarna\/","title":{"rendered":"Bra f\u00f6r v\u00e4ljarna!"},"content":{"rendered":"<p>SD har av v\u00e4ljarna ett stort st\u00f6d. Det g\u00e5r inte att f\u00f6rneka! Men vad ska den makt de f\u00e5r anv\u00e4ndas till om det ocks\u00e5 blir valets mening.<\/p>\n<p>Att resterande partier med \u00e5ttio procent i v\u00e4ljarst\u00f6d anser dem of\u00f6rm\u00f6gna att leda landet \u00e4r f\u00f6rst\u00e5s ett problem b\u00e5de f\u00f6r SD och deras v\u00e4ljare men ocks\u00e5 ett demokratiskt dilemma.<\/p>\n<p>F\u00f6r att f\u00e5 ledande positioner kr\u00e4vs f\u00f6rtroende dels av v\u00e4ljarna och dels fr\u00e5n andra partier att samarbeta med. Det f\u00f6rtroendet bygger dels p\u00e5 f\u00f6rm\u00e5ga att vilja\/kunna samarbeta, ideologi och partipolitiska st\u00e4llningstaganden, bed\u00f6mning av vad som anses b\u00e4st f\u00f6r de samverkande partierna och slutligen kemin p\u00e5 personniv\u00e5 som avg\u00f6r f\u00f6rm\u00e5gan att h\u00e5lla samman trots skiljaktigheter \u00f6ver tid.<\/p>\n<p>Flera konstellationer har i olika f\u00f6rsamlingar av de \u00e5ttioprocenten i v\u00e4ljarst\u00f6d visat att man har m\u00f6jlighet att j\u00e4mka samman i Allians, R\u00f6d-gr\u00f6na eller block\u00f6verskridande s\u00e5 pass att man kan leda tillsammans.<\/p>\n<p><strong>\u00c4r det verkligen avsikten fr\u00e5n v\u00e4ljarna att SD ska ges makt att regera eller \u00e4r det enbart en samlad protest f\u00f6r m\u00e5nga olika missn\u00f6jen.\u00a0<\/strong><\/p>\n<p>Trycket p\u00e5 de etablerade partierna \u00e4r starkt att hantera SD p\u00e5 samma s\u00e4tt som man hanterar \u00f6vriga partier. \u00c4nd\u00e5 kvarst\u00e5r fr\u00e5gan vad som \u00e4r SD:s egentliga avsikt. Deras mix av id\u00e9er m\u00e5nga h\u00e4mtade fr\u00e5n \u00f6vriga partier kan verka vilseledande. D\u00e4rtill superf\u00f6rm\u00e5gan att peka p\u00e5 samh\u00e4llets alla brister och att st\u00e4lla grupp mot grupp.<\/p>\n<p>Vi kristdemokrater \u00e4r inte s\u00e4rskilt stora i n\u00e5gon av de opinionsm\u00e4tningar som g\u00f6rs. \u00c4nd\u00e5 brukar vi ligga bra till n\u00e4r vanligt folk fyller i &#8221;vilket parti man sympatiserar med&#8221;. Fr\u00e5gorna vi driver har st\u00f6rre st\u00f6d \u00e4n valresultaten. M\u00e4rkligt!<\/p>\n<p>SD har tagit fr\u00e5gor \u00e4ven fr\u00e5n oss och gjort till sina egna. En del av dem har varit s\u00e5dana som vanligtvis lyfts fram som hinder att r\u00f6sta p\u00e5 KD. F\u00f6r SD hamnar de dock som r\u00f6stdragare utan medialt kritiska analyser. D\u00e5 kan man tycka att KD och SD delar en samsyn p\u00e5 hur ett samh\u00e4lle ska byggas. Men icke! V\u00e5rt ursprung och grund bygger p\u00e5 m\u00e4nniskors lika och okr\u00e4nkbara v\u00e4rde. SD bygger p\u00e5 n\u00e5got helt annat. KD bygger p\u00e5 samh\u00e4llsgemenskap och SD p\u00e5 n\u00e5got helt annat. KD bygger p\u00e5 den &#8221;Gyllene regeln&#8221; och SD p\u00e5 n\u00e5got helt annat.<\/p>\n<p>N\u00e4r SVT nyligen st\u00e4llde fr\u00e5gan i sin valbarometer om vilka partier KD i Upplands-Bro inte kunde t\u00e4nka sig att samarbeta med s\u00e5 blev svaret V och SD. Det inneb\u00e4r ingenting annat \u00e4n att vi saknar samsyn i grunden f\u00f6r hur vi ser p\u00e5 samh\u00e4llsbyggandet. I de b\u00e5da partierna finns m\u00e4nniskor b\u00e5de aktiva och andra som \u00e4r v\u00e4rda all respekt. Men v\u00e5ra olikheter som partier \u00e4r f\u00f6r stora. Det inneb\u00e4r inte att vi inte kan prata med varandra eller till och med f\u00f6renas i enskilda beslut. Men att leda tillsammans g\u00e5r inte f\u00f6r vi vill s\u00e5 olika. Och idag s\u00e4ger \u00e5tminstone de partier som tillsammans har \u00e5ttio procent av\u00a0 v\u00e4ljarst\u00f6det detsamma om just SD.<\/p>\n<p>Med andra ord: <strong>SD \u00e4r idag en stark och v\u00e4xande opinionsbildande r\u00f6relse med stort genomslag f\u00f6r sin kritik i m\u00e5nga fr\u00e5gor men utan f\u00f6rm\u00e5ga att vara ledande. Det skapar dock stor kreativitet i b\u00e5de probleml\u00f6sning hos oss \u00f6vriga och tidigare om\u00f6jliga ledarkonstellationer. Och det \u00e4r bra f\u00f6r v\u00e4ljarna!<\/strong><\/p>\n","protected":false},"excerpt":{"rendered":"<p>SD har av v\u00e4ljarna ett stort st\u00f6d. Det g\u00e5r inte att f\u00f6rneka! Men vad ska den makt de f\u00e5r anv\u00e4ndas till om det ocks\u00e5 blir valets mening. Att resterande partier med \u00e5ttio procent i v\u00e4ljarst\u00f6d anser dem of\u00f6rm\u00f6gna att leda landet \u00e4r f\u00f6rst\u00e5s ett problem b\u00e5de f\u00f6r SD och deras v\u00e4ljare men ocks\u00e5 ett demokratiskt <a class=\"read-more-link\" href=\"https:\/\/wp.kristdemokraterna.se\/janstefanson\/bra-for-valjarna\/\">Read More<\/a><\/p>\n","protected":false},"author":530,"featured_media":0,"comment_status":"closed","ping_status":"closed","sticky":false,"template":"","format":"standard","meta":{"_acf_changed":false,"footnotes":""},"categories":[1],"tags":[],"class_list":["post-927","post","type-post","status-publish","format-standard","hentry","category-okategoriserade"],"acf":[],"yoast_head":"<!-- This site is optimized with the Yoast SEO plugin v27.5 - https:\/\/yoast.com\/product\/yoast-seo-wordpress\/ -->\n<title>Bra f\u00f6r v\u00e4ljarna! - Jan Stefanson<\/title>\n<meta name=\"robots\" content=\"index, follow, max-snippet:-1, max-image-preview:large, max-video-preview:-1\" \/>\n<link rel=\"canonical\" href=\"https:\/\/wp.kristdemokraterna.se\/janstefanson\/bra-for-valjarna\/\" \/>\n<meta property=\"og:locale\" content=\"sv_SE\" \/>\n<meta property=\"og:type\" content=\"article\" \/>\n<meta property=\"og:title\" content=\"Bra f\u00f6r v\u00e4ljarna! - Jan Stefanson\" \/>\n<meta property=\"og:description\" content=\"SD har av v\u00e4ljarna ett stort st\u00f6d. Det g\u00e5r inte att f\u00f6rneka! Men vad ska den makt de f\u00e5r anv\u00e4ndas till om det ocks\u00e5 blir valets mening. Att resterande partier med \u00e5ttio procent i v\u00e4ljarst\u00f6d anser dem of\u00f6rm\u00f6gna att leda landet \u00e4r f\u00f6rst\u00e5s ett problem b\u00e5de f\u00f6r SD och deras v\u00e4ljare men ocks\u00e5 ett demokratiskt Read More\" \/>\n<meta property=\"og:url\" content=\"https:\/\/wp.kristdemokraterna.se\/janstefanson\/bra-for-valjarna\/\" \/>\n<meta property=\"og:site_name\" content=\"Jan Stefanson\" \/>\n<meta property=\"article:published_time\" content=\"2018-05-24T12:54:39+00:00\" \/>\n<meta property=\"article:modified_time\" content=\"2018-05-24T12:57:30+00:00\" \/>\n<meta name=\"author\" content=\"janstefanson\" \/>\n<meta name=\"twitter:card\" content=\"summary_large_image\" \/>\n<meta name=\"twitter:label1\" content=\"Skriven av\" \/>\n\t<meta name=\"twitter:data1\" content=\"janstefanson\" \/>\n\t<meta name=\"twitter:label2\" content=\"Ber\u00e4knad l\u00e4stid\" \/>\n\t<meta name=\"twitter:data2\" content=\"3 minuter\" \/>\n<script type=\"application\/ld+json\" class=\"yoast-schema-graph\">{\"@context\":\"https:\\\/\\\/schema.org\",\"@graph\":[{\"@type\":\"Article\",\"@id\":\"https:\\\/\\\/wp.kristdemokraterna.se\\\/janstefanson\\\/bra-for-valjarna\\\/#article\",\"isPartOf\":{\"@id\":\"https:\\\/\\\/wp.kristdemokraterna.se\\\/janstefanson\\\/bra-for-valjarna\\\/\"},\"author\":{\"name\":\"janstefanson\",\"@id\":\"https:\\\/\\\/wp.kristdemokraterna.se\\\/janstefanson\\\/#\\\/schema\\\/person\\\/f8122372f46f49cffa0c02a57c89b40f\"},\"headline\":\"Bra f\u00f6r v\u00e4ljarna!\",\"datePublished\":\"2018-05-24T12:54:39+00:00\",\"dateModified\":\"2018-05-24T12:57:30+00:00\",\"mainEntityOfPage\":{\"@id\":\"https:\\\/\\\/wp.kristdemokraterna.se\\\/janstefanson\\\/bra-for-valjarna\\\/\"},\"wordCount\":636,\"inLanguage\":\"sv-SE\"},{\"@type\":\"WebPage\",\"@id\":\"https:\\\/\\\/wp.kristdemokraterna.se\\\/janstefanson\\\/bra-for-valjarna\\\/\",\"url\":\"https:\\\/\\\/wp.kristdemokraterna.se\\\/janstefanson\\\/bra-for-valjarna\\\/\",\"name\":\"Bra f\u00f6r v\u00e4ljarna! - Jan Stefanson\",\"isPartOf\":{\"@id\":\"https:\\\/\\\/wp.kristdemokraterna.se\\\/janstefanson\\\/#website\"},\"datePublished\":\"2018-05-24T12:54:39+00:00\",\"dateModified\":\"2018-05-24T12:57:30+00:00\",\"author\":{\"@id\":\"https:\\\/\\\/wp.kristdemokraterna.se\\\/janstefanson\\\/#\\\/schema\\\/person\\\/f8122372f46f49cffa0c02a57c89b40f\"},\"breadcrumb\":{\"@id\":\"https:\\\/\\\/wp.kristdemokraterna.se\\\/janstefanson\\\/bra-for-valjarna\\\/#breadcrumb\"},\"inLanguage\":\"sv-SE\",\"potentialAction\":[{\"@type\":\"ReadAction\",\"target\":[\"https:\\\/\\\/wp.kristdemokraterna.se\\\/janstefanson\\\/bra-for-valjarna\\\/\"]}]},{\"@type\":\"BreadcrumbList\",\"@id\":\"https:\\\/\\\/wp.kristdemokraterna.se\\\/janstefanson\\\/bra-for-valjarna\\\/#breadcrumb\",\"itemListElement\":[{\"@type\":\"ListItem\",\"position\":1,\"name\":\"Hem\",\"item\":\"https:\\\/\\\/wp.kristdemokraterna.se\\\/janstefanson\\\/\"},{\"@type\":\"ListItem\",\"position\":2,\"name\":\"Bra f\u00f6r v\u00e4ljarna!\"}]},{\"@type\":\"WebSite\",\"@id\":\"https:\\\/\\\/wp.kristdemokraterna.se\\\/janstefanson\\\/#website\",\"url\":\"https:\\\/\\\/wp.kristdemokraterna.se\\\/janstefanson\\\/\",\"name\":\"Jan Stefanson\",\"description\":\"En till Kristdemokraterna webbplats\",\"inLanguage\":\"sv-SE\"},{\"@type\":\"Person\",\"@id\":\"https:\\\/\\\/wp.kristdemokraterna.se\\\/janstefanson\\\/#\\\/schema\\\/person\\\/f8122372f46f49cffa0c02a57c89b40f\",\"name\":\"janstefanson\",\"image\":{\"@type\":\"ImageObject\",\"inLanguage\":\"sv-SE\",\"@id\":\"https:\\\/\\\/secure.gravatar.com\\\/avatar\\\/c8880da1e0ca1fb1fd99d661e99b32931e79d1537ef8441e71fc6630d4b6633c?s=96&r=g\",\"url\":\"https:\\\/\\\/secure.gravatar.com\\\/avatar\\\/c8880da1e0ca1fb1fd99d661e99b32931e79d1537ef8441e71fc6630d4b6633c?s=96&r=g\",\"contentUrl\":\"https:\\\/\\\/secure.gravatar.com\\\/avatar\\\/c8880da1e0ca1fb1fd99d661e99b32931e79d1537ef8441e71fc6630d4b6633c?s=96&r=g\",\"caption\":\"janstefanson\"},\"url\":\"https:\\\/\\\/wp.kristdemokraterna.se\\\/janstefanson\\\/author\\\/janstefanson\\\/\"}]}<\/script>\n<!-- \/ Yoast SEO plugin. -->","yoast_head_json":{"title":"Bra f\u00f6r v\u00e4ljarna! - Jan Stefanson","robots":{"index":"index","follow":"follow","max-snippet":"max-snippet:-1","max-image-preview":"max-image-preview:large","max-video-preview":"max-video-preview:-1"},"canonical":"https:\/\/wp.kristdemokraterna.se\/janstefanson\/bra-for-valjarna\/","og_locale":"sv_SE","og_type":"article","og_title":"Bra f\u00f6r v\u00e4ljarna! - Jan Stefanson","og_description":"SD har av v\u00e4ljarna ett stort st\u00f6d. Det g\u00e5r inte att f\u00f6rneka! Men vad ska den makt de f\u00e5r anv\u00e4ndas till om det ocks\u00e5 blir valets mening. Att resterande partier med \u00e5ttio procent i v\u00e4ljarst\u00f6d anser dem of\u00f6rm\u00f6gna att leda landet \u00e4r f\u00f6rst\u00e5s ett problem b\u00e5de f\u00f6r SD och deras v\u00e4ljare men ocks\u00e5 ett demokratiskt Read More","og_url":"https:\/\/wp.kristdemokraterna.se\/janstefanson\/bra-for-valjarna\/","og_site_name":"Jan Stefanson","article_published_time":"2018-05-24T12:54:39+00:00","article_modified_time":"2018-05-24T12:57:30+00:00","author":"janstefanson","twitter_card":"summary_large_image","twitter_misc":{"Skriven av":"janstefanson","Ber\u00e4knad l\u00e4stid":"3 minuter"},"schema":{"@context":"https:\/\/schema.org","@graph":[{"@type":"Article","@id":"https:\/\/wp.kristdemokraterna.se\/janstefanson\/bra-for-valjarna\/#article","isPartOf":{"@id":"https:\/\/wp.kristdemokraterna.se\/janstefanson\/bra-for-valjarna\/"},"author":{"name":"janstefanson","@id":"https:\/\/wp.kristdemokraterna.se\/janstefanson\/#\/schema\/person\/f8122372f46f49cffa0c02a57c89b40f"},"headline":"Bra f\u00f6r v\u00e4ljarna!","datePublished":"2018-05-24T12:54:39+00:00","dateModified":"2018-05-24T12:57:30+00:00","mainEntityOfPage":{"@id":"https:\/\/wp.kristdemokraterna.se\/janstefanson\/bra-for-valjarna\/"},"wordCount":636,"inLanguage":"sv-SE"},{"@type":"WebPage","@id":"https:\/\/wp.kristdemokraterna.se\/janstefanson\/bra-for-valjarna\/","url":"https:\/\/wp.kristdemokraterna.se\/janstefanson\/bra-for-valjarna\/","name":"Bra f\u00f6r v\u00e4ljarna! - Jan Stefanson","isPartOf":{"@id":"https:\/\/wp.kristdemokraterna.se\/janstefanson\/#website"},"datePublished":"2018-05-24T12:54:39+00:00","dateModified":"2018-05-24T12:57:30+00:00","author":{"@id":"https:\/\/wp.kristdemokraterna.se\/janstefanson\/#\/schema\/person\/f8122372f46f49cffa0c02a57c89b40f"},"breadcrumb":{"@id":"https:\/\/wp.kristdemokraterna.se\/janstefanson\/bra-for-valjarna\/#breadcrumb"},"inLanguage":"sv-SE","potentialAction":[{"@type":"ReadAction","target":["https:\/\/wp.kristdemokraterna.se\/janstefanson\/bra-for-valjarna\/"]}]},{"@type":"BreadcrumbList","@id":"https:\/\/wp.kristdemokraterna.se\/janstefanson\/bra-for-valjarna\/#breadcrumb","itemListElement":[{"@type":"ListItem","position":1,"name":"Hem","item":"https:\/\/wp.kristdemokraterna.se\/janstefanson\/"},{"@type":"ListItem","position":2,"name":"Bra f\u00f6r v\u00e4ljarna!"}]},{"@type":"WebSite","@id":"https:\/\/wp.kristdemokraterna.se\/janstefanson\/#website","url":"https:\/\/wp.kristdemokraterna.se\/janstefanson\/","name":"Jan Stefanson","description":"En till Kristdemokraterna webbplats","inLanguage":"sv-SE"},{"@type":"Person","@id":"https:\/\/wp.kristdemokraterna.se\/janstefanson\/#\/schema\/person\/f8122372f46f49cffa0c02a57c89b40f","name":"janstefanson","image":{"@type":"ImageObject","inLanguage":"sv-SE","@id":"https:\/\/secure.gravatar.com\/avatar\/c8880da1e0ca1fb1fd99d661e99b32931e79d1537ef8441e71fc6630d4b6633c?s=96&r=g","url":"https:\/\/secure.gravatar.com\/avatar\/c8880da1e0ca1fb1fd99d661e99b32931e79d1537ef8441e71fc6630d4b6633c?s=96&r=g","contentUrl":"https:\/\/secure.gravatar.com\/avatar\/c8880da1e0ca1fb1fd99d661e99b32931e79d1537ef8441e71fc6630d4b6633c?s=96&r=g","caption":"janstefanson"},"url":"https:\/\/wp.kristdemokraterna.se\/janstefanson\/author\/janstefanson\/"}]}},"_links":{"self":[{"href":"https:\/\/wp.kristdemokraterna.se\/janstefanson\/wp-json\/wp\/v2\/posts\/927","targetHints":{"allow":["GET"]}}],"collection":[{"href":"https:\/\/wp.kristdemokraterna.se\/janstefanson\/wp-json\/wp\/v2\/posts"}],"about":[{"href":"https:\/\/wp.kristdemokraterna.se\/janstefanson\/wp-json\/wp\/v2\/types\/post"}],"author":[{"embeddable":true,"href":"https:\/\/wp.kristdemokraterna.se\/janstefanson\/wp-json\/wp\/v2\/users\/530"}],"replies":[{"embeddable":true,"href":"https:\/\/wp.kristdemokraterna.se\/janstefanson\/wp-json\/wp\/v2\/comments?post=927"}],"version-history":[{"count":3,"href":"https:\/\/wp.kristdemokraterna.se\/janstefanson\/wp-json\/wp\/v2\/posts\/927\/revisions"}],"predecessor-version":[{"id":931,"href":"https:\/\/wp.kristdemokraterna.se\/janstefanson\/wp-json\/wp\/v2\/posts\/927\/revisions\/931"}],"wp:attachment":[{"href":"https:\/\/wp.kristdemokraterna.se\/janstefanson\/wp-json\/wp\/v2\/media?parent=927"}],"wp:term":[{"taxonomy":"category","embeddable":true,"href":"https:\/\/wp.kristdemokraterna.se\/janstefanson\/wp-json\/wp\/v2\/categories?post=927"},{"taxonomy":"post_tag","embeddable":true,"href":"https:\/\/wp.kristdemokraterna.se\/janstefanson\/wp-json\/wp\/v2\/tags?post=927"}],"curies":[{"name":"wp","href":"https:\/\/api.w.org\/{rel}","templated":true}]}}