{"id":1011,"date":"2020-09-30T08:58:38","date_gmt":"2020-09-30T06:58:38","guid":{"rendered":"http:\/\/wp.kristdemokraterna.se\/jkpg\/?p=1011"},"modified":"2020-09-30T08:58:38","modified_gmt":"2020-09-30T06:58:38","slug":"nu-ska-butiker-fa-porta-tjuvar","status":"publish","type":"post","link":"https:\/\/wp.kristdemokraterna.se\/jkpg\/nu-ska-butiker-fa-porta-tjuvar\/","title":{"rendered":"NU SKA BUTIKER F\u00c5 PORTA TJUVAR!"},"content":{"rendered":"<div class=\"o9v6fnle cxmmr5t8 oygrvhab hcukyx3x c1et5uql ii04i59q\">\n<div dir=\"auto\">Regeringen l\u00e4gger nu fram ett f\u00f6rslag om att butiker ska kunna porta tjuvar. Det \u00e4r ett bra f\u00f6rslag, de fick det fr\u00e5n oss i KD som drivit fr\u00e5gan l\u00e4nge och tillsammans med en riksdagsmajoritet st\u00e4llt det kravet p\u00e5 regeringen. Socialdemokraterna, Milj\u00f6partiet och V\u00e4nsterpartiet stod d\u00e5 inte bakom f\u00f6rslaget.<\/div>\n<\/div>\n<div class=\"o9v6fnle cxmmr5t8 oygrvhab hcukyx3x c1et5uql ii04i59q\">\n<div dir=\"auto\">KD har upprepat kr\u00e4vt att lagstiftning beh\u00f6vs f\u00f6r att inf\u00f6ra ett tilltr\u00e4desf\u00f6rbud som stoppar m\u00e4nniskor som st\u00f6r ordningen och utg\u00f6r ett hot f\u00f6r butiker. Regeringen \u00e4r nu beredd att lagstifta.<\/div>\n<div dir=\"auto\">V\u00e5r partiledare Ebba Busch och v\u00e5r r\u00e4ttspolitiske talesperson Andreas Carlson har drivit p\u00e5 f\u00f6r att inf\u00f6ra ett tilltr\u00e4desf\u00f6rbud och kunna s\u00e4tta stopp f\u00f6r butikstjuvar. Vi har legat p\u00e5 regeringen i \u00e5ratal. Det viktigaste \u00e4r att nu snabbt f\u00e5 lagen p\u00e5 plats. Det har pratats l\u00e4nge nog.<\/div>\n<\/div>\n<div class=\"o9v6fnle cxmmr5t8 oygrvhab hcukyx3x c1et5uql ii04i59q\">\n<div dir=\"auto\">F\u00f6r att Sverige ska fungera m\u00e5ste politiker ta ansvar f\u00f6r basala ting som v\u00e5rd och trygghet. Det fungerar inte att oppositionen hela tiden ska beh\u00f6va skjuta regeringen framf\u00f6r sig f\u00f6r att n\u00e5got ska h\u00e4nda. Bara en ny regering kan ge Sverige det nya ledarskap som kr\u00e4vs.<\/div>\n<\/div>\n<div class=\"o9v6fnle cxmmr5t8 oygrvhab hcukyx3x c1et5uql ii04i59q\">\n<div dir=\"auto\">Bek\u00e4mpa brottsligheten. G\u00e5 med i KD!<\/div>\n<div dir=\"auto\"><a class=\"oajrlxb2 g5ia77u1 qu0x051f esr5mh6w e9989ue4 r7d6kgcz rq0escxv nhd2j8a9 nc684nl6 p7hjln8o kvgmc6g5 cxmmr5t8 oygrvhab hcukyx3x jb3vyjys rz4wbd8a qt6c0cv9 a8nywdso i1ao9s8h esuyzwwr f1sip0of lzcic4wl py34i1dx gpro0wi8\" role=\"link\" href=\"https:\/\/l.facebook.com\/l.php?u=http%3A%2F%2FKD.nu%2Fblimedlem%3Ffbclid%3DIwAR3q0RDwblQFRp4DrxCWpK6hyOAGLAfzqVmQOjX_nVeSie9M2PUB1r2zNE8&amp;h=AT3zn7jdxwfpuyo4AigS4UFrb1VequW3nCLCwxbb6N0NxKi4dVfjWeU0AF7wW4sohpR2sTVORlWanlNjU2jRDEawxVsN0-58CDfmzBh4sI8qejUHWKxjg_HqWQVswdM5IvHaBz83ag&amp;__tn__=-UK-R&amp;c[0]=AT0GsOX14bg4nooFX0tSh-YYdO4_V-ZGjgpPOhtkdVZ-oY8ZcjgEelV5GgUAYUpJxVvnprm51Hbz9voxZEn4KZ0pjqkpvOwfCpyYG_ZI52UdjbJKB2Ac5dPhj5pv340Rmu1rLA7RAiHSocZ55ylQF_UjJt_pvXYirAxULaIstmi5RV7STb8vkX8PWyZk\" target=\"_blank\" rel=\"nofollow noopener noreferrer\">KD.nu\/blimedlem<\/a><\/div>\n<\/div>\n","protected":false},"excerpt":{"rendered":"<p>Regeringen l\u00e4gger nu fram ett f\u00f6rslag om att butiker ska kunna porta tjuvar. Det \u00e4r ett bra f\u00f6rslag, de fick det fr\u00e5n oss i KD som drivit fr\u00e5gan l\u00e4nge och tillsammans med en riksdagsmajoritet st\u00e4llt det kravet p\u00e5 regeringen. Socialdemokraterna, Milj\u00f6partiet och V\u00e4nsterpartiet stod d\u00e5 inte bakom f\u00f6rslaget. KD har upprepat kr\u00e4vt att lagstiftning beh\u00f6vs <a class=\"read-more-link\" href=\"https:\/\/wp.kristdemokraterna.se\/jkpg\/nu-ska-butiker-fa-porta-tjuvar\/\">Read More<\/a><\/p>\n","protected":false},"author":895,"featured_media":0,"comment_status":"closed","ping_status":"closed","sticky":false,"template":"","format":"standard","meta":{"_acf_changed":false,"footnotes":""},"categories":[5],"tags":[],"class_list":["post-1011","post","type-post","status-publish","format-standard","hentry","category-i-regionen"],"acf":[],"yoast_head":"<!-- This site is optimized with the Yoast SEO plugin v27.4 - https:\/\/yoast.com\/product\/yoast-seo-wordpress\/ -->\n<title>NU SKA BUTIKER F\u00c5 PORTA TJUVAR! - J\u00f6nk\u00f6pings kommun<\/title>\n<meta name=\"robots\" content=\"index, follow, max-snippet:-1, max-image-preview:large, max-video-preview:-1\" \/>\n<link rel=\"canonical\" href=\"https:\/\/wp.kristdemokraterna.se\/jkpg\/nu-ska-butiker-fa-porta-tjuvar\/\" \/>\n<meta property=\"og:locale\" content=\"sv_SE\" \/>\n<meta property=\"og:type\" content=\"article\" \/>\n<meta property=\"og:title\" content=\"NU SKA BUTIKER F\u00c5 PORTA TJUVAR! - J\u00f6nk\u00f6pings kommun\" \/>\n<meta property=\"og:description\" content=\"Regeringen l\u00e4gger nu fram ett f\u00f6rslag om att butiker ska kunna porta tjuvar. Det \u00e4r ett bra f\u00f6rslag, de fick det fr\u00e5n oss i KD som drivit fr\u00e5gan l\u00e4nge och tillsammans med en riksdagsmajoritet st\u00e4llt det kravet p\u00e5 regeringen. Socialdemokraterna, Milj\u00f6partiet och V\u00e4nsterpartiet stod d\u00e5 inte bakom f\u00f6rslaget. KD har upprepat kr\u00e4vt att lagstiftning beh\u00f6vs Read More\" \/>\n<meta property=\"og:url\" content=\"https:\/\/wp.kristdemokraterna.se\/jkpg\/nu-ska-butiker-fa-porta-tjuvar\/\" \/>\n<meta property=\"og:site_name\" content=\"J\u00f6nk\u00f6pings kommun\" \/>\n<meta property=\"article:published_time\" content=\"2020-09-30T06:58:38+00:00\" \/>\n<meta name=\"author\" content=\"Ombudsman\" \/>\n<meta name=\"twitter:card\" content=\"summary_large_image\" \/>\n<meta name=\"twitter:label1\" content=\"Skriven av\" \/>\n\t<meta name=\"twitter:data1\" content=\"Ombudsman\" \/>\n\t<meta name=\"twitter:label2\" content=\"Ber\u00e4knad l\u00e4stid\" \/>\n\t<meta name=\"twitter:data2\" content=\"1 minut\" \/>\n<script type=\"application\/ld+json\" class=\"yoast-schema-graph\">{\"@context\":\"https:\\\/\\\/schema.org\",\"@graph\":[{\"@type\":\"Article\",\"@id\":\"https:\\\/\\\/wp.kristdemokraterna.se\\\/jkpg\\\/nu-ska-butiker-fa-porta-tjuvar\\\/#article\",\"isPartOf\":{\"@id\":\"https:\\\/\\\/wp.kristdemokraterna.se\\\/jkpg\\\/nu-ska-butiker-fa-porta-tjuvar\\\/\"},\"author\":{\"name\":\"Ombudsman\",\"@id\":\"https:\\\/\\\/wp.kristdemokraterna.se\\\/jkpg\\\/#\\\/schema\\\/person\\\/3d118357d9ae6c07ef96d211c7737d64\"},\"headline\":\"NU SKA BUTIKER F\u00c5 PORTA TJUVAR!\",\"datePublished\":\"2020-09-30T06:58:38+00:00\",\"mainEntityOfPage\":{\"@id\":\"https:\\\/\\\/wp.kristdemokraterna.se\\\/jkpg\\\/nu-ska-butiker-fa-porta-tjuvar\\\/\"},\"wordCount\":226,\"articleSection\":[\"I Regionen\"],\"inLanguage\":\"sv-SE\"},{\"@type\":\"WebPage\",\"@id\":\"https:\\\/\\\/wp.kristdemokraterna.se\\\/jkpg\\\/nu-ska-butiker-fa-porta-tjuvar\\\/\",\"url\":\"https:\\\/\\\/wp.kristdemokraterna.se\\\/jkpg\\\/nu-ska-butiker-fa-porta-tjuvar\\\/\",\"name\":\"NU SKA BUTIKER F\u00c5 PORTA TJUVAR! - J\u00f6nk\u00f6pings kommun\",\"isPartOf\":{\"@id\":\"https:\\\/\\\/wp.kristdemokraterna.se\\\/jkpg\\\/#website\"},\"datePublished\":\"2020-09-30T06:58:38+00:00\",\"author\":{\"@id\":\"https:\\\/\\\/wp.kristdemokraterna.se\\\/jkpg\\\/#\\\/schema\\\/person\\\/3d118357d9ae6c07ef96d211c7737d64\"},\"breadcrumb\":{\"@id\":\"https:\\\/\\\/wp.kristdemokraterna.se\\\/jkpg\\\/nu-ska-butiker-fa-porta-tjuvar\\\/#breadcrumb\"},\"inLanguage\":\"sv-SE\",\"potentialAction\":[{\"@type\":\"ReadAction\",\"target\":[\"https:\\\/\\\/wp.kristdemokraterna.se\\\/jkpg\\\/nu-ska-butiker-fa-porta-tjuvar\\\/\"]}]},{\"@type\":\"BreadcrumbList\",\"@id\":\"https:\\\/\\\/wp.kristdemokraterna.se\\\/jkpg\\\/nu-ska-butiker-fa-porta-tjuvar\\\/#breadcrumb\",\"itemListElement\":[{\"@type\":\"ListItem\",\"position\":1,\"name\":\"Hem\",\"item\":\"https:\\\/\\\/wp.kristdemokraterna.se\\\/jkpg\\\/\"},{\"@type\":\"ListItem\",\"position\":2,\"name\":\"NU SKA BUTIKER F\u00c5 PORTA TJUVAR!\"}]},{\"@type\":\"WebSite\",\"@id\":\"https:\\\/\\\/wp.kristdemokraterna.se\\\/jkpg\\\/#website\",\"url\":\"https:\\\/\\\/wp.kristdemokraterna.se\\\/jkpg\\\/\",\"name\":\"J\u00f6nk\u00f6pings kommun\",\"description\":\"F\u00f6r familjen och f\u00f6retagsamheten!\",\"inLanguage\":\"sv-SE\"},{\"@type\":\"Person\",\"@id\":\"https:\\\/\\\/wp.kristdemokraterna.se\\\/jkpg\\\/#\\\/schema\\\/person\\\/3d118357d9ae6c07ef96d211c7737d64\",\"name\":\"Ombudsman\",\"image\":{\"@type\":\"ImageObject\",\"inLanguage\":\"sv-SE\",\"@id\":\"https:\\\/\\\/secure.gravatar.com\\\/avatar\\\/2df310d6c5d618cc1e0f351f07bacf998ec912dee3b82eab3b724ae7a26b4bf5?s=96&d=mm&r=g\",\"url\":\"https:\\\/\\\/secure.gravatar.com\\\/avatar\\\/2df310d6c5d618cc1e0f351f07bacf998ec912dee3b82eab3b724ae7a26b4bf5?s=96&d=mm&r=g\",\"contentUrl\":\"https:\\\/\\\/secure.gravatar.com\\\/avatar\\\/2df310d6c5d618cc1e0f351f07bacf998ec912dee3b82eab3b724ae7a26b4bf5?s=96&d=mm&r=g\",\"caption\":\"Ombudsman\"},\"url\":\"https:\\\/\\\/wp.kristdemokraterna.se\\\/jkpg\\\/author\\\/antonvahlstrom\\\/\"}]}<\/script>\n<!-- \/ Yoast SEO plugin. -->","yoast_head_json":{"title":"NU SKA BUTIKER F\u00c5 PORTA TJUVAR! - J\u00f6nk\u00f6pings kommun","robots":{"index":"index","follow":"follow","max-snippet":"max-snippet:-1","max-image-preview":"max-image-preview:large","max-video-preview":"max-video-preview:-1"},"canonical":"https:\/\/wp.kristdemokraterna.se\/jkpg\/nu-ska-butiker-fa-porta-tjuvar\/","og_locale":"sv_SE","og_type":"article","og_title":"NU SKA BUTIKER F\u00c5 PORTA TJUVAR! - J\u00f6nk\u00f6pings kommun","og_description":"Regeringen l\u00e4gger nu fram ett f\u00f6rslag om att butiker ska kunna porta tjuvar. Det \u00e4r ett bra f\u00f6rslag, de fick det fr\u00e5n oss i KD som drivit fr\u00e5gan l\u00e4nge och tillsammans med en riksdagsmajoritet st\u00e4llt det kravet p\u00e5 regeringen. Socialdemokraterna, Milj\u00f6partiet och V\u00e4nsterpartiet stod d\u00e5 inte bakom f\u00f6rslaget. KD har upprepat kr\u00e4vt att lagstiftning beh\u00f6vs Read More","og_url":"https:\/\/wp.kristdemokraterna.se\/jkpg\/nu-ska-butiker-fa-porta-tjuvar\/","og_site_name":"J\u00f6nk\u00f6pings kommun","article_published_time":"2020-09-30T06:58:38+00:00","author":"Ombudsman","twitter_card":"summary_large_image","twitter_misc":{"Skriven av":"Ombudsman","Ber\u00e4knad l\u00e4stid":"1 minut"},"schema":{"@context":"https:\/\/schema.org","@graph":[{"@type":"Article","@id":"https:\/\/wp.kristdemokraterna.se\/jkpg\/nu-ska-butiker-fa-porta-tjuvar\/#article","isPartOf":{"@id":"https:\/\/wp.kristdemokraterna.se\/jkpg\/nu-ska-butiker-fa-porta-tjuvar\/"},"author":{"name":"Ombudsman","@id":"https:\/\/wp.kristdemokraterna.se\/jkpg\/#\/schema\/person\/3d118357d9ae6c07ef96d211c7737d64"},"headline":"NU SKA BUTIKER F\u00c5 PORTA TJUVAR!","datePublished":"2020-09-30T06:58:38+00:00","mainEntityOfPage":{"@id":"https:\/\/wp.kristdemokraterna.se\/jkpg\/nu-ska-butiker-fa-porta-tjuvar\/"},"wordCount":226,"articleSection":["I Regionen"],"inLanguage":"sv-SE"},{"@type":"WebPage","@id":"https:\/\/wp.kristdemokraterna.se\/jkpg\/nu-ska-butiker-fa-porta-tjuvar\/","url":"https:\/\/wp.kristdemokraterna.se\/jkpg\/nu-ska-butiker-fa-porta-tjuvar\/","name":"NU SKA BUTIKER F\u00c5 PORTA TJUVAR! - J\u00f6nk\u00f6pings kommun","isPartOf":{"@id":"https:\/\/wp.kristdemokraterna.se\/jkpg\/#website"},"datePublished":"2020-09-30T06:58:38+00:00","author":{"@id":"https:\/\/wp.kristdemokraterna.se\/jkpg\/#\/schema\/person\/3d118357d9ae6c07ef96d211c7737d64"},"breadcrumb":{"@id":"https:\/\/wp.kristdemokraterna.se\/jkpg\/nu-ska-butiker-fa-porta-tjuvar\/#breadcrumb"},"inLanguage":"sv-SE","potentialAction":[{"@type":"ReadAction","target":["https:\/\/wp.kristdemokraterna.se\/jkpg\/nu-ska-butiker-fa-porta-tjuvar\/"]}]},{"@type":"BreadcrumbList","@id":"https:\/\/wp.kristdemokraterna.se\/jkpg\/nu-ska-butiker-fa-porta-tjuvar\/#breadcrumb","itemListElement":[{"@type":"ListItem","position":1,"name":"Hem","item":"https:\/\/wp.kristdemokraterna.se\/jkpg\/"},{"@type":"ListItem","position":2,"name":"NU SKA BUTIKER F\u00c5 PORTA TJUVAR!"}]},{"@type":"WebSite","@id":"https:\/\/wp.kristdemokraterna.se\/jkpg\/#website","url":"https:\/\/wp.kristdemokraterna.se\/jkpg\/","name":"J\u00f6nk\u00f6pings kommun","description":"F\u00f6r familjen och f\u00f6retagsamheten!","inLanguage":"sv-SE"},{"@type":"Person","@id":"https:\/\/wp.kristdemokraterna.se\/jkpg\/#\/schema\/person\/3d118357d9ae6c07ef96d211c7737d64","name":"Ombudsman","image":{"@type":"ImageObject","inLanguage":"sv-SE","@id":"https:\/\/secure.gravatar.com\/avatar\/2df310d6c5d618cc1e0f351f07bacf998ec912dee3b82eab3b724ae7a26b4bf5?s=96&d=mm&r=g","url":"https:\/\/secure.gravatar.com\/avatar\/2df310d6c5d618cc1e0f351f07bacf998ec912dee3b82eab3b724ae7a26b4bf5?s=96&d=mm&r=g","contentUrl":"https:\/\/secure.gravatar.com\/avatar\/2df310d6c5d618cc1e0f351f07bacf998ec912dee3b82eab3b724ae7a26b4bf5?s=96&d=mm&r=g","caption":"Ombudsman"},"url":"https:\/\/wp.kristdemokraterna.se\/jkpg\/author\/antonvahlstrom\/"}]}},"_links":{"self":[{"href":"https:\/\/wp.kristdemokraterna.se\/jkpg\/wp-json\/wp\/v2\/posts\/1011","targetHints":{"allow":["GET"]}}],"collection":[{"href":"https:\/\/wp.kristdemokraterna.se\/jkpg\/wp-json\/wp\/v2\/posts"}],"about":[{"href":"https:\/\/wp.kristdemokraterna.se\/jkpg\/wp-json\/wp\/v2\/types\/post"}],"author":[{"embeddable":true,"href":"https:\/\/wp.kristdemokraterna.se\/jkpg\/wp-json\/wp\/v2\/users\/895"}],"replies":[{"embeddable":true,"href":"https:\/\/wp.kristdemokraterna.se\/jkpg\/wp-json\/wp\/v2\/comments?post=1011"}],"version-history":[{"count":1,"href":"https:\/\/wp.kristdemokraterna.se\/jkpg\/wp-json\/wp\/v2\/posts\/1011\/revisions"}],"predecessor-version":[{"id":1013,"href":"https:\/\/wp.kristdemokraterna.se\/jkpg\/wp-json\/wp\/v2\/posts\/1011\/revisions\/1013"}],"wp:attachment":[{"href":"https:\/\/wp.kristdemokraterna.se\/jkpg\/wp-json\/wp\/v2\/media?parent=1011"}],"wp:term":[{"taxonomy":"category","embeddable":true,"href":"https:\/\/wp.kristdemokraterna.se\/jkpg\/wp-json\/wp\/v2\/categories?post=1011"},{"taxonomy":"post_tag","embeddable":true,"href":"https:\/\/wp.kristdemokraterna.se\/jkpg\/wp-json\/wp\/v2\/tags?post=1011"}],"curies":[{"name":"wp","href":"https:\/\/api.w.org\/{rel}","templated":true}]}}