{"id":1219,"date":"2022-09-06T09:30:50","date_gmt":"2022-09-06T07:30:50","guid":{"rendered":"https:\/\/wp.kristdemokraterna.se\/jkpg\/?p=1219"},"modified":"2022-09-06T09:31:21","modified_gmt":"2022-09-06T07:31:21","slug":"valmanifest","status":"publish","type":"post","link":"https:\/\/wp.kristdemokraterna.se\/jkpg\/valmanifest\/","title":{"rendered":"Valmanifest 2022"},"content":{"rendered":"<p style=\"font-weight: 400\">Kristdemokraterna \u00e4r ett id\u00e9- och v\u00e4rdeorienterat parti vars m\u00e5l \u00e4r att i betydande grad p\u00e5verka samh\u00e4llsutvecklingen utifr\u00e5n den kristdemokratiska id\u00e9traditionen, uttryckt i partiets principprogram.<\/p>\n<p style=\"font-weight: 400\">Kristdemokraterna vill verka f\u00f6r ett samh\u00e4lle d\u00e4r varje person ges f\u00f6ruts\u00e4ttningar att forma sitt eget liv och efterstr\u00e4va sin fulla potential. Det \u00e4r inget som g\u00f6rs i ensamhet, vi \u00e4r alla beroende av gemenskap f\u00f6r att utvecklas som personer.<\/p>\n<p style=\"font-weight: 400\">Friheten och m\u00f6jligheten att forma v\u00e5ra egna liv \u00e4r alltid v\u00e4rd att f\u00f6rsvara. Men i en tid som ofta pr\u00e4glas av kortsiktighet och egoism \u00e4r det v\u00e4rt att p\u00e5minna om att friheten f\u00f6ruts\u00e4tter ansvar \u2013 f\u00f6r v\u00e5ra egna liv, men ocks\u00e5 f\u00f6r andras.<\/p>\n<p style=\"font-weight: 400\">Tillit, sammanh\u00e5llning och gemensamma v\u00e4rden \u00e4r v\u00e5rt samh\u00e4lles stora dolda tillg\u00e5ngar. Det \u00e4r tillg\u00e5ngar som inte kan dikteras fram genom politiska beslut. De v\u00e4xer fram och f\u00f6rvaltas i familjer, i m\u00f6ten mellan m\u00e4nniskor, i f\u00f6reningslivet, i kyrkor och samfund, p\u00e5 arbetsplatser \u2013 ja, d\u00e4r m\u00e4nniskor m\u00f6ts och tillsammans arbetar f\u00f6r gemensamma m\u00e5l.<\/p>\n<p style=\"font-weight: 400\">En utmaning som nu tonar fram \u00e4r att olika grupper lever sina liv allt mer \u00e5tskilda fr\u00e5n varandra. Kilar spr\u00e4ngs in i samh\u00e4llsgemenskapen. V\u00e4rdegemenskapen hotas och polariseringen riskerar att \u00f6ka, vilket fr\u00e4mjar politiska krafter som st\u00e4ller grupp mot grupp. Vi tar m\u00e4nniskors oro inf\u00f6r samh\u00e4llsutvecklingen p\u00e5 allvar och f\u00f6resl\u00e5r reformer som st\u00e5r i relation till problemens omfattning, och sprider p\u00e5 s\u00e5 s\u00e4tt hopp inf\u00f6r framtiden.<\/p>\n<p style=\"font-weight: 400\">Vi vill bygga en kommun som h\u00e5ller samman. D\u00e4r inte grupp st\u00e4lls mot grupp. F\u00f6r att h\u00e5lla samman Sverige \u00e4r det civila samh\u00e4llet oumb\u00e4rligt. Vi tror p\u00e5 m\u00e4nniskors kraft. D\u00e4rf\u00f6r beh\u00f6vs m\u00f6tesplatser f\u00f6r m\u00e4nniskor med olika bakgrund och det beh\u00f6vs tid f\u00f6r gemenskap. Det beh\u00f6vs mindre av politisk misstro mot m\u00e4nniskors, familjers och det civila samh\u00e4llets egen f\u00f6rm\u00e5ga.<\/p>\n<p style=\"font-weight: 400\">Friheten, v\u00e4lst\u00e5ndet och tryggheten i Sverige \u00e4r oss inte givna av naturen, och kan inte tas f\u00f6r givna. Det bygger p\u00e5 gemensamt arbete, p\u00e5 f\u00f6rkovran, f\u00f6retagsamhet, anstr\u00e4ngning, ansvarstagande, medm\u00e4nsklighet och f\u00f6rvaltarskap. Att fostra och s\u00f6rja f\u00f6r omsorgen om den uppv\u00e4xande generationen \u00e4r ett l\u00e5ngsiktigt arbete f\u00f6r att bygga ett tryggt, v\u00e4lm\u00e5ende och fritt samh\u00e4lle, \u00e4ven i framtiden.<\/p>\n<p style=\"font-weight: 400\">Ett gott samh\u00e4lle byggs inte enbart p\u00e5 arbete. Det beh\u00f6vs ocks\u00e5 en insikt om de grundl\u00e4ggande v\u00e4rdenas betydelse och om politikens uppdrag att v\u00e4rna liv, h\u00e4lsa, kunskap, sanning, frihet och en h\u00e5llbar milj\u00f6. Det beh\u00f6vs ocks\u00e5 tid f\u00f6r relationer och tid f\u00f6r gemenskap. Vi vill verka f\u00f6r ett samh\u00e4lle som f\u00f6renar frihet med gemenskap och socialt ansvarstagande. Ett samh\u00e4lle byggt p\u00e5 en etik och p\u00e5 v\u00e4rderingar som h\u00e5ller \u00f6ver tid \u2013 ansvarsfullhet, f\u00f6rvaltarskap, hederlighet, m\u00e5ttfullhet och medm\u00e4nsklighet.<\/p>\n<p style=\"font-weight: 400\"><strong>V\u00e5ra viktigaste valfr\u00e5gor:<\/strong><\/p>\n<p style=\"font-weight: 400\"><strong>Skola, utbildning och arbetsmarknad<\/strong><\/p>\n<p style=\"font-weight: 400\">-Minska barngruppernas storlek i f\u00f6rskolan och \u00f6ka personalt\u00e4theten<\/p>\n<p style=\"font-weight: 400\">-Kommunens ska se positivt p\u00e5 valfrihet inom gymnasieskolan<\/p>\n<p style=\"font-weight: 400\">-Inf\u00f6r en elevh\u00e4lsogaranti<\/p>\n<p style=\"font-weight: 400\">-\u00d6kade insatser f\u00f6r att minska skolfr\u00e5nvaron<\/p>\n<p style=\"font-weight: 400\">-F\u00f6rb\u00e4ttra villkoren f\u00f6r familjedaghemmen<\/p>\n<p style=\"font-weight: 400\">-F\u00f6rst\u00e4rk arbetsmarknadsinsatserna f\u00f6r f\u00e5 fler i arbete<\/p>\n<p style=\"font-weight: 400\">-F\u00f6rst\u00e4rk resurserna f\u00f6r att m\u00f6ta elever med s\u00e4rskilda behov<\/p>\n<p style=\"font-weight: 400\">-Tillse att varje skoldag inneh\u00e5ller r\u00f6relse och fysisk aktivitet<\/p>\n<p style=\"font-weight: 400\">-Utveckla studie- och yrkesv\u00e4gledningen<\/p>\n<p style=\"font-weight: 400\"><strong>Socialtj\u00e4nst<\/strong><\/p>\n<p style=\"font-weight: 400\">-Tillskapa fler \u00e4ldreboendeplatser och inf\u00f6r en \u00e4ldreboendegaranti<\/p>\n<p style=\"font-weight: 400\">-Inf\u00f6r sk helgaktiverare inom funktionshinderomsorgen<\/p>\n<p style=\"font-weight: 400\">-\u00d6ka och utveckla f\u00f6r\u00e4ldrast\u00f6det<\/p>\n<p style=\"font-weight: 400\">-Inf\u00f6r v\u00e5rdn\u00e4ra servicetj\u00e4nster<\/p>\n<p style=\"font-weight: 400\">-Anst\u00e4ll kontaktpersoner p\u00e5 heltid<\/p>\n<p style=\"font-weight: 400\">-Bevara Ekhagens g\u00e4sthem samt tillskapa ytterligare ett g\u00e4sthem<\/p>\n<p style=\"font-weight: 400\">-F\u00f6rb\u00e4ttra f\u00f6ruts\u00e4ttningarna f\u00f6r parasport<\/p>\n<p style=\"font-weight: 400\">-Minska beroendet av f\u00f6rs\u00f6rjningsst\u00f6d genom arbetsmarknadsinsatser<\/p>\n<p style=\"font-weight: 400\">-Forts\u00e4tt erbjuda matl\u00e5dor med varm mat inom hemtj\u00e4nsten<\/p>\n<p style=\"font-weight: 400\">-Ut\u00f6ka antalet familjecentraler d\u00e5 kommunen v\u00e4xer<\/p>\n<p style=\"font-weight: 400\">-Erbjud fler personer med en funktionsneds\u00e4ttning arbete i kommunen<\/p>\n<p style=\"font-weight: 400\">-Utveckla daglig verksamhet f\u00f6r att kunna erbjuda ett bredare utbud<\/p>\n<p style=\"font-weight: 400\">-\u00d6ka allm\u00e4nhetens kunskap om demens<\/p>\n<p style=\"font-weight: 400\">-Personer med funktionsneds\u00e4ttning ska ha en sj\u00e4lvklar tillg\u00e5ng till kultur- och fritidsutbud<\/p>\n<p style=\"font-weight: 400\">-\u00d6ka samverkan med det civila samh\u00e4llet via sk IOP<\/p>\n<p style=\"font-weight: 400\"><strong>V\u00e5r fysiska milj\u00f6<\/strong><\/p>\n<p style=\"font-weight: 400\">-Minska trafikproblem och tr\u00e4ngsel<\/p>\n<p style=\"font-weight: 400\">-Erbjud fler tomter f\u00f6r villabebyggelse. Kommunen ska erbjuda minst 100 singeltomter per \u00e5r<\/p>\n<p style=\"font-weight: 400\">-\u00d6ka kommunens markkapacitet f\u00f6r bost\u00e4der och verksamheter<\/p>\n<p style=\"font-weight: 400\">-Utveckla delar av Jordbron till J\u00f6nk\u00f6pings central park<\/p>\n<p style=\"font-weight: 400\">-F\u00f6rst\u00e4rk arbetet med att utreda och sanera f\u00f6rorenad mark<\/p>\n<p style=\"font-weight: 400\">-Utveckla metoder f\u00f6r \u00f6kat \u00e5terbruk<\/p>\n<p style=\"font-weight: 400\">-L\u00e5t staden f\u00e5 v\u00e4xa ut\u00e5t och bygg nya bost\u00e4der i alla kommundelar<\/p>\n<p style=\"font-weight: 400\">-\u00d6kad belysning p\u00e5 offentliga platser som upplevs som otrygga<\/p>\n<p style=\"font-weight: 400\">-Inf\u00f6r en s\u00e4rskild trafikst\u00f6rningsavgift<\/p>\n<p style=\"font-weight: 400\">-Bromsa klimatf\u00f6r\u00e4ndringarna genom v\u00e5tmarksarbete<\/p>\n<p style=\"font-weight: 400\">-Efterstr\u00e4va en \u00f6kad andel n\u00e4rproducerade livsmedel i kommunens m\u00e5ltidsverksamheter<\/p>\n<p style=\"font-weight: 400\">-Skapa en sammanh\u00e5llen strategi f\u00f6r cykelv\u00e4gar<\/p>\n<p style=\"font-weight: 400\">-G\u00f6r V\u00e4tterns str\u00e4nder mer tillg\u00e4ngliga f\u00f6r aktiviteter \u00e5ret om<\/p>\n<p style=\"font-weight: 400\">-F\u00f6rb\u00e4ttra vinterv\u00e4gh\u00e5llningen p\u00e5 g\u00e5ng- och cykelv\u00e4gar<\/p>\n<p style=\"font-weight: 400\">-Ut\u00f6ka FNI med insamling av textilier<\/p>\n<p style=\"font-weight: 400\"><strong>Fritid och kultur<\/strong><\/p>\n<p style=\"font-weight: 400\">-Tillg\u00e4ngligg\u00f6r fler kommunala lokaler f\u00f6r f\u00f6reningslivet<\/p>\n<p style=\"font-weight: 400\">-H\u00f6j f\u00f6reningsbidragen<\/p>\n<p style=\"font-weight: 400\">-\u00d6ka antalet platser f\u00f6r spontanidrott<\/p>\n<p style=\"font-weight: 400\">-Kulturskolan ska vara en prioriterad del i kommunens barn- och ungdomsverksamhet<\/p>\n<p style=\"font-weight: 400\">-Kultur ska erbjudas p\u00e5 \u00e4ldreboenden i samverkan med kulturinstitutioner och civilsamh\u00e4lle<\/p>\n<p style=\"font-weight: 400\"><strong>\u00d6vergripande fr\u00e5gor<\/strong><\/p>\n<p style=\"font-weight: 400\">-Bibeh\u00e5llen skatteniv\u00e5. \u00d6verskott ska anv\u00e4ndas f\u00f6r att minska l\u00e5neskulden<\/p>\n<p style=\"font-weight: 400\">-\u00d6ka digitalisering av kommunal verksamhet<\/p>\n<p style=\"font-weight: 400\">-Ta bort en del av de lokala s\u00e4rkrav i upphandlingar som medf\u00f6r f\u00f6rdyringar<\/p>\n<p style=\"font-weight: 400\">-Nej till nytt, dyrt stadshus. Satsa p\u00e5 hubbar<\/p>\n<p style=\"font-weight: 400\">-Minska antalet kommunala bilar<\/p>\n<p style=\"font-weight: 400\">-\u00d6ka resurserna f\u00f6r att utveckla den kommunala f\u00f6rm\u00e5gan att hantera kris och krig<\/p>\n<p style=\"font-weight: 400\">-Anst\u00e4ll kommunala poliser om m\u00f6jligheten skapas<\/p>\n","protected":false},"excerpt":{"rendered":"<p>Kristdemokraterna \u00e4r ett id\u00e9- och v\u00e4rdeorienterat parti vars m\u00e5l \u00e4r att i betydande grad p\u00e5verka samh\u00e4llsutvecklingen utifr\u00e5n den kristdemokratiska id\u00e9traditionen, uttryckt i partiets principprogram. Kristdemokraterna vill verka f\u00f6r ett samh\u00e4lle d\u00e4r varje person ges f\u00f6ruts\u00e4ttningar att forma sitt eget liv och efterstr\u00e4va sin fulla potential. Det \u00e4r inget som g\u00f6rs i ensamhet, vi \u00e4r alla <a class=\"read-more-link\" href=\"https:\/\/wp.kristdemokraterna.se\/jkpg\/valmanifest\/\">Read More<\/a><\/p>\n","protected":false},"author":895,"featured_media":0,"comment_status":"closed","ping_status":"closed","sticky":false,"template":"","format":"standard","meta":{"_acf_changed":false,"footnotes":""},"categories":[4,3],"tags":[],"class_list":["post-1219","post","type-post","status-publish","format-standard","hentry","category-i-kommunen","category-var-politik"],"acf":[],"yoast_head":"<!-- This site is optimized with the Yoast SEO plugin v27.5 - https:\/\/yoast.com\/product\/yoast-seo-wordpress\/ -->\n<title>Valmanifest 2022 - J\u00f6nk\u00f6pings kommun<\/title>\n<meta name=\"robots\" content=\"index, follow, max-snippet:-1, max-image-preview:large, max-video-preview:-1\" \/>\n<link rel=\"canonical\" href=\"https:\/\/wp.kristdemokraterna.se\/jkpg\/valmanifest\/\" \/>\n<meta property=\"og:locale\" content=\"sv_SE\" \/>\n<meta property=\"og:type\" content=\"article\" \/>\n<meta property=\"og:title\" content=\"Valmanifest 2022 - J\u00f6nk\u00f6pings kommun\" \/>\n<meta property=\"og:description\" content=\"Kristdemokraterna \u00e4r ett id\u00e9- och v\u00e4rdeorienterat parti vars m\u00e5l \u00e4r att i betydande grad p\u00e5verka samh\u00e4llsutvecklingen utifr\u00e5n den kristdemokratiska id\u00e9traditionen, uttryckt i partiets principprogram. Kristdemokraterna vill verka f\u00f6r ett samh\u00e4lle d\u00e4r varje person ges f\u00f6ruts\u00e4ttningar att forma sitt eget liv och efterstr\u00e4va sin fulla potential. Det \u00e4r inget som g\u00f6rs i ensamhet, vi \u00e4r alla Read More\" \/>\n<meta property=\"og:url\" content=\"https:\/\/wp.kristdemokraterna.se\/jkpg\/valmanifest\/\" \/>\n<meta property=\"og:site_name\" content=\"J\u00f6nk\u00f6pings kommun\" \/>\n<meta property=\"article:published_time\" content=\"2022-09-06T07:30:50+00:00\" \/>\n<meta property=\"article:modified_time\" content=\"2022-09-06T07:31:21+00:00\" \/>\n<meta name=\"author\" content=\"Ombudsman\" \/>\n<meta name=\"twitter:card\" content=\"summary_large_image\" \/>\n<meta name=\"twitter:label1\" content=\"Skriven av\" \/>\n\t<meta name=\"twitter:data1\" content=\"Ombudsman\" \/>\n\t<meta name=\"twitter:label2\" content=\"Ber\u00e4knad l\u00e4stid\" \/>\n\t<meta name=\"twitter:data2\" content=\"5 minuter\" \/>\n<script type=\"application\/ld+json\" class=\"yoast-schema-graph\">{\"@context\":\"https:\\\/\\\/schema.org\",\"@graph\":[{\"@type\":\"Article\",\"@id\":\"https:\\\/\\\/wp.kristdemokraterna.se\\\/jkpg\\\/valmanifest\\\/#article\",\"isPartOf\":{\"@id\":\"https:\\\/\\\/wp.kristdemokraterna.se\\\/jkpg\\\/valmanifest\\\/\"},\"author\":{\"name\":\"Ombudsman\",\"@id\":\"https:\\\/\\\/wp.kristdemokraterna.se\\\/jkpg\\\/#\\\/schema\\\/person\\\/3d118357d9ae6c07ef96d211c7737d64\"},\"headline\":\"Valmanifest 2022\",\"datePublished\":\"2022-09-06T07:30:50+00:00\",\"dateModified\":\"2022-09-06T07:31:21+00:00\",\"mainEntityOfPage\":{\"@id\":\"https:\\\/\\\/wp.kristdemokraterna.se\\\/jkpg\\\/valmanifest\\\/\"},\"wordCount\":1027,\"articleSection\":[\"I Kommunen\",\"V\u00e5r politik\"],\"inLanguage\":\"sv-SE\"},{\"@type\":\"WebPage\",\"@id\":\"https:\\\/\\\/wp.kristdemokraterna.se\\\/jkpg\\\/valmanifest\\\/\",\"url\":\"https:\\\/\\\/wp.kristdemokraterna.se\\\/jkpg\\\/valmanifest\\\/\",\"name\":\"Valmanifest 2022 - J\u00f6nk\u00f6pings kommun\",\"isPartOf\":{\"@id\":\"https:\\\/\\\/wp.kristdemokraterna.se\\\/jkpg\\\/#website\"},\"datePublished\":\"2022-09-06T07:30:50+00:00\",\"dateModified\":\"2022-09-06T07:31:21+00:00\",\"author\":{\"@id\":\"https:\\\/\\\/wp.kristdemokraterna.se\\\/jkpg\\\/#\\\/schema\\\/person\\\/3d118357d9ae6c07ef96d211c7737d64\"},\"breadcrumb\":{\"@id\":\"https:\\\/\\\/wp.kristdemokraterna.se\\\/jkpg\\\/valmanifest\\\/#breadcrumb\"},\"inLanguage\":\"sv-SE\",\"potentialAction\":[{\"@type\":\"ReadAction\",\"target\":[\"https:\\\/\\\/wp.kristdemokraterna.se\\\/jkpg\\\/valmanifest\\\/\"]}]},{\"@type\":\"BreadcrumbList\",\"@id\":\"https:\\\/\\\/wp.kristdemokraterna.se\\\/jkpg\\\/valmanifest\\\/#breadcrumb\",\"itemListElement\":[{\"@type\":\"ListItem\",\"position\":1,\"name\":\"Hem\",\"item\":\"https:\\\/\\\/wp.kristdemokraterna.se\\\/jkpg\\\/\"},{\"@type\":\"ListItem\",\"position\":2,\"name\":\"Valmanifest 2022\"}]},{\"@type\":\"WebSite\",\"@id\":\"https:\\\/\\\/wp.kristdemokraterna.se\\\/jkpg\\\/#website\",\"url\":\"https:\\\/\\\/wp.kristdemokraterna.se\\\/jkpg\\\/\",\"name\":\"J\u00f6nk\u00f6pings kommun\",\"description\":\"F\u00f6r familjen och f\u00f6retagsamheten!\",\"inLanguage\":\"sv-SE\"},{\"@type\":\"Person\",\"@id\":\"https:\\\/\\\/wp.kristdemokraterna.se\\\/jkpg\\\/#\\\/schema\\\/person\\\/3d118357d9ae6c07ef96d211c7737d64\",\"name\":\"Ombudsman\",\"image\":{\"@type\":\"ImageObject\",\"inLanguage\":\"sv-SE\",\"@id\":\"https:\\\/\\\/secure.gravatar.com\\\/avatar\\\/2df310d6c5d618cc1e0f351f07bacf998ec912dee3b82eab3b724ae7a26b4bf5?s=96&d=mm&r=g\",\"url\":\"https:\\\/\\\/secure.gravatar.com\\\/avatar\\\/2df310d6c5d618cc1e0f351f07bacf998ec912dee3b82eab3b724ae7a26b4bf5?s=96&d=mm&r=g\",\"contentUrl\":\"https:\\\/\\\/secure.gravatar.com\\\/avatar\\\/2df310d6c5d618cc1e0f351f07bacf998ec912dee3b82eab3b724ae7a26b4bf5?s=96&d=mm&r=g\",\"caption\":\"Ombudsman\"},\"url\":\"https:\\\/\\\/wp.kristdemokraterna.se\\\/jkpg\\\/author\\\/antonvahlstrom\\\/\"}]}<\/script>\n<!-- \/ Yoast SEO plugin. -->","yoast_head_json":{"title":"Valmanifest 2022 - J\u00f6nk\u00f6pings kommun","robots":{"index":"index","follow":"follow","max-snippet":"max-snippet:-1","max-image-preview":"max-image-preview:large","max-video-preview":"max-video-preview:-1"},"canonical":"https:\/\/wp.kristdemokraterna.se\/jkpg\/valmanifest\/","og_locale":"sv_SE","og_type":"article","og_title":"Valmanifest 2022 - J\u00f6nk\u00f6pings kommun","og_description":"Kristdemokraterna \u00e4r ett id\u00e9- och v\u00e4rdeorienterat parti vars m\u00e5l \u00e4r att i betydande grad p\u00e5verka samh\u00e4llsutvecklingen utifr\u00e5n den kristdemokratiska id\u00e9traditionen, uttryckt i partiets principprogram. Kristdemokraterna vill verka f\u00f6r ett samh\u00e4lle d\u00e4r varje person ges f\u00f6ruts\u00e4ttningar att forma sitt eget liv och efterstr\u00e4va sin fulla potential. Det \u00e4r inget som g\u00f6rs i ensamhet, vi \u00e4r alla Read More","og_url":"https:\/\/wp.kristdemokraterna.se\/jkpg\/valmanifest\/","og_site_name":"J\u00f6nk\u00f6pings kommun","article_published_time":"2022-09-06T07:30:50+00:00","article_modified_time":"2022-09-06T07:31:21+00:00","author":"Ombudsman","twitter_card":"summary_large_image","twitter_misc":{"Skriven av":"Ombudsman","Ber\u00e4knad l\u00e4stid":"5 minuter"},"schema":{"@context":"https:\/\/schema.org","@graph":[{"@type":"Article","@id":"https:\/\/wp.kristdemokraterna.se\/jkpg\/valmanifest\/#article","isPartOf":{"@id":"https:\/\/wp.kristdemokraterna.se\/jkpg\/valmanifest\/"},"author":{"name":"Ombudsman","@id":"https:\/\/wp.kristdemokraterna.se\/jkpg\/#\/schema\/person\/3d118357d9ae6c07ef96d211c7737d64"},"headline":"Valmanifest 2022","datePublished":"2022-09-06T07:30:50+00:00","dateModified":"2022-09-06T07:31:21+00:00","mainEntityOfPage":{"@id":"https:\/\/wp.kristdemokraterna.se\/jkpg\/valmanifest\/"},"wordCount":1027,"articleSection":["I Kommunen","V\u00e5r politik"],"inLanguage":"sv-SE"},{"@type":"WebPage","@id":"https:\/\/wp.kristdemokraterna.se\/jkpg\/valmanifest\/","url":"https:\/\/wp.kristdemokraterna.se\/jkpg\/valmanifest\/","name":"Valmanifest 2022 - J\u00f6nk\u00f6pings kommun","isPartOf":{"@id":"https:\/\/wp.kristdemokraterna.se\/jkpg\/#website"},"datePublished":"2022-09-06T07:30:50+00:00","dateModified":"2022-09-06T07:31:21+00:00","author":{"@id":"https:\/\/wp.kristdemokraterna.se\/jkpg\/#\/schema\/person\/3d118357d9ae6c07ef96d211c7737d64"},"breadcrumb":{"@id":"https:\/\/wp.kristdemokraterna.se\/jkpg\/valmanifest\/#breadcrumb"},"inLanguage":"sv-SE","potentialAction":[{"@type":"ReadAction","target":["https:\/\/wp.kristdemokraterna.se\/jkpg\/valmanifest\/"]}]},{"@type":"BreadcrumbList","@id":"https:\/\/wp.kristdemokraterna.se\/jkpg\/valmanifest\/#breadcrumb","itemListElement":[{"@type":"ListItem","position":1,"name":"Hem","item":"https:\/\/wp.kristdemokraterna.se\/jkpg\/"},{"@type":"ListItem","position":2,"name":"Valmanifest 2022"}]},{"@type":"WebSite","@id":"https:\/\/wp.kristdemokraterna.se\/jkpg\/#website","url":"https:\/\/wp.kristdemokraterna.se\/jkpg\/","name":"J\u00f6nk\u00f6pings kommun","description":"F\u00f6r familjen och f\u00f6retagsamheten!","inLanguage":"sv-SE"},{"@type":"Person","@id":"https:\/\/wp.kristdemokraterna.se\/jkpg\/#\/schema\/person\/3d118357d9ae6c07ef96d211c7737d64","name":"Ombudsman","image":{"@type":"ImageObject","inLanguage":"sv-SE","@id":"https:\/\/secure.gravatar.com\/avatar\/2df310d6c5d618cc1e0f351f07bacf998ec912dee3b82eab3b724ae7a26b4bf5?s=96&d=mm&r=g","url":"https:\/\/secure.gravatar.com\/avatar\/2df310d6c5d618cc1e0f351f07bacf998ec912dee3b82eab3b724ae7a26b4bf5?s=96&d=mm&r=g","contentUrl":"https:\/\/secure.gravatar.com\/avatar\/2df310d6c5d618cc1e0f351f07bacf998ec912dee3b82eab3b724ae7a26b4bf5?s=96&d=mm&r=g","caption":"Ombudsman"},"url":"https:\/\/wp.kristdemokraterna.se\/jkpg\/author\/antonvahlstrom\/"}]}},"_links":{"self":[{"href":"https:\/\/wp.kristdemokraterna.se\/jkpg\/wp-json\/wp\/v2\/posts\/1219","targetHints":{"allow":["GET"]}}],"collection":[{"href":"https:\/\/wp.kristdemokraterna.se\/jkpg\/wp-json\/wp\/v2\/posts"}],"about":[{"href":"https:\/\/wp.kristdemokraterna.se\/jkpg\/wp-json\/wp\/v2\/types\/post"}],"author":[{"embeddable":true,"href":"https:\/\/wp.kristdemokraterna.se\/jkpg\/wp-json\/wp\/v2\/users\/895"}],"replies":[{"embeddable":true,"href":"https:\/\/wp.kristdemokraterna.se\/jkpg\/wp-json\/wp\/v2\/comments?post=1219"}],"version-history":[{"count":2,"href":"https:\/\/wp.kristdemokraterna.se\/jkpg\/wp-json\/wp\/v2\/posts\/1219\/revisions"}],"predecessor-version":[{"id":1222,"href":"https:\/\/wp.kristdemokraterna.se\/jkpg\/wp-json\/wp\/v2\/posts\/1219\/revisions\/1222"}],"wp:attachment":[{"href":"https:\/\/wp.kristdemokraterna.se\/jkpg\/wp-json\/wp\/v2\/media?parent=1219"}],"wp:term":[{"taxonomy":"category","embeddable":true,"href":"https:\/\/wp.kristdemokraterna.se\/jkpg\/wp-json\/wp\/v2\/categories?post=1219"},{"taxonomy":"post_tag","embeddable":true,"href":"https:\/\/wp.kristdemokraterna.se\/jkpg\/wp-json\/wp\/v2\/tags?post=1219"}],"curies":[{"name":"wp","href":"https:\/\/api.w.org\/{rel}","templated":true}]}}