{"id":336,"date":"2017-02-27T11:17:15","date_gmt":"2017-02-27T10:17:15","guid":{"rendered":"http:\/\/wp.kristdemokraterna.se\/jkpg\/?p=336"},"modified":"2017-02-27T11:19:50","modified_gmt":"2017-02-27T10:19:50","slug":"vi-maste-sta-pa-brottsoffrens-sida","status":"publish","type":"post","link":"https:\/\/wp.kristdemokraterna.se\/jkpg\/vi-maste-sta-pa-brottsoffrens-sida\/","title":{"rendered":"Vi m\u00e5ste st\u00e5 p\u00e5 brottsoffrens sida"},"content":{"rendered":"<p><strong>Otryggheten \u00f6kar. Var tredje kvinna k\u00e4nner sig s\u00e5 otrygga att flera av dem undviker att g\u00e5 ut. Sverige ska vara ett tryggt land att leva i. I dag \u00e4r det internationella brottsofferdagen. Vi vill st\u00e4rka st\u00f6det f\u00f6r dem som utsatts f\u00f6r brott, men ocks\u00e5 f\u00e5 ner brottsligheten s\u00e5 att antalet brottsoffer blir f\u00e4rre. Det skriver Andreas Carlson i JP med anledning av Brottsofferdagen.<\/strong><br \/>\n<a class=\"externalLink\" title=\"L\u00e4nk till JP\" href=\"http:\/\/www.jp.se\/article\/debatt-vi-maste-sta-pa-brottsoffrens-sida\/\" target=\"_top\">L\u00e4s artikeln i JP.<\/a><\/p>\n<p>Det finns all anledning att i dag uppm\u00e4rksamma den internationella brottsofferdagen. Otryggheten breder ut sig och s\u00e4rskilt bland vissa grupper har vi n\u00e5tt niv\u00e5er som \u00e4r allt annat \u00e4n acceptabla.<\/p>\n<p>2015 utsattes 13,3 procent av befolkningen i \u00e5ldern 16-79 \u00e5r f\u00f6r n\u00e5gon eller n\u00e5gra brott mot enskild person; misshandel, hot, sexualbrott, personr\u00e5n, bedr\u00e4gerier eller trakasserier. Detta enligt BR\u00c5:s senaste trygghetsunders\u00f6kning. Andelen som utsatts f\u00f6r sexualbrott har \u00f6kat markant mellan 2014 och 2015. Var tionde ung kvinna har utsatts f\u00f6r sexualbrott under 2015.<\/p>\n<p>Var tredje kvinna k\u00e4nner sig otrygg, flera s\u00e5 otrygga att de l\u00e5ter bli att g\u00e5 ut. I ett samh\u00e4lle d\u00e4r m\u00e4nniskor upplever oro f\u00f6r att r\u00f6ra sig fritt och d\u00e4r brottsligheten f\u00e5tt f\u00e4ste kommer inte bara tryggheten utan ocks\u00e5 tilliten mellan m\u00e4nniskor skadas. Det \u00e4r en farlig utveckling som nu genast m\u00e5ste brytas. Alla m\u00e5ste kunna k\u00e4nna sig s\u00e4kra n\u00e4r de r\u00f6r sig utomhus.<\/p>\n<p>Sverige ska vara ett tryggt land att leva i, oavsett om man bor p\u00e5 landsbygden, i en stad eller i en f\u00f6rort. En av statens viktigaste uppgifter \u00e4r att genom ett v\u00e4l fungerande r\u00e4ttsv\u00e4sende uppr\u00e4tth\u00e5lla tryggheten. Polisens roll i det brottsf\u00f6rebyggande arbetet \u00e4r central.<\/p>\n<p>Det \u00e4r dags att s\u00e4tta brottsoffret i fokus. Det g\u00f6r vi b\u00e4st genom att fokusera p\u00e5 att \u00f6ka tryggheten och f\u00e5 ner brottsligheten, s\u00e5 att antalet brottsoffer blir f\u00e4rre. D\u00e4rf\u00f6r f\u00f6resl\u00e5r vi kristdemokrater 2 600 nya polisanst\u00e4llda. Av dem \u00e4r 2000 poliser, 100 av dem \u00e4r s\u00e4rskilda poliser i insatsstyrkan som d\u00e4rmed f\u00f6rdubblas och 500 \u00e4r civilanst\u00e4llda.<\/p>\n<p>Civilanst\u00e4llda g\u00e5r att anst\u00e4lla relativt snabbt och de kan hj\u00e4lpa till att avlasta polisen s\u00e5 att polisens arbetsuppgifter renodlas. Vi har ocks\u00e5 satsat resurser p\u00e5 b\u00e4ttre arbetsvillkor och l\u00f6ner f\u00f6r poliser i yttre tj\u00e4nst f\u00f6r att fler ska stanna i yrket. Dessv\u00e4rre har vi under senare \u00e5r sett en flykt fr\u00e5n polisyrket.<\/p>\n<p>Polisens omorganisation som syftade till att f\u00f6ra polisen n\u00e4rmare medborgarna har inte haft \u00f6nskad effekt. Vi vill se fler poliser i de brottsutsatta omr\u00e5dena och de ska r\u00f6ra sig ute bland folk f\u00f6r att bli synliga och samverka med de organisationer och andra akt\u00f6rer som finns lokalt.<\/p>\n<p>Det \u00e4r n\u00e4mligen s\u00e5 enkelt att \u00f6kad direkt patrullering i omr\u00e5den med h\u00f6g brottslighet fungerar brottsf\u00f6rebyggande. F\u00f6ga \u00f6verraskande.<\/p>\n<p>F\u00f6r den som redan utsatts f\u00f6r brott vill vi st\u00e4rka st\u00f6det rej\u00e4lt. Fr\u00e5n f\u00f6rsta kontakt med polisen, genom r\u00e4ttsprocesser och \u00e4ven efter\u00e5t m\u00e5ste brottsoffer f\u00e5 det st\u00f6d som beh\u00f6vs. De ideella organisationerna har stor betydelse i det arbetet.<\/p>\n<p>Det finns i dag cirka 100 brottsofferjourer i Sverige som exempelvis kan st\u00f6dja genom en ideell brottsofferst\u00f6djare som kan f\u00f6lja med vid r\u00e4tteg\u00e5ngen. I alla landets tingsr\u00e4tter finns det volont\u00e4rer som, helt utan ers\u00e4ttning, st\u00e4ller upp som st\u00f6d f\u00f6r m\u00e5ls\u00e4gande och vittnen f\u00f6r den som k\u00e4nner sig r\u00e4dd och orolig.<\/p>\n<p>Brottsofferjourerna arbetar med ideella resurser och knappa medel. St\u00f6det till brottsoffer och vittnen i r\u00e4tteg\u00e5ngar \u00e4r idag underfinansierat. Kristdemokraterna vill st\u00e4rka detta arbete genom mer pengar till Brottsofferjourerna och vittnesst\u00f6det.<\/p>\n<p>V\u00e5rt besked p\u00e5 internationella brottsofferdagen \u00e4r att det kr\u00e4vs betydligt mer f\u00f6r att f\u00e4rre ska uts\u00e4ttas f\u00f6r brott och att otryggheten ska \u00f6ka. Och att de som faller offer f\u00f6r brott ska kunna f\u00f6rv\u00e4nta sig det st\u00f6d och den uppr\u00e4ttelse som de har r\u00e4tt till.<\/p>\n<p>Vi st\u00e5r p\u00e5 brottsoffrens sida.<br \/>\nSenast \u00e4ndrad 2017-02-27<\/p>\n","protected":false},"excerpt":{"rendered":"<p>Otryggheten \u00f6kar. Var tredje kvinna k\u00e4nner sig s\u00e5 otrygga att flera av dem undviker att g\u00e5 ut. Sverige ska vara ett tryggt land att leva i. I dag \u00e4r det internationella brottsofferdagen. Vi vill st\u00e4rka st\u00f6det f\u00f6r dem som utsatts f\u00f6r brott, men ocks\u00e5 f\u00e5 ner brottsligheten s\u00e5 att antalet brottsoffer blir f\u00e4rre. Det skriver <a class=\"read-more-link\" href=\"https:\/\/wp.kristdemokraterna.se\/jkpg\/vi-maste-sta-pa-brottsoffrens-sida\/\">Read More<\/a><\/p>\n","protected":false},"author":745,"featured_media":337,"comment_status":"closed","ping_status":"closed","sticky":false,"template":"","format":"standard","meta":{"_acf_changed":false,"footnotes":""},"categories":[1],"tags":[],"class_list":["post-336","post","type-post","status-publish","format-standard","hentry","category-okategoriserade"],"acf":[],"yoast_head":"<!-- This site is optimized with the Yoast SEO plugin v27.5 - https:\/\/yoast.com\/product\/yoast-seo-wordpress\/ -->\n<title>Vi m\u00e5ste st\u00e5 p\u00e5 brottsoffrens sida - J\u00f6nk\u00f6pings kommun<\/title>\n<meta name=\"robots\" content=\"index, follow, max-snippet:-1, max-image-preview:large, max-video-preview:-1\" \/>\n<link rel=\"canonical\" href=\"https:\/\/wp.kristdemokraterna.se\/jkpg\/vi-maste-sta-pa-brottsoffrens-sida\/\" \/>\n<meta property=\"og:locale\" content=\"sv_SE\" \/>\n<meta property=\"og:type\" content=\"article\" \/>\n<meta property=\"og:title\" content=\"Vi m\u00e5ste st\u00e5 p\u00e5 brottsoffrens sida - J\u00f6nk\u00f6pings kommun\" \/>\n<meta property=\"og:description\" content=\"Otryggheten \u00f6kar. Var tredje kvinna k\u00e4nner sig s\u00e5 otrygga att flera av dem undviker att g\u00e5 ut. Sverige ska vara ett tryggt land att leva i. I dag \u00e4r det internationella brottsofferdagen. Vi vill st\u00e4rka st\u00f6det f\u00f6r dem som utsatts f\u00f6r brott, men ocks\u00e5 f\u00e5 ner brottsligheten s\u00e5 att antalet brottsoffer blir f\u00e4rre. Det skriver Read More\" \/>\n<meta property=\"og:url\" content=\"https:\/\/wp.kristdemokraterna.se\/jkpg\/vi-maste-sta-pa-brottsoffrens-sida\/\" \/>\n<meta property=\"og:site_name\" content=\"J\u00f6nk\u00f6pings kommun\" \/>\n<meta property=\"article:published_time\" content=\"2017-02-27T10:17:15+00:00\" \/>\n<meta property=\"article:modified_time\" content=\"2017-02-27T10:19:50+00:00\" \/>\n<meta property=\"og:image\" content=\"https:\/\/i0.wp.com\/wp.kristdemokraterna.se\/jkpg\/files\/2017\/02\/andreas-carlson-ny1.jpg?fit=3543%2C2362&ssl=1\" \/>\n\t<meta property=\"og:image:width\" content=\"3543\" \/>\n\t<meta property=\"og:image:height\" content=\"2362\" \/>\n\t<meta property=\"og:image:type\" content=\"image\/jpeg\" \/>\n<meta name=\"author\" content=\"jkpg\" \/>\n<meta name=\"twitter:card\" content=\"summary_large_image\" \/>\n<meta name=\"twitter:label1\" content=\"Skriven av\" \/>\n\t<meta name=\"twitter:data1\" content=\"jkpg\" \/>\n\t<meta name=\"twitter:label2\" content=\"Ber\u00e4knad l\u00e4stid\" \/>\n\t<meta name=\"twitter:data2\" content=\"4 minuter\" \/>\n<script type=\"application\/ld+json\" class=\"yoast-schema-graph\">{\"@context\":\"https:\\\/\\\/schema.org\",\"@graph\":[{\"@type\":\"Article\",\"@id\":\"https:\\\/\\\/wp.kristdemokraterna.se\\\/jkpg\\\/vi-maste-sta-pa-brottsoffrens-sida\\\/#article\",\"isPartOf\":{\"@id\":\"https:\\\/\\\/wp.kristdemokraterna.se\\\/jkpg\\\/vi-maste-sta-pa-brottsoffrens-sida\\\/\"},\"author\":{\"name\":\"jkpg\",\"@id\":\"https:\\\/\\\/wp.kristdemokraterna.se\\\/jkpg\\\/#\\\/schema\\\/person\\\/683f29858a90c2b1bf3c07354412b2d7\"},\"headline\":\"Vi m\u00e5ste st\u00e5 p\u00e5 brottsoffrens sida\",\"datePublished\":\"2017-02-27T10:17:15+00:00\",\"dateModified\":\"2017-02-27T10:19:50+00:00\",\"mainEntityOfPage\":{\"@id\":\"https:\\\/\\\/wp.kristdemokraterna.se\\\/jkpg\\\/vi-maste-sta-pa-brottsoffrens-sida\\\/\"},\"wordCount\":724,\"image\":{\"@id\":\"https:\\\/\\\/wp.kristdemokraterna.se\\\/jkpg\\\/vi-maste-sta-pa-brottsoffrens-sida\\\/#primaryimage\"},\"thumbnailUrl\":\"https:\\\/\\\/wp.kristdemokraterna.se\\\/jkpg\\\/files\\\/2017\\\/02\\\/andreas-carlson-ny1.jpg\",\"inLanguage\":\"sv-SE\"},{\"@type\":\"WebPage\",\"@id\":\"https:\\\/\\\/wp.kristdemokraterna.se\\\/jkpg\\\/vi-maste-sta-pa-brottsoffrens-sida\\\/\",\"url\":\"https:\\\/\\\/wp.kristdemokraterna.se\\\/jkpg\\\/vi-maste-sta-pa-brottsoffrens-sida\\\/\",\"name\":\"Vi m\u00e5ste st\u00e5 p\u00e5 brottsoffrens sida - J\u00f6nk\u00f6pings kommun\",\"isPartOf\":{\"@id\":\"https:\\\/\\\/wp.kristdemokraterna.se\\\/jkpg\\\/#website\"},\"primaryImageOfPage\":{\"@id\":\"https:\\\/\\\/wp.kristdemokraterna.se\\\/jkpg\\\/vi-maste-sta-pa-brottsoffrens-sida\\\/#primaryimage\"},\"image\":{\"@id\":\"https:\\\/\\\/wp.kristdemokraterna.se\\\/jkpg\\\/vi-maste-sta-pa-brottsoffrens-sida\\\/#primaryimage\"},\"thumbnailUrl\":\"https:\\\/\\\/wp.kristdemokraterna.se\\\/jkpg\\\/files\\\/2017\\\/02\\\/andreas-carlson-ny1.jpg\",\"datePublished\":\"2017-02-27T10:17:15+00:00\",\"dateModified\":\"2017-02-27T10:19:50+00:00\",\"author\":{\"@id\":\"https:\\\/\\\/wp.kristdemokraterna.se\\\/jkpg\\\/#\\\/schema\\\/person\\\/683f29858a90c2b1bf3c07354412b2d7\"},\"breadcrumb\":{\"@id\":\"https:\\\/\\\/wp.kristdemokraterna.se\\\/jkpg\\\/vi-maste-sta-pa-brottsoffrens-sida\\\/#breadcrumb\"},\"inLanguage\":\"sv-SE\",\"potentialAction\":[{\"@type\":\"ReadAction\",\"target\":[\"https:\\\/\\\/wp.kristdemokraterna.se\\\/jkpg\\\/vi-maste-sta-pa-brottsoffrens-sida\\\/\"]}]},{\"@type\":\"ImageObject\",\"inLanguage\":\"sv-SE\",\"@id\":\"https:\\\/\\\/wp.kristdemokraterna.se\\\/jkpg\\\/vi-maste-sta-pa-brottsoffrens-sida\\\/#primaryimage\",\"url\":\"https:\\\/\\\/wp.kristdemokraterna.se\\\/jkpg\\\/files\\\/2017\\\/02\\\/andreas-carlson-ny1.jpg\",\"contentUrl\":\"https:\\\/\\\/wp.kristdemokraterna.se\\\/jkpg\\\/files\\\/2017\\\/02\\\/andreas-carlson-ny1.jpg\",\"width\":3543,\"height\":2362,\"caption\":\"Andreas Carlson, riksdagsledamot f\u00f6r Kristdemokraterna.\"},{\"@type\":\"BreadcrumbList\",\"@id\":\"https:\\\/\\\/wp.kristdemokraterna.se\\\/jkpg\\\/vi-maste-sta-pa-brottsoffrens-sida\\\/#breadcrumb\",\"itemListElement\":[{\"@type\":\"ListItem\",\"position\":1,\"name\":\"Hem\",\"item\":\"https:\\\/\\\/wp.kristdemokraterna.se\\\/jkpg\\\/\"},{\"@type\":\"ListItem\",\"position\":2,\"name\":\"Vi m\u00e5ste st\u00e5 p\u00e5 brottsoffrens sida\"}]},{\"@type\":\"WebSite\",\"@id\":\"https:\\\/\\\/wp.kristdemokraterna.se\\\/jkpg\\\/#website\",\"url\":\"https:\\\/\\\/wp.kristdemokraterna.se\\\/jkpg\\\/\",\"name\":\"J\u00f6nk\u00f6pings kommun\",\"description\":\"F\u00f6r familjen och f\u00f6retagsamheten!\",\"inLanguage\":\"sv-SE\"},{\"@type\":\"Person\",\"@id\":\"https:\\\/\\\/wp.kristdemokraterna.se\\\/jkpg\\\/#\\\/schema\\\/person\\\/683f29858a90c2b1bf3c07354412b2d7\",\"name\":\"jkpg\",\"image\":{\"@type\":\"ImageObject\",\"inLanguage\":\"sv-SE\",\"@id\":\"https:\\\/\\\/secure.gravatar.com\\\/avatar\\\/18dae91c173a04141564ac4aee68bee1eb5786cb86b8bf427c7b2c23d83dd251?s=96&d=mm&r=g\",\"url\":\"https:\\\/\\\/secure.gravatar.com\\\/avatar\\\/18dae91c173a04141564ac4aee68bee1eb5786cb86b8bf427c7b2c23d83dd251?s=96&d=mm&r=g\",\"contentUrl\":\"https:\\\/\\\/secure.gravatar.com\\\/avatar\\\/18dae91c173a04141564ac4aee68bee1eb5786cb86b8bf427c7b2c23d83dd251?s=96&d=mm&r=g\",\"caption\":\"jkpg\"},\"url\":\"https:\\\/\\\/wp.kristdemokraterna.se\\\/jkpg\\\/author\\\/jkpg\\\/\"}]}<\/script>\n<!-- \/ Yoast SEO plugin. -->","yoast_head_json":{"title":"Vi m\u00e5ste st\u00e5 p\u00e5 brottsoffrens sida - J\u00f6nk\u00f6pings kommun","robots":{"index":"index","follow":"follow","max-snippet":"max-snippet:-1","max-image-preview":"max-image-preview:large","max-video-preview":"max-video-preview:-1"},"canonical":"https:\/\/wp.kristdemokraterna.se\/jkpg\/vi-maste-sta-pa-brottsoffrens-sida\/","og_locale":"sv_SE","og_type":"article","og_title":"Vi m\u00e5ste st\u00e5 p\u00e5 brottsoffrens sida - J\u00f6nk\u00f6pings kommun","og_description":"Otryggheten \u00f6kar. Var tredje kvinna k\u00e4nner sig s\u00e5 otrygga att flera av dem undviker att g\u00e5 ut. Sverige ska vara ett tryggt land att leva i. I dag \u00e4r det internationella brottsofferdagen. Vi vill st\u00e4rka st\u00f6det f\u00f6r dem som utsatts f\u00f6r brott, men ocks\u00e5 f\u00e5 ner brottsligheten s\u00e5 att antalet brottsoffer blir f\u00e4rre. Det skriver Read More","og_url":"https:\/\/wp.kristdemokraterna.se\/jkpg\/vi-maste-sta-pa-brottsoffrens-sida\/","og_site_name":"J\u00f6nk\u00f6pings kommun","article_published_time":"2017-02-27T10:17:15+00:00","article_modified_time":"2017-02-27T10:19:50+00:00","og_image":[{"width":3543,"height":2362,"url":"https:\/\/i0.wp.com\/wp.kristdemokraterna.se\/jkpg\/files\/2017\/02\/andreas-carlson-ny1.jpg?fit=3543%2C2362&ssl=1","type":"image\/jpeg"}],"author":"jkpg","twitter_card":"summary_large_image","twitter_misc":{"Skriven av":"jkpg","Ber\u00e4knad l\u00e4stid":"4 minuter"},"schema":{"@context":"https:\/\/schema.org","@graph":[{"@type":"Article","@id":"https:\/\/wp.kristdemokraterna.se\/jkpg\/vi-maste-sta-pa-brottsoffrens-sida\/#article","isPartOf":{"@id":"https:\/\/wp.kristdemokraterna.se\/jkpg\/vi-maste-sta-pa-brottsoffrens-sida\/"},"author":{"name":"jkpg","@id":"https:\/\/wp.kristdemokraterna.se\/jkpg\/#\/schema\/person\/683f29858a90c2b1bf3c07354412b2d7"},"headline":"Vi m\u00e5ste st\u00e5 p\u00e5 brottsoffrens sida","datePublished":"2017-02-27T10:17:15+00:00","dateModified":"2017-02-27T10:19:50+00:00","mainEntityOfPage":{"@id":"https:\/\/wp.kristdemokraterna.se\/jkpg\/vi-maste-sta-pa-brottsoffrens-sida\/"},"wordCount":724,"image":{"@id":"https:\/\/wp.kristdemokraterna.se\/jkpg\/vi-maste-sta-pa-brottsoffrens-sida\/#primaryimage"},"thumbnailUrl":"https:\/\/wp.kristdemokraterna.se\/jkpg\/files\/2017\/02\/andreas-carlson-ny1.jpg","inLanguage":"sv-SE"},{"@type":"WebPage","@id":"https:\/\/wp.kristdemokraterna.se\/jkpg\/vi-maste-sta-pa-brottsoffrens-sida\/","url":"https:\/\/wp.kristdemokraterna.se\/jkpg\/vi-maste-sta-pa-brottsoffrens-sida\/","name":"Vi m\u00e5ste st\u00e5 p\u00e5 brottsoffrens sida - J\u00f6nk\u00f6pings kommun","isPartOf":{"@id":"https:\/\/wp.kristdemokraterna.se\/jkpg\/#website"},"primaryImageOfPage":{"@id":"https:\/\/wp.kristdemokraterna.se\/jkpg\/vi-maste-sta-pa-brottsoffrens-sida\/#primaryimage"},"image":{"@id":"https:\/\/wp.kristdemokraterna.se\/jkpg\/vi-maste-sta-pa-brottsoffrens-sida\/#primaryimage"},"thumbnailUrl":"https:\/\/wp.kristdemokraterna.se\/jkpg\/files\/2017\/02\/andreas-carlson-ny1.jpg","datePublished":"2017-02-27T10:17:15+00:00","dateModified":"2017-02-27T10:19:50+00:00","author":{"@id":"https:\/\/wp.kristdemokraterna.se\/jkpg\/#\/schema\/person\/683f29858a90c2b1bf3c07354412b2d7"},"breadcrumb":{"@id":"https:\/\/wp.kristdemokraterna.se\/jkpg\/vi-maste-sta-pa-brottsoffrens-sida\/#breadcrumb"},"inLanguage":"sv-SE","potentialAction":[{"@type":"ReadAction","target":["https:\/\/wp.kristdemokraterna.se\/jkpg\/vi-maste-sta-pa-brottsoffrens-sida\/"]}]},{"@type":"ImageObject","inLanguage":"sv-SE","@id":"https:\/\/wp.kristdemokraterna.se\/jkpg\/vi-maste-sta-pa-brottsoffrens-sida\/#primaryimage","url":"https:\/\/wp.kristdemokraterna.se\/jkpg\/files\/2017\/02\/andreas-carlson-ny1.jpg","contentUrl":"https:\/\/wp.kristdemokraterna.se\/jkpg\/files\/2017\/02\/andreas-carlson-ny1.jpg","width":3543,"height":2362,"caption":"Andreas Carlson, riksdagsledamot f\u00f6r Kristdemokraterna."},{"@type":"BreadcrumbList","@id":"https:\/\/wp.kristdemokraterna.se\/jkpg\/vi-maste-sta-pa-brottsoffrens-sida\/#breadcrumb","itemListElement":[{"@type":"ListItem","position":1,"name":"Hem","item":"https:\/\/wp.kristdemokraterna.se\/jkpg\/"},{"@type":"ListItem","position":2,"name":"Vi m\u00e5ste st\u00e5 p\u00e5 brottsoffrens sida"}]},{"@type":"WebSite","@id":"https:\/\/wp.kristdemokraterna.se\/jkpg\/#website","url":"https:\/\/wp.kristdemokraterna.se\/jkpg\/","name":"J\u00f6nk\u00f6pings kommun","description":"F\u00f6r familjen och f\u00f6retagsamheten!","inLanguage":"sv-SE"},{"@type":"Person","@id":"https:\/\/wp.kristdemokraterna.se\/jkpg\/#\/schema\/person\/683f29858a90c2b1bf3c07354412b2d7","name":"jkpg","image":{"@type":"ImageObject","inLanguage":"sv-SE","@id":"https:\/\/secure.gravatar.com\/avatar\/18dae91c173a04141564ac4aee68bee1eb5786cb86b8bf427c7b2c23d83dd251?s=96&d=mm&r=g","url":"https:\/\/secure.gravatar.com\/avatar\/18dae91c173a04141564ac4aee68bee1eb5786cb86b8bf427c7b2c23d83dd251?s=96&d=mm&r=g","contentUrl":"https:\/\/secure.gravatar.com\/avatar\/18dae91c173a04141564ac4aee68bee1eb5786cb86b8bf427c7b2c23d83dd251?s=96&d=mm&r=g","caption":"jkpg"},"url":"https:\/\/wp.kristdemokraterna.se\/jkpg\/author\/jkpg\/"}]}},"_links":{"self":[{"href":"https:\/\/wp.kristdemokraterna.se\/jkpg\/wp-json\/wp\/v2\/posts\/336","targetHints":{"allow":["GET"]}}],"collection":[{"href":"https:\/\/wp.kristdemokraterna.se\/jkpg\/wp-json\/wp\/v2\/posts"}],"about":[{"href":"https:\/\/wp.kristdemokraterna.se\/jkpg\/wp-json\/wp\/v2\/types\/post"}],"author":[{"embeddable":true,"href":"https:\/\/wp.kristdemokraterna.se\/jkpg\/wp-json\/wp\/v2\/users\/745"}],"replies":[{"embeddable":true,"href":"https:\/\/wp.kristdemokraterna.se\/jkpg\/wp-json\/wp\/v2\/comments?post=336"}],"version-history":[{"count":3,"href":"https:\/\/wp.kristdemokraterna.se\/jkpg\/wp-json\/wp\/v2\/posts\/336\/revisions"}],"predecessor-version":[{"id":340,"href":"https:\/\/wp.kristdemokraterna.se\/jkpg\/wp-json\/wp\/v2\/posts\/336\/revisions\/340"}],"wp:featuredmedia":[{"embeddable":true,"href":"https:\/\/wp.kristdemokraterna.se\/jkpg\/wp-json\/wp\/v2\/media\/337"}],"wp:attachment":[{"href":"https:\/\/wp.kristdemokraterna.se\/jkpg\/wp-json\/wp\/v2\/media?parent=336"}],"wp:term":[{"taxonomy":"category","embeddable":true,"href":"https:\/\/wp.kristdemokraterna.se\/jkpg\/wp-json\/wp\/v2\/categories?post=336"},{"taxonomy":"post_tag","embeddable":true,"href":"https:\/\/wp.kristdemokraterna.se\/jkpg\/wp-json\/wp\/v2\/tags?post=336"}],"curies":[{"name":"wp","href":"https:\/\/api.w.org\/{rel}","templated":true}]}}