{"id":478,"date":"2017-08-29T15:17:36","date_gmt":"2017-08-29T13:17:36","guid":{"rendered":"http:\/\/wp.kristdemokraterna.se\/jkpg\/?p=478"},"modified":"2017-08-29T15:18:12","modified_gmt":"2017-08-29T13:18:12","slug":"kd-lovar-storsatsning-pa-forlossningsvarden","status":"publish","type":"post","link":"https:\/\/wp.kristdemokraterna.se\/jkpg\/kd-lovar-storsatsning-pa-forlossningsvarden\/","title":{"rendered":"KD lovar storsatsning p\u00e5 f\u00f6rlossningsv\u00e5rden"},"content":{"rendered":"<p><strong>Kristdemokraterna satsar 2,5 miljarder kronor till f\u00f6rlossningsv\u00e5rden de n\u00e4rmaste tre \u00e5ren \u2013 750 miljoner kronor mer \u00e4n regeringen.<\/strong><br \/>\n<strong>\u2013 Det \u00e4r s\u00e5 m\u00e5nga kvinnor som upplever en enorm otrygghet inf\u00f6r f\u00f6rlossningen. Det m\u00e5ste vi \u00e4ndra p\u00e5, s\u00e4ger Ebba Busch Thor till Expressen.<\/strong><\/p>\n<p><a href=\"http:\/\/www.expressen.se\/nyheter\/kd-lovar-storsatsning-pa-forlossningsvarden\/\">L\u00e4s intervjun med Ebba Busch Thor i Expressen.<\/a><\/p>\n<p>Pengarna ska bland annat g\u00e5 till h\u00f6jda l\u00f6ner och f\u00f6rb\u00e4ttrad arbetssituation f\u00f6r barnmorskor och undersk\u00f6terskor.<br \/>\n\u2013 Varje dag kan inte vara en sprintmarsch p\u00e5 jobbet f\u00f6r att orka och r\u00e4cka till. D\u00e5 beh\u00f6ver man<span class=\"text_exposed_show\">\u00a0fler kollegor, en b\u00e4ttre arbetssituation och p\u00e5 sina h\u00e5ll en b\u00e4ttre l\u00f6n.<\/span><\/p>\n<p>Satsningen ska bland annat resultera i 5 000 nya f\u00f6rlossningsplatser.<br \/>\nD\u00e4rut\u00f6ver satsas 30 miljoner kronor p\u00e5 patienthotell f\u00f6r gravida kvinnor som bor i glesbygden. De ska kunna bo tillsammans med sin partner inf\u00f6r den stundande f\u00f6rlossningen.<br \/>\nKD avs\u00e4tter ocks\u00e5 30 miljoner kronor f\u00f6r att inr\u00e4tta ett nationellt kompetenscentrum f\u00f6r f\u00f6rlossningsv\u00e5rd \u2013 med syftet att h\u00f6ja professionens kompetens och f\u00f6r att f\u00f6rebygga och behandla f\u00f6rlossningsskador.<\/p>\n","protected":false},"excerpt":{"rendered":"<p>Kristdemokraterna satsar 2,5 miljarder kronor till f\u00f6rlossningsv\u00e5rden de n\u00e4rmaste tre \u00e5ren \u2013 750 miljoner kronor mer \u00e4n regeringen. \u2013 Det \u00e4r s\u00e5 m\u00e5nga kvinnor som upplever en enorm otrygghet inf\u00f6r f\u00f6rlossningen. Det m\u00e5ste vi \u00e4ndra p\u00e5, s\u00e4ger Ebba Busch Thor till Expressen. L\u00e4s intervjun med Ebba Busch Thor i Expressen. Pengarna ska bland annat g\u00e5 <a class=\"read-more-link\" href=\"https:\/\/wp.kristdemokraterna.se\/jkpg\/kd-lovar-storsatsning-pa-forlossningsvarden\/\">Read More<\/a><\/p>\n","protected":false},"author":745,"featured_media":479,"comment_status":"closed","ping_status":"closed","sticky":false,"template":"","format":"standard","meta":{"_acf_changed":false,"footnotes":""},"categories":[1],"tags":[],"class_list":["post-478","post","type-post","status-publish","format-standard","hentry","category-okategoriserade"],"acf":[],"yoast_head":"<!-- This site is optimized with the Yoast SEO plugin v27.4 - https:\/\/yoast.com\/product\/yoast-seo-wordpress\/ -->\n<title>KD lovar storsatsning p\u00e5 f\u00f6rlossningsv\u00e5rden - J\u00f6nk\u00f6pings kommun<\/title>\n<meta name=\"robots\" content=\"index, follow, max-snippet:-1, max-image-preview:large, max-video-preview:-1\" \/>\n<link rel=\"canonical\" href=\"https:\/\/wp.kristdemokraterna.se\/jkpg\/kd-lovar-storsatsning-pa-forlossningsvarden\/\" \/>\n<meta property=\"og:locale\" content=\"sv_SE\" \/>\n<meta property=\"og:type\" content=\"article\" \/>\n<meta property=\"og:title\" content=\"KD lovar storsatsning p\u00e5 f\u00f6rlossningsv\u00e5rden - J\u00f6nk\u00f6pings kommun\" \/>\n<meta property=\"og:description\" content=\"Kristdemokraterna satsar 2,5 miljarder kronor till f\u00f6rlossningsv\u00e5rden de n\u00e4rmaste tre \u00e5ren \u2013 750 miljoner kronor mer \u00e4n regeringen. \u2013 Det \u00e4r s\u00e5 m\u00e5nga kvinnor som upplever en enorm otrygghet inf\u00f6r f\u00f6rlossningen. Det m\u00e5ste vi \u00e4ndra p\u00e5, s\u00e4ger Ebba Busch Thor till Expressen. L\u00e4s intervjun med Ebba Busch Thor i Expressen. Pengarna ska bland annat g\u00e5 Read More\" \/>\n<meta property=\"og:url\" content=\"https:\/\/wp.kristdemokraterna.se\/jkpg\/kd-lovar-storsatsning-pa-forlossningsvarden\/\" \/>\n<meta property=\"og:site_name\" content=\"J\u00f6nk\u00f6pings kommun\" \/>\n<meta property=\"article:published_time\" content=\"2017-08-29T13:17:36+00:00\" \/>\n<meta property=\"article:modified_time\" content=\"2017-08-29T13:18:12+00:00\" \/>\n<meta property=\"og:image\" content=\"https:\/\/i0.wp.com\/wp.kristdemokraterna.se\/jkpg\/files\/2017\/08\/ebba_gul-770x390.jpg?fit=770%2C390&ssl=1\" \/>\n\t<meta property=\"og:image:width\" content=\"770\" \/>\n\t<meta property=\"og:image:height\" content=\"390\" \/>\n\t<meta property=\"og:image:type\" content=\"image\/jpeg\" \/>\n<meta name=\"author\" content=\"jkpg\" \/>\n<meta name=\"twitter:card\" content=\"summary_large_image\" \/>\n<meta name=\"twitter:label1\" content=\"Skriven av\" \/>\n\t<meta name=\"twitter:data1\" content=\"jkpg\" \/>\n\t<meta name=\"twitter:label2\" content=\"Ber\u00e4knad l\u00e4stid\" \/>\n\t<meta name=\"twitter:data2\" content=\"1 minut\" \/>\n<script type=\"application\/ld+json\" class=\"yoast-schema-graph\">{\"@context\":\"https:\\\/\\\/schema.org\",\"@graph\":[{\"@type\":\"Article\",\"@id\":\"https:\\\/\\\/wp.kristdemokraterna.se\\\/jkpg\\\/kd-lovar-storsatsning-pa-forlossningsvarden\\\/#article\",\"isPartOf\":{\"@id\":\"https:\\\/\\\/wp.kristdemokraterna.se\\\/jkpg\\\/kd-lovar-storsatsning-pa-forlossningsvarden\\\/\"},\"author\":{\"name\":\"jkpg\",\"@id\":\"https:\\\/\\\/wp.kristdemokraterna.se\\\/jkpg\\\/#\\\/schema\\\/person\\\/683f29858a90c2b1bf3c07354412b2d7\"},\"headline\":\"KD lovar storsatsning p\u00e5 f\u00f6rlossningsv\u00e5rden\",\"datePublished\":\"2017-08-29T13:17:36+00:00\",\"dateModified\":\"2017-08-29T13:18:12+00:00\",\"mainEntityOfPage\":{\"@id\":\"https:\\\/\\\/wp.kristdemokraterna.se\\\/jkpg\\\/kd-lovar-storsatsning-pa-forlossningsvarden\\\/\"},\"wordCount\":195,\"image\":{\"@id\":\"https:\\\/\\\/wp.kristdemokraterna.se\\\/jkpg\\\/kd-lovar-storsatsning-pa-forlossningsvarden\\\/#primaryimage\"},\"thumbnailUrl\":\"https:\\\/\\\/wp.kristdemokraterna.se\\\/jkpg\\\/files\\\/2017\\\/08\\\/ebba_gul-770x390.jpg\",\"inLanguage\":\"sv-SE\"},{\"@type\":\"WebPage\",\"@id\":\"https:\\\/\\\/wp.kristdemokraterna.se\\\/jkpg\\\/kd-lovar-storsatsning-pa-forlossningsvarden\\\/\",\"url\":\"https:\\\/\\\/wp.kristdemokraterna.se\\\/jkpg\\\/kd-lovar-storsatsning-pa-forlossningsvarden\\\/\",\"name\":\"KD lovar storsatsning p\u00e5 f\u00f6rlossningsv\u00e5rden - J\u00f6nk\u00f6pings kommun\",\"isPartOf\":{\"@id\":\"https:\\\/\\\/wp.kristdemokraterna.se\\\/jkpg\\\/#website\"},\"primaryImageOfPage\":{\"@id\":\"https:\\\/\\\/wp.kristdemokraterna.se\\\/jkpg\\\/kd-lovar-storsatsning-pa-forlossningsvarden\\\/#primaryimage\"},\"image\":{\"@id\":\"https:\\\/\\\/wp.kristdemokraterna.se\\\/jkpg\\\/kd-lovar-storsatsning-pa-forlossningsvarden\\\/#primaryimage\"},\"thumbnailUrl\":\"https:\\\/\\\/wp.kristdemokraterna.se\\\/jkpg\\\/files\\\/2017\\\/08\\\/ebba_gul-770x390.jpg\",\"datePublished\":\"2017-08-29T13:17:36+00:00\",\"dateModified\":\"2017-08-29T13:18:12+00:00\",\"author\":{\"@id\":\"https:\\\/\\\/wp.kristdemokraterna.se\\\/jkpg\\\/#\\\/schema\\\/person\\\/683f29858a90c2b1bf3c07354412b2d7\"},\"breadcrumb\":{\"@id\":\"https:\\\/\\\/wp.kristdemokraterna.se\\\/jkpg\\\/kd-lovar-storsatsning-pa-forlossningsvarden\\\/#breadcrumb\"},\"inLanguage\":\"sv-SE\",\"potentialAction\":[{\"@type\":\"ReadAction\",\"target\":[\"https:\\\/\\\/wp.kristdemokraterna.se\\\/jkpg\\\/kd-lovar-storsatsning-pa-forlossningsvarden\\\/\"]}]},{\"@type\":\"ImageObject\",\"inLanguage\":\"sv-SE\",\"@id\":\"https:\\\/\\\/wp.kristdemokraterna.se\\\/jkpg\\\/kd-lovar-storsatsning-pa-forlossningsvarden\\\/#primaryimage\",\"url\":\"https:\\\/\\\/wp.kristdemokraterna.se\\\/jkpg\\\/files\\\/2017\\\/08\\\/ebba_gul-770x390.jpg\",\"contentUrl\":\"https:\\\/\\\/wp.kristdemokraterna.se\\\/jkpg\\\/files\\\/2017\\\/08\\\/ebba_gul-770x390.jpg\",\"width\":770,\"height\":390},{\"@type\":\"BreadcrumbList\",\"@id\":\"https:\\\/\\\/wp.kristdemokraterna.se\\\/jkpg\\\/kd-lovar-storsatsning-pa-forlossningsvarden\\\/#breadcrumb\",\"itemListElement\":[{\"@type\":\"ListItem\",\"position\":1,\"name\":\"Hem\",\"item\":\"https:\\\/\\\/wp.kristdemokraterna.se\\\/jkpg\\\/\"},{\"@type\":\"ListItem\",\"position\":2,\"name\":\"KD lovar storsatsning p\u00e5 f\u00f6rlossningsv\u00e5rden\"}]},{\"@type\":\"WebSite\",\"@id\":\"https:\\\/\\\/wp.kristdemokraterna.se\\\/jkpg\\\/#website\",\"url\":\"https:\\\/\\\/wp.kristdemokraterna.se\\\/jkpg\\\/\",\"name\":\"J\u00f6nk\u00f6pings kommun\",\"description\":\"F\u00f6r familjen och f\u00f6retagsamheten!\",\"inLanguage\":\"sv-SE\"},{\"@type\":\"Person\",\"@id\":\"https:\\\/\\\/wp.kristdemokraterna.se\\\/jkpg\\\/#\\\/schema\\\/person\\\/683f29858a90c2b1bf3c07354412b2d7\",\"name\":\"jkpg\",\"image\":{\"@type\":\"ImageObject\",\"inLanguage\":\"sv-SE\",\"@id\":\"https:\\\/\\\/secure.gravatar.com\\\/avatar\\\/18dae91c173a04141564ac4aee68bee1eb5786cb86b8bf427c7b2c23d83dd251?s=96&d=mm&r=g\",\"url\":\"https:\\\/\\\/secure.gravatar.com\\\/avatar\\\/18dae91c173a04141564ac4aee68bee1eb5786cb86b8bf427c7b2c23d83dd251?s=96&d=mm&r=g\",\"contentUrl\":\"https:\\\/\\\/secure.gravatar.com\\\/avatar\\\/18dae91c173a04141564ac4aee68bee1eb5786cb86b8bf427c7b2c23d83dd251?s=96&d=mm&r=g\",\"caption\":\"jkpg\"},\"url\":\"https:\\\/\\\/wp.kristdemokraterna.se\\\/jkpg\\\/author\\\/jkpg\\\/\"}]}<\/script>\n<!-- \/ Yoast SEO plugin. -->","yoast_head_json":{"title":"KD lovar storsatsning p\u00e5 f\u00f6rlossningsv\u00e5rden - J\u00f6nk\u00f6pings kommun","robots":{"index":"index","follow":"follow","max-snippet":"max-snippet:-1","max-image-preview":"max-image-preview:large","max-video-preview":"max-video-preview:-1"},"canonical":"https:\/\/wp.kristdemokraterna.se\/jkpg\/kd-lovar-storsatsning-pa-forlossningsvarden\/","og_locale":"sv_SE","og_type":"article","og_title":"KD lovar storsatsning p\u00e5 f\u00f6rlossningsv\u00e5rden - J\u00f6nk\u00f6pings kommun","og_description":"Kristdemokraterna satsar 2,5 miljarder kronor till f\u00f6rlossningsv\u00e5rden de n\u00e4rmaste tre \u00e5ren \u2013 750 miljoner kronor mer \u00e4n regeringen. \u2013 Det \u00e4r s\u00e5 m\u00e5nga kvinnor som upplever en enorm otrygghet inf\u00f6r f\u00f6rlossningen. Det m\u00e5ste vi \u00e4ndra p\u00e5, s\u00e4ger Ebba Busch Thor till Expressen. L\u00e4s intervjun med Ebba Busch Thor i Expressen. Pengarna ska bland annat g\u00e5 Read More","og_url":"https:\/\/wp.kristdemokraterna.se\/jkpg\/kd-lovar-storsatsning-pa-forlossningsvarden\/","og_site_name":"J\u00f6nk\u00f6pings kommun","article_published_time":"2017-08-29T13:17:36+00:00","article_modified_time":"2017-08-29T13:18:12+00:00","og_image":[{"width":770,"height":390,"url":"https:\/\/i0.wp.com\/wp.kristdemokraterna.se\/jkpg\/files\/2017\/08\/ebba_gul-770x390.jpg?fit=770%2C390&ssl=1","type":"image\/jpeg"}],"author":"jkpg","twitter_card":"summary_large_image","twitter_misc":{"Skriven av":"jkpg","Ber\u00e4knad l\u00e4stid":"1 minut"},"schema":{"@context":"https:\/\/schema.org","@graph":[{"@type":"Article","@id":"https:\/\/wp.kristdemokraterna.se\/jkpg\/kd-lovar-storsatsning-pa-forlossningsvarden\/#article","isPartOf":{"@id":"https:\/\/wp.kristdemokraterna.se\/jkpg\/kd-lovar-storsatsning-pa-forlossningsvarden\/"},"author":{"name":"jkpg","@id":"https:\/\/wp.kristdemokraterna.se\/jkpg\/#\/schema\/person\/683f29858a90c2b1bf3c07354412b2d7"},"headline":"KD lovar storsatsning p\u00e5 f\u00f6rlossningsv\u00e5rden","datePublished":"2017-08-29T13:17:36+00:00","dateModified":"2017-08-29T13:18:12+00:00","mainEntityOfPage":{"@id":"https:\/\/wp.kristdemokraterna.se\/jkpg\/kd-lovar-storsatsning-pa-forlossningsvarden\/"},"wordCount":195,"image":{"@id":"https:\/\/wp.kristdemokraterna.se\/jkpg\/kd-lovar-storsatsning-pa-forlossningsvarden\/#primaryimage"},"thumbnailUrl":"https:\/\/wp.kristdemokraterna.se\/jkpg\/files\/2017\/08\/ebba_gul-770x390.jpg","inLanguage":"sv-SE"},{"@type":"WebPage","@id":"https:\/\/wp.kristdemokraterna.se\/jkpg\/kd-lovar-storsatsning-pa-forlossningsvarden\/","url":"https:\/\/wp.kristdemokraterna.se\/jkpg\/kd-lovar-storsatsning-pa-forlossningsvarden\/","name":"KD lovar storsatsning p\u00e5 f\u00f6rlossningsv\u00e5rden - J\u00f6nk\u00f6pings kommun","isPartOf":{"@id":"https:\/\/wp.kristdemokraterna.se\/jkpg\/#website"},"primaryImageOfPage":{"@id":"https:\/\/wp.kristdemokraterna.se\/jkpg\/kd-lovar-storsatsning-pa-forlossningsvarden\/#primaryimage"},"image":{"@id":"https:\/\/wp.kristdemokraterna.se\/jkpg\/kd-lovar-storsatsning-pa-forlossningsvarden\/#primaryimage"},"thumbnailUrl":"https:\/\/wp.kristdemokraterna.se\/jkpg\/files\/2017\/08\/ebba_gul-770x390.jpg","datePublished":"2017-08-29T13:17:36+00:00","dateModified":"2017-08-29T13:18:12+00:00","author":{"@id":"https:\/\/wp.kristdemokraterna.se\/jkpg\/#\/schema\/person\/683f29858a90c2b1bf3c07354412b2d7"},"breadcrumb":{"@id":"https:\/\/wp.kristdemokraterna.se\/jkpg\/kd-lovar-storsatsning-pa-forlossningsvarden\/#breadcrumb"},"inLanguage":"sv-SE","potentialAction":[{"@type":"ReadAction","target":["https:\/\/wp.kristdemokraterna.se\/jkpg\/kd-lovar-storsatsning-pa-forlossningsvarden\/"]}]},{"@type":"ImageObject","inLanguage":"sv-SE","@id":"https:\/\/wp.kristdemokraterna.se\/jkpg\/kd-lovar-storsatsning-pa-forlossningsvarden\/#primaryimage","url":"https:\/\/wp.kristdemokraterna.se\/jkpg\/files\/2017\/08\/ebba_gul-770x390.jpg","contentUrl":"https:\/\/wp.kristdemokraterna.se\/jkpg\/files\/2017\/08\/ebba_gul-770x390.jpg","width":770,"height":390},{"@type":"BreadcrumbList","@id":"https:\/\/wp.kristdemokraterna.se\/jkpg\/kd-lovar-storsatsning-pa-forlossningsvarden\/#breadcrumb","itemListElement":[{"@type":"ListItem","position":1,"name":"Hem","item":"https:\/\/wp.kristdemokraterna.se\/jkpg\/"},{"@type":"ListItem","position":2,"name":"KD lovar storsatsning p\u00e5 f\u00f6rlossningsv\u00e5rden"}]},{"@type":"WebSite","@id":"https:\/\/wp.kristdemokraterna.se\/jkpg\/#website","url":"https:\/\/wp.kristdemokraterna.se\/jkpg\/","name":"J\u00f6nk\u00f6pings kommun","description":"F\u00f6r familjen och f\u00f6retagsamheten!","inLanguage":"sv-SE"},{"@type":"Person","@id":"https:\/\/wp.kristdemokraterna.se\/jkpg\/#\/schema\/person\/683f29858a90c2b1bf3c07354412b2d7","name":"jkpg","image":{"@type":"ImageObject","inLanguage":"sv-SE","@id":"https:\/\/secure.gravatar.com\/avatar\/18dae91c173a04141564ac4aee68bee1eb5786cb86b8bf427c7b2c23d83dd251?s=96&d=mm&r=g","url":"https:\/\/secure.gravatar.com\/avatar\/18dae91c173a04141564ac4aee68bee1eb5786cb86b8bf427c7b2c23d83dd251?s=96&d=mm&r=g","contentUrl":"https:\/\/secure.gravatar.com\/avatar\/18dae91c173a04141564ac4aee68bee1eb5786cb86b8bf427c7b2c23d83dd251?s=96&d=mm&r=g","caption":"jkpg"},"url":"https:\/\/wp.kristdemokraterna.se\/jkpg\/author\/jkpg\/"}]}},"_links":{"self":[{"href":"https:\/\/wp.kristdemokraterna.se\/jkpg\/wp-json\/wp\/v2\/posts\/478","targetHints":{"allow":["GET"]}}],"collection":[{"href":"https:\/\/wp.kristdemokraterna.se\/jkpg\/wp-json\/wp\/v2\/posts"}],"about":[{"href":"https:\/\/wp.kristdemokraterna.se\/jkpg\/wp-json\/wp\/v2\/types\/post"}],"author":[{"embeddable":true,"href":"https:\/\/wp.kristdemokraterna.se\/jkpg\/wp-json\/wp\/v2\/users\/745"}],"replies":[{"embeddable":true,"href":"https:\/\/wp.kristdemokraterna.se\/jkpg\/wp-json\/wp\/v2\/comments?post=478"}],"version-history":[{"count":1,"href":"https:\/\/wp.kristdemokraterna.se\/jkpg\/wp-json\/wp\/v2\/posts\/478\/revisions"}],"predecessor-version":[{"id":480,"href":"https:\/\/wp.kristdemokraterna.se\/jkpg\/wp-json\/wp\/v2\/posts\/478\/revisions\/480"}],"wp:featuredmedia":[{"embeddable":true,"href":"https:\/\/wp.kristdemokraterna.se\/jkpg\/wp-json\/wp\/v2\/media\/479"}],"wp:attachment":[{"href":"https:\/\/wp.kristdemokraterna.se\/jkpg\/wp-json\/wp\/v2\/media?parent=478"}],"wp:term":[{"taxonomy":"category","embeddable":true,"href":"https:\/\/wp.kristdemokraterna.se\/jkpg\/wp-json\/wp\/v2\/categories?post=478"},{"taxonomy":"post_tag","embeddable":true,"href":"https:\/\/wp.kristdemokraterna.se\/jkpg\/wp-json\/wp\/v2\/tags?post=478"}],"curies":[{"name":"wp","href":"https:\/\/api.w.org\/{rel}","templated":true}]}}