{"id":487,"date":"2017-09-30T13:16:53","date_gmt":"2017-09-30T11:16:53","guid":{"rendered":"http:\/\/wp.kristdemokraterna.se\/jkpg\/?p=487"},"modified":"2017-09-30T13:16:53","modified_gmt":"2017-09-30T11:16:53","slug":"valfardsloftet","status":"publish","type":"post","link":"https:\/\/wp.kristdemokraterna.se\/jkpg\/valfardsloftet\/","title":{"rendered":"#V\u00e4lf\u00e4rdsl\u00f6ftet"},"content":{"rendered":"<p>Stefan L\u00f6fven lovade i valet att pension\u00e4rsskatten skulle tas bort. Idag lovar han \u00e4nnu en g\u00e5ng att pension\u00e4rsskatten ska tas bort, men f\u00f6rst senare. Vad \u00e4r ett<span class=\"text_exposed_show\">\u00a0S-l\u00f6fte egentligen v\u00e4rt?<\/span><\/p>\n<div class=\"text_exposed_show\">\n<p>Vi kan f\u00f6rb\u00e4ttra de \u00e4ldres ekonomi redan nu. Det \u00e4r en fr\u00e5ga om prioritering. I v\u00e5r budget \u00e4r skattegapet mellan pension och l\u00f6n helt borttaget fr\u00e5n 1 januari 2018. Dessutom h\u00f6jer vi bostadstill\u00e4gget f\u00f6r pension\u00e4rer och justerar taket f\u00f6r bostadskostnaden till 7500 kr\/m\u00e5naden.<\/p>\n<p>Kristdemokraterna \u00e4r pension\u00e4rernas r\u00f6st. Pension\u00e4rerna har halkat efter. \u00c4ldre f\u00e5r inte plats p\u00e5 \u00e4ldreboende, v\u00e5rdk\u00f6erna v\u00e4xer och regeringen kommer inte uppfylla sitt l\u00f6fte om borttagen pension\u00e4rsskatt innan mandatperioden \u00e4r \u00f6ver. Det \u00e4r ett v\u00e4lf\u00e4rdssvek.<\/p>\n<p>Vi har l\u00e4nge drivit p\u00e5 f\u00f6r s\u00e4nkt skatt f\u00f6r pension\u00e4rer, ju f\u00f6rr gapet sluts desto b\u00e4ttre.<\/p>\n<\/div>\n","protected":false},"excerpt":{"rendered":"<p>Stefan L\u00f6fven lovade i valet att pension\u00e4rsskatten skulle tas bort. Idag lovar han \u00e4nnu en g\u00e5ng att pension\u00e4rsskatten ska tas bort, men f\u00f6rst senare. Vad \u00e4r ett\u00a0S-l\u00f6fte egentligen v\u00e4rt? Vi kan f\u00f6rb\u00e4ttra de \u00e4ldres ekonomi redan nu. Det \u00e4r en fr\u00e5ga om prioritering. I v\u00e5r budget \u00e4r skattegapet mellan pension och l\u00f6n helt borttaget fr\u00e5n <a class=\"read-more-link\" href=\"https:\/\/wp.kristdemokraterna.se\/jkpg\/valfardsloftet\/\">Read More<\/a><\/p>\n","protected":false},"author":745,"featured_media":488,"comment_status":"closed","ping_status":"closed","sticky":false,"template":"","format":"standard","meta":{"_acf_changed":false,"footnotes":""},"categories":[1],"tags":[],"class_list":["post-487","post","type-post","status-publish","format-standard","hentry","category-okategoriserade"],"acf":[],"yoast_head":"<!-- This site is optimized with the Yoast SEO plugin v27.4 - https:\/\/yoast.com\/product\/yoast-seo-wordpress\/ -->\n<title>#V\u00e4lf\u00e4rdsl\u00f6ftet - J\u00f6nk\u00f6pings kommun<\/title>\n<meta name=\"robots\" content=\"index, follow, max-snippet:-1, max-image-preview:large, max-video-preview:-1\" \/>\n<link rel=\"canonical\" href=\"https:\/\/wp.kristdemokraterna.se\/jkpg\/valfardsloftet\/\" \/>\n<meta property=\"og:locale\" content=\"sv_SE\" \/>\n<meta property=\"og:type\" content=\"article\" \/>\n<meta property=\"og:title\" content=\"#V\u00e4lf\u00e4rdsl\u00f6ftet - J\u00f6nk\u00f6pings kommun\" \/>\n<meta property=\"og:description\" content=\"Stefan L\u00f6fven lovade i valet att pension\u00e4rsskatten skulle tas bort. Idag lovar han \u00e4nnu en g\u00e5ng att pension\u00e4rsskatten ska tas bort, men f\u00f6rst senare. Vad \u00e4r ett\u00a0S-l\u00f6fte egentligen v\u00e4rt? Vi kan f\u00f6rb\u00e4ttra de \u00e4ldres ekonomi redan nu. Det \u00e4r en fr\u00e5ga om prioritering. I v\u00e5r budget \u00e4r skattegapet mellan pension och l\u00f6n helt borttaget fr\u00e5n Read More\" \/>\n<meta property=\"og:url\" content=\"https:\/\/wp.kristdemokraterna.se\/jkpg\/valfardsloftet\/\" \/>\n<meta property=\"og:site_name\" content=\"J\u00f6nk\u00f6pings kommun\" \/>\n<meta property=\"article:published_time\" content=\"2017-09-30T11:16:53+00:00\" \/>\n<meta property=\"og:image\" content=\"https:\/\/i0.wp.com\/wp.kristdemokraterna.se\/jkpg\/files\/2017\/09\/valfardsloftet.jpg?fit=1200%2C630&ssl=1\" \/>\n\t<meta property=\"og:image:width\" content=\"1200\" \/>\n\t<meta property=\"og:image:height\" content=\"630\" \/>\n\t<meta property=\"og:image:type\" content=\"image\/jpeg\" \/>\n<meta name=\"author\" content=\"jkpg\" \/>\n<meta name=\"twitter:card\" content=\"summary_large_image\" \/>\n<meta name=\"twitter:label1\" content=\"Skriven av\" \/>\n\t<meta name=\"twitter:data1\" content=\"jkpg\" \/>\n\t<meta name=\"twitter:label2\" content=\"Ber\u00e4knad l\u00e4stid\" \/>\n\t<meta name=\"twitter:data2\" content=\"1 minut\" \/>\n<script type=\"application\/ld+json\" class=\"yoast-schema-graph\">{\"@context\":\"https:\\\/\\\/schema.org\",\"@graph\":[{\"@type\":\"Article\",\"@id\":\"https:\\\/\\\/wp.kristdemokraterna.se\\\/jkpg\\\/valfardsloftet\\\/#article\",\"isPartOf\":{\"@id\":\"https:\\\/\\\/wp.kristdemokraterna.se\\\/jkpg\\\/valfardsloftet\\\/\"},\"author\":{\"name\":\"jkpg\",\"@id\":\"https:\\\/\\\/wp.kristdemokraterna.se\\\/jkpg\\\/#\\\/schema\\\/person\\\/683f29858a90c2b1bf3c07354412b2d7\"},\"headline\":\"#V\u00e4lf\u00e4rdsl\u00f6ftet\",\"datePublished\":\"2017-09-30T11:16:53+00:00\",\"mainEntityOfPage\":{\"@id\":\"https:\\\/\\\/wp.kristdemokraterna.se\\\/jkpg\\\/valfardsloftet\\\/\"},\"wordCount\":162,\"image\":{\"@id\":\"https:\\\/\\\/wp.kristdemokraterna.se\\\/jkpg\\\/valfardsloftet\\\/#primaryimage\"},\"thumbnailUrl\":\"https:\\\/\\\/wp.kristdemokraterna.se\\\/jkpg\\\/files\\\/2017\\\/09\\\/valfardsloftet.jpg\",\"inLanguage\":\"sv-SE\"},{\"@type\":\"WebPage\",\"@id\":\"https:\\\/\\\/wp.kristdemokraterna.se\\\/jkpg\\\/valfardsloftet\\\/\",\"url\":\"https:\\\/\\\/wp.kristdemokraterna.se\\\/jkpg\\\/valfardsloftet\\\/\",\"name\":\"#V\u00e4lf\u00e4rdsl\u00f6ftet - J\u00f6nk\u00f6pings kommun\",\"isPartOf\":{\"@id\":\"https:\\\/\\\/wp.kristdemokraterna.se\\\/jkpg\\\/#website\"},\"primaryImageOfPage\":{\"@id\":\"https:\\\/\\\/wp.kristdemokraterna.se\\\/jkpg\\\/valfardsloftet\\\/#primaryimage\"},\"image\":{\"@id\":\"https:\\\/\\\/wp.kristdemokraterna.se\\\/jkpg\\\/valfardsloftet\\\/#primaryimage\"},\"thumbnailUrl\":\"https:\\\/\\\/wp.kristdemokraterna.se\\\/jkpg\\\/files\\\/2017\\\/09\\\/valfardsloftet.jpg\",\"datePublished\":\"2017-09-30T11:16:53+00:00\",\"author\":{\"@id\":\"https:\\\/\\\/wp.kristdemokraterna.se\\\/jkpg\\\/#\\\/schema\\\/person\\\/683f29858a90c2b1bf3c07354412b2d7\"},\"breadcrumb\":{\"@id\":\"https:\\\/\\\/wp.kristdemokraterna.se\\\/jkpg\\\/valfardsloftet\\\/#breadcrumb\"},\"inLanguage\":\"sv-SE\",\"potentialAction\":[{\"@type\":\"ReadAction\",\"target\":[\"https:\\\/\\\/wp.kristdemokraterna.se\\\/jkpg\\\/valfardsloftet\\\/\"]}]},{\"@type\":\"ImageObject\",\"inLanguage\":\"sv-SE\",\"@id\":\"https:\\\/\\\/wp.kristdemokraterna.se\\\/jkpg\\\/valfardsloftet\\\/#primaryimage\",\"url\":\"https:\\\/\\\/wp.kristdemokraterna.se\\\/jkpg\\\/files\\\/2017\\\/09\\\/valfardsloftet.jpg\",\"contentUrl\":\"https:\\\/\\\/wp.kristdemokraterna.se\\\/jkpg\\\/files\\\/2017\\\/09\\\/valfardsloftet.jpg\",\"width\":1200,\"height\":630},{\"@type\":\"BreadcrumbList\",\"@id\":\"https:\\\/\\\/wp.kristdemokraterna.se\\\/jkpg\\\/valfardsloftet\\\/#breadcrumb\",\"itemListElement\":[{\"@type\":\"ListItem\",\"position\":1,\"name\":\"Hem\",\"item\":\"https:\\\/\\\/wp.kristdemokraterna.se\\\/jkpg\\\/\"},{\"@type\":\"ListItem\",\"position\":2,\"name\":\"#V\u00e4lf\u00e4rdsl\u00f6ftet\"}]},{\"@type\":\"WebSite\",\"@id\":\"https:\\\/\\\/wp.kristdemokraterna.se\\\/jkpg\\\/#website\",\"url\":\"https:\\\/\\\/wp.kristdemokraterna.se\\\/jkpg\\\/\",\"name\":\"J\u00f6nk\u00f6pings kommun\",\"description\":\"F\u00f6r familjen och f\u00f6retagsamheten!\",\"inLanguage\":\"sv-SE\"},{\"@type\":\"Person\",\"@id\":\"https:\\\/\\\/wp.kristdemokraterna.se\\\/jkpg\\\/#\\\/schema\\\/person\\\/683f29858a90c2b1bf3c07354412b2d7\",\"name\":\"jkpg\",\"image\":{\"@type\":\"ImageObject\",\"inLanguage\":\"sv-SE\",\"@id\":\"https:\\\/\\\/secure.gravatar.com\\\/avatar\\\/18dae91c173a04141564ac4aee68bee1eb5786cb86b8bf427c7b2c23d83dd251?s=96&d=mm&r=g\",\"url\":\"https:\\\/\\\/secure.gravatar.com\\\/avatar\\\/18dae91c173a04141564ac4aee68bee1eb5786cb86b8bf427c7b2c23d83dd251?s=96&d=mm&r=g\",\"contentUrl\":\"https:\\\/\\\/secure.gravatar.com\\\/avatar\\\/18dae91c173a04141564ac4aee68bee1eb5786cb86b8bf427c7b2c23d83dd251?s=96&d=mm&r=g\",\"caption\":\"jkpg\"},\"url\":\"https:\\\/\\\/wp.kristdemokraterna.se\\\/jkpg\\\/author\\\/jkpg\\\/\"}]}<\/script>\n<!-- \/ Yoast SEO plugin. -->","yoast_head_json":{"title":"#V\u00e4lf\u00e4rdsl\u00f6ftet - J\u00f6nk\u00f6pings kommun","robots":{"index":"index","follow":"follow","max-snippet":"max-snippet:-1","max-image-preview":"max-image-preview:large","max-video-preview":"max-video-preview:-1"},"canonical":"https:\/\/wp.kristdemokraterna.se\/jkpg\/valfardsloftet\/","og_locale":"sv_SE","og_type":"article","og_title":"#V\u00e4lf\u00e4rdsl\u00f6ftet - J\u00f6nk\u00f6pings kommun","og_description":"Stefan L\u00f6fven lovade i valet att pension\u00e4rsskatten skulle tas bort. Idag lovar han \u00e4nnu en g\u00e5ng att pension\u00e4rsskatten ska tas bort, men f\u00f6rst senare. Vad \u00e4r ett\u00a0S-l\u00f6fte egentligen v\u00e4rt? Vi kan f\u00f6rb\u00e4ttra de \u00e4ldres ekonomi redan nu. Det \u00e4r en fr\u00e5ga om prioritering. I v\u00e5r budget \u00e4r skattegapet mellan pension och l\u00f6n helt borttaget fr\u00e5n Read More","og_url":"https:\/\/wp.kristdemokraterna.se\/jkpg\/valfardsloftet\/","og_site_name":"J\u00f6nk\u00f6pings kommun","article_published_time":"2017-09-30T11:16:53+00:00","og_image":[{"width":1200,"height":630,"url":"https:\/\/i0.wp.com\/wp.kristdemokraterna.se\/jkpg\/files\/2017\/09\/valfardsloftet.jpg?fit=1200%2C630&ssl=1","type":"image\/jpeg"}],"author":"jkpg","twitter_card":"summary_large_image","twitter_misc":{"Skriven av":"jkpg","Ber\u00e4knad l\u00e4stid":"1 minut"},"schema":{"@context":"https:\/\/schema.org","@graph":[{"@type":"Article","@id":"https:\/\/wp.kristdemokraterna.se\/jkpg\/valfardsloftet\/#article","isPartOf":{"@id":"https:\/\/wp.kristdemokraterna.se\/jkpg\/valfardsloftet\/"},"author":{"name":"jkpg","@id":"https:\/\/wp.kristdemokraterna.se\/jkpg\/#\/schema\/person\/683f29858a90c2b1bf3c07354412b2d7"},"headline":"#V\u00e4lf\u00e4rdsl\u00f6ftet","datePublished":"2017-09-30T11:16:53+00:00","mainEntityOfPage":{"@id":"https:\/\/wp.kristdemokraterna.se\/jkpg\/valfardsloftet\/"},"wordCount":162,"image":{"@id":"https:\/\/wp.kristdemokraterna.se\/jkpg\/valfardsloftet\/#primaryimage"},"thumbnailUrl":"https:\/\/wp.kristdemokraterna.se\/jkpg\/files\/2017\/09\/valfardsloftet.jpg","inLanguage":"sv-SE"},{"@type":"WebPage","@id":"https:\/\/wp.kristdemokraterna.se\/jkpg\/valfardsloftet\/","url":"https:\/\/wp.kristdemokraterna.se\/jkpg\/valfardsloftet\/","name":"#V\u00e4lf\u00e4rdsl\u00f6ftet - J\u00f6nk\u00f6pings kommun","isPartOf":{"@id":"https:\/\/wp.kristdemokraterna.se\/jkpg\/#website"},"primaryImageOfPage":{"@id":"https:\/\/wp.kristdemokraterna.se\/jkpg\/valfardsloftet\/#primaryimage"},"image":{"@id":"https:\/\/wp.kristdemokraterna.se\/jkpg\/valfardsloftet\/#primaryimage"},"thumbnailUrl":"https:\/\/wp.kristdemokraterna.se\/jkpg\/files\/2017\/09\/valfardsloftet.jpg","datePublished":"2017-09-30T11:16:53+00:00","author":{"@id":"https:\/\/wp.kristdemokraterna.se\/jkpg\/#\/schema\/person\/683f29858a90c2b1bf3c07354412b2d7"},"breadcrumb":{"@id":"https:\/\/wp.kristdemokraterna.se\/jkpg\/valfardsloftet\/#breadcrumb"},"inLanguage":"sv-SE","potentialAction":[{"@type":"ReadAction","target":["https:\/\/wp.kristdemokraterna.se\/jkpg\/valfardsloftet\/"]}]},{"@type":"ImageObject","inLanguage":"sv-SE","@id":"https:\/\/wp.kristdemokraterna.se\/jkpg\/valfardsloftet\/#primaryimage","url":"https:\/\/wp.kristdemokraterna.se\/jkpg\/files\/2017\/09\/valfardsloftet.jpg","contentUrl":"https:\/\/wp.kristdemokraterna.se\/jkpg\/files\/2017\/09\/valfardsloftet.jpg","width":1200,"height":630},{"@type":"BreadcrumbList","@id":"https:\/\/wp.kristdemokraterna.se\/jkpg\/valfardsloftet\/#breadcrumb","itemListElement":[{"@type":"ListItem","position":1,"name":"Hem","item":"https:\/\/wp.kristdemokraterna.se\/jkpg\/"},{"@type":"ListItem","position":2,"name":"#V\u00e4lf\u00e4rdsl\u00f6ftet"}]},{"@type":"WebSite","@id":"https:\/\/wp.kristdemokraterna.se\/jkpg\/#website","url":"https:\/\/wp.kristdemokraterna.se\/jkpg\/","name":"J\u00f6nk\u00f6pings kommun","description":"F\u00f6r familjen och f\u00f6retagsamheten!","inLanguage":"sv-SE"},{"@type":"Person","@id":"https:\/\/wp.kristdemokraterna.se\/jkpg\/#\/schema\/person\/683f29858a90c2b1bf3c07354412b2d7","name":"jkpg","image":{"@type":"ImageObject","inLanguage":"sv-SE","@id":"https:\/\/secure.gravatar.com\/avatar\/18dae91c173a04141564ac4aee68bee1eb5786cb86b8bf427c7b2c23d83dd251?s=96&d=mm&r=g","url":"https:\/\/secure.gravatar.com\/avatar\/18dae91c173a04141564ac4aee68bee1eb5786cb86b8bf427c7b2c23d83dd251?s=96&d=mm&r=g","contentUrl":"https:\/\/secure.gravatar.com\/avatar\/18dae91c173a04141564ac4aee68bee1eb5786cb86b8bf427c7b2c23d83dd251?s=96&d=mm&r=g","caption":"jkpg"},"url":"https:\/\/wp.kristdemokraterna.se\/jkpg\/author\/jkpg\/"}]}},"_links":{"self":[{"href":"https:\/\/wp.kristdemokraterna.se\/jkpg\/wp-json\/wp\/v2\/posts\/487","targetHints":{"allow":["GET"]}}],"collection":[{"href":"https:\/\/wp.kristdemokraterna.se\/jkpg\/wp-json\/wp\/v2\/posts"}],"about":[{"href":"https:\/\/wp.kristdemokraterna.se\/jkpg\/wp-json\/wp\/v2\/types\/post"}],"author":[{"embeddable":true,"href":"https:\/\/wp.kristdemokraterna.se\/jkpg\/wp-json\/wp\/v2\/users\/745"}],"replies":[{"embeddable":true,"href":"https:\/\/wp.kristdemokraterna.se\/jkpg\/wp-json\/wp\/v2\/comments?post=487"}],"version-history":[{"count":1,"href":"https:\/\/wp.kristdemokraterna.se\/jkpg\/wp-json\/wp\/v2\/posts\/487\/revisions"}],"predecessor-version":[{"id":489,"href":"https:\/\/wp.kristdemokraterna.se\/jkpg\/wp-json\/wp\/v2\/posts\/487\/revisions\/489"}],"wp:featuredmedia":[{"embeddable":true,"href":"https:\/\/wp.kristdemokraterna.se\/jkpg\/wp-json\/wp\/v2\/media\/488"}],"wp:attachment":[{"href":"https:\/\/wp.kristdemokraterna.se\/jkpg\/wp-json\/wp\/v2\/media?parent=487"}],"wp:term":[{"taxonomy":"category","embeddable":true,"href":"https:\/\/wp.kristdemokraterna.se\/jkpg\/wp-json\/wp\/v2\/categories?post=487"},{"taxonomy":"post_tag","embeddable":true,"href":"https:\/\/wp.kristdemokraterna.se\/jkpg\/wp-json\/wp\/v2\/tags?post=487"}],"curies":[{"name":"wp","href":"https:\/\/api.w.org\/{rel}","templated":true}]}}